{"id":6525,"date":"2015-04-09T09:25:43","date_gmt":"2015-04-09T09:25:43","guid":{"rendered":"http:\/\/blogs.funiber.org\/pt\/?p=6525"},"modified":"2015-04-09T09:26:01","modified_gmt":"2015-04-09T09:26:01","slug":"para-empreender-e-necessario-se-conhecer","status":"publish","type":"post","link":"https:\/\/www.funiber.blog\/pt\/tecnologias-tic\/2015\/04\/09\/para-empreender-e-necessario-se-conhecer","title":{"rendered":"Para empreender \u00e9 necess\u00e1rio se conhecer"},"content":{"rendered":"<p>A especialista em empreendedorismo <a href=\"http:\/\/www.insper.edu.br\/conhecimento\/docentes\/cynthia-serva\/\">Cynthia Serva<\/a>, em resposta \u00e0 entrevista para a revista <a title=\"Exame\" href=\"http:\/\/exame.abril.com.br\/pme\/noticias\/por-que-o-autoconhecimento-e-essencial-antes-de-empreender\" target=\"_blank\">Exame<\/a>, afirma que o autoconhecimento \u00e9 fundamental para empreender. \u201cSe conhecer lhe permitir\u00e1 se sentir mais confort\u00e1vel na tomada das decis\u00f5es mais dif\u00edceis que estar\u00e3o por vir ao iniciar uma jornada empreendedora\u201d.<!--more--><\/p>\n<p>Os desafios que uma pessoa enfrenta ao come\u00e7ar um novo neg\u00f3cio, como o medo de fracassar ou sentir ansiedade por agir ou n\u00e3o saber o momento de esperar e de recuar, podem ser superados se o empreendedor se conhece e confia nas pr\u00f3prias escolhas. Al\u00e9m disso, conhecer o pr\u00f3prio perfil ajudar\u00e1 a definir quais s\u00e3o os pr\u00f3prios interesses pessoais e o que voc\u00ea sabe e gosta de fazer, ou seja, explorar o pr\u00f3prio potencial.<\/p>\n<p>Ela sugere que \u201cquanto mais tempo dedicarmos a nos conhecermos melhor, mais isso nos possibilitar\u00e1 de sermos mais assertivos nas escolhas que precisaremos fazer. N\u00e3o s\u00f3 ao empreender, mas em todas as decis\u00f5es de nossas vidas\u201d, escreve.<\/p>\n<p>As motiva\u00e7\u00f5es financeiras ou as insatisfa\u00e7\u00f5es profissionais n\u00e3o devem servir como raz\u00e3o na hora de empreender. \u00c9 preciso ter um prop\u00f3sito maior. \u201cE somente se conhecendo verdadeiramente \u00e9 que ser\u00e1 poss\u00edvel descobrir seu prop\u00f3sito e como viabiliz\u00e1-lo\u201d, afirma Cynthia.<\/p>\n<p>Fonte:\u00a0<a title=\"Exame\" href=\"http:\/\/exame.abril.com.br\/pme\/noticias\/por-que-o-autoconhecimento-e-essencial-antes-de-empreender\" target=\"_blank\">http:\/\/exame.abril.com.br\/pme\/noticias\/por-que-o-autoconhecimento-e-essencial-antes-de-empreender<\/a><\/p>\n<p>Foto: Todos os direitos reservados<\/p>\n","protected":false},"excerpt":{"rendered":"<p>A especialista em empreendedorismo Cynthia Serva, em resposta \u00e0 entrevista para a revista Exame, afirma que o autoconhecimento \u00e9 fundamental para empreender. \u201cSe conhecer lhe permitir\u00e1 se sentir mais confort\u00e1vel na tomada das decis\u00f5es mais dif\u00edceis que estar\u00e3o por vir ao iniciar uma jornada empreendedora\u201d.<\/p>\n","protected":false},"author":10,"featured_media":6536,"comment_status":"closed","ping_status":"closed","sticky":false,"template":"","format":"standard","meta":{"jetpack_post_was_ever_published":false,"_jetpack_newsletter_access":"","_jetpack_newsletter_tier_id":0,"footnotes":"","jetpack_publicize_message":"","jetpack_is_tweetstorm":false,"jetpack_publicize_feature_enabled":true,"jetpack_social_post_already_shared":false,"jetpack_social_options":{"image_generator_settings":{"template":"highway","enabled":false}}},"categories":[6],"tags":[616,181],"jetpack_publicize_connections":[],"yoast_head":"<!-- This site is optimized with the Yoast SEO plugin v21.7 - https:\/\/yoast.com\/wordpress\/plugins\/seo\/ -->\n<title>Para empreender \u00e9 necess\u00e1rio se conhecer - FuniBlogs - FUNIBER<\/title>\n<meta name=\"robots\" content=\"index, follow, max-snippet:-1, max-image-preview:large, max-video-preview:-1\" \/>\n<link rel=\"canonical\" href=\"https:\/\/blogs.funiber.org\/pt\/tecnologias-tic\/2015\/04\/09\/para-empreender-e-necessario-se-conhecer\" \/>\n<meta property=\"og:locale\" content=\"pt_BR\" \/>\n<meta property=\"og:type\" content=\"article\" \/>\n<meta property=\"og:title\" content=\"Para empreender \u00e9 necess\u00e1rio se conhecer - FuniBlogs - FUNIBER\" \/>\n<meta property=\"og:description\" content=\"A especialista em empreendedorismo Cynthia Serva, em resposta \u00e0 entrevista para a revista Exame, afirma que o autoconhecimento \u00e9 fundamental para empreender. \u201cSe conhecer lhe permitir\u00e1 se sentir mais confort\u00e1vel na tomada das decis\u00f5es mais dif\u00edceis que estar\u00e3o por vir ao iniciar uma jornada empreendedora\u201d.\" \/>\n<meta property=\"og:url\" content=\"https:\/\/blogs.funiber.org\/pt\/tecnologias-tic\/2015\/04\/09\/para-empreender-e-necessario-se-conhecer\" \/>\n<meta property=\"og:site_name\" content=\"FuniBlogs - FUNIBER\" \/>\n<meta property=\"article:publisher\" content=\"https:\/\/www.facebook.com\/funiber\" \/>\n<meta property=\"article:published_time\" content=\"2015-04-09T09:25:43+00:00\" \/>\n<meta property=\"article:modified_time\" content=\"2015-04-09T09:26:01+00:00\" \/>\n<meta property=\"og:image\" content=\"https:\/\/blogs.funiber.org\/pt\/wp-content\/uploads\/2015\/04\/iStock_000000143961_pequeno.jpg\" \/>\n\t<meta property=\"og:image:width\" content=\"600\" \/>\n\t<meta property=\"og:image:height\" content=\"400\" \/>\n\t<meta property=\"og:image:type\" content=\"image\/jpeg\" \/>\n<meta name=\"author\" content=\"Michelle\" \/>\n<meta name=\"twitter:card\" content=\"summary_large_image\" \/>\n<meta name=\"twitter:creator\" content=\"@FUNIBER\" \/>\n<meta name=\"twitter:site\" content=\"@FUNIBER\" \/>\n<meta name=\"twitter:label1\" content=\"Escrito por\" \/>\n\t<meta name=\"twitter:data1\" content=\"Michelle\" \/>\n\t<meta name=\"twitter:label2\" content=\"Est. tempo de leitura\" \/>\n\t<meta name=\"twitter:data2\" content=\"1 minuto\" \/>\n<script type=\"application\/ld+json\" class=\"yoast-schema-graph\">{\"@context\":\"https:\/\/schema.org\",\"@graph\":[{\"@type\":\"Article\",\"@id\":\"https:\/\/blogs.funiber.org\/pt\/tecnologias-tic\/2015\/04\/09\/para-empreender-e-necessario-se-conhecer#article\",\"isPartOf\":{\"@id\":\"https:\/\/blogs.funiber.org\/pt\/tecnologias-tic\/2015\/04\/09\/para-empreender-e-necessario-se-conhecer\"},\"author\":{\"name\":\"Michelle\",\"@id\":\"https:\/\/blogs.funiber.org\/pt\/#\/schema\/person\/a1eaaa5e57eac866a8c5946946bcf80d\"},\"headline\":\"Para empreender \u00e9 necess\u00e1rio se conhecer\",\"datePublished\":\"2015-04-09T09:25:43+00:00\",\"dateModified\":\"2015-04-09T09:26:01+00:00\",\"mainEntityOfPage\":{\"@id\":\"https:\/\/blogs.funiber.org\/pt\/tecnologias-tic\/2015\/04\/09\/para-empreender-e-necessario-se-conhecer\"},\"wordCount\":234,\"publisher\":{\"@id\":\"https:\/\/blogs.funiber.org\/pt\/#organization\"},\"keywords\":[\"Autoconhecimento\",\"Empreendedor\"],\"articleSection\":[\"Tecnologias TIC\"],\"inLanguage\":\"pt-BR\"},{\"@type\":\"WebPage\",\"@id\":\"https:\/\/blogs.funiber.org\/pt\/tecnologias-tic\/2015\/04\/09\/para-empreender-e-necessario-se-conhecer\",\"url\":\"https:\/\/blogs.funiber.org\/pt\/tecnologias-tic\/2015\/04\/09\/para-empreender-e-necessario-se-conhecer\",\"name\":\"Para empreender \u00e9 necess\u00e1rio se conhecer - FuniBlogs - FUNIBER\",\"isPartOf\":{\"@id\":\"https:\/\/blogs.funiber.org\/pt\/#website\"},\"datePublished\":\"2015-04-09T09:25:43+00:00\",\"dateModified\":\"2015-04-09T09:26:01+00:00\",\"breadcrumb\":{\"@id\":\"https:\/\/blogs.funiber.org\/pt\/tecnologias-tic\/2015\/04\/09\/para-empreender-e-necessario-se-conhecer#breadcrumb\"},\"inLanguage\":\"pt-BR\",\"potentialAction\":[{\"@type\":\"ReadAction\",\"target\":[\"https:\/\/blogs.funiber.org\/pt\/tecnologias-tic\/2015\/04\/09\/para-empreender-e-necessario-se-conhecer\"]}]},{\"@type\":\"BreadcrumbList\",\"@id\":\"https:\/\/blogs.funiber.org\/pt\/tecnologias-tic\/2015\/04\/09\/para-empreender-e-necessario-se-conhecer#breadcrumb\",\"itemListElement\":[{\"@type\":\"ListItem\",\"position\":1,\"name\":\"In\u00edcio\",\"item\":\"https:\/\/blogs.funiber.org\/pt\"},{\"@type\":\"ListItem\",\"position\":2,\"name\":\"Para empreender \u00e9 necess\u00e1rio se conhecer\"}]},{\"@type\":\"WebSite\",\"@id\":\"https:\/\/blogs.funiber.org\/pt\/#website\",\"url\":\"https:\/\/blogs.funiber.org\/pt\/\",\"name\":\"FuniBlogs - FUNIBER\",\"description\":\"\",\"publisher\":{\"@id\":\"https:\/\/blogs.funiber.org\/pt\/#organization\"},\"potentialAction\":[{\"@type\":\"SearchAction\",\"target\":{\"@type\":\"EntryPoint\",\"urlTemplate\":\"https:\/\/blogs.funiber.org\/pt\/?s={search_term_string}\"},\"query-input\":\"required name=search_term_string\"}],\"inLanguage\":\"pt-BR\"},{\"@type\":\"Organization\",\"@id\":\"https:\/\/blogs.funiber.org\/pt\/#organization\",\"name\":\"FuniBlogs - FUNIBER\",\"url\":\"https:\/\/blogs.funiber.org\/pt\/\",\"logo\":{\"@type\":\"ImageObject\",\"inLanguage\":\"pt-BR\",\"@id\":\"https:\/\/blogs.funiber.org\/pt\/#\/schema\/logo\/image\/\",\"url\":\"https:\/\/www.funiber.blog\/pt\/wp-content\/uploads\/2022\/02\/logo-funiber-pt-br-v-dos.svg\",\"contentUrl\":\"https:\/\/www.funiber.blog\/pt\/wp-content\/uploads\/2022\/02\/logo-funiber-pt-br-v-dos.svg\",\"width\":1,\"height\":1,\"caption\":\"FuniBlogs - FUNIBER\"},\"image\":{\"@id\":\"https:\/\/blogs.funiber.org\/pt\/#\/schema\/logo\/image\/\"},\"sameAs\":[\"https:\/\/www.facebook.com\/funiber\",\"https:\/\/twitter.com\/FUNIBER\",\"https:\/\/www.instagram.com\/funiber_becas\",\"https:\/\/www.youtube.com\/user\/funiber\",\"https:\/\/www.linkedin.com\/company\/funiber\"]},{\"@type\":\"Person\",\"@id\":\"https:\/\/blogs.funiber.org\/pt\/#\/schema\/person\/a1eaaa5e57eac866a8c5946946bcf80d\",\"name\":\"Michelle\",\"image\":{\"@type\":\"ImageObject\",\"inLanguage\":\"pt-BR\",\"@id\":\"https:\/\/blogs.funiber.org\/pt\/#\/schema\/person\/image\/\",\"url\":\"https:\/\/secure.gravatar.com\/avatar\/5e87041f7609dc50493cf216754fece1?s=96&d=mm&r=g\",\"contentUrl\":\"https:\/\/secure.gravatar.com\/avatar\/5e87041f7609dc50493cf216754fece1?s=96&d=mm&r=g\",\"caption\":\"Michelle\"},\"url\":\"https:\/\/www.funiber.blog\/pt\/author\/michelle-moreira\"}]}<\/script>\n<!-- \/ Yoast SEO plugin. -->","yoast_head_json":{"title":"Para empreender \u00e9 necess\u00e1rio se conhecer - FuniBlogs - FUNIBER","robots":{"index":"index","follow":"follow","max-snippet":"max-snippet:-1","max-image-preview":"max-image-preview:large","max-video-preview":"max-video-preview:-1"},"canonical":"https:\/\/blogs.funiber.org\/pt\/tecnologias-tic\/2015\/04\/09\/para-empreender-e-necessario-se-conhecer","og_locale":"pt_BR","og_type":"article","og_title":"Para empreender \u00e9 necess\u00e1rio se conhecer - FuniBlogs - FUNIBER","og_description":"A especialista em empreendedorismo Cynthia Serva, em resposta \u00e0 entrevista para a revista Exame, afirma que o autoconhecimento \u00e9 fundamental para empreender. \u201cSe conhecer lhe permitir\u00e1 se sentir mais confort\u00e1vel na tomada das decis\u00f5es mais dif\u00edceis que estar\u00e3o por vir ao iniciar uma jornada empreendedora\u201d.","og_url":"https:\/\/blogs.funiber.org\/pt\/tecnologias-tic\/2015\/04\/09\/para-empreender-e-necessario-se-conhecer","og_site_name":"FuniBlogs - FUNIBER","article_publisher":"https:\/\/www.facebook.com\/funiber","article_published_time":"2015-04-09T09:25:43+00:00","article_modified_time":"2015-04-09T09:26:01+00:00","og_image":[{"width":600,"height":400,"url":"https:\/\/blogs.funiber.org\/pt\/wp-content\/uploads\/2015\/04\/iStock_000000143961_pequeno.jpg","type":"image\/jpeg"}],"author":"Michelle","twitter_card":"summary_large_image","twitter_creator":"@FUNIBER","twitter_site":"@FUNIBER","twitter_misc":{"Escrito por":"Michelle","Est. tempo de leitura":"1 minuto"},"schema":{"@context":"https:\/\/schema.org","@graph":[{"@type":"Article","@id":"https:\/\/blogs.funiber.org\/pt\/tecnologias-tic\/2015\/04\/09\/para-empreender-e-necessario-se-conhecer#article","isPartOf":{"@id":"https:\/\/blogs.funiber.org\/pt\/tecnologias-tic\/2015\/04\/09\/para-empreender-e-necessario-se-conhecer"},"author":{"name":"Michelle","@id":"https:\/\/blogs.funiber.org\/pt\/#\/schema\/person\/a1eaaa5e57eac866a8c5946946bcf80d"},"headline":"Para empreender \u00e9 necess\u00e1rio se conhecer","datePublished":"2015-04-09T09:25:43+00:00","dateModified":"2015-04-09T09:26:01+00:00","mainEntityOfPage":{"@id":"https:\/\/blogs.funiber.org\/pt\/tecnologias-tic\/2015\/04\/09\/para-empreender-e-necessario-se-conhecer"},"wordCount":234,"publisher":{"@id":"https:\/\/blogs.funiber.org\/pt\/#organization"},"keywords":["Autoconhecimento","Empreendedor"],"articleSection":["Tecnologias TIC"],"inLanguage":"pt-BR"},{"@type":"WebPage","@id":"https:\/\/blogs.funiber.org\/pt\/tecnologias-tic\/2015\/04\/09\/para-empreender-e-necessario-se-conhecer","url":"https:\/\/blogs.funiber.org\/pt\/tecnologias-tic\/2015\/04\/09\/para-empreender-e-necessario-se-conhecer","name":"Para empreender \u00e9 necess\u00e1rio se conhecer - FuniBlogs - FUNIBER","isPartOf":{"@id":"https:\/\/blogs.funiber.org\/pt\/#website"},"datePublished":"2015-04-09T09:25:43+00:00","dateModified":"2015-04-09T09:26:01+00:00","breadcrumb":{"@id":"https:\/\/blogs.funiber.org\/pt\/tecnologias-tic\/2015\/04\/09\/para-empreender-e-necessario-se-conhecer#breadcrumb"},"inLanguage":"pt-BR","potentialAction":[{"@type":"ReadAction","target":["https:\/\/blogs.funiber.org\/pt\/tecnologias-tic\/2015\/04\/09\/para-empreender-e-necessario-se-conhecer"]}]},{"@type":"BreadcrumbList","@id":"https:\/\/blogs.funiber.org\/pt\/tecnologias-tic\/2015\/04\/09\/para-empreender-e-necessario-se-conhecer#breadcrumb","itemListElement":[{"@type":"ListItem","position":1,"name":"In\u00edcio","item":"https:\/\/blogs.funiber.org\/pt"},{"@type":"ListItem","position":2,"name":"Para empreender \u00e9 necess\u00e1rio se conhecer"}]},{"@type":"WebSite","@id":"https:\/\/blogs.funiber.org\/pt\/#website","url":"https:\/\/blogs.funiber.org\/pt\/","name":"FuniBlogs - FUNIBER","description":"","publisher":{"@id":"https:\/\/blogs.funiber.org\/pt\/#organization"},"potentialAction":[{"@type":"SearchAction","target":{"@type":"EntryPoint","urlTemplate":"https:\/\/blogs.funiber.org\/pt\/?s={search_term_string}"},"query-input":"required name=search_term_string"}],"inLanguage":"pt-BR"},{"@type":"Organization","@id":"https:\/\/blogs.funiber.org\/pt\/#organization","name":"FuniBlogs - FUNIBER","url":"https:\/\/blogs.funiber.org\/pt\/","logo":{"@type":"ImageObject","inLanguage":"pt-BR","@id":"https:\/\/blogs.funiber.org\/pt\/#\/schema\/logo\/image\/","url":"https:\/\/www.funiber.blog\/pt\/wp-content\/uploads\/2022\/02\/logo-funiber-pt-br-v-dos.svg","contentUrl":"https:\/\/www.funiber.blog\/pt\/wp-content\/uploads\/2022\/02\/logo-funiber-pt-br-v-dos.svg","width":1,"height":1,"caption":"FuniBlogs - FUNIBER"},"image":{"@id":"https:\/\/blogs.funiber.org\/pt\/#\/schema\/logo\/image\/"},"sameAs":["https:\/\/www.facebook.com\/funiber","https:\/\/twitter.com\/FUNIBER","https:\/\/www.instagram.com\/funiber_becas","https:\/\/www.youtube.com\/user\/funiber","https:\/\/www.linkedin.com\/company\/funiber"]},{"@type":"Person","@id":"https:\/\/blogs.funiber.org\/pt\/#\/schema\/person\/a1eaaa5e57eac866a8c5946946bcf80d","name":"Michelle","image":{"@type":"ImageObject","inLanguage":"pt-BR","@id":"https:\/\/blogs.funiber.org\/pt\/#\/schema\/person\/image\/","url":"https:\/\/secure.gravatar.com\/avatar\/5e87041f7609dc50493cf216754fece1?s=96&d=mm&r=g","contentUrl":"https:\/\/secure.gravatar.com\/avatar\/5e87041f7609dc50493cf216754fece1?s=96&d=mm&r=g","caption":"Michelle"},"url":"https:\/\/www.funiber.blog\/pt\/author\/michelle-moreira"}]}},"jetpack_featured_media_url":"https:\/\/www.funiber.blog\/pt\/wp-content\/uploads\/2015\/04\/iStock_000000143961_pequeno.jpg","jetpack_shortlink":"https:\/\/wp.me\/p7ee1t-1Hf","jetpack_sharing_enabled":true,"_links":{"self":[{"href":"https:\/\/www.funiber.blog\/pt\/wp-json\/wp\/v2\/posts\/6525"}],"collection":[{"href":"https:\/\/www.funiber.blog\/pt\/wp-json\/wp\/v2\/posts"}],"about":[{"href":"https:\/\/www.funiber.blog\/pt\/wp-json\/wp\/v2\/types\/post"}],"author":[{"embeddable":true,"href":"https:\/\/www.funiber.blog\/pt\/wp-json\/wp\/v2\/users\/10"}],"replies":[{"embeddable":true,"href":"https:\/\/www.funiber.blog\/pt\/wp-json\/wp\/v2\/comments?post=6525"}],"version-history":[{"count":4,"href":"https:\/\/www.funiber.blog\/pt\/wp-json\/wp\/v2\/posts\/6525\/revisions"}],"predecessor-version":[{"id":6539,"href":"https:\/\/www.funiber.blog\/pt\/wp-json\/wp\/v2\/posts\/6525\/revisions\/6539"}],"wp:featuredmedia":[{"embeddable":true,"href":"https:\/\/www.funiber.blog\/pt\/wp-json\/wp\/v2\/media\/6536"}],"wp:attachment":[{"href":"https:\/\/www.funiber.blog\/pt\/wp-json\/wp\/v2\/media?parent=6525"}],"wp:term":[{"taxonomy":"category","embeddable":true,"href":"https:\/\/www.funiber.blog\/pt\/wp-json\/wp\/v2\/categories?post=6525"},{"taxonomy":"post_tag","embeddable":true,"href":"https:\/\/www.funiber.blog\/pt\/wp-json\/wp\/v2\/tags?post=6525"}],"curies":[{"name":"wp","href":"https:\/\/api.w.org\/{rel}","templated":true}]}}