{"id":6541,"date":"2015-04-09T11:11:18","date_gmt":"2015-04-09T11:11:18","guid":{"rendered":"http:\/\/blogs.funiber.org\/pt\/?p=6541"},"modified":"2015-04-09T11:11:18","modified_gmt":"2015-04-09T11:11:18","slug":"estabelecendo-normas-para-a-educacao-dos-filhos","status":"publish","type":"post","link":"https:\/\/www.funiber.blog\/pt\/formacao-professores\/2015\/04\/09\/estabelecendo-normas-para-a-educacao-dos-filhos","title":{"rendered":"Estabelecendo normas para a educa\u00e7\u00e3o dos filhos"},"content":{"rendered":"<p><strong>\u00c9 necess\u00e1rio impor normas na educa\u00e7\u00e3o dos filhos.<\/strong> Esta \u00e9 talvez umas das premissas das pautas educativas, muitas vezes, reivindicada pelos professores aos pais. Muitos dos problemas de conduta que aparecem entre crian\u00e7as de 2 a 12 anos est\u00e3o relacionados com a falta de normas definidas no contexto familiar.<!--more--><\/p>\n<p>De acordo com o pedagogo espanhol <a title=\"Jes\u00fas Jarque Garc\u00eda\" href=\"http:\/\/familiaycole.com\/2015\/01\/11\/las-normas-en-la-educacion-de-los-hijos\/\" target=\"_blank\">Jes\u00fas Jarque Garc\u00eda<\/a>, as normas estabelecem limites, d\u00e3o seguran\u00e7a \u00e0s crian\u00e7as e indicam o que podem e n\u00e3o podem fazer. Para ser eficaz, a norma deve ser coerente e respeitada por todos os membros da fam\u00edlia.<\/p>\n<p>Antes de fixar as normas, os pais devem observar no comportamento da crian\u00e7a aquilo que faz mal e deveria mudar, mas tamb\u00e9m a\u00e7\u00f5es que a crian\u00e7a faz bem. Assim, poder\u00e3o aplicar as normas sobre aspectos que devem ser melhorados.<\/p>\n<p>A doutora em Psicologia e autora de diversas publica\u00e7\u00f5es sobre aprendizagem e avalia\u00e7\u00e3o, <a title=\"Teresa Artola Gonz\u00e1lez\" href=\"http:\/\/www.portaldafamilia.org\/artigos\/artigo229c.shtml\" target=\"_blank\">Teresa Artola Gonz\u00e1lez<\/a>, nos indica tamb\u00e9m alguns elementos importantes para aplicar as normas em casa. A docente lembra que as normas devem ser poucas e necess\u00e1rias para n\u00e3o \u201cencher\u201d a crian\u00e7a com ordens. Outras caracter\u00edsticas importantes s\u00e3o:<\/p>\n<ul>\n<li>Normas claras e espec\u00edficas<\/li>\n<li>Adaptadas \u00e0 idade<\/li>\n<li>As normas devem estar referidas aos aspectos b\u00e1sicos como respeito, limpeza, seguran\u00e7a<\/li>\n<li>As normas devem ser ditas em positivo<\/li>\n<li>Os pais devem ser coerentes com as normas e exercer a autoridade<\/li>\n<li>Os pais devem motivar e refor\u00e7ar positivamente<\/li>\n<\/ul>\n<p>Para que uma obedi\u00eancia se converta em virtude, Teresa ressalta que a partir dos 4 anos, os pais devem insistir em explicar as raz\u00f5es das normas, e sempre motivar positivamente o cumprimento da ordem.<\/p>\n<p>Fontes: <a href=\"http:\/\/fnbr.es\/124\">http:\/\/fnbr.es\/124<\/a>, <a href=\"http:\/\/fnbr.es\/125\">http:\/\/fnbr.es\/125<\/a><\/p>\n<p>Foto: Alguns direitos reservados por <a title=\"Ir a la galer\u00eda de Lotus Carroll\" href=\"https:\/\/www.flickr.com\/photos\/thelotuscarroll\/\"><b>Lotus Carroll<\/b><\/a>\/Flickr<\/p>\n","protected":false},"excerpt":{"rendered":"<p>\u00c9 necess\u00e1rio impor normas na educa\u00e7\u00e3o dos filhos. Esta \u00e9 talvez umas das premissas das pautas educativas, muitas vezes, reivindicada pelos professores aos pais. Muitos dos problemas de conduta que aparecem entre crian\u00e7as de 2 a 12 anos est\u00e3o relacionados com a falta de normas definidas no contexto familiar.<\/p>\n","protected":false},"author":10,"featured_media":6542,"comment_status":"closed","ping_status":"closed","sticky":false,"template":"","format":"standard","meta":{"jetpack_post_was_ever_published":false,"_jetpack_newsletter_access":"","_jetpack_newsletter_tier_id":0,"footnotes":"","jetpack_publicize_message":"","jetpack_is_tweetstorm":false,"jetpack_publicize_feature_enabled":true,"jetpack_social_post_already_shared":false,"jetpack_social_options":{"image_generator_settings":{"template":"highway","enabled":false}}},"categories":[5],"tags":[285,420],"jetpack_publicize_connections":[],"yoast_head":"<!-- This site is optimized with the Yoast SEO plugin v21.7 - https:\/\/yoast.com\/wordpress\/plugins\/seo\/ -->\n<title>Estabelecendo normas para a educa\u00e7\u00e3o dos filhos - FuniBlogs - FUNIBER<\/title>\n<meta name=\"robots\" content=\"index, follow, max-snippet:-1, max-image-preview:large, max-video-preview:-1\" \/>\n<link rel=\"canonical\" href=\"https:\/\/blogs.funiber.org\/pt\/formacao-professores\/2015\/04\/09\/estabelecendo-normas-para-a-educacao-dos-filhos\" \/>\n<meta property=\"og:locale\" content=\"pt_BR\" \/>\n<meta property=\"og:type\" content=\"article\" \/>\n<meta property=\"og:title\" content=\"Estabelecendo normas para a educa\u00e7\u00e3o dos filhos - FuniBlogs - FUNIBER\" \/>\n<meta property=\"og:description\" content=\"\u00c9 necess\u00e1rio impor normas na educa\u00e7\u00e3o dos filhos. Esta \u00e9 talvez umas das premissas das pautas educativas, muitas vezes, reivindicada pelos professores aos pais. Muitos dos problemas de conduta que aparecem entre crian\u00e7as de 2 a 12 anos est\u00e3o relacionados com a falta de normas definidas no contexto familiar.\" \/>\n<meta property=\"og:url\" content=\"https:\/\/blogs.funiber.org\/pt\/formacao-professores\/2015\/04\/09\/estabelecendo-normas-para-a-educacao-dos-filhos\" \/>\n<meta property=\"og:site_name\" content=\"FuniBlogs - FUNIBER\" \/>\n<meta property=\"article:publisher\" content=\"https:\/\/www.facebook.com\/funiber\" \/>\n<meta property=\"article:published_time\" content=\"2015-04-09T11:11:18+00:00\" \/>\n<meta property=\"og:image\" content=\"https:\/\/blogs.funiber.org\/pt\/wp-content\/uploads\/2015\/04\/12908207553_b7d7f17a8d_z.jpg\" \/>\n\t<meta property=\"og:image:width\" content=\"640\" \/>\n\t<meta property=\"og:image:height\" content=\"494\" \/>\n\t<meta property=\"og:image:type\" content=\"image\/jpeg\" \/>\n<meta name=\"author\" content=\"Michelle\" \/>\n<meta name=\"twitter:card\" content=\"summary_large_image\" \/>\n<meta name=\"twitter:creator\" content=\"@FUNIBER\" \/>\n<meta name=\"twitter:site\" content=\"@FUNIBER\" \/>\n<meta name=\"twitter:label1\" content=\"Escrito por\" \/>\n\t<meta name=\"twitter:data1\" content=\"Michelle\" \/>\n\t<meta name=\"twitter:label2\" content=\"Est. tempo de leitura\" \/>\n\t<meta name=\"twitter:data2\" content=\"1 minuto\" \/>\n<script type=\"application\/ld+json\" class=\"yoast-schema-graph\">{\"@context\":\"https:\/\/schema.org\",\"@graph\":[{\"@type\":\"Article\",\"@id\":\"https:\/\/blogs.funiber.org\/pt\/formacao-professores\/2015\/04\/09\/estabelecendo-normas-para-a-educacao-dos-filhos#article\",\"isPartOf\":{\"@id\":\"https:\/\/blogs.funiber.org\/pt\/formacao-professores\/2015\/04\/09\/estabelecendo-normas-para-a-educacao-dos-filhos\"},\"author\":{\"name\":\"Michelle\",\"@id\":\"https:\/\/blogs.funiber.org\/pt\/#\/schema\/person\/a1eaaa5e57eac866a8c5946946bcf80d\"},\"headline\":\"Estabelecendo normas para a educa\u00e7\u00e3o dos filhos\",\"datePublished\":\"2015-04-09T11:11:18+00:00\",\"dateModified\":\"2015-04-09T11:11:18+00:00\",\"mainEntityOfPage\":{\"@id\":\"https:\/\/blogs.funiber.org\/pt\/formacao-professores\/2015\/04\/09\/estabelecendo-normas-para-a-educacao-dos-filhos\"},\"wordCount\":307,\"publisher\":{\"@id\":\"https:\/\/blogs.funiber.org\/pt\/#organization\"},\"keywords\":[\"Educa\u00e7\u00e3o\",\"fam\u00edlia\"],\"articleSection\":[\"Educa\u00e7\u00e3o,\u00a0Forma\u00e7\u00e3o Professores\"],\"inLanguage\":\"pt-BR\"},{\"@type\":\"WebPage\",\"@id\":\"https:\/\/blogs.funiber.org\/pt\/formacao-professores\/2015\/04\/09\/estabelecendo-normas-para-a-educacao-dos-filhos\",\"url\":\"https:\/\/blogs.funiber.org\/pt\/formacao-professores\/2015\/04\/09\/estabelecendo-normas-para-a-educacao-dos-filhos\",\"name\":\"Estabelecendo normas para a educa\u00e7\u00e3o dos filhos - FuniBlogs - FUNIBER\",\"isPartOf\":{\"@id\":\"https:\/\/blogs.funiber.org\/pt\/#website\"},\"datePublished\":\"2015-04-09T11:11:18+00:00\",\"dateModified\":\"2015-04-09T11:11:18+00:00\",\"breadcrumb\":{\"@id\":\"https:\/\/blogs.funiber.org\/pt\/formacao-professores\/2015\/04\/09\/estabelecendo-normas-para-a-educacao-dos-filhos#breadcrumb\"},\"inLanguage\":\"pt-BR\",\"potentialAction\":[{\"@type\":\"ReadAction\",\"target\":[\"https:\/\/blogs.funiber.org\/pt\/formacao-professores\/2015\/04\/09\/estabelecendo-normas-para-a-educacao-dos-filhos\"]}]},{\"@type\":\"BreadcrumbList\",\"@id\":\"https:\/\/blogs.funiber.org\/pt\/formacao-professores\/2015\/04\/09\/estabelecendo-normas-para-a-educacao-dos-filhos#breadcrumb\",\"itemListElement\":[{\"@type\":\"ListItem\",\"position\":1,\"name\":\"In\u00edcio\",\"item\":\"https:\/\/blogs.funiber.org\/pt\"},{\"@type\":\"ListItem\",\"position\":2,\"name\":\"Estabelecendo normas para a educa\u00e7\u00e3o dos filhos\"}]},{\"@type\":\"WebSite\",\"@id\":\"https:\/\/blogs.funiber.org\/pt\/#website\",\"url\":\"https:\/\/blogs.funiber.org\/pt\/\",\"name\":\"FuniBlogs - FUNIBER\",\"description\":\"\",\"publisher\":{\"@id\":\"https:\/\/blogs.funiber.org\/pt\/#organization\"},\"potentialAction\":[{\"@type\":\"SearchAction\",\"target\":{\"@type\":\"EntryPoint\",\"urlTemplate\":\"https:\/\/blogs.funiber.org\/pt\/?s={search_term_string}\"},\"query-input\":\"required name=search_term_string\"}],\"inLanguage\":\"pt-BR\"},{\"@type\":\"Organization\",\"@id\":\"https:\/\/blogs.funiber.org\/pt\/#organization\",\"name\":\"FuniBlogs - FUNIBER\",\"url\":\"https:\/\/blogs.funiber.org\/pt\/\",\"logo\":{\"@type\":\"ImageObject\",\"inLanguage\":\"pt-BR\",\"@id\":\"https:\/\/blogs.funiber.org\/pt\/#\/schema\/logo\/image\/\",\"url\":\"https:\/\/www.funiber.blog\/pt\/wp-content\/uploads\/2022\/02\/logo-funiber-pt-br-v-dos.svg\",\"contentUrl\":\"https:\/\/www.funiber.blog\/pt\/wp-content\/uploads\/2022\/02\/logo-funiber-pt-br-v-dos.svg\",\"width\":1,\"height\":1,\"caption\":\"FuniBlogs - FUNIBER\"},\"image\":{\"@id\":\"https:\/\/blogs.funiber.org\/pt\/#\/schema\/logo\/image\/\"},\"sameAs\":[\"https:\/\/www.facebook.com\/funiber\",\"https:\/\/twitter.com\/FUNIBER\",\"https:\/\/www.instagram.com\/funiber_becas\",\"https:\/\/www.youtube.com\/user\/funiber\",\"https:\/\/www.linkedin.com\/company\/funiber\"]},{\"@type\":\"Person\",\"@id\":\"https:\/\/blogs.funiber.org\/pt\/#\/schema\/person\/a1eaaa5e57eac866a8c5946946bcf80d\",\"name\":\"Michelle\",\"image\":{\"@type\":\"ImageObject\",\"inLanguage\":\"pt-BR\",\"@id\":\"https:\/\/blogs.funiber.org\/pt\/#\/schema\/person\/image\/\",\"url\":\"https:\/\/secure.gravatar.com\/avatar\/5e87041f7609dc50493cf216754fece1?s=96&d=mm&r=g\",\"contentUrl\":\"https:\/\/secure.gravatar.com\/avatar\/5e87041f7609dc50493cf216754fece1?s=96&d=mm&r=g\",\"caption\":\"Michelle\"},\"url\":\"https:\/\/www.funiber.blog\/pt\/author\/michelle-moreira\"}]}<\/script>\n<!-- \/ Yoast SEO plugin. -->","yoast_head_json":{"title":"Estabelecendo normas para a educa\u00e7\u00e3o dos filhos - FuniBlogs - FUNIBER","robots":{"index":"index","follow":"follow","max-snippet":"max-snippet:-1","max-image-preview":"max-image-preview:large","max-video-preview":"max-video-preview:-1"},"canonical":"https:\/\/blogs.funiber.org\/pt\/formacao-professores\/2015\/04\/09\/estabelecendo-normas-para-a-educacao-dos-filhos","og_locale":"pt_BR","og_type":"article","og_title":"Estabelecendo normas para a educa\u00e7\u00e3o dos filhos - FuniBlogs - FUNIBER","og_description":"\u00c9 necess\u00e1rio impor normas na educa\u00e7\u00e3o dos filhos. Esta \u00e9 talvez umas das premissas das pautas educativas, muitas vezes, reivindicada pelos professores aos pais. Muitos dos problemas de conduta que aparecem entre crian\u00e7as de 2 a 12 anos est\u00e3o relacionados com a falta de normas definidas no contexto familiar.","og_url":"https:\/\/blogs.funiber.org\/pt\/formacao-professores\/2015\/04\/09\/estabelecendo-normas-para-a-educacao-dos-filhos","og_site_name":"FuniBlogs - FUNIBER","article_publisher":"https:\/\/www.facebook.com\/funiber","article_published_time":"2015-04-09T11:11:18+00:00","og_image":[{"width":640,"height":494,"url":"https:\/\/blogs.funiber.org\/pt\/wp-content\/uploads\/2015\/04\/12908207553_b7d7f17a8d_z.jpg","type":"image\/jpeg"}],"author":"Michelle","twitter_card":"summary_large_image","twitter_creator":"@FUNIBER","twitter_site":"@FUNIBER","twitter_misc":{"Escrito por":"Michelle","Est. tempo de leitura":"1 minuto"},"schema":{"@context":"https:\/\/schema.org","@graph":[{"@type":"Article","@id":"https:\/\/blogs.funiber.org\/pt\/formacao-professores\/2015\/04\/09\/estabelecendo-normas-para-a-educacao-dos-filhos#article","isPartOf":{"@id":"https:\/\/blogs.funiber.org\/pt\/formacao-professores\/2015\/04\/09\/estabelecendo-normas-para-a-educacao-dos-filhos"},"author":{"name":"Michelle","@id":"https:\/\/blogs.funiber.org\/pt\/#\/schema\/person\/a1eaaa5e57eac866a8c5946946bcf80d"},"headline":"Estabelecendo normas para a educa\u00e7\u00e3o dos filhos","datePublished":"2015-04-09T11:11:18+00:00","dateModified":"2015-04-09T11:11:18+00:00","mainEntityOfPage":{"@id":"https:\/\/blogs.funiber.org\/pt\/formacao-professores\/2015\/04\/09\/estabelecendo-normas-para-a-educacao-dos-filhos"},"wordCount":307,"publisher":{"@id":"https:\/\/blogs.funiber.org\/pt\/#organization"},"keywords":["Educa\u00e7\u00e3o","fam\u00edlia"],"articleSection":["Educa\u00e7\u00e3o,\u00a0Forma\u00e7\u00e3o Professores"],"inLanguage":"pt-BR"},{"@type":"WebPage","@id":"https:\/\/blogs.funiber.org\/pt\/formacao-professores\/2015\/04\/09\/estabelecendo-normas-para-a-educacao-dos-filhos","url":"https:\/\/blogs.funiber.org\/pt\/formacao-professores\/2015\/04\/09\/estabelecendo-normas-para-a-educacao-dos-filhos","name":"Estabelecendo normas para a educa\u00e7\u00e3o dos filhos - FuniBlogs - FUNIBER","isPartOf":{"@id":"https:\/\/blogs.funiber.org\/pt\/#website"},"datePublished":"2015-04-09T11:11:18+00:00","dateModified":"2015-04-09T11:11:18+00:00","breadcrumb":{"@id":"https:\/\/blogs.funiber.org\/pt\/formacao-professores\/2015\/04\/09\/estabelecendo-normas-para-a-educacao-dos-filhos#breadcrumb"},"inLanguage":"pt-BR","potentialAction":[{"@type":"ReadAction","target":["https:\/\/blogs.funiber.org\/pt\/formacao-professores\/2015\/04\/09\/estabelecendo-normas-para-a-educacao-dos-filhos"]}]},{"@type":"BreadcrumbList","@id":"https:\/\/blogs.funiber.org\/pt\/formacao-professores\/2015\/04\/09\/estabelecendo-normas-para-a-educacao-dos-filhos#breadcrumb","itemListElement":[{"@type":"ListItem","position":1,"name":"In\u00edcio","item":"https:\/\/blogs.funiber.org\/pt"},{"@type":"ListItem","position":2,"name":"Estabelecendo normas para a educa\u00e7\u00e3o dos filhos"}]},{"@type":"WebSite","@id":"https:\/\/blogs.funiber.org\/pt\/#website","url":"https:\/\/blogs.funiber.org\/pt\/","name":"FuniBlogs - FUNIBER","description":"","publisher":{"@id":"https:\/\/blogs.funiber.org\/pt\/#organization"},"potentialAction":[{"@type":"SearchAction","target":{"@type":"EntryPoint","urlTemplate":"https:\/\/blogs.funiber.org\/pt\/?s={search_term_string}"},"query-input":"required name=search_term_string"}],"inLanguage":"pt-BR"},{"@type":"Organization","@id":"https:\/\/blogs.funiber.org\/pt\/#organization","name":"FuniBlogs - FUNIBER","url":"https:\/\/blogs.funiber.org\/pt\/","logo":{"@type":"ImageObject","inLanguage":"pt-BR","@id":"https:\/\/blogs.funiber.org\/pt\/#\/schema\/logo\/image\/","url":"https:\/\/www.funiber.blog\/pt\/wp-content\/uploads\/2022\/02\/logo-funiber-pt-br-v-dos.svg","contentUrl":"https:\/\/www.funiber.blog\/pt\/wp-content\/uploads\/2022\/02\/logo-funiber-pt-br-v-dos.svg","width":1,"height":1,"caption":"FuniBlogs - FUNIBER"},"image":{"@id":"https:\/\/blogs.funiber.org\/pt\/#\/schema\/logo\/image\/"},"sameAs":["https:\/\/www.facebook.com\/funiber","https:\/\/twitter.com\/FUNIBER","https:\/\/www.instagram.com\/funiber_becas","https:\/\/www.youtube.com\/user\/funiber","https:\/\/www.linkedin.com\/company\/funiber"]},{"@type":"Person","@id":"https:\/\/blogs.funiber.org\/pt\/#\/schema\/person\/a1eaaa5e57eac866a8c5946946bcf80d","name":"Michelle","image":{"@type":"ImageObject","inLanguage":"pt-BR","@id":"https:\/\/blogs.funiber.org\/pt\/#\/schema\/person\/image\/","url":"https:\/\/secure.gravatar.com\/avatar\/5e87041f7609dc50493cf216754fece1?s=96&d=mm&r=g","contentUrl":"https:\/\/secure.gravatar.com\/avatar\/5e87041f7609dc50493cf216754fece1?s=96&d=mm&r=g","caption":"Michelle"},"url":"https:\/\/www.funiber.blog\/pt\/author\/michelle-moreira"}]}},"jetpack_featured_media_url":"https:\/\/www.funiber.blog\/pt\/wp-content\/uploads\/2015\/04\/12908207553_b7d7f17a8d_z.jpg","jetpack_shortlink":"https:\/\/wp.me\/p7ee1t-1Hv","jetpack_sharing_enabled":true,"_links":{"self":[{"href":"https:\/\/www.funiber.blog\/pt\/wp-json\/wp\/v2\/posts\/6541"}],"collection":[{"href":"https:\/\/www.funiber.blog\/pt\/wp-json\/wp\/v2\/posts"}],"about":[{"href":"https:\/\/www.funiber.blog\/pt\/wp-json\/wp\/v2\/types\/post"}],"author":[{"embeddable":true,"href":"https:\/\/www.funiber.blog\/pt\/wp-json\/wp\/v2\/users\/10"}],"replies":[{"embeddable":true,"href":"https:\/\/www.funiber.blog\/pt\/wp-json\/wp\/v2\/comments?post=6541"}],"version-history":[{"count":2,"href":"https:\/\/www.funiber.blog\/pt\/wp-json\/wp\/v2\/posts\/6541\/revisions"}],"predecessor-version":[{"id":6544,"href":"https:\/\/www.funiber.blog\/pt\/wp-json\/wp\/v2\/posts\/6541\/revisions\/6544"}],"wp:featuredmedia":[{"embeddable":true,"href":"https:\/\/www.funiber.blog\/pt\/wp-json\/wp\/v2\/media\/6542"}],"wp:attachment":[{"href":"https:\/\/www.funiber.blog\/pt\/wp-json\/wp\/v2\/media?parent=6541"}],"wp:term":[{"taxonomy":"category","embeddable":true,"href":"https:\/\/www.funiber.blog\/pt\/wp-json\/wp\/v2\/categories?post=6541"},{"taxonomy":"post_tag","embeddable":true,"href":"https:\/\/www.funiber.blog\/pt\/wp-json\/wp\/v2\/tags?post=6541"}],"curies":[{"name":"wp","href":"https:\/\/api.w.org\/{rel}","templated":true}]}}