{"id":6545,"date":"2015-04-10T11:42:00","date_gmt":"2015-04-10T11:42:00","guid":{"rendered":"http:\/\/blogs.funiber.org\/pt\/?p=6545"},"modified":"2015-04-10T11:44:24","modified_gmt":"2015-04-10T11:44:24","slug":"dicas-para-empreender-durante-a-crise","status":"publish","type":"post","link":"https:\/\/www.funiber.blog\/pt\/tecnologias-tic\/2015\/04\/10\/dicas-para-empreender-durante-a-crise","title":{"rendered":"Dicas para empreender durante a crise"},"content":{"rendered":"<p>A crise econ\u00f4mica que se vive em grande parte do mundo parece que marcar\u00e1 a economia mundial por muitos anos. O Fundo Monet\u00e1rio Internacional (FMI) fez um aviso:<a href=\"http:\/\/brasil.elpais.com\/brasil\/2015\/04\/07\/economia\/1428399399_140216.html\" target=\"_blank\"> n\u00e3o voltaremos aos ritmos comerciais vistos antes da recess\u00e3o de 2008<\/a>. A prospectiva se fundamenta no envelhecimento da popula\u00e7\u00e3o, na diminui\u00e7\u00e3o da produtividade e baixos investimentos privados, processo em que, segundo um estudo rec\u00e9m divulgado pelo FMI, est\u00e3o submergidas tanto economias avan\u00e7adas como emergentes.<!--more--><\/p>\n<p>Mas nem tudo \u00e9 pessimismo. <strong>Em cen\u00e1rios de recess\u00e3o tamb\u00e9m \u00e9 poss\u00edvel crescer.<\/strong> Aos empreendedores, um lembrete: muitas empresas grandes conseguiram erguer-se em momentos de crise, como a <a title=\"Ambev\" href=\"http:\/\/www.ambev.com.br\/\" target=\"_blank\">Ambev<\/a> ou a <a title=\"TOTVS\" href=\"http:\/\/www.totvs.com\/\" target=\"_blank\">TOTVS<\/a>.<\/p>\n<p>Para isso, o especialista em neg\u00f3cios digitais, <a title=\"Fernando de la Riva\" href=\"http:\/\/www.concretesolutions.com.br\/quem-somos\/\" target=\"_blank\">Fernando de la Riva<\/a>, afirma que \u00e9 necess\u00e1ria uma leitura pragm\u00e1tica da realidade e saber <i>hackear<\/i> o sistema. \u201cN\u00e3o existe um receitu\u00e1rio para empreender em tecnologia com sucesso, mas talvez um processo ajude a navegar esses pr\u00f3ximos dois anos e criar empresas perenes de \u00eaxito\u201d, escreve no artigo para a revista <a title=\"Exame\" href=\"http:\/\/exame.abril.com.br\/pme\/noticias\/5-dicas-para-empreender-em-um-ambiente-de-recessao\" target=\"_blank\">Exame<\/a>.<\/p>\n<p>O consultor oferece 5 dias para empreender num cen\u00e1rio de recess\u00e3o:<\/p>\n<p><strong>1- Hackeie o sistema<\/strong><\/p>\n<p>Aproveite-se da inefici\u00eancia operacional interna das empresas para encontrar material para se apropriar.<\/p>\n<p><strong>2- Pense grande mas execute pequeno<\/strong><\/p>\n<p>Em empresas pequenas, iniciantes, \u00e9 necess\u00e1rio criar com poucos recursos. Por isso, pense em neg\u00f3cios enxutos que possam movimentar o caixa de maneira r\u00e1pida. S\u00f3 pense em crescimento a longo prazo.<\/p>\n<p><strong>3. Tecnologia \u00e9 um neg\u00f3cio de gente<\/strong><\/p>\n<p>\u00c9 fundamental saber montar uma equipe. Busque s\u00f3cios complementares e um plano de sobreviv\u00eancia de ao menos um ano. Uma sugest\u00e3o de Fernando de la Riva \u00e9 que busque s\u00f3cios que j\u00e1 quebraram porque s\u00e3o valiosos.<\/p>\n<p><strong>4- Mova bits, n\u00e3o mova caixas<\/strong><\/p>\n<p>Uma das vantagens dos modelos de neg\u00f3cios digitais \u00e9 o custo mais baixo de capital para se implementar. Aproveite esse fato para se desenvolver como empresa.<\/p>\n<p><strong>5- N\u00e3o importe modelos sem adapt\u00e1-los<\/strong><\/p>\n<p>Copiar um modelo que funcionou nos Estados Unidos n\u00e3o significa que funcione no seu pa\u00eds. As estruturas legais, materiais e de financiamento de cada lugar ajudam a definir o perfil da empresa que se adapte melhor ao ecossistema.<\/p>\n<p>A \u00faltima recomenda\u00e7\u00e3o do especialista, \u00e9 a que muitos l\u00edderes tamb\u00e9m defendem: lembre-se que sucesso vem com o empenho.<\/p>\n<p>Fontes:\u00a0<a href=\"http:\/\/fnbr.es\/127\" target=\"_blank\">http:\/\/fnbr.es\/127<\/a>,\u00a0<a href=\"http:\/\/fnbr.es\/128\" target=\"_blank\">http:\/\/fnbr.es\/128<\/a><\/p>\n<p>Foto: Todos os direitos reservados<\/p>\n","protected":false},"excerpt":{"rendered":"<p>A crise econ\u00f4mica que se vive em grande parte do mundo parece que marcar\u00e1 a economia mundial por muitos anos. O Fundo Monet\u00e1rio Internacional (FMI) fez um aviso: n\u00e3o voltaremos aos ritmos comerciais vistos antes da recess\u00e3o de 2008. A prospectiva se fundamenta no envelhecimento da popula\u00e7\u00e3o, na diminui\u00e7\u00e3o da produtividade e baixos investimentos privados, [&hellip;]<\/p>\n","protected":false},"author":10,"featured_media":6546,"comment_status":"closed","ping_status":"closed","sticky":false,"template":"","format":"standard","meta":{"jetpack_post_was_ever_published":false,"_jetpack_newsletter_access":"","_jetpack_newsletter_tier_id":0,"footnotes":"","jetpack_publicize_message":"","jetpack_is_tweetstorm":false,"jetpack_publicize_feature_enabled":true,"jetpack_social_post_already_shared":false,"jetpack_social_options":{"image_generator_settings":{"template":"highway","enabled":false}}},"categories":[6],"tags":[181,618],"jetpack_publicize_connections":[],"yoast_head":"<!-- This site is optimized with the Yoast SEO plugin v21.7 - https:\/\/yoast.com\/wordpress\/plugins\/seo\/ -->\n<title>Dicas para empreender durante a crise - FuniBlogs - FUNIBER<\/title>\n<meta name=\"robots\" content=\"noindex, nofollow\" \/>\n<meta property=\"og:locale\" content=\"pt_BR\" \/>\n<meta property=\"og:type\" content=\"article\" \/>\n<meta property=\"og:title\" content=\"Dicas para empreender durante a crise - FuniBlogs - FUNIBER\" \/>\n<meta property=\"og:description\" content=\"A crise econ\u00f4mica que se vive em grande parte do mundo parece que marcar\u00e1 a economia mundial por muitos anos. O Fundo Monet\u00e1rio Internacional (FMI) fez um aviso: n\u00e3o voltaremos aos ritmos comerciais vistos antes da recess\u00e3o de 2008. A prospectiva se fundamenta no envelhecimento da popula\u00e7\u00e3o, na diminui\u00e7\u00e3o da produtividade e baixos investimentos privados, [&hellip;]\" \/>\n<meta property=\"og:url\" content=\"https:\/\/blogs.funiber.org\/pt\/tecnologias-tic\/2015\/04\/10\/dicas-para-empreender-durante-a-crise\" \/>\n<meta property=\"og:site_name\" content=\"FuniBlogs - FUNIBER\" \/>\n<meta property=\"article:publisher\" content=\"https:\/\/www.facebook.com\/funiber\" \/>\n<meta property=\"article:published_time\" content=\"2015-04-10T11:42:00+00:00\" \/>\n<meta property=\"article:modified_time\" content=\"2015-04-10T11:44:24+00:00\" \/>\n<meta property=\"og:image\" content=\"https:\/\/blogs.funiber.org\/pt\/wp-content\/uploads\/2015\/04\/iStock_000018597633_pequeno.jpg\" \/>\n\t<meta property=\"og:image:width\" content=\"700\" \/>\n\t<meta property=\"og:image:height\" content=\"467\" \/>\n\t<meta property=\"og:image:type\" content=\"image\/jpeg\" \/>\n<meta name=\"author\" content=\"Michelle\" \/>\n<meta name=\"twitter:card\" content=\"summary_large_image\" \/>\n<meta name=\"twitter:creator\" content=\"@FUNIBER\" \/>\n<meta name=\"twitter:site\" content=\"@FUNIBER\" \/>\n<meta name=\"twitter:label1\" content=\"Escrito por\" \/>\n\t<meta name=\"twitter:data1\" content=\"Michelle\" \/>\n\t<meta name=\"twitter:label2\" content=\"Est. tempo de leitura\" \/>\n\t<meta name=\"twitter:data2\" content=\"2 minutos\" \/>\n<script type=\"application\/ld+json\" class=\"yoast-schema-graph\">{\"@context\":\"https:\/\/schema.org\",\"@graph\":[{\"@type\":\"Article\",\"@id\":\"https:\/\/blogs.funiber.org\/pt\/tecnologias-tic\/2015\/04\/10\/dicas-para-empreender-durante-a-crise#article\",\"isPartOf\":{\"@id\":\"https:\/\/blogs.funiber.org\/pt\/tecnologias-tic\/2015\/04\/10\/dicas-para-empreender-durante-a-crise\"},\"author\":{\"name\":\"Michelle\",\"@id\":\"https:\/\/blogs.funiber.org\/pt\/#\/schema\/person\/a1eaaa5e57eac866a8c5946946bcf80d\"},\"headline\":\"Dicas para empreender durante a crise\",\"datePublished\":\"2015-04-10T11:42:00+00:00\",\"dateModified\":\"2015-04-10T11:44:24+00:00\",\"mainEntityOfPage\":{\"@id\":\"https:\/\/blogs.funiber.org\/pt\/tecnologias-tic\/2015\/04\/10\/dicas-para-empreender-durante-a-crise\"},\"wordCount\":412,\"publisher\":{\"@id\":\"https:\/\/blogs.funiber.org\/pt\/#organization\"},\"keywords\":[\"Empreendedor\",\"Empresa Digital\"],\"articleSection\":[\"Tecnologias TIC\"],\"inLanguage\":\"pt-BR\"},{\"@type\":\"WebPage\",\"@id\":\"https:\/\/blogs.funiber.org\/pt\/tecnologias-tic\/2015\/04\/10\/dicas-para-empreender-durante-a-crise\",\"url\":\"https:\/\/blogs.funiber.org\/pt\/tecnologias-tic\/2015\/04\/10\/dicas-para-empreender-durante-a-crise\",\"name\":\"Dicas para empreender durante a crise - FuniBlogs - FUNIBER\",\"isPartOf\":{\"@id\":\"https:\/\/blogs.funiber.org\/pt\/#website\"},\"datePublished\":\"2015-04-10T11:42:00+00:00\",\"dateModified\":\"2015-04-10T11:44:24+00:00\",\"breadcrumb\":{\"@id\":\"https:\/\/blogs.funiber.org\/pt\/tecnologias-tic\/2015\/04\/10\/dicas-para-empreender-durante-a-crise#breadcrumb\"},\"inLanguage\":\"pt-BR\",\"potentialAction\":[{\"@type\":\"ReadAction\",\"target\":[\"https:\/\/blogs.funiber.org\/pt\/tecnologias-tic\/2015\/04\/10\/dicas-para-empreender-durante-a-crise\"]}]},{\"@type\":\"BreadcrumbList\",\"@id\":\"https:\/\/blogs.funiber.org\/pt\/tecnologias-tic\/2015\/04\/10\/dicas-para-empreender-durante-a-crise#breadcrumb\",\"itemListElement\":[{\"@type\":\"ListItem\",\"position\":1,\"name\":\"In\u00edcio\",\"item\":\"https:\/\/blogs.funiber.org\/pt\"},{\"@type\":\"ListItem\",\"position\":2,\"name\":\"Dicas para empreender durante a crise\"}]},{\"@type\":\"WebSite\",\"@id\":\"https:\/\/blogs.funiber.org\/pt\/#website\",\"url\":\"https:\/\/blogs.funiber.org\/pt\/\",\"name\":\"FuniBlogs - FUNIBER\",\"description\":\"\",\"publisher\":{\"@id\":\"https:\/\/blogs.funiber.org\/pt\/#organization\"},\"potentialAction\":[{\"@type\":\"SearchAction\",\"target\":{\"@type\":\"EntryPoint\",\"urlTemplate\":\"https:\/\/blogs.funiber.org\/pt\/?s={search_term_string}\"},\"query-input\":\"required name=search_term_string\"}],\"inLanguage\":\"pt-BR\"},{\"@type\":\"Organization\",\"@id\":\"https:\/\/blogs.funiber.org\/pt\/#organization\",\"name\":\"FuniBlogs - FUNIBER\",\"url\":\"https:\/\/blogs.funiber.org\/pt\/\",\"logo\":{\"@type\":\"ImageObject\",\"inLanguage\":\"pt-BR\",\"@id\":\"https:\/\/blogs.funiber.org\/pt\/#\/schema\/logo\/image\/\",\"url\":\"https:\/\/www.funiber.blog\/pt\/wp-content\/uploads\/2022\/02\/logo-funiber-pt-br-v-dos.svg\",\"contentUrl\":\"https:\/\/www.funiber.blog\/pt\/wp-content\/uploads\/2022\/02\/logo-funiber-pt-br-v-dos.svg\",\"width\":1,\"height\":1,\"caption\":\"FuniBlogs - FUNIBER\"},\"image\":{\"@id\":\"https:\/\/blogs.funiber.org\/pt\/#\/schema\/logo\/image\/\"},\"sameAs\":[\"https:\/\/www.facebook.com\/funiber\",\"https:\/\/twitter.com\/FUNIBER\",\"https:\/\/www.instagram.com\/funiber_becas\",\"https:\/\/www.youtube.com\/user\/funiber\",\"https:\/\/www.linkedin.com\/company\/funiber\"]},{\"@type\":\"Person\",\"@id\":\"https:\/\/blogs.funiber.org\/pt\/#\/schema\/person\/a1eaaa5e57eac866a8c5946946bcf80d\",\"name\":\"Michelle\",\"image\":{\"@type\":\"ImageObject\",\"inLanguage\":\"pt-BR\",\"@id\":\"https:\/\/blogs.funiber.org\/pt\/#\/schema\/person\/image\/\",\"url\":\"https:\/\/secure.gravatar.com\/avatar\/5e87041f7609dc50493cf216754fece1?s=96&d=mm&r=g\",\"contentUrl\":\"https:\/\/secure.gravatar.com\/avatar\/5e87041f7609dc50493cf216754fece1?s=96&d=mm&r=g\",\"caption\":\"Michelle\"},\"url\":\"https:\/\/www.funiber.blog\/pt\/author\/michelle-moreira\"}]}<\/script>\n<!-- \/ Yoast SEO plugin. -->","yoast_head_json":{"title":"Dicas para empreender durante a crise - FuniBlogs - FUNIBER","robots":{"index":"noindex","follow":"nofollow"},"og_locale":"pt_BR","og_type":"article","og_title":"Dicas para empreender durante a crise - FuniBlogs - FUNIBER","og_description":"A crise econ\u00f4mica que se vive em grande parte do mundo parece que marcar\u00e1 a economia mundial por muitos anos. O Fundo Monet\u00e1rio Internacional (FMI) fez um aviso: n\u00e3o voltaremos aos ritmos comerciais vistos antes da recess\u00e3o de 2008. A prospectiva se fundamenta no envelhecimento da popula\u00e7\u00e3o, na diminui\u00e7\u00e3o da produtividade e baixos investimentos privados, [&hellip;]","og_url":"https:\/\/blogs.funiber.org\/pt\/tecnologias-tic\/2015\/04\/10\/dicas-para-empreender-durante-a-crise","og_site_name":"FuniBlogs - FUNIBER","article_publisher":"https:\/\/www.facebook.com\/funiber","article_published_time":"2015-04-10T11:42:00+00:00","article_modified_time":"2015-04-10T11:44:24+00:00","og_image":[{"width":700,"height":467,"url":"https:\/\/blogs.funiber.org\/pt\/wp-content\/uploads\/2015\/04\/iStock_000018597633_pequeno.jpg","type":"image\/jpeg"}],"author":"Michelle","twitter_card":"summary_large_image","twitter_creator":"@FUNIBER","twitter_site":"@FUNIBER","twitter_misc":{"Escrito por":"Michelle","Est. tempo de leitura":"2 minutos"},"schema":{"@context":"https:\/\/schema.org","@graph":[{"@type":"Article","@id":"https:\/\/blogs.funiber.org\/pt\/tecnologias-tic\/2015\/04\/10\/dicas-para-empreender-durante-a-crise#article","isPartOf":{"@id":"https:\/\/blogs.funiber.org\/pt\/tecnologias-tic\/2015\/04\/10\/dicas-para-empreender-durante-a-crise"},"author":{"name":"Michelle","@id":"https:\/\/blogs.funiber.org\/pt\/#\/schema\/person\/a1eaaa5e57eac866a8c5946946bcf80d"},"headline":"Dicas para empreender durante a crise","datePublished":"2015-04-10T11:42:00+00:00","dateModified":"2015-04-10T11:44:24+00:00","mainEntityOfPage":{"@id":"https:\/\/blogs.funiber.org\/pt\/tecnologias-tic\/2015\/04\/10\/dicas-para-empreender-durante-a-crise"},"wordCount":412,"publisher":{"@id":"https:\/\/blogs.funiber.org\/pt\/#organization"},"keywords":["Empreendedor","Empresa Digital"],"articleSection":["Tecnologias TIC"],"inLanguage":"pt-BR"},{"@type":"WebPage","@id":"https:\/\/blogs.funiber.org\/pt\/tecnologias-tic\/2015\/04\/10\/dicas-para-empreender-durante-a-crise","url":"https:\/\/blogs.funiber.org\/pt\/tecnologias-tic\/2015\/04\/10\/dicas-para-empreender-durante-a-crise","name":"Dicas para empreender durante a crise - FuniBlogs - FUNIBER","isPartOf":{"@id":"https:\/\/blogs.funiber.org\/pt\/#website"},"datePublished":"2015-04-10T11:42:00+00:00","dateModified":"2015-04-10T11:44:24+00:00","breadcrumb":{"@id":"https:\/\/blogs.funiber.org\/pt\/tecnologias-tic\/2015\/04\/10\/dicas-para-empreender-durante-a-crise#breadcrumb"},"inLanguage":"pt-BR","potentialAction":[{"@type":"ReadAction","target":["https:\/\/blogs.funiber.org\/pt\/tecnologias-tic\/2015\/04\/10\/dicas-para-empreender-durante-a-crise"]}]},{"@type":"BreadcrumbList","@id":"https:\/\/blogs.funiber.org\/pt\/tecnologias-tic\/2015\/04\/10\/dicas-para-empreender-durante-a-crise#breadcrumb","itemListElement":[{"@type":"ListItem","position":1,"name":"In\u00edcio","item":"https:\/\/blogs.funiber.org\/pt"},{"@type":"ListItem","position":2,"name":"Dicas para empreender durante a crise"}]},{"@type":"WebSite","@id":"https:\/\/blogs.funiber.org\/pt\/#website","url":"https:\/\/blogs.funiber.org\/pt\/","name":"FuniBlogs - FUNIBER","description":"","publisher":{"@id":"https:\/\/blogs.funiber.org\/pt\/#organization"},"potentialAction":[{"@type":"SearchAction","target":{"@type":"EntryPoint","urlTemplate":"https:\/\/blogs.funiber.org\/pt\/?s={search_term_string}"},"query-input":"required name=search_term_string"}],"inLanguage":"pt-BR"},{"@type":"Organization","@id":"https:\/\/blogs.funiber.org\/pt\/#organization","name":"FuniBlogs - FUNIBER","url":"https:\/\/blogs.funiber.org\/pt\/","logo":{"@type":"ImageObject","inLanguage":"pt-BR","@id":"https:\/\/blogs.funiber.org\/pt\/#\/schema\/logo\/image\/","url":"https:\/\/www.funiber.blog\/pt\/wp-content\/uploads\/2022\/02\/logo-funiber-pt-br-v-dos.svg","contentUrl":"https:\/\/www.funiber.blog\/pt\/wp-content\/uploads\/2022\/02\/logo-funiber-pt-br-v-dos.svg","width":1,"height":1,"caption":"FuniBlogs - FUNIBER"},"image":{"@id":"https:\/\/blogs.funiber.org\/pt\/#\/schema\/logo\/image\/"},"sameAs":["https:\/\/www.facebook.com\/funiber","https:\/\/twitter.com\/FUNIBER","https:\/\/www.instagram.com\/funiber_becas","https:\/\/www.youtube.com\/user\/funiber","https:\/\/www.linkedin.com\/company\/funiber"]},{"@type":"Person","@id":"https:\/\/blogs.funiber.org\/pt\/#\/schema\/person\/a1eaaa5e57eac866a8c5946946bcf80d","name":"Michelle","image":{"@type":"ImageObject","inLanguage":"pt-BR","@id":"https:\/\/blogs.funiber.org\/pt\/#\/schema\/person\/image\/","url":"https:\/\/secure.gravatar.com\/avatar\/5e87041f7609dc50493cf216754fece1?s=96&d=mm&r=g","contentUrl":"https:\/\/secure.gravatar.com\/avatar\/5e87041f7609dc50493cf216754fece1?s=96&d=mm&r=g","caption":"Michelle"},"url":"https:\/\/www.funiber.blog\/pt\/author\/michelle-moreira"}]}},"jetpack_featured_media_url":"https:\/\/www.funiber.blog\/pt\/wp-content\/uploads\/2015\/04\/iStock_000018597633_pequeno.jpg","jetpack_shortlink":"https:\/\/wp.me\/p7ee1t-1Hz","jetpack_sharing_enabled":true,"_links":{"self":[{"href":"https:\/\/www.funiber.blog\/pt\/wp-json\/wp\/v2\/posts\/6545"}],"collection":[{"href":"https:\/\/www.funiber.blog\/pt\/wp-json\/wp\/v2\/posts"}],"about":[{"href":"https:\/\/www.funiber.blog\/pt\/wp-json\/wp\/v2\/types\/post"}],"author":[{"embeddable":true,"href":"https:\/\/www.funiber.blog\/pt\/wp-json\/wp\/v2\/users\/10"}],"replies":[{"embeddable":true,"href":"https:\/\/www.funiber.blog\/pt\/wp-json\/wp\/v2\/comments?post=6545"}],"version-history":[{"count":4,"href":"https:\/\/www.funiber.blog\/pt\/wp-json\/wp\/v2\/posts\/6545\/revisions"}],"predecessor-version":[{"id":6549,"href":"https:\/\/www.funiber.blog\/pt\/wp-json\/wp\/v2\/posts\/6545\/revisions\/6549"}],"wp:featuredmedia":[{"embeddable":true,"href":"https:\/\/www.funiber.blog\/pt\/wp-json\/wp\/v2\/media\/6546"}],"wp:attachment":[{"href":"https:\/\/www.funiber.blog\/pt\/wp-json\/wp\/v2\/media?parent=6545"}],"wp:term":[{"taxonomy":"category","embeddable":true,"href":"https:\/\/www.funiber.blog\/pt\/wp-json\/wp\/v2\/categories?post=6545"},{"taxonomy":"post_tag","embeddable":true,"href":"https:\/\/www.funiber.blog\/pt\/wp-json\/wp\/v2\/tags?post=6545"}],"curies":[{"name":"wp","href":"https:\/\/api.w.org\/{rel}","templated":true}]}}