{"id":6644,"date":"2015-04-27T10:30:48","date_gmt":"2015-04-27T10:30:48","guid":{"rendered":"http:\/\/blogs.funiber.org\/pt\/?p=6644"},"modified":"2015-04-28T10:34:37","modified_gmt":"2015-04-28T10:34:37","slug":"erupcao-surpresa-do-vulcao-calbuco-provoca-evacuacao-em-massa-no-chile","status":"publish","type":"post","link":"https:\/\/www.funiber.blog\/pt\/meio-ambiente\/2015\/04\/27\/erupcao-surpresa-do-vulcao-calbuco-provoca-evacuacao-em-massa-no-chile","title":{"rendered":"Erup\u00e7\u00e3o surpresa do vulc\u00e3o Calbuco provoca evacua\u00e7\u00e3o em massa no Chile"},"content":{"rendered":"<p>O <a href=\"http:\/\/www.interior.gob.cl\/\" target=\"_blank\">Minist\u00e9rio do Interior e da Seguran\u00e7a P\u00fablica do Chile<\/a> (Onemi) informou que foram evacuadas mais de 4.150 pessoas como consequ\u00eancia da erup\u00e7\u00e3o do vulc\u00e3o Calbuco. Especialistas do <a href=\"http:\/\/www.sernageomin.cl\/\" target=\"_blank\">Servi\u00e7o Nacional de Geologia e Minera\u00e7\u00e3o<\/a> (Sernageomin) indicaram que a for\u00e7a da segunda erup\u00e7\u00e3o, ocorrida na madrugada de quinta-feira, dia 23 de abril, foi maior que a primeira expuls\u00e3o de cinza, que ocorreu na quarta-feira.<!--more--> A erup\u00e7\u00e3o obrigou as autoridades de Puerto Varas e Puerto Montt a declararem alerta vermelho em suas respectivas localidades. Este desastre natural afetou os povos de Enseada, Alerce, Colonia R\u00edo Sul e Correntoso na regi\u00e3o de Los Lagos.<\/p>\n<p>Dr. Eduardo Garc\u00eda Villena, coordenador da \u00c1rea de <a href=\"http:\/\/www.funiber.org\/areas-de-conocimiento\/medio-ambiente-y-desarrollo-sostenible\/\" target=\"_blank\">Ambiente e Sustentabilidade da FUNIBER<\/a>, indicou que as erup\u00e7\u00f5es vulc\u00e2nicas influ\u00edram na mudan\u00e7a clim\u00e1tica, porque, em cada erup\u00e7\u00e3o, os vulc\u00f5es emitem grandes quantidades de CO2, um dos gases que tem grande influ\u00eancia na gera\u00e7\u00e3o do efeito estufa.<\/p>\n<p>A erup\u00e7\u00e3o do Calbuco n\u00e3o foi a \u00fanica registrada na regi\u00e3o este m\u00eas. H\u00e1 apenas alguns dias, o vulc\u00e3o Ubinas, localizado na regi\u00e3o sul do Peru, registrou duas erup\u00e7\u00f5es, afetando as cidades de Moquegua e Arequipa.<\/p>\n<p><strong>Alerta vermelho no Chile<\/strong><\/p>\n<p>A situa\u00e7\u00e3o no Chile \u00e9 muito tensa. O governo estabeleceu uma zona de exclus\u00e3o de 20 quil\u00f4metros ao redor do vulc\u00e3o. Autoridades informaram que a \u00faltima erup\u00e7\u00e3o registrada foi at\u00e9 mais potente que a registrada no vulc\u00e3o Villarica, que entrou em erup\u00e7\u00e3o h\u00e1 algumas semanas. Diante do perigo, funcion\u00e1rios do governo decidiram iniciar um programa de evacua\u00e7\u00e3o que, aparentemente, \u00e9 um dos maiores dos \u00faltimos anos.<\/p>\n<p>O Chile encontra-se no Anel de Fogo do Pac\u00edfico e possui a segunda maior cadeia de vulc\u00f5es do mundo. O vulc\u00e3o Calbuco entrou em erup\u00e7\u00e3o depois de quase 50 anos, informaram os meios de comunica\u00e7\u00e3o locais.<\/p>\n<p>A explos\u00e3o foi terr\u00edvel e, ao mesmo tempo, impressionante, com enormes nuvens de cinza das quais se desprenderam raios. As fotos do fen\u00f4meno j\u00e1 deram a volta ao mundo e foram publicadas em diversos meios de comunica\u00e7\u00e3o como:<\/p>\n<p>El Dinamo<br \/>\n<a href=\"http:\/\/www.eldinamo.cl\/nacional\/2015\/04\/23\/fotos-volcan-calbuco-retoma-actividad-eruptiva-y-gobierno-confirma-a-una-persona-desaparecida\/\" target=\"_blank\">http:\/\/www.eldinamo.cl\/nacional\/2015\/04\/23\/fotos-volcan-calbuco-retoma-actividad-eruptiva-y-gobierno-confirma-a-una-persona-desaparecida\/<\/a><\/p>\n<p>La Gaceta<br \/>\n<a href=\"http:\/\/www.lagaceta.com.ar\/nota\/634733\/mundo\/fotos-mas-impactantes-erupcion-volcan-calbuco.html\" target=\"_blank\">http:\/\/www.lagaceta.com.ar\/nota\/634733\/mundo\/fotos-mas-impactantes-erupcion-volcan-calbuco.html<\/a><\/p>\n<p>La Rep\u00fablica<br \/>\n<a href=\"http:\/\/www.larepublica.pe\/22-04-2015\/chile-en-alerta-roja-por-erupcion-de-volcan-calbuco-video-y-fotos\" target=\"_blank\">http:\/\/www.larepublica.pe\/22-04-2015\/chile-en-alerta-roja-por-erupcion-de-volcan-calbuco-video-y-fotos<\/a><\/p>\n<p>Fotografias via sat\u00e9lite podem ser encontradas em:<br \/>\n<a href=\"http:\/\/www.publimetro.cl\/nota\/cronica\/fotos-calbuco-imagenes-satelitales-muestran-segundo-pulso-eruptivo\/xIQodw%21JVqZfgxsfqIM\/\" target=\"_blank\">http:\/\/www.publimetro.cl\/nota\/cronica\/fotos-calbuco-imagenes-satelitales-muestran-segundo-pulso-eruptivo\/xIQodw!JVqZfgxsfqIM\/<\/a><\/p>\n","protected":false},"excerpt":{"rendered":"<p>O Minist\u00e9rio do Interior e da Seguran\u00e7a P\u00fablica do Chile (Onemi) informou que foram evacuadas mais de 4.150 pessoas como consequ\u00eancia da erup\u00e7\u00e3o do vulc\u00e3o Calbuco. Especialistas do Servi\u00e7o Nacional de Geologia e Minera\u00e7\u00e3o (Sernageomin) indicaram que a for\u00e7a da segunda erup\u00e7\u00e3o, ocorrida na madrugada de quinta-feira, dia 23 de abril, foi maior que a [&hellip;]<\/p>\n","protected":false},"author":10,"featured_media":6645,"comment_status":"closed","ping_status":"closed","sticky":false,"template":"","format":"standard","meta":{"jetpack_post_was_ever_published":false,"_jetpack_newsletter_access":"","_jetpack_newsletter_tier_id":0,"footnotes":"","jetpack_publicize_message":"","jetpack_is_tweetstorm":false,"jetpack_publicize_feature_enabled":true,"jetpack_social_post_already_shared":false,"jetpack_social_options":{"image_generator_settings":{"template":"highway","enabled":false}}},"categories":[2],"tags":[625,617,116],"jetpack_publicize_connections":[],"yoast_head":"<!-- This site is optimized with the Yoast SEO plugin v21.7 - https:\/\/yoast.com\/wordpress\/plugins\/seo\/ -->\n<title>Erup\u00e7\u00e3o surpresa do vulc\u00e3o Calbuco provoca evacua\u00e7\u00e3o em massa no Chile - FuniBlogs - FUNIBER<\/title>\n<meta name=\"robots\" content=\"index, follow, max-snippet:-1, max-image-preview:large, max-video-preview:-1\" \/>\n<link rel=\"canonical\" href=\"https:\/\/blogs.funiber.org\/pt\/meio-ambiente\/2015\/04\/27\/erupcao-surpresa-do-vulcao-calbuco-provoca-evacuacao-em-massa-no-chile\" \/>\n<meta property=\"og:locale\" content=\"pt_BR\" \/>\n<meta property=\"og:type\" content=\"article\" \/>\n<meta property=\"og:title\" content=\"Erup\u00e7\u00e3o surpresa do vulc\u00e3o Calbuco provoca evacua\u00e7\u00e3o em massa no Chile - FuniBlogs - FUNIBER\" \/>\n<meta property=\"og:description\" content=\"O Minist\u00e9rio do Interior e da Seguran\u00e7a P\u00fablica do Chile (Onemi) informou que foram evacuadas mais de 4.150 pessoas como consequ\u00eancia da erup\u00e7\u00e3o do vulc\u00e3o Calbuco. Especialistas do Servi\u00e7o Nacional de Geologia e Minera\u00e7\u00e3o (Sernageomin) indicaram que a for\u00e7a da segunda erup\u00e7\u00e3o, ocorrida na madrugada de quinta-feira, dia 23 de abril, foi maior que a [&hellip;]\" \/>\n<meta property=\"og:url\" content=\"https:\/\/blogs.funiber.org\/pt\/meio-ambiente\/2015\/04\/27\/erupcao-surpresa-do-vulcao-calbuco-provoca-evacuacao-em-massa-no-chile\" \/>\n<meta property=\"og:site_name\" content=\"FuniBlogs - FUNIBER\" \/>\n<meta property=\"article:publisher\" content=\"https:\/\/www.facebook.com\/funiber\" \/>\n<meta property=\"article:published_time\" content=\"2015-04-27T10:30:48+00:00\" \/>\n<meta property=\"article:modified_time\" content=\"2015-04-28T10:34:37+00:00\" \/>\n<meta property=\"og:image\" content=\"https:\/\/blogs.funiber.org\/pt\/wp-content\/uploads\/2015\/04\/MA_volcan-min.jpg\" \/>\n\t<meta property=\"og:image:width\" content=\"556\" \/>\n\t<meta property=\"og:image:height\" content=\"417\" \/>\n\t<meta property=\"og:image:type\" content=\"image\/jpeg\" \/>\n<meta name=\"author\" content=\"Michelle\" \/>\n<meta name=\"twitter:card\" content=\"summary_large_image\" \/>\n<meta name=\"twitter:creator\" content=\"@FUNIBER\" \/>\n<meta name=\"twitter:site\" content=\"@FUNIBER\" \/>\n<meta name=\"twitter:label1\" content=\"Escrito por\" \/>\n\t<meta name=\"twitter:data1\" content=\"Michelle\" \/>\n\t<meta name=\"twitter:label2\" content=\"Est. tempo de leitura\" \/>\n\t<meta name=\"twitter:data2\" content=\"2 minutos\" \/>\n<script type=\"application\/ld+json\" class=\"yoast-schema-graph\">{\"@context\":\"https:\/\/schema.org\",\"@graph\":[{\"@type\":\"Article\",\"@id\":\"https:\/\/blogs.funiber.org\/pt\/meio-ambiente\/2015\/04\/27\/erupcao-surpresa-do-vulcao-calbuco-provoca-evacuacao-em-massa-no-chile#article\",\"isPartOf\":{\"@id\":\"https:\/\/blogs.funiber.org\/pt\/meio-ambiente\/2015\/04\/27\/erupcao-surpresa-do-vulcao-calbuco-provoca-evacuacao-em-massa-no-chile\"},\"author\":{\"name\":\"Michelle\",\"@id\":\"https:\/\/blogs.funiber.org\/pt\/#\/schema\/person\/a1eaaa5e57eac866a8c5946946bcf80d\"},\"headline\":\"Erup\u00e7\u00e3o surpresa do vulc\u00e3o Calbuco provoca evacua\u00e7\u00e3o em massa no Chile\",\"datePublished\":\"2015-04-27T10:30:48+00:00\",\"dateModified\":\"2015-04-28T10:34:37+00:00\",\"mainEntityOfPage\":{\"@id\":\"https:\/\/blogs.funiber.org\/pt\/meio-ambiente\/2015\/04\/27\/erupcao-surpresa-do-vulcao-calbuco-provoca-evacuacao-em-massa-no-chile\"},\"wordCount\":429,\"publisher\":{\"@id\":\"https:\/\/blogs.funiber.org\/pt\/#organization\"},\"keywords\":[\"Chilel\",\"Desastres Naturais\",\"Vulc\u00e3o\"],\"articleSection\":[\"Meio Ambiente\"],\"inLanguage\":\"pt-BR\"},{\"@type\":\"WebPage\",\"@id\":\"https:\/\/blogs.funiber.org\/pt\/meio-ambiente\/2015\/04\/27\/erupcao-surpresa-do-vulcao-calbuco-provoca-evacuacao-em-massa-no-chile\",\"url\":\"https:\/\/blogs.funiber.org\/pt\/meio-ambiente\/2015\/04\/27\/erupcao-surpresa-do-vulcao-calbuco-provoca-evacuacao-em-massa-no-chile\",\"name\":\"Erup\u00e7\u00e3o surpresa do vulc\u00e3o Calbuco provoca evacua\u00e7\u00e3o em massa no Chile - FuniBlogs - FUNIBER\",\"isPartOf\":{\"@id\":\"https:\/\/blogs.funiber.org\/pt\/#website\"},\"datePublished\":\"2015-04-27T10:30:48+00:00\",\"dateModified\":\"2015-04-28T10:34:37+00:00\",\"breadcrumb\":{\"@id\":\"https:\/\/blogs.funiber.org\/pt\/meio-ambiente\/2015\/04\/27\/erupcao-surpresa-do-vulcao-calbuco-provoca-evacuacao-em-massa-no-chile#breadcrumb\"},\"inLanguage\":\"pt-BR\",\"potentialAction\":[{\"@type\":\"ReadAction\",\"target\":[\"https:\/\/blogs.funiber.org\/pt\/meio-ambiente\/2015\/04\/27\/erupcao-surpresa-do-vulcao-calbuco-provoca-evacuacao-em-massa-no-chile\"]}]},{\"@type\":\"BreadcrumbList\",\"@id\":\"https:\/\/blogs.funiber.org\/pt\/meio-ambiente\/2015\/04\/27\/erupcao-surpresa-do-vulcao-calbuco-provoca-evacuacao-em-massa-no-chile#breadcrumb\",\"itemListElement\":[{\"@type\":\"ListItem\",\"position\":1,\"name\":\"In\u00edcio\",\"item\":\"https:\/\/blogs.funiber.org\/pt\"},{\"@type\":\"ListItem\",\"position\":2,\"name\":\"Erup\u00e7\u00e3o surpresa do vulc\u00e3o Calbuco provoca evacua\u00e7\u00e3o em massa no Chile\"}]},{\"@type\":\"WebSite\",\"@id\":\"https:\/\/blogs.funiber.org\/pt\/#website\",\"url\":\"https:\/\/blogs.funiber.org\/pt\/\",\"name\":\"FuniBlogs - FUNIBER\",\"description\":\"\",\"publisher\":{\"@id\":\"https:\/\/blogs.funiber.org\/pt\/#organization\"},\"potentialAction\":[{\"@type\":\"SearchAction\",\"target\":{\"@type\":\"EntryPoint\",\"urlTemplate\":\"https:\/\/blogs.funiber.org\/pt\/?s={search_term_string}\"},\"query-input\":\"required name=search_term_string\"}],\"inLanguage\":\"pt-BR\"},{\"@type\":\"Organization\",\"@id\":\"https:\/\/blogs.funiber.org\/pt\/#organization\",\"name\":\"FuniBlogs - FUNIBER\",\"url\":\"https:\/\/blogs.funiber.org\/pt\/\",\"logo\":{\"@type\":\"ImageObject\",\"inLanguage\":\"pt-BR\",\"@id\":\"https:\/\/blogs.funiber.org\/pt\/#\/schema\/logo\/image\/\",\"url\":\"https:\/\/www.funiber.blog\/pt\/wp-content\/uploads\/2022\/02\/logo-funiber-pt-br-v-dos.svg\",\"contentUrl\":\"https:\/\/www.funiber.blog\/pt\/wp-content\/uploads\/2022\/02\/logo-funiber-pt-br-v-dos.svg\",\"width\":1,\"height\":1,\"caption\":\"FuniBlogs - FUNIBER\"},\"image\":{\"@id\":\"https:\/\/blogs.funiber.org\/pt\/#\/schema\/logo\/image\/\"},\"sameAs\":[\"https:\/\/www.facebook.com\/funiber\",\"https:\/\/twitter.com\/FUNIBER\",\"https:\/\/www.instagram.com\/funiber_becas\",\"https:\/\/www.youtube.com\/user\/funiber\",\"https:\/\/www.linkedin.com\/company\/funiber\"]},{\"@type\":\"Person\",\"@id\":\"https:\/\/blogs.funiber.org\/pt\/#\/schema\/person\/a1eaaa5e57eac866a8c5946946bcf80d\",\"name\":\"Michelle\",\"image\":{\"@type\":\"ImageObject\",\"inLanguage\":\"pt-BR\",\"@id\":\"https:\/\/blogs.funiber.org\/pt\/#\/schema\/person\/image\/\",\"url\":\"https:\/\/secure.gravatar.com\/avatar\/5e87041f7609dc50493cf216754fece1?s=96&d=mm&r=g\",\"contentUrl\":\"https:\/\/secure.gravatar.com\/avatar\/5e87041f7609dc50493cf216754fece1?s=96&d=mm&r=g\",\"caption\":\"Michelle\"},\"url\":\"https:\/\/www.funiber.blog\/pt\/author\/michelle-moreira\"}]}<\/script>\n<!-- \/ Yoast SEO plugin. -->","yoast_head_json":{"title":"Erup\u00e7\u00e3o surpresa do vulc\u00e3o Calbuco provoca evacua\u00e7\u00e3o em massa no Chile - FuniBlogs - FUNIBER","robots":{"index":"index","follow":"follow","max-snippet":"max-snippet:-1","max-image-preview":"max-image-preview:large","max-video-preview":"max-video-preview:-1"},"canonical":"https:\/\/blogs.funiber.org\/pt\/meio-ambiente\/2015\/04\/27\/erupcao-surpresa-do-vulcao-calbuco-provoca-evacuacao-em-massa-no-chile","og_locale":"pt_BR","og_type":"article","og_title":"Erup\u00e7\u00e3o surpresa do vulc\u00e3o Calbuco provoca evacua\u00e7\u00e3o em massa no Chile - FuniBlogs - FUNIBER","og_description":"O Minist\u00e9rio do Interior e da Seguran\u00e7a P\u00fablica do Chile (Onemi) informou que foram evacuadas mais de 4.150 pessoas como consequ\u00eancia da erup\u00e7\u00e3o do vulc\u00e3o Calbuco. Especialistas do Servi\u00e7o Nacional de Geologia e Minera\u00e7\u00e3o (Sernageomin) indicaram que a for\u00e7a da segunda erup\u00e7\u00e3o, ocorrida na madrugada de quinta-feira, dia 23 de abril, foi maior que a [&hellip;]","og_url":"https:\/\/blogs.funiber.org\/pt\/meio-ambiente\/2015\/04\/27\/erupcao-surpresa-do-vulcao-calbuco-provoca-evacuacao-em-massa-no-chile","og_site_name":"FuniBlogs - FUNIBER","article_publisher":"https:\/\/www.facebook.com\/funiber","article_published_time":"2015-04-27T10:30:48+00:00","article_modified_time":"2015-04-28T10:34:37+00:00","og_image":[{"width":556,"height":417,"url":"https:\/\/blogs.funiber.org\/pt\/wp-content\/uploads\/2015\/04\/MA_volcan-min.jpg","type":"image\/jpeg"}],"author":"Michelle","twitter_card":"summary_large_image","twitter_creator":"@FUNIBER","twitter_site":"@FUNIBER","twitter_misc":{"Escrito por":"Michelle","Est. tempo de leitura":"2 minutos"},"schema":{"@context":"https:\/\/schema.org","@graph":[{"@type":"Article","@id":"https:\/\/blogs.funiber.org\/pt\/meio-ambiente\/2015\/04\/27\/erupcao-surpresa-do-vulcao-calbuco-provoca-evacuacao-em-massa-no-chile#article","isPartOf":{"@id":"https:\/\/blogs.funiber.org\/pt\/meio-ambiente\/2015\/04\/27\/erupcao-surpresa-do-vulcao-calbuco-provoca-evacuacao-em-massa-no-chile"},"author":{"name":"Michelle","@id":"https:\/\/blogs.funiber.org\/pt\/#\/schema\/person\/a1eaaa5e57eac866a8c5946946bcf80d"},"headline":"Erup\u00e7\u00e3o surpresa do vulc\u00e3o Calbuco provoca evacua\u00e7\u00e3o em massa no Chile","datePublished":"2015-04-27T10:30:48+00:00","dateModified":"2015-04-28T10:34:37+00:00","mainEntityOfPage":{"@id":"https:\/\/blogs.funiber.org\/pt\/meio-ambiente\/2015\/04\/27\/erupcao-surpresa-do-vulcao-calbuco-provoca-evacuacao-em-massa-no-chile"},"wordCount":429,"publisher":{"@id":"https:\/\/blogs.funiber.org\/pt\/#organization"},"keywords":["Chilel","Desastres Naturais","Vulc\u00e3o"],"articleSection":["Meio Ambiente"],"inLanguage":"pt-BR"},{"@type":"WebPage","@id":"https:\/\/blogs.funiber.org\/pt\/meio-ambiente\/2015\/04\/27\/erupcao-surpresa-do-vulcao-calbuco-provoca-evacuacao-em-massa-no-chile","url":"https:\/\/blogs.funiber.org\/pt\/meio-ambiente\/2015\/04\/27\/erupcao-surpresa-do-vulcao-calbuco-provoca-evacuacao-em-massa-no-chile","name":"Erup\u00e7\u00e3o surpresa do vulc\u00e3o Calbuco provoca evacua\u00e7\u00e3o em massa no Chile - FuniBlogs - FUNIBER","isPartOf":{"@id":"https:\/\/blogs.funiber.org\/pt\/#website"},"datePublished":"2015-04-27T10:30:48+00:00","dateModified":"2015-04-28T10:34:37+00:00","breadcrumb":{"@id":"https:\/\/blogs.funiber.org\/pt\/meio-ambiente\/2015\/04\/27\/erupcao-surpresa-do-vulcao-calbuco-provoca-evacuacao-em-massa-no-chile#breadcrumb"},"inLanguage":"pt-BR","potentialAction":[{"@type":"ReadAction","target":["https:\/\/blogs.funiber.org\/pt\/meio-ambiente\/2015\/04\/27\/erupcao-surpresa-do-vulcao-calbuco-provoca-evacuacao-em-massa-no-chile"]}]},{"@type":"BreadcrumbList","@id":"https:\/\/blogs.funiber.org\/pt\/meio-ambiente\/2015\/04\/27\/erupcao-surpresa-do-vulcao-calbuco-provoca-evacuacao-em-massa-no-chile#breadcrumb","itemListElement":[{"@type":"ListItem","position":1,"name":"In\u00edcio","item":"https:\/\/blogs.funiber.org\/pt"},{"@type":"ListItem","position":2,"name":"Erup\u00e7\u00e3o surpresa do vulc\u00e3o Calbuco provoca evacua\u00e7\u00e3o em massa no Chile"}]},{"@type":"WebSite","@id":"https:\/\/blogs.funiber.org\/pt\/#website","url":"https:\/\/blogs.funiber.org\/pt\/","name":"FuniBlogs - FUNIBER","description":"","publisher":{"@id":"https:\/\/blogs.funiber.org\/pt\/#organization"},"potentialAction":[{"@type":"SearchAction","target":{"@type":"EntryPoint","urlTemplate":"https:\/\/blogs.funiber.org\/pt\/?s={search_term_string}"},"query-input":"required name=search_term_string"}],"inLanguage":"pt-BR"},{"@type":"Organization","@id":"https:\/\/blogs.funiber.org\/pt\/#organization","name":"FuniBlogs - FUNIBER","url":"https:\/\/blogs.funiber.org\/pt\/","logo":{"@type":"ImageObject","inLanguage":"pt-BR","@id":"https:\/\/blogs.funiber.org\/pt\/#\/schema\/logo\/image\/","url":"https:\/\/www.funiber.blog\/pt\/wp-content\/uploads\/2022\/02\/logo-funiber-pt-br-v-dos.svg","contentUrl":"https:\/\/www.funiber.blog\/pt\/wp-content\/uploads\/2022\/02\/logo-funiber-pt-br-v-dos.svg","width":1,"height":1,"caption":"FuniBlogs - FUNIBER"},"image":{"@id":"https:\/\/blogs.funiber.org\/pt\/#\/schema\/logo\/image\/"},"sameAs":["https:\/\/www.facebook.com\/funiber","https:\/\/twitter.com\/FUNIBER","https:\/\/www.instagram.com\/funiber_becas","https:\/\/www.youtube.com\/user\/funiber","https:\/\/www.linkedin.com\/company\/funiber"]},{"@type":"Person","@id":"https:\/\/blogs.funiber.org\/pt\/#\/schema\/person\/a1eaaa5e57eac866a8c5946946bcf80d","name":"Michelle","image":{"@type":"ImageObject","inLanguage":"pt-BR","@id":"https:\/\/blogs.funiber.org\/pt\/#\/schema\/person\/image\/","url":"https:\/\/secure.gravatar.com\/avatar\/5e87041f7609dc50493cf216754fece1?s=96&d=mm&r=g","contentUrl":"https:\/\/secure.gravatar.com\/avatar\/5e87041f7609dc50493cf216754fece1?s=96&d=mm&r=g","caption":"Michelle"},"url":"https:\/\/www.funiber.blog\/pt\/author\/michelle-moreira"}]}},"jetpack_featured_media_url":"https:\/\/www.funiber.blog\/pt\/wp-content\/uploads\/2015\/04\/MA_volcan-min.jpg","jetpack_shortlink":"https:\/\/wp.me\/p7ee1t-1Ja","jetpack_sharing_enabled":true,"_links":{"self":[{"href":"https:\/\/www.funiber.blog\/pt\/wp-json\/wp\/v2\/posts\/6644"}],"collection":[{"href":"https:\/\/www.funiber.blog\/pt\/wp-json\/wp\/v2\/posts"}],"about":[{"href":"https:\/\/www.funiber.blog\/pt\/wp-json\/wp\/v2\/types\/post"}],"author":[{"embeddable":true,"href":"https:\/\/www.funiber.blog\/pt\/wp-json\/wp\/v2\/users\/10"}],"replies":[{"embeddable":true,"href":"https:\/\/www.funiber.blog\/pt\/wp-json\/wp\/v2\/comments?post=6644"}],"version-history":[{"count":3,"href":"https:\/\/www.funiber.blog\/pt\/wp-json\/wp\/v2\/posts\/6644\/revisions"}],"predecessor-version":[{"id":6648,"href":"https:\/\/www.funiber.blog\/pt\/wp-json\/wp\/v2\/posts\/6644\/revisions\/6648"}],"wp:featuredmedia":[{"embeddable":true,"href":"https:\/\/www.funiber.blog\/pt\/wp-json\/wp\/v2\/media\/6645"}],"wp:attachment":[{"href":"https:\/\/www.funiber.blog\/pt\/wp-json\/wp\/v2\/media?parent=6644"}],"wp:term":[{"taxonomy":"category","embeddable":true,"href":"https:\/\/www.funiber.blog\/pt\/wp-json\/wp\/v2\/categories?post=6644"},{"taxonomy":"post_tag","embeddable":true,"href":"https:\/\/www.funiber.blog\/pt\/wp-json\/wp\/v2\/tags?post=6644"}],"curies":[{"name":"wp","href":"https:\/\/api.w.org\/{rel}","templated":true}]}}