{"id":6757,"date":"2015-05-12T12:19:14","date_gmt":"2015-05-12T12:19:14","guid":{"rendered":"http:\/\/blogs.funiber.org\/pt\/?p=6757"},"modified":"2015-05-12T12:19:14","modified_gmt":"2015-05-12T12:19:14","slug":"o-medo-de-envelhecer","status":"publish","type":"post","link":"https:\/\/www.funiber.blog\/pt\/gerontologia\/2015\/05\/12\/o-medo-de-envelhecer","title":{"rendered":"O medo de envelhecer"},"content":{"rendered":"<p>Em nossa sociedade, o culto \u00e0 beleza \u00e9 crescente. Um culto \u00e0 beleza \u201csint\u00e9tica\u201d, caracterizada por opera\u00e7\u00f5es cosm\u00e9ticas, implantes de silicone, cremes antirrugas, l\u00edquidos para rejuvenescer, tratamentos em todas as partes e an\u00fancios que elogiam a juventude e um padr\u00e3o de beleza imposto pela ind\u00fastria cosm\u00e9tica, que pode ser encontrado em todo lugar, desde as revistas at\u00e9 os an\u00fancios televisivos. A obsess\u00e3o pela beleza e pela juventude tamb\u00e9m teve um efeito indireto em um segmento da popula\u00e7\u00e3o: os idosos.<!--more--><\/p>\n<p>Silvio Aristiz\u00e1bal indica, em um artigo escrito para a <a title=\"Funda\u00e7\u00e3o Cepsiger\" href=\"http:\/\/fundacioncepsiger.org\/nuevosite\/\" target=\"_blank\">Funda\u00e7\u00e3o Cepsiger<\/a>, que palavras como \u201c<i>gerofobia, gerascofobia, gerontofobia <\/i>e<i> viejismo<\/i> s\u00e3o empregadas para designar o medo da velhice\u201d, mas nenhuma delas foi registrada pela <a title=\"RAE\" href=\"http:\/\/www.rae.es\/\" target=\"_blank\">Real Academia Espanhola<\/a>. De acordo com o colunista, esta tend\u00eancia social envolve o medo da pr\u00f3pria velhice e, ao mesmo tempo, ocasiona \u201catitudes negativas e de rejei\u00e7\u00e3o para com as pessoas idosas, como consequ\u00eancia de estere\u00f3tipos e preconceitos sobre esta fase da vida\u201d.<\/p>\n<p>Gra\u00e7as aos servi\u00e7os de sa\u00fade, \u00e0 melhoria das condi\u00e7\u00f5es de higiene e aos avan\u00e7os m\u00e9dicos, estamos alcan\u00e7ando, em termos globais, um aumento da expectativa de vida das pessoas. A cada d\u00e9cada, os idosos aumentam sua expectativa de vida e, nos pr\u00f3ximos anos, ser\u00e1 um desafio para a administra\u00e7\u00e3o p\u00fablica administrar os servi\u00e7os a eles oferecidos.<\/p>\n<p>Aristiz\u00e1bal considera que o desafio para a sociedade ser\u00e1 um pouco diferente, porque, a partir de seu ponto de vista, a sociedade hoje v\u00ea a juventude como um mito e h\u00e1 o desenvolvimento de uma ang\u00fastia com rela\u00e7\u00e3o ao envelhecimento, juntamente com um grande desejo por \u201cser, ou pelo menos parecer, jovem\u201d. Em sua opini\u00e3o, \u00e9 necess\u00e1rio que se construa uma sociedade para todas as idades, \u201ccontribuindo para a elimina\u00e7\u00e3o dos preconceitos diante da velhice e do envelhecimento\u201d.<\/p>\n<p>Estudantes da\u00e1rea de Gerontologia da <a href=\"http:\/\/www.funiber.org.BR\" target=\"_blank\">FUNIBER<\/a> podem formar-se para administrar a qualidade de servi\u00e7os em centros orientados ao atendimento de idosos e propor pol\u00edticas que ajudem a oferecer uma melhor qualidade de vida a eles.<\/p>\n<p>Fonte:<br \/>\n<a href=\"http:\/\/fundacioncepsiger.org\/nuevosite\/envejecer-un-destino-comun\/\" target=\"_blank\">http:\/\/fundacioncepsiger.org\/nuevosite\/envejecer-un-destino-comun\/<\/a><\/p>\n<p>Foto: Todos os direitos reservados<\/p>\n","protected":false},"excerpt":{"rendered":"<p>Em nossa sociedade, o culto \u00e0 beleza \u00e9 crescente. Um culto \u00e0 beleza \u201csint\u00e9tica\u201d, caracterizada por opera\u00e7\u00f5es cosm\u00e9ticas, implantes de silicone, cremes antirrugas, l\u00edquidos para rejuvenescer, tratamentos em todas as partes e an\u00fancios que elogiam a juventude e um padr\u00e3o de beleza imposto pela ind\u00fastria cosm\u00e9tica, que pode ser encontrado em todo lugar, desde as [&hellip;]<\/p>\n","protected":false},"author":10,"featured_media":6758,"comment_status":"closed","ping_status":"closed","sticky":false,"template":"","format":"standard","meta":{"jetpack_post_was_ever_published":false,"_jetpack_newsletter_access":"","_jetpack_newsletter_tier_id":0,"footnotes":"","jetpack_publicize_message":"","jetpack_is_tweetstorm":false,"jetpack_publicize_feature_enabled":true,"jetpack_social_post_already_shared":false,"jetpack_social_options":{"image_generator_settings":{"template":"highway","enabled":false}}},"categories":[1],"tags":[100],"jetpack_publicize_connections":[],"yoast_head":"<!-- This site is optimized with the Yoast SEO plugin v21.7 - https:\/\/yoast.com\/wordpress\/plugins\/seo\/ -->\n<title>O medo de envelhecer - FuniBlogs - FUNIBER<\/title>\n<meta name=\"robots\" content=\"index, follow, max-snippet:-1, max-image-preview:large, max-video-preview:-1\" \/>\n<link rel=\"canonical\" href=\"https:\/\/blogs.funiber.org\/pt\/gerontologia\/2015\/05\/12\/o-medo-de-envelhecer\" \/>\n<meta property=\"og:locale\" content=\"pt_BR\" \/>\n<meta property=\"og:type\" content=\"article\" \/>\n<meta property=\"og:title\" content=\"O medo de envelhecer - FuniBlogs - FUNIBER\" \/>\n<meta property=\"og:description\" content=\"Em nossa sociedade, o culto \u00e0 beleza \u00e9 crescente. Um culto \u00e0 beleza \u201csint\u00e9tica\u201d, caracterizada por opera\u00e7\u00f5es cosm\u00e9ticas, implantes de silicone, cremes antirrugas, l\u00edquidos para rejuvenescer, tratamentos em todas as partes e an\u00fancios que elogiam a juventude e um padr\u00e3o de beleza imposto pela ind\u00fastria cosm\u00e9tica, que pode ser encontrado em todo lugar, desde as [&hellip;]\" \/>\n<meta property=\"og:url\" content=\"https:\/\/blogs.funiber.org\/pt\/gerontologia\/2015\/05\/12\/o-medo-de-envelhecer\" \/>\n<meta property=\"og:site_name\" content=\"FuniBlogs - FUNIBER\" \/>\n<meta property=\"article:publisher\" content=\"https:\/\/www.facebook.com\/funiber\" \/>\n<meta property=\"article:published_time\" content=\"2015-05-12T12:19:14+00:00\" \/>\n<meta property=\"og:image\" content=\"https:\/\/blogs.funiber.org\/pt\/wp-content\/uploads\/2015\/05\/iStock_000011119461_PEQUENO.jpg\" \/>\n\t<meta property=\"og:image:width\" content=\"700\" \/>\n\t<meta property=\"og:image:height\" content=\"467\" \/>\n\t<meta property=\"og:image:type\" content=\"image\/jpeg\" \/>\n<meta name=\"author\" content=\"Michelle\" \/>\n<meta name=\"twitter:card\" content=\"summary_large_image\" \/>\n<meta name=\"twitter:creator\" content=\"@FUNIBER\" \/>\n<meta name=\"twitter:site\" content=\"@FUNIBER\" \/>\n<meta name=\"twitter:label1\" content=\"Escrito por\" \/>\n\t<meta name=\"twitter:data1\" content=\"Michelle\" \/>\n\t<meta name=\"twitter:label2\" content=\"Est. tempo de leitura\" \/>\n\t<meta name=\"twitter:data2\" content=\"2 minutos\" \/>\n<script type=\"application\/ld+json\" class=\"yoast-schema-graph\">{\"@context\":\"https:\/\/schema.org\",\"@graph\":[{\"@type\":\"Article\",\"@id\":\"https:\/\/blogs.funiber.org\/pt\/gerontologia\/2015\/05\/12\/o-medo-de-envelhecer#article\",\"isPartOf\":{\"@id\":\"https:\/\/blogs.funiber.org\/pt\/gerontologia\/2015\/05\/12\/o-medo-de-envelhecer\"},\"author\":{\"name\":\"Michelle\",\"@id\":\"https:\/\/blogs.funiber.org\/pt\/#\/schema\/person\/a1eaaa5e57eac866a8c5946946bcf80d\"},\"headline\":\"O medo de envelhecer\",\"datePublished\":\"2015-05-12T12:19:14+00:00\",\"dateModified\":\"2015-05-12T12:19:14+00:00\",\"mainEntityOfPage\":{\"@id\":\"https:\/\/blogs.funiber.org\/pt\/gerontologia\/2015\/05\/12\/o-medo-de-envelhecer\"},\"wordCount\":374,\"publisher\":{\"@id\":\"https:\/\/blogs.funiber.org\/pt\/#organization\"},\"keywords\":[\"Envelhecimento\"],\"articleSection\":[\"Gerontologia\"],\"inLanguage\":\"pt-BR\"},{\"@type\":\"WebPage\",\"@id\":\"https:\/\/blogs.funiber.org\/pt\/gerontologia\/2015\/05\/12\/o-medo-de-envelhecer\",\"url\":\"https:\/\/blogs.funiber.org\/pt\/gerontologia\/2015\/05\/12\/o-medo-de-envelhecer\",\"name\":\"O medo de envelhecer - FuniBlogs - FUNIBER\",\"isPartOf\":{\"@id\":\"https:\/\/blogs.funiber.org\/pt\/#website\"},\"datePublished\":\"2015-05-12T12:19:14+00:00\",\"dateModified\":\"2015-05-12T12:19:14+00:00\",\"breadcrumb\":{\"@id\":\"https:\/\/blogs.funiber.org\/pt\/gerontologia\/2015\/05\/12\/o-medo-de-envelhecer#breadcrumb\"},\"inLanguage\":\"pt-BR\",\"potentialAction\":[{\"@type\":\"ReadAction\",\"target\":[\"https:\/\/blogs.funiber.org\/pt\/gerontologia\/2015\/05\/12\/o-medo-de-envelhecer\"]}]},{\"@type\":\"BreadcrumbList\",\"@id\":\"https:\/\/blogs.funiber.org\/pt\/gerontologia\/2015\/05\/12\/o-medo-de-envelhecer#breadcrumb\",\"itemListElement\":[{\"@type\":\"ListItem\",\"position\":1,\"name\":\"In\u00edcio\",\"item\":\"https:\/\/blogs.funiber.org\/pt\"},{\"@type\":\"ListItem\",\"position\":2,\"name\":\"O medo de envelhecer\"}]},{\"@type\":\"WebSite\",\"@id\":\"https:\/\/blogs.funiber.org\/pt\/#website\",\"url\":\"https:\/\/blogs.funiber.org\/pt\/\",\"name\":\"FuniBlogs - FUNIBER\",\"description\":\"\",\"publisher\":{\"@id\":\"https:\/\/blogs.funiber.org\/pt\/#organization\"},\"potentialAction\":[{\"@type\":\"SearchAction\",\"target\":{\"@type\":\"EntryPoint\",\"urlTemplate\":\"https:\/\/blogs.funiber.org\/pt\/?s={search_term_string}\"},\"query-input\":\"required name=search_term_string\"}],\"inLanguage\":\"pt-BR\"},{\"@type\":\"Organization\",\"@id\":\"https:\/\/blogs.funiber.org\/pt\/#organization\",\"name\":\"FuniBlogs - FUNIBER\",\"url\":\"https:\/\/blogs.funiber.org\/pt\/\",\"logo\":{\"@type\":\"ImageObject\",\"inLanguage\":\"pt-BR\",\"@id\":\"https:\/\/blogs.funiber.org\/pt\/#\/schema\/logo\/image\/\",\"url\":\"https:\/\/www.funiber.blog\/pt\/wp-content\/uploads\/2022\/02\/logo-funiber-pt-br-v-dos.svg\",\"contentUrl\":\"https:\/\/www.funiber.blog\/pt\/wp-content\/uploads\/2022\/02\/logo-funiber-pt-br-v-dos.svg\",\"width\":1,\"height\":1,\"caption\":\"FuniBlogs - FUNIBER\"},\"image\":{\"@id\":\"https:\/\/blogs.funiber.org\/pt\/#\/schema\/logo\/image\/\"},\"sameAs\":[\"https:\/\/www.facebook.com\/funiber\",\"https:\/\/twitter.com\/FUNIBER\",\"https:\/\/www.instagram.com\/funiber_becas\",\"https:\/\/www.youtube.com\/user\/funiber\",\"https:\/\/www.linkedin.com\/company\/funiber\"]},{\"@type\":\"Person\",\"@id\":\"https:\/\/blogs.funiber.org\/pt\/#\/schema\/person\/a1eaaa5e57eac866a8c5946946bcf80d\",\"name\":\"Michelle\",\"image\":{\"@type\":\"ImageObject\",\"inLanguage\":\"pt-BR\",\"@id\":\"https:\/\/blogs.funiber.org\/pt\/#\/schema\/person\/image\/\",\"url\":\"https:\/\/secure.gravatar.com\/avatar\/5e87041f7609dc50493cf216754fece1?s=96&d=mm&r=g\",\"contentUrl\":\"https:\/\/secure.gravatar.com\/avatar\/5e87041f7609dc50493cf216754fece1?s=96&d=mm&r=g\",\"caption\":\"Michelle\"},\"url\":\"https:\/\/www.funiber.blog\/pt\/author\/michelle-moreira\"}]}<\/script>\n<!-- \/ Yoast SEO plugin. -->","yoast_head_json":{"title":"O medo de envelhecer - FuniBlogs - FUNIBER","robots":{"index":"index","follow":"follow","max-snippet":"max-snippet:-1","max-image-preview":"max-image-preview:large","max-video-preview":"max-video-preview:-1"},"canonical":"https:\/\/blogs.funiber.org\/pt\/gerontologia\/2015\/05\/12\/o-medo-de-envelhecer","og_locale":"pt_BR","og_type":"article","og_title":"O medo de envelhecer - FuniBlogs - FUNIBER","og_description":"Em nossa sociedade, o culto \u00e0 beleza \u00e9 crescente. Um culto \u00e0 beleza \u201csint\u00e9tica\u201d, caracterizada por opera\u00e7\u00f5es cosm\u00e9ticas, implantes de silicone, cremes antirrugas, l\u00edquidos para rejuvenescer, tratamentos em todas as partes e an\u00fancios que elogiam a juventude e um padr\u00e3o de beleza imposto pela ind\u00fastria cosm\u00e9tica, que pode ser encontrado em todo lugar, desde as [&hellip;]","og_url":"https:\/\/blogs.funiber.org\/pt\/gerontologia\/2015\/05\/12\/o-medo-de-envelhecer","og_site_name":"FuniBlogs - FUNIBER","article_publisher":"https:\/\/www.facebook.com\/funiber","article_published_time":"2015-05-12T12:19:14+00:00","og_image":[{"width":700,"height":467,"url":"https:\/\/blogs.funiber.org\/pt\/wp-content\/uploads\/2015\/05\/iStock_000011119461_PEQUENO.jpg","type":"image\/jpeg"}],"author":"Michelle","twitter_card":"summary_large_image","twitter_creator":"@FUNIBER","twitter_site":"@FUNIBER","twitter_misc":{"Escrito por":"Michelle","Est. tempo de leitura":"2 minutos"},"schema":{"@context":"https:\/\/schema.org","@graph":[{"@type":"Article","@id":"https:\/\/blogs.funiber.org\/pt\/gerontologia\/2015\/05\/12\/o-medo-de-envelhecer#article","isPartOf":{"@id":"https:\/\/blogs.funiber.org\/pt\/gerontologia\/2015\/05\/12\/o-medo-de-envelhecer"},"author":{"name":"Michelle","@id":"https:\/\/blogs.funiber.org\/pt\/#\/schema\/person\/a1eaaa5e57eac866a8c5946946bcf80d"},"headline":"O medo de envelhecer","datePublished":"2015-05-12T12:19:14+00:00","dateModified":"2015-05-12T12:19:14+00:00","mainEntityOfPage":{"@id":"https:\/\/blogs.funiber.org\/pt\/gerontologia\/2015\/05\/12\/o-medo-de-envelhecer"},"wordCount":374,"publisher":{"@id":"https:\/\/blogs.funiber.org\/pt\/#organization"},"keywords":["Envelhecimento"],"articleSection":["Gerontologia"],"inLanguage":"pt-BR"},{"@type":"WebPage","@id":"https:\/\/blogs.funiber.org\/pt\/gerontologia\/2015\/05\/12\/o-medo-de-envelhecer","url":"https:\/\/blogs.funiber.org\/pt\/gerontologia\/2015\/05\/12\/o-medo-de-envelhecer","name":"O medo de envelhecer - FuniBlogs - FUNIBER","isPartOf":{"@id":"https:\/\/blogs.funiber.org\/pt\/#website"},"datePublished":"2015-05-12T12:19:14+00:00","dateModified":"2015-05-12T12:19:14+00:00","breadcrumb":{"@id":"https:\/\/blogs.funiber.org\/pt\/gerontologia\/2015\/05\/12\/o-medo-de-envelhecer#breadcrumb"},"inLanguage":"pt-BR","potentialAction":[{"@type":"ReadAction","target":["https:\/\/blogs.funiber.org\/pt\/gerontologia\/2015\/05\/12\/o-medo-de-envelhecer"]}]},{"@type":"BreadcrumbList","@id":"https:\/\/blogs.funiber.org\/pt\/gerontologia\/2015\/05\/12\/o-medo-de-envelhecer#breadcrumb","itemListElement":[{"@type":"ListItem","position":1,"name":"In\u00edcio","item":"https:\/\/blogs.funiber.org\/pt"},{"@type":"ListItem","position":2,"name":"O medo de envelhecer"}]},{"@type":"WebSite","@id":"https:\/\/blogs.funiber.org\/pt\/#website","url":"https:\/\/blogs.funiber.org\/pt\/","name":"FuniBlogs - FUNIBER","description":"","publisher":{"@id":"https:\/\/blogs.funiber.org\/pt\/#organization"},"potentialAction":[{"@type":"SearchAction","target":{"@type":"EntryPoint","urlTemplate":"https:\/\/blogs.funiber.org\/pt\/?s={search_term_string}"},"query-input":"required name=search_term_string"}],"inLanguage":"pt-BR"},{"@type":"Organization","@id":"https:\/\/blogs.funiber.org\/pt\/#organization","name":"FuniBlogs - FUNIBER","url":"https:\/\/blogs.funiber.org\/pt\/","logo":{"@type":"ImageObject","inLanguage":"pt-BR","@id":"https:\/\/blogs.funiber.org\/pt\/#\/schema\/logo\/image\/","url":"https:\/\/www.funiber.blog\/pt\/wp-content\/uploads\/2022\/02\/logo-funiber-pt-br-v-dos.svg","contentUrl":"https:\/\/www.funiber.blog\/pt\/wp-content\/uploads\/2022\/02\/logo-funiber-pt-br-v-dos.svg","width":1,"height":1,"caption":"FuniBlogs - FUNIBER"},"image":{"@id":"https:\/\/blogs.funiber.org\/pt\/#\/schema\/logo\/image\/"},"sameAs":["https:\/\/www.facebook.com\/funiber","https:\/\/twitter.com\/FUNIBER","https:\/\/www.instagram.com\/funiber_becas","https:\/\/www.youtube.com\/user\/funiber","https:\/\/www.linkedin.com\/company\/funiber"]},{"@type":"Person","@id":"https:\/\/blogs.funiber.org\/pt\/#\/schema\/person\/a1eaaa5e57eac866a8c5946946bcf80d","name":"Michelle","image":{"@type":"ImageObject","inLanguage":"pt-BR","@id":"https:\/\/blogs.funiber.org\/pt\/#\/schema\/person\/image\/","url":"https:\/\/secure.gravatar.com\/avatar\/5e87041f7609dc50493cf216754fece1?s=96&d=mm&r=g","contentUrl":"https:\/\/secure.gravatar.com\/avatar\/5e87041f7609dc50493cf216754fece1?s=96&d=mm&r=g","caption":"Michelle"},"url":"https:\/\/www.funiber.blog\/pt\/author\/michelle-moreira"}]}},"jetpack_featured_media_url":"https:\/\/www.funiber.blog\/pt\/wp-content\/uploads\/2015\/05\/iStock_000011119461_PEQUENO.jpg","jetpack_shortlink":"https:\/\/wp.me\/p7ee1t-1KZ","jetpack_sharing_enabled":true,"_links":{"self":[{"href":"https:\/\/www.funiber.blog\/pt\/wp-json\/wp\/v2\/posts\/6757"}],"collection":[{"href":"https:\/\/www.funiber.blog\/pt\/wp-json\/wp\/v2\/posts"}],"about":[{"href":"https:\/\/www.funiber.blog\/pt\/wp-json\/wp\/v2\/types\/post"}],"author":[{"embeddable":true,"href":"https:\/\/www.funiber.blog\/pt\/wp-json\/wp\/v2\/users\/10"}],"replies":[{"embeddable":true,"href":"https:\/\/www.funiber.blog\/pt\/wp-json\/wp\/v2\/comments?post=6757"}],"version-history":[{"count":1,"href":"https:\/\/www.funiber.blog\/pt\/wp-json\/wp\/v2\/posts\/6757\/revisions"}],"predecessor-version":[{"id":6759,"href":"https:\/\/www.funiber.blog\/pt\/wp-json\/wp\/v2\/posts\/6757\/revisions\/6759"}],"wp:featuredmedia":[{"embeddable":true,"href":"https:\/\/www.funiber.blog\/pt\/wp-json\/wp\/v2\/media\/6758"}],"wp:attachment":[{"href":"https:\/\/www.funiber.blog\/pt\/wp-json\/wp\/v2\/media?parent=6757"}],"wp:term":[{"taxonomy":"category","embeddable":true,"href":"https:\/\/www.funiber.blog\/pt\/wp-json\/wp\/v2\/categories?post=6757"},{"taxonomy":"post_tag","embeddable":true,"href":"https:\/\/www.funiber.blog\/pt\/wp-json\/wp\/v2\/tags?post=6757"}],"curies":[{"name":"wp","href":"https:\/\/api.w.org\/{rel}","templated":true}]}}