{"id":6760,"date":"2015-05-13T11:16:29","date_gmt":"2015-05-13T11:16:29","guid":{"rendered":"http:\/\/blogs.funiber.org\/pt\/?p=6760"},"modified":"2016-01-29T11:54:21","modified_gmt":"2016-01-29T11:54:21","slug":"dinamismo-tecnologico-exige-pessoas-altamente-capacitadas-opina-o-professor-jorge-crespo-da-funiber","status":"publish","type":"post","link":"https:\/\/www.funiber.blog\/pt\/tecnologias-tic\/2015\/05\/13\/dinamismo-tecnologico-exige-pessoas-altamente-capacitadas-opina-o-professor-jorge-crespo-da-funiber","title":{"rendered":"Dinamismo tecnol\u00f3gico exige pessoas altamente capacitadas, opina o professor da FUNIBER Jorge Crespo"},"content":{"rendered":"<p>Jorge Crespo, com mais de 10 anos de experi\u00eancia em doc\u00eancia e pesquisa, \u00e9 professor das \u00c1reas de <strong><a href=\"http:\/\/www.funiber.org.br\/areas-de-conhecimento\/organizacao-empresarial-desenvolvimento-diretivo-rh-e-cooperativismo\/\">Empresas<\/a><\/strong>, <strong>Turismo<\/strong> e <strong><a href=\"http:\/\/www.funiber.org.br\/areas-de-conhecimento\/saude-e-nutricao\/\" target=\"_blank\">Sa\u00fade<\/a><\/strong> da <strong><a title=\"FUNIBER\" href=\"funiber.org.br\" target=\"_blank\">FUNIBER<\/a><\/strong>. Doutorou-se em Engenharia, em 2011.<!--more--><\/p>\n<p>Jorge considera-se um grande f\u00e3 das tecnologias e dos computadores. Seu hobby o levou a especializar-se em modelagem e simula\u00e7\u00e3o computacional de fen\u00f4menos f\u00edsicos e estoc\u00e1sticos, desenvolvendo modelos que foram aplicados em campos diversos como a dispers\u00e3o de poluentes no ambiente, a modelagem estrutural, o comportamento de materiais, a simula\u00e7\u00e3o de evacua\u00e7\u00e3o e inc\u00eandios e, mais recentemente, a an\u00e1lise preditiva e a minera\u00e7\u00e3o de dados aplicadas a empresas, utilizando ferramentas de aprendizagem-m\u00e1quina e intelig\u00eancia artificial.<\/p>\n<p><b>Conversamos com Jorge, que tamb\u00e9m \u00e9 professor da <strong><a href=\"http:\/\/www.unini.org\/\" target=\"_blank\">Universidade Internacional Ibero-americana de Porto Rico (UNINI Porto Rico)<\/a>, e\u00a0<\/strong>nos explica que, na velocidade com que o mundo se move hoje em dia, as pessoas e as empresas devem ser capazes de reagir e adaptar-se \u00e0s circunst\u00e2ncias tecnol\u00f3gicas.<\/b><\/p>\n<p>&#8220;Estamos vivendo uma mudan\u00e7a de paradigma quanto \u00e0 forma como gerimos e interpretamos a informa\u00e7\u00e3o e os dados de que dispomos: at\u00e9 agora, era suficiente conhecer e descrever a partir dos dados obtidos; agora, \u00e9 mais interessante realizar previs\u00f5es sobre qual ser\u00e1 o comportamento futuro&#8221;, afirma Jorge.<\/p>\n<p>Toda empresa deve fazer uso da tecnologia, da informa\u00e7\u00e3o, da Internet, etc., e isto deve ser refletido na maneira como nos comunicamos, como promovemos e vendemos os produtos, executando os processos de produ\u00e7\u00e3o, administra\u00e7\u00e3o e dire\u00e7\u00e3o dentro da empresa.<\/p>\n<p>Conforme indicado por Jorge, \u201ca modelagem e a simula\u00e7\u00e3o computacional, em conjunto com a experimenta\u00e7\u00e3o, a an\u00e1lise estat\u00edstica e, mais recentemente, com as an\u00e1lises avan\u00e7adas e as an\u00e1lises preditivas, constituem pe\u00e7as-chave para estar sempre a um passo \u00e0 frente\u201d.<\/p>\n<p><b>Demanda por profissionais qualificados<\/b><\/p>\n<p>Atualmente, a tend\u00eancia indica um crescimento exponencial na necessidade de profissionais altamente qualificados nas \u00e1reas tecnol\u00f3gicas de gest\u00e3o, com\u00e9rcio eletr\u00f4nico, turismo, an\u00e1lise de dados, etc. Nos Estados Unidos, estima-se que ser\u00e3o necess\u00e1rios, para 2018, 1,8 milh\u00f5es de analistas de dados; na Europa, est\u00e1 previsto um crescimento anual sustentado de 12% no volume de vendas eletr\u00f4nicas, alcan\u00e7ando os 234 trilh\u00f5es de euros, em 2018.<\/p>\n<p>As previs\u00f5es indicam que \u00e9 necess\u00e1rio um novo perfil de profissional, \u201cj\u00e1 n\u00e3o \u00e9 suficiente ser um mero usu\u00e1rio das ferramentas de automa\u00e7\u00e3o de escrit\u00f3rio, sendo necess\u00e1rio um entendimento profundo da tecnologia implementada na empresa. Por outro lado, do ponto de vista do executivo, as novas ferramentas facilitam as tarefas de dire\u00e7\u00e3o e auxiliam a tomada de decis\u00f5es complexas em entornos de muita variabilidade\u201d, afirma Jorge.<\/p>\n<p>A forma\u00e7\u00e3o continuada da <strong>FUNIBER<\/strong>, conforme explica Jorge, est\u00e1 focada no desenvolvimento destas compet\u00eancias profissionais. \u201cEla adquiriu um papel determinante, seja do ponto de vista da amplia\u00e7\u00e3o curricular, visando aumentar nossas possibilidades de \u00eaxito ao optar por um posto de trabalho, da melhoria de nossas capacidades como consultor ou da harmoniza\u00e7\u00e3o de nossa forma ou de nossos processos de dire\u00e7\u00e3o com os desenvolvimentos mais recentes\u201d, destaca.<\/p>\n<p><b>Um campo a explorar<\/b><\/p>\n<p>Para toda empresa, existe uma m\u00e1xima: sempre ser\u00e1 mais f\u00e1cil fidelizar um cliente do que fazer um novo cliente. Entretanto, em muitas empresas, o trabalho de fideliza\u00e7\u00e3o \u00e9 realizado apenas de forma reativa, uma vez que o cliente tomou e manifestou a decis\u00e3o de abandonar o servi\u00e7o. Isto gera resultados contraproducentes, j\u00e1 que afeta a imagem da marca, gerando descontentamento entre usu\u00e1rios e recomenda\u00e7\u00e3o negativa de produtos ou servi\u00e7os.<\/p>\n<p>\u201cAtualmente, est\u00e3o sendo realizados in\u00fameros estudos para que a empresa possa se antecipar a esta situa\u00e7\u00e3o, desenvolvendo an\u00e1lises de previs\u00e3o de abandono (<i>churn analysis<\/i>) e an\u00e1lise de sentimentos (<i>sentiment analysis<\/i>), entre outras, para avaliar os clientes e elaborar planos personalizados de fideliza\u00e7\u00e3o\u201d, afirma Jorge.<\/p>\n<p>Apesar dos avan\u00e7os, ainda h\u00e1 muito a ser feito neste sentido, comenta Jorge, por isso temos de continuar investigando e compreendendo a natureza dos clientes. O tema \u00e9 uma porta aberta para toda uma nova gera\u00e7\u00e3o de futuros pesquisadores e profissionais.<\/p>\n<p><em><strong>A prop\u00f3sito, como se vislumbram estas mudan\u00e7as e tend\u00eancias em seu entorno? Estamos dando um salto em dire\u00e7\u00e3o ao futuro ou continuamos apegados ao passado?<\/strong><\/em><\/p>\n<p><em>Nota: o professor Jorge Crespo participa da rede universit\u00e1ria com a qual colabora FUNIBER.<\/em><\/p>\n","protected":false},"excerpt":{"rendered":"<p>Jorge Crespo, com mais de 10 anos de experi\u00eancia em doc\u00eancia e pesquisa, \u00e9 professor das \u00c1reas de Empresas, Turismo e Sa\u00fade da FUNIBER. Doutorou-se em Engenharia, em 2011.<\/p>\n","protected":false},"author":10,"featured_media":6761,"comment_status":"closed","ping_status":"closed","sticky":false,"template":"","format":"standard","meta":{"jetpack_post_was_ever_published":false,"_jetpack_newsletter_access":"","_jetpack_newsletter_tier_id":0,"footnotes":"","jetpack_publicize_message":"","jetpack_is_tweetstorm":false,"jetpack_publicize_feature_enabled":true,"jetpack_social_post_already_shared":false,"jetpack_social_options":{"image_generator_settings":{"template":"highway","enabled":false}}},"categories":[6],"tags":[641,642],"jetpack_publicize_connections":[],"yoast_head":"<!-- This site is optimized with the Yoast SEO plugin v21.7 - https:\/\/yoast.com\/wordpress\/plugins\/seo\/ -->\n<title>Dinamismo tecnol\u00f3gico exige pessoas altamente capacitadas, opina o professor da FUNIBER Jorge Crespo - FuniBlogs - FUNIBER<\/title>\n<meta name=\"robots\" content=\"noindex, nofollow\" \/>\n<meta property=\"og:locale\" content=\"pt_BR\" \/>\n<meta property=\"og:type\" content=\"article\" \/>\n<meta property=\"og:title\" content=\"Dinamismo tecnol\u00f3gico exige pessoas altamente capacitadas, opina o professor da FUNIBER Jorge Crespo - FuniBlogs - FUNIBER\" \/>\n<meta property=\"og:description\" content=\"Jorge Crespo, com mais de 10 anos de experi\u00eancia em doc\u00eancia e pesquisa, \u00e9 professor das \u00c1reas de Empresas, Turismo e Sa\u00fade da FUNIBER. Doutorou-se em Engenharia, em 2011.\" \/>\n<meta property=\"og:url\" content=\"https:\/\/blogs.funiber.org\/pt\/tecnologias-tic\/2015\/05\/13\/dinamismo-tecnologico-exige-pessoas-altamente-capacitadas-opina-o-professor-jorge-crespo-da-funiber\" \/>\n<meta property=\"og:site_name\" content=\"FuniBlogs - FUNIBER\" \/>\n<meta property=\"article:publisher\" content=\"https:\/\/www.facebook.com\/funiber\" \/>\n<meta property=\"article:published_time\" content=\"2015-05-13T11:16:29+00:00\" \/>\n<meta property=\"article:modified_time\" content=\"2016-01-29T11:54:21+00:00\" \/>\n<meta property=\"og:image\" content=\"https:\/\/blogs.funiber.org\/pt\/wp-content\/uploads\/2015\/05\/profesor_JorgeCrespo.jpg\" \/>\n\t<meta property=\"og:image:width\" content=\"700\" \/>\n\t<meta property=\"og:image:height\" content=\"559\" \/>\n\t<meta property=\"og:image:type\" content=\"image\/jpeg\" \/>\n<meta name=\"author\" content=\"Michelle\" \/>\n<meta name=\"twitter:card\" content=\"summary_large_image\" \/>\n<meta name=\"twitter:creator\" content=\"@FUNIBER\" \/>\n<meta name=\"twitter:site\" content=\"@FUNIBER\" \/>\n<meta name=\"twitter:label1\" content=\"Escrito por\" \/>\n\t<meta name=\"twitter:data1\" content=\"Michelle\" \/>\n\t<meta name=\"twitter:label2\" content=\"Est. tempo de leitura\" \/>\n\t<meta name=\"twitter:data2\" content=\"4 minutos\" \/>\n<script type=\"application\/ld+json\" class=\"yoast-schema-graph\">{\"@context\":\"https:\/\/schema.org\",\"@graph\":[{\"@type\":\"Article\",\"@id\":\"https:\/\/blogs.funiber.org\/pt\/tecnologias-tic\/2015\/05\/13\/dinamismo-tecnologico-exige-pessoas-altamente-capacitadas-opina-o-professor-jorge-crespo-da-funiber#article\",\"isPartOf\":{\"@id\":\"https:\/\/blogs.funiber.org\/pt\/tecnologias-tic\/2015\/05\/13\/dinamismo-tecnologico-exige-pessoas-altamente-capacitadas-opina-o-professor-jorge-crespo-da-funiber\"},\"author\":{\"name\":\"Michelle\",\"@id\":\"https:\/\/blogs.funiber.org\/pt\/#\/schema\/person\/a1eaaa5e57eac866a8c5946946bcf80d\"},\"headline\":\"Dinamismo tecnol\u00f3gico exige pessoas altamente capacitadas, opina o professor da FUNIBER Jorge Crespo\",\"datePublished\":\"2015-05-13T11:16:29+00:00\",\"dateModified\":\"2016-01-29T11:54:21+00:00\",\"mainEntityOfPage\":{\"@id\":\"https:\/\/blogs.funiber.org\/pt\/tecnologias-tic\/2015\/05\/13\/dinamismo-tecnologico-exige-pessoas-altamente-capacitadas-opina-o-professor-jorge-crespo-da-funiber\"},\"wordCount\":751,\"publisher\":{\"@id\":\"https:\/\/blogs.funiber.org\/pt\/#organization\"},\"keywords\":[\"Opini\u00e3o FUNIBER\",\"Professores\"],\"articleSection\":[\"Tecnologias TIC\"],\"inLanguage\":\"pt-BR\"},{\"@type\":\"WebPage\",\"@id\":\"https:\/\/blogs.funiber.org\/pt\/tecnologias-tic\/2015\/05\/13\/dinamismo-tecnologico-exige-pessoas-altamente-capacitadas-opina-o-professor-jorge-crespo-da-funiber\",\"url\":\"https:\/\/blogs.funiber.org\/pt\/tecnologias-tic\/2015\/05\/13\/dinamismo-tecnologico-exige-pessoas-altamente-capacitadas-opina-o-professor-jorge-crespo-da-funiber\",\"name\":\"Dinamismo tecnol\u00f3gico exige pessoas altamente capacitadas, opina o professor da FUNIBER Jorge Crespo - FuniBlogs - FUNIBER\",\"isPartOf\":{\"@id\":\"https:\/\/blogs.funiber.org\/pt\/#website\"},\"datePublished\":\"2015-05-13T11:16:29+00:00\",\"dateModified\":\"2016-01-29T11:54:21+00:00\",\"breadcrumb\":{\"@id\":\"https:\/\/blogs.funiber.org\/pt\/tecnologias-tic\/2015\/05\/13\/dinamismo-tecnologico-exige-pessoas-altamente-capacitadas-opina-o-professor-jorge-crespo-da-funiber#breadcrumb\"},\"inLanguage\":\"pt-BR\",\"potentialAction\":[{\"@type\":\"ReadAction\",\"target\":[\"https:\/\/blogs.funiber.org\/pt\/tecnologias-tic\/2015\/05\/13\/dinamismo-tecnologico-exige-pessoas-altamente-capacitadas-opina-o-professor-jorge-crespo-da-funiber\"]}]},{\"@type\":\"BreadcrumbList\",\"@id\":\"https:\/\/blogs.funiber.org\/pt\/tecnologias-tic\/2015\/05\/13\/dinamismo-tecnologico-exige-pessoas-altamente-capacitadas-opina-o-professor-jorge-crespo-da-funiber#breadcrumb\",\"itemListElement\":[{\"@type\":\"ListItem\",\"position\":1,\"name\":\"In\u00edcio\",\"item\":\"https:\/\/blogs.funiber.org\/pt\"},{\"@type\":\"ListItem\",\"position\":2,\"name\":\"Dinamismo tecnol\u00f3gico exige pessoas altamente capacitadas, opina o professor da FUNIBER Jorge Crespo\"}]},{\"@type\":\"WebSite\",\"@id\":\"https:\/\/blogs.funiber.org\/pt\/#website\",\"url\":\"https:\/\/blogs.funiber.org\/pt\/\",\"name\":\"FuniBlogs - FUNIBER\",\"description\":\"\",\"publisher\":{\"@id\":\"https:\/\/blogs.funiber.org\/pt\/#organization\"},\"potentialAction\":[{\"@type\":\"SearchAction\",\"target\":{\"@type\":\"EntryPoint\",\"urlTemplate\":\"https:\/\/blogs.funiber.org\/pt\/?s={search_term_string}\"},\"query-input\":\"required name=search_term_string\"}],\"inLanguage\":\"pt-BR\"},{\"@type\":\"Organization\",\"@id\":\"https:\/\/blogs.funiber.org\/pt\/#organization\",\"name\":\"FuniBlogs - FUNIBER\",\"url\":\"https:\/\/blogs.funiber.org\/pt\/\",\"logo\":{\"@type\":\"ImageObject\",\"inLanguage\":\"pt-BR\",\"@id\":\"https:\/\/blogs.funiber.org\/pt\/#\/schema\/logo\/image\/\",\"url\":\"https:\/\/www.funiber.blog\/pt\/wp-content\/uploads\/2022\/02\/logo-funiber-pt-br-v-dos.svg\",\"contentUrl\":\"https:\/\/www.funiber.blog\/pt\/wp-content\/uploads\/2022\/02\/logo-funiber-pt-br-v-dos.svg\",\"width\":1,\"height\":1,\"caption\":\"FuniBlogs - FUNIBER\"},\"image\":{\"@id\":\"https:\/\/blogs.funiber.org\/pt\/#\/schema\/logo\/image\/\"},\"sameAs\":[\"https:\/\/www.facebook.com\/funiber\",\"https:\/\/twitter.com\/FUNIBER\",\"https:\/\/www.instagram.com\/funiber_becas\",\"https:\/\/www.youtube.com\/user\/funiber\",\"https:\/\/www.linkedin.com\/company\/funiber\"]},{\"@type\":\"Person\",\"@id\":\"https:\/\/blogs.funiber.org\/pt\/#\/schema\/person\/a1eaaa5e57eac866a8c5946946bcf80d\",\"name\":\"Michelle\",\"image\":{\"@type\":\"ImageObject\",\"inLanguage\":\"pt-BR\",\"@id\":\"https:\/\/blogs.funiber.org\/pt\/#\/schema\/person\/image\/\",\"url\":\"https:\/\/secure.gravatar.com\/avatar\/5e87041f7609dc50493cf216754fece1?s=96&d=mm&r=g\",\"contentUrl\":\"https:\/\/secure.gravatar.com\/avatar\/5e87041f7609dc50493cf216754fece1?s=96&d=mm&r=g\",\"caption\":\"Michelle\"},\"url\":\"https:\/\/www.funiber.blog\/pt\/author\/michelle-moreira\"}]}<\/script>\n<!-- \/ Yoast SEO plugin. -->","yoast_head_json":{"title":"Dinamismo tecnol\u00f3gico exige pessoas altamente capacitadas, opina o professor da FUNIBER Jorge Crespo - FuniBlogs - FUNIBER","robots":{"index":"noindex","follow":"nofollow"},"og_locale":"pt_BR","og_type":"article","og_title":"Dinamismo tecnol\u00f3gico exige pessoas altamente capacitadas, opina o professor da FUNIBER Jorge Crespo - FuniBlogs - FUNIBER","og_description":"Jorge Crespo, com mais de 10 anos de experi\u00eancia em doc\u00eancia e pesquisa, \u00e9 professor das \u00c1reas de Empresas, Turismo e Sa\u00fade da FUNIBER. Doutorou-se em Engenharia, em 2011.","og_url":"https:\/\/blogs.funiber.org\/pt\/tecnologias-tic\/2015\/05\/13\/dinamismo-tecnologico-exige-pessoas-altamente-capacitadas-opina-o-professor-jorge-crespo-da-funiber","og_site_name":"FuniBlogs - FUNIBER","article_publisher":"https:\/\/www.facebook.com\/funiber","article_published_time":"2015-05-13T11:16:29+00:00","article_modified_time":"2016-01-29T11:54:21+00:00","og_image":[{"width":700,"height":559,"url":"https:\/\/blogs.funiber.org\/pt\/wp-content\/uploads\/2015\/05\/profesor_JorgeCrespo.jpg","type":"image\/jpeg"}],"author":"Michelle","twitter_card":"summary_large_image","twitter_creator":"@FUNIBER","twitter_site":"@FUNIBER","twitter_misc":{"Escrito por":"Michelle","Est. tempo de leitura":"4 minutos"},"schema":{"@context":"https:\/\/schema.org","@graph":[{"@type":"Article","@id":"https:\/\/blogs.funiber.org\/pt\/tecnologias-tic\/2015\/05\/13\/dinamismo-tecnologico-exige-pessoas-altamente-capacitadas-opina-o-professor-jorge-crespo-da-funiber#article","isPartOf":{"@id":"https:\/\/blogs.funiber.org\/pt\/tecnologias-tic\/2015\/05\/13\/dinamismo-tecnologico-exige-pessoas-altamente-capacitadas-opina-o-professor-jorge-crespo-da-funiber"},"author":{"name":"Michelle","@id":"https:\/\/blogs.funiber.org\/pt\/#\/schema\/person\/a1eaaa5e57eac866a8c5946946bcf80d"},"headline":"Dinamismo tecnol\u00f3gico exige pessoas altamente capacitadas, opina o professor da FUNIBER Jorge Crespo","datePublished":"2015-05-13T11:16:29+00:00","dateModified":"2016-01-29T11:54:21+00:00","mainEntityOfPage":{"@id":"https:\/\/blogs.funiber.org\/pt\/tecnologias-tic\/2015\/05\/13\/dinamismo-tecnologico-exige-pessoas-altamente-capacitadas-opina-o-professor-jorge-crespo-da-funiber"},"wordCount":751,"publisher":{"@id":"https:\/\/blogs.funiber.org\/pt\/#organization"},"keywords":["Opini\u00e3o FUNIBER","Professores"],"articleSection":["Tecnologias TIC"],"inLanguage":"pt-BR"},{"@type":"WebPage","@id":"https:\/\/blogs.funiber.org\/pt\/tecnologias-tic\/2015\/05\/13\/dinamismo-tecnologico-exige-pessoas-altamente-capacitadas-opina-o-professor-jorge-crespo-da-funiber","url":"https:\/\/blogs.funiber.org\/pt\/tecnologias-tic\/2015\/05\/13\/dinamismo-tecnologico-exige-pessoas-altamente-capacitadas-opina-o-professor-jorge-crespo-da-funiber","name":"Dinamismo tecnol\u00f3gico exige pessoas altamente capacitadas, opina o professor da FUNIBER Jorge Crespo - FuniBlogs - FUNIBER","isPartOf":{"@id":"https:\/\/blogs.funiber.org\/pt\/#website"},"datePublished":"2015-05-13T11:16:29+00:00","dateModified":"2016-01-29T11:54:21+00:00","breadcrumb":{"@id":"https:\/\/blogs.funiber.org\/pt\/tecnologias-tic\/2015\/05\/13\/dinamismo-tecnologico-exige-pessoas-altamente-capacitadas-opina-o-professor-jorge-crespo-da-funiber#breadcrumb"},"inLanguage":"pt-BR","potentialAction":[{"@type":"ReadAction","target":["https:\/\/blogs.funiber.org\/pt\/tecnologias-tic\/2015\/05\/13\/dinamismo-tecnologico-exige-pessoas-altamente-capacitadas-opina-o-professor-jorge-crespo-da-funiber"]}]},{"@type":"BreadcrumbList","@id":"https:\/\/blogs.funiber.org\/pt\/tecnologias-tic\/2015\/05\/13\/dinamismo-tecnologico-exige-pessoas-altamente-capacitadas-opina-o-professor-jorge-crespo-da-funiber#breadcrumb","itemListElement":[{"@type":"ListItem","position":1,"name":"In\u00edcio","item":"https:\/\/blogs.funiber.org\/pt"},{"@type":"ListItem","position":2,"name":"Dinamismo tecnol\u00f3gico exige pessoas altamente capacitadas, opina o professor da FUNIBER Jorge Crespo"}]},{"@type":"WebSite","@id":"https:\/\/blogs.funiber.org\/pt\/#website","url":"https:\/\/blogs.funiber.org\/pt\/","name":"FuniBlogs - FUNIBER","description":"","publisher":{"@id":"https:\/\/blogs.funiber.org\/pt\/#organization"},"potentialAction":[{"@type":"SearchAction","target":{"@type":"EntryPoint","urlTemplate":"https:\/\/blogs.funiber.org\/pt\/?s={search_term_string}"},"query-input":"required name=search_term_string"}],"inLanguage":"pt-BR"},{"@type":"Organization","@id":"https:\/\/blogs.funiber.org\/pt\/#organization","name":"FuniBlogs - FUNIBER","url":"https:\/\/blogs.funiber.org\/pt\/","logo":{"@type":"ImageObject","inLanguage":"pt-BR","@id":"https:\/\/blogs.funiber.org\/pt\/#\/schema\/logo\/image\/","url":"https:\/\/www.funiber.blog\/pt\/wp-content\/uploads\/2022\/02\/logo-funiber-pt-br-v-dos.svg","contentUrl":"https:\/\/www.funiber.blog\/pt\/wp-content\/uploads\/2022\/02\/logo-funiber-pt-br-v-dos.svg","width":1,"height":1,"caption":"FuniBlogs - FUNIBER"},"image":{"@id":"https:\/\/blogs.funiber.org\/pt\/#\/schema\/logo\/image\/"},"sameAs":["https:\/\/www.facebook.com\/funiber","https:\/\/twitter.com\/FUNIBER","https:\/\/www.instagram.com\/funiber_becas","https:\/\/www.youtube.com\/user\/funiber","https:\/\/www.linkedin.com\/company\/funiber"]},{"@type":"Person","@id":"https:\/\/blogs.funiber.org\/pt\/#\/schema\/person\/a1eaaa5e57eac866a8c5946946bcf80d","name":"Michelle","image":{"@type":"ImageObject","inLanguage":"pt-BR","@id":"https:\/\/blogs.funiber.org\/pt\/#\/schema\/person\/image\/","url":"https:\/\/secure.gravatar.com\/avatar\/5e87041f7609dc50493cf216754fece1?s=96&d=mm&r=g","contentUrl":"https:\/\/secure.gravatar.com\/avatar\/5e87041f7609dc50493cf216754fece1?s=96&d=mm&r=g","caption":"Michelle"},"url":"https:\/\/www.funiber.blog\/pt\/author\/michelle-moreira"}]}},"jetpack_featured_media_url":"https:\/\/www.funiber.blog\/pt\/wp-content\/uploads\/2015\/05\/profesor_JorgeCrespo.jpg","jetpack_shortlink":"https:\/\/wp.me\/p7ee1t-1L2","jetpack_sharing_enabled":true,"_links":{"self":[{"href":"https:\/\/www.funiber.blog\/pt\/wp-json\/wp\/v2\/posts\/6760"}],"collection":[{"href":"https:\/\/www.funiber.blog\/pt\/wp-json\/wp\/v2\/posts"}],"about":[{"href":"https:\/\/www.funiber.blog\/pt\/wp-json\/wp\/v2\/types\/post"}],"author":[{"embeddable":true,"href":"https:\/\/www.funiber.blog\/pt\/wp-json\/wp\/v2\/users\/10"}],"replies":[{"embeddable":true,"href":"https:\/\/www.funiber.blog\/pt\/wp-json\/wp\/v2\/comments?post=6760"}],"version-history":[{"count":8,"href":"https:\/\/www.funiber.blog\/pt\/wp-json\/wp\/v2\/posts\/6760\/revisions"}],"predecessor-version":[{"id":9289,"href":"https:\/\/www.funiber.blog\/pt\/wp-json\/wp\/v2\/posts\/6760\/revisions\/9289"}],"wp:featuredmedia":[{"embeddable":true,"href":"https:\/\/www.funiber.blog\/pt\/wp-json\/wp\/v2\/media\/6761"}],"wp:attachment":[{"href":"https:\/\/www.funiber.blog\/pt\/wp-json\/wp\/v2\/media?parent=6760"}],"wp:term":[{"taxonomy":"category","embeddable":true,"href":"https:\/\/www.funiber.blog\/pt\/wp-json\/wp\/v2\/categories?post=6760"},{"taxonomy":"post_tag","embeddable":true,"href":"https:\/\/www.funiber.blog\/pt\/wp-json\/wp\/v2\/tags?post=6760"}],"curies":[{"name":"wp","href":"https:\/\/api.w.org\/{rel}","templated":true}]}}