{"id":7169,"date":"2015-07-03T10:18:50","date_gmt":"2015-07-03T10:18:50","guid":{"rendered":"http:\/\/blogs.funiber.org\/pt\/?p=7169"},"modified":"2015-07-03T10:18:50","modified_gmt":"2015-07-03T10:18:50","slug":"funiber-fabricacao-de-bicicletas-com-garrafas-pet","status":"publish","type":"post","link":"https:\/\/www.funiber.blog\/pt\/meio-ambiente\/2015\/07\/03\/funiber-fabricacao-de-bicicletas-com-garrafas-pet","title":{"rendered":"Fabrica\u00e7\u00e3o de bicicletas com garrafas PET"},"content":{"rendered":"<p>Juan Muzzi, um empres\u00e1rio brasileiro, conseguiu desenvolver um m\u00e9todo para<strong> transformar garrafas de polietileno tereftalato<\/strong> (ou garrafas PET), <strong>em quadros de bicicleta<\/strong>. Os criadores das bicicletas <a href=\"http:\/\/www.muzzicycles.com.br\/\" target=\"_blank\"><strong>Muzzicycles<\/strong><\/a> indicam que a bicicleta que comercializam <strong>n\u00e3o necessita de amortecedores, \u00e9 resistente ao impacto e pesa seis quilogramas<\/strong>. As Muzzicycles j\u00e1 est\u00e3o sendo comercializadas <strong>a partir de 150 d\u00f3lares<\/strong>.<!--more--><\/p>\n<p>O fabricante oferece <strong>10 anos de garantia<\/strong> pelos quadros das bicicletas e assegura que o material reciclado com o qual elas foram fabricadas oferece muitas vantagens; por exemplo,<strong> o quadro \u00e9 capaz de deformar-se e logo voltar \u00e0 sua forma original<\/strong>, sendo esta a caracter\u00edstica que lhe permite se comportar como um amortecedor.<\/p>\n<p>Mas nem tudo s\u00e3o vantagens. Os editores do Portal mundocrux.com.br tiveram a oportunidade de experimentar o modelo Amazonas e comentam em seu <em>website<\/em> que<strong>, embora seja muito confort\u00e1vel dirigir esta bicicleta em terreno plano<\/strong>, porque o efeito amortecedor do quadro oferece certo conforto, ao tentar dirigi-la em <strong>terreno acidentado, o quadro torna-se inst\u00e1vel<\/strong> e requer mais energia ao pedalar.<\/p>\n<p>No teste de desempenho, indica-se que a bicicleta tem apenas sete marchas, pois o quadro n\u00e3o suporta a instala\u00e7\u00e3o de um maior n\u00famero delas, mas estas desvantagens s\u00e3o compensadas por seu pre\u00e7o.<\/p>\n<p>As Muzzicycles n\u00e3o s\u00e3o <em>off-road<\/em>, mas s\u00e3o uma boa op\u00e7\u00e3o para quem prefere um <strong>modelo de bicicleta amiga do ambiente, que pode servir para se deslocar ao trabalho ou para um passeio no fim de semana.<\/strong><\/p>\n<p>Os estudantes dos <a href=\"http:\/\/www.funiber.org.br\/areas-de-conhecimento\/meio-ambiente-e-desenvolvimento-sustentavel\/\" target=\"_blank\"><strong>mestrados e especializa\u00e7\u00f5es da \u00e1rea ambiental<\/strong><\/a> da <a href=\"http:\/\/www.funiber.org.br\/\" target=\"_blank\"><strong>FUNIBER<\/strong> <\/a>\u00a0recebem informa\u00e7\u00f5es que lhes permitir\u00e3o estabelecer pol\u00edticas ou recomendar o uso de tecnologias que ajudem os cidad\u00e3os a consumir de maneira respons\u00e1vel e a reduzir seu impacto no ecossistema.<\/p>\n<p>Fonte:<\/p>\n<p><a href=\"http:\/\/www.muzzicycles.com.br\/\">http:\/\/www.muzzicycles.com.br\/<\/a><\/p>\n<p><a href=\"http:\/\/mundocrux.com.br\/terra\/muzzicycles\/\">http:\/\/mundocrux.com.br\/terra\/muzzicycles\/<\/a><\/p>\n<p>Foto: Difus\u00e3o da Muzzicycles<\/p>\n","protected":false},"excerpt":{"rendered":"<p>Juan Muzzi, um empres\u00e1rio brasileiro, conseguiu desenvolver um m\u00e9todo para transformar garrafas de polietileno tereftalato (ou garrafas PET), em quadros de bicicleta. Os criadores das bicicletas Muzzicycles indicam que a bicicleta que comercializam n\u00e3o necessita de amortecedores, \u00e9 resistente ao impacto e pesa seis quilogramas. As Muzzicycles j\u00e1 est\u00e3o sendo comercializadas a partir de 150 [&hellip;]<\/p>\n","protected":false},"author":10,"featured_media":7170,"comment_status":"closed","ping_status":"closed","sticky":false,"template":"","format":"standard","meta":{"jetpack_post_was_ever_published":false,"_jetpack_newsletter_access":"","_jetpack_newsletter_tier_id":0,"footnotes":"","jetpack_publicize_message":"","jetpack_is_tweetstorm":false,"jetpack_publicize_feature_enabled":true,"jetpack_social_post_already_shared":false,"jetpack_social_options":{"image_generator_settings":{"template":"highway","enabled":false}}},"categories":[2],"tags":[285,248,255,719,150],"jetpack_publicize_connections":[],"yoast_head":"<!-- This site is optimized with the Yoast SEO plugin v21.7 - https:\/\/yoast.com\/wordpress\/plugins\/seo\/ -->\n<title>Fabrica\u00e7\u00e3o de bicicletas com garrafas PET - FuniBlogs - FUNIBER<\/title>\n<meta name=\"description\" content=\"Bicicletas s\u00e3o feitas com a reutiliza\u00e7\u00e3o de garrafas PET\" \/>\n<meta name=\"robots\" content=\"noindex, nofollow\" \/>\n<meta property=\"og:locale\" content=\"pt_BR\" \/>\n<meta property=\"og:type\" content=\"article\" \/>\n<meta property=\"og:title\" content=\"Fabrica\u00e7\u00e3o de bicicletas com garrafas PET - FuniBlogs - FUNIBER\" \/>\n<meta property=\"og:description\" content=\"Bicicletas s\u00e3o feitas com a reutiliza\u00e7\u00e3o de garrafas PET\" \/>\n<meta property=\"og:url\" content=\"https:\/\/blogs.funiber.org\/pt\/meio-ambiente\/2015\/07\/03\/funiber-fabricacao-de-bicicletas-com-garrafas-pet\" \/>\n<meta property=\"og:site_name\" content=\"FuniBlogs - FUNIBER\" \/>\n<meta property=\"article:publisher\" content=\"https:\/\/www.facebook.com\/funiber\" \/>\n<meta property=\"article:published_time\" content=\"2015-07-03T10:18:50+00:00\" \/>\n<meta property=\"og:image\" content=\"https:\/\/blogs.funiber.org\/pt\/wp-content\/uploads\/2015\/07\/FUNIBER-foto9B_GR.jpg\" \/>\n\t<meta property=\"og:image:width\" content=\"597\" \/>\n\t<meta property=\"og:image:height\" content=\"526\" \/>\n\t<meta property=\"og:image:type\" content=\"image\/jpeg\" \/>\n<meta name=\"author\" content=\"Michelle\" \/>\n<meta name=\"twitter:card\" content=\"summary_large_image\" \/>\n<meta name=\"twitter:creator\" content=\"@FUNIBER\" \/>\n<meta name=\"twitter:site\" content=\"@FUNIBER\" \/>\n<meta name=\"twitter:label1\" content=\"Escrito por\" \/>\n\t<meta name=\"twitter:data1\" content=\"Michelle\" \/>\n\t<meta name=\"twitter:label2\" content=\"Est. tempo de leitura\" \/>\n\t<meta name=\"twitter:data2\" content=\"2 minutos\" \/>\n<script type=\"application\/ld+json\" class=\"yoast-schema-graph\">{\"@context\":\"https:\/\/schema.org\",\"@graph\":[{\"@type\":\"Article\",\"@id\":\"https:\/\/blogs.funiber.org\/pt\/meio-ambiente\/2015\/07\/03\/funiber-fabricacao-de-bicicletas-com-garrafas-pet#article\",\"isPartOf\":{\"@id\":\"https:\/\/blogs.funiber.org\/pt\/meio-ambiente\/2015\/07\/03\/funiber-fabricacao-de-bicicletas-com-garrafas-pet\"},\"author\":{\"name\":\"Michelle\",\"@id\":\"https:\/\/blogs.funiber.org\/pt\/#\/schema\/person\/a1eaaa5e57eac866a8c5946946bcf80d\"},\"headline\":\"Fabrica\u00e7\u00e3o de bicicletas com garrafas PET\",\"datePublished\":\"2015-07-03T10:18:50+00:00\",\"dateModified\":\"2015-07-03T10:18:50+00:00\",\"mainEntityOfPage\":{\"@id\":\"https:\/\/blogs.funiber.org\/pt\/meio-ambiente\/2015\/07\/03\/funiber-fabricacao-de-bicicletas-com-garrafas-pet\"},\"wordCount\":321,\"publisher\":{\"@id\":\"https:\/\/blogs.funiber.org\/pt\/#organization\"},\"keywords\":[\"Educa\u00e7\u00e3o\",\"Funiber\",\"Opini\u00f5es Funiber\",\"PET; Mestrado\",\"Reciclagem\"],\"articleSection\":[\"Meio Ambiente\"],\"inLanguage\":\"pt-BR\"},{\"@type\":\"WebPage\",\"@id\":\"https:\/\/blogs.funiber.org\/pt\/meio-ambiente\/2015\/07\/03\/funiber-fabricacao-de-bicicletas-com-garrafas-pet\",\"url\":\"https:\/\/blogs.funiber.org\/pt\/meio-ambiente\/2015\/07\/03\/funiber-fabricacao-de-bicicletas-com-garrafas-pet\",\"name\":\"Fabrica\u00e7\u00e3o de bicicletas com garrafas PET - FuniBlogs - FUNIBER\",\"isPartOf\":{\"@id\":\"https:\/\/blogs.funiber.org\/pt\/#website\"},\"datePublished\":\"2015-07-03T10:18:50+00:00\",\"dateModified\":\"2015-07-03T10:18:50+00:00\",\"description\":\"Bicicletas s\u00e3o feitas com a reutiliza\u00e7\u00e3o de garrafas PET\",\"breadcrumb\":{\"@id\":\"https:\/\/blogs.funiber.org\/pt\/meio-ambiente\/2015\/07\/03\/funiber-fabricacao-de-bicicletas-com-garrafas-pet#breadcrumb\"},\"inLanguage\":\"pt-BR\",\"potentialAction\":[{\"@type\":\"ReadAction\",\"target\":[\"https:\/\/blogs.funiber.org\/pt\/meio-ambiente\/2015\/07\/03\/funiber-fabricacao-de-bicicletas-com-garrafas-pet\"]}]},{\"@type\":\"BreadcrumbList\",\"@id\":\"https:\/\/blogs.funiber.org\/pt\/meio-ambiente\/2015\/07\/03\/funiber-fabricacao-de-bicicletas-com-garrafas-pet#breadcrumb\",\"itemListElement\":[{\"@type\":\"ListItem\",\"position\":1,\"name\":\"In\u00edcio\",\"item\":\"https:\/\/blogs.funiber.org\/pt\"},{\"@type\":\"ListItem\",\"position\":2,\"name\":\"Fabrica\u00e7\u00e3o de bicicletas com garrafas PET\"}]},{\"@type\":\"WebSite\",\"@id\":\"https:\/\/blogs.funiber.org\/pt\/#website\",\"url\":\"https:\/\/blogs.funiber.org\/pt\/\",\"name\":\"FuniBlogs - FUNIBER\",\"description\":\"\",\"publisher\":{\"@id\":\"https:\/\/blogs.funiber.org\/pt\/#organization\"},\"potentialAction\":[{\"@type\":\"SearchAction\",\"target\":{\"@type\":\"EntryPoint\",\"urlTemplate\":\"https:\/\/blogs.funiber.org\/pt\/?s={search_term_string}\"},\"query-input\":\"required name=search_term_string\"}],\"inLanguage\":\"pt-BR\"},{\"@type\":\"Organization\",\"@id\":\"https:\/\/blogs.funiber.org\/pt\/#organization\",\"name\":\"FuniBlogs - FUNIBER\",\"url\":\"https:\/\/blogs.funiber.org\/pt\/\",\"logo\":{\"@type\":\"ImageObject\",\"inLanguage\":\"pt-BR\",\"@id\":\"https:\/\/blogs.funiber.org\/pt\/#\/schema\/logo\/image\/\",\"url\":\"https:\/\/www.funiber.blog\/pt\/wp-content\/uploads\/2022\/02\/logo-funiber-pt-br-v-dos.svg\",\"contentUrl\":\"https:\/\/www.funiber.blog\/pt\/wp-content\/uploads\/2022\/02\/logo-funiber-pt-br-v-dos.svg\",\"width\":1,\"height\":1,\"caption\":\"FuniBlogs - FUNIBER\"},\"image\":{\"@id\":\"https:\/\/blogs.funiber.org\/pt\/#\/schema\/logo\/image\/\"},\"sameAs\":[\"https:\/\/www.facebook.com\/funiber\",\"https:\/\/twitter.com\/FUNIBER\",\"https:\/\/www.instagram.com\/funiber_becas\",\"https:\/\/www.youtube.com\/user\/funiber\",\"https:\/\/www.linkedin.com\/company\/funiber\"]},{\"@type\":\"Person\",\"@id\":\"https:\/\/blogs.funiber.org\/pt\/#\/schema\/person\/a1eaaa5e57eac866a8c5946946bcf80d\",\"name\":\"Michelle\",\"image\":{\"@type\":\"ImageObject\",\"inLanguage\":\"pt-BR\",\"@id\":\"https:\/\/blogs.funiber.org\/pt\/#\/schema\/person\/image\/\",\"url\":\"https:\/\/secure.gravatar.com\/avatar\/5e87041f7609dc50493cf216754fece1?s=96&d=mm&r=g\",\"contentUrl\":\"https:\/\/secure.gravatar.com\/avatar\/5e87041f7609dc50493cf216754fece1?s=96&d=mm&r=g\",\"caption\":\"Michelle\"},\"url\":\"https:\/\/www.funiber.blog\/pt\/author\/michelle-moreira\"}]}<\/script>\n<!-- \/ Yoast SEO plugin. -->","yoast_head_json":{"title":"Fabrica\u00e7\u00e3o de bicicletas com garrafas PET - FuniBlogs - FUNIBER","description":"Bicicletas s\u00e3o feitas com a reutiliza\u00e7\u00e3o de garrafas PET","robots":{"index":"noindex","follow":"nofollow"},"og_locale":"pt_BR","og_type":"article","og_title":"Fabrica\u00e7\u00e3o de bicicletas com garrafas PET - FuniBlogs - FUNIBER","og_description":"Bicicletas s\u00e3o feitas com a reutiliza\u00e7\u00e3o de garrafas PET","og_url":"https:\/\/blogs.funiber.org\/pt\/meio-ambiente\/2015\/07\/03\/funiber-fabricacao-de-bicicletas-com-garrafas-pet","og_site_name":"FuniBlogs - FUNIBER","article_publisher":"https:\/\/www.facebook.com\/funiber","article_published_time":"2015-07-03T10:18:50+00:00","og_image":[{"width":597,"height":526,"url":"https:\/\/blogs.funiber.org\/pt\/wp-content\/uploads\/2015\/07\/FUNIBER-foto9B_GR.jpg","type":"image\/jpeg"}],"author":"Michelle","twitter_card":"summary_large_image","twitter_creator":"@FUNIBER","twitter_site":"@FUNIBER","twitter_misc":{"Escrito por":"Michelle","Est. tempo de leitura":"2 minutos"},"schema":{"@context":"https:\/\/schema.org","@graph":[{"@type":"Article","@id":"https:\/\/blogs.funiber.org\/pt\/meio-ambiente\/2015\/07\/03\/funiber-fabricacao-de-bicicletas-com-garrafas-pet#article","isPartOf":{"@id":"https:\/\/blogs.funiber.org\/pt\/meio-ambiente\/2015\/07\/03\/funiber-fabricacao-de-bicicletas-com-garrafas-pet"},"author":{"name":"Michelle","@id":"https:\/\/blogs.funiber.org\/pt\/#\/schema\/person\/a1eaaa5e57eac866a8c5946946bcf80d"},"headline":"Fabrica\u00e7\u00e3o de bicicletas com garrafas PET","datePublished":"2015-07-03T10:18:50+00:00","dateModified":"2015-07-03T10:18:50+00:00","mainEntityOfPage":{"@id":"https:\/\/blogs.funiber.org\/pt\/meio-ambiente\/2015\/07\/03\/funiber-fabricacao-de-bicicletas-com-garrafas-pet"},"wordCount":321,"publisher":{"@id":"https:\/\/blogs.funiber.org\/pt\/#organization"},"keywords":["Educa\u00e7\u00e3o","Funiber","Opini\u00f5es Funiber","PET; Mestrado","Reciclagem"],"articleSection":["Meio Ambiente"],"inLanguage":"pt-BR"},{"@type":"WebPage","@id":"https:\/\/blogs.funiber.org\/pt\/meio-ambiente\/2015\/07\/03\/funiber-fabricacao-de-bicicletas-com-garrafas-pet","url":"https:\/\/blogs.funiber.org\/pt\/meio-ambiente\/2015\/07\/03\/funiber-fabricacao-de-bicicletas-com-garrafas-pet","name":"Fabrica\u00e7\u00e3o de bicicletas com garrafas PET - FuniBlogs - FUNIBER","isPartOf":{"@id":"https:\/\/blogs.funiber.org\/pt\/#website"},"datePublished":"2015-07-03T10:18:50+00:00","dateModified":"2015-07-03T10:18:50+00:00","description":"Bicicletas s\u00e3o feitas com a reutiliza\u00e7\u00e3o de garrafas PET","breadcrumb":{"@id":"https:\/\/blogs.funiber.org\/pt\/meio-ambiente\/2015\/07\/03\/funiber-fabricacao-de-bicicletas-com-garrafas-pet#breadcrumb"},"inLanguage":"pt-BR","potentialAction":[{"@type":"ReadAction","target":["https:\/\/blogs.funiber.org\/pt\/meio-ambiente\/2015\/07\/03\/funiber-fabricacao-de-bicicletas-com-garrafas-pet"]}]},{"@type":"BreadcrumbList","@id":"https:\/\/blogs.funiber.org\/pt\/meio-ambiente\/2015\/07\/03\/funiber-fabricacao-de-bicicletas-com-garrafas-pet#breadcrumb","itemListElement":[{"@type":"ListItem","position":1,"name":"In\u00edcio","item":"https:\/\/blogs.funiber.org\/pt"},{"@type":"ListItem","position":2,"name":"Fabrica\u00e7\u00e3o de bicicletas com garrafas PET"}]},{"@type":"WebSite","@id":"https:\/\/blogs.funiber.org\/pt\/#website","url":"https:\/\/blogs.funiber.org\/pt\/","name":"FuniBlogs - FUNIBER","description":"","publisher":{"@id":"https:\/\/blogs.funiber.org\/pt\/#organization"},"potentialAction":[{"@type":"SearchAction","target":{"@type":"EntryPoint","urlTemplate":"https:\/\/blogs.funiber.org\/pt\/?s={search_term_string}"},"query-input":"required name=search_term_string"}],"inLanguage":"pt-BR"},{"@type":"Organization","@id":"https:\/\/blogs.funiber.org\/pt\/#organization","name":"FuniBlogs - FUNIBER","url":"https:\/\/blogs.funiber.org\/pt\/","logo":{"@type":"ImageObject","inLanguage":"pt-BR","@id":"https:\/\/blogs.funiber.org\/pt\/#\/schema\/logo\/image\/","url":"https:\/\/www.funiber.blog\/pt\/wp-content\/uploads\/2022\/02\/logo-funiber-pt-br-v-dos.svg","contentUrl":"https:\/\/www.funiber.blog\/pt\/wp-content\/uploads\/2022\/02\/logo-funiber-pt-br-v-dos.svg","width":1,"height":1,"caption":"FuniBlogs - FUNIBER"},"image":{"@id":"https:\/\/blogs.funiber.org\/pt\/#\/schema\/logo\/image\/"},"sameAs":["https:\/\/www.facebook.com\/funiber","https:\/\/twitter.com\/FUNIBER","https:\/\/www.instagram.com\/funiber_becas","https:\/\/www.youtube.com\/user\/funiber","https:\/\/www.linkedin.com\/company\/funiber"]},{"@type":"Person","@id":"https:\/\/blogs.funiber.org\/pt\/#\/schema\/person\/a1eaaa5e57eac866a8c5946946bcf80d","name":"Michelle","image":{"@type":"ImageObject","inLanguage":"pt-BR","@id":"https:\/\/blogs.funiber.org\/pt\/#\/schema\/person\/image\/","url":"https:\/\/secure.gravatar.com\/avatar\/5e87041f7609dc50493cf216754fece1?s=96&d=mm&r=g","contentUrl":"https:\/\/secure.gravatar.com\/avatar\/5e87041f7609dc50493cf216754fece1?s=96&d=mm&r=g","caption":"Michelle"},"url":"https:\/\/www.funiber.blog\/pt\/author\/michelle-moreira"}]}},"jetpack_featured_media_url":"https:\/\/www.funiber.blog\/pt\/wp-content\/uploads\/2015\/07\/FUNIBER-foto9B_GR.jpg","jetpack_shortlink":"https:\/\/wp.me\/p7ee1t-1RD","jetpack_sharing_enabled":true,"_links":{"self":[{"href":"https:\/\/www.funiber.blog\/pt\/wp-json\/wp\/v2\/posts\/7169"}],"collection":[{"href":"https:\/\/www.funiber.blog\/pt\/wp-json\/wp\/v2\/posts"}],"about":[{"href":"https:\/\/www.funiber.blog\/pt\/wp-json\/wp\/v2\/types\/post"}],"author":[{"embeddable":true,"href":"https:\/\/www.funiber.blog\/pt\/wp-json\/wp\/v2\/users\/10"}],"replies":[{"embeddable":true,"href":"https:\/\/www.funiber.blog\/pt\/wp-json\/wp\/v2\/comments?post=7169"}],"version-history":[{"count":1,"href":"https:\/\/www.funiber.blog\/pt\/wp-json\/wp\/v2\/posts\/7169\/revisions"}],"predecessor-version":[{"id":7171,"href":"https:\/\/www.funiber.blog\/pt\/wp-json\/wp\/v2\/posts\/7169\/revisions\/7171"}],"wp:featuredmedia":[{"embeddable":true,"href":"https:\/\/www.funiber.blog\/pt\/wp-json\/wp\/v2\/media\/7170"}],"wp:attachment":[{"href":"https:\/\/www.funiber.blog\/pt\/wp-json\/wp\/v2\/media?parent=7169"}],"wp:term":[{"taxonomy":"category","embeddable":true,"href":"https:\/\/www.funiber.blog\/pt\/wp-json\/wp\/v2\/categories?post=7169"},{"taxonomy":"post_tag","embeddable":true,"href":"https:\/\/www.funiber.blog\/pt\/wp-json\/wp\/v2\/tags?post=7169"}],"curies":[{"name":"wp","href":"https:\/\/api.w.org\/{rel}","templated":true}]}}