{"id":7360,"date":"2015-07-29T10:03:20","date_gmt":"2015-07-29T10:03:20","guid":{"rendered":"http:\/\/blogs.funiber.org\/pt\/?p=7360"},"modified":"2015-07-29T10:03:32","modified_gmt":"2015-07-29T10:03:32","slug":"funiber-as-redes-sociais-podem-ser-uma-ferramenta-de-ti-util","status":"publish","type":"post","link":"https:\/\/www.funiber.blog\/pt\/tecnologias-tic\/2015\/07\/29\/funiber-as-redes-sociais-podem-ser-uma-ferramenta-de-ti-util","title":{"rendered":"As redes sociais podem ser uma ferramenta de TI \u00fatil?"},"content":{"rendered":"<p>Est\u00e1 demonstrado que sim. <strong>As redes sociais podem ser uma ferramenta de TI \u00fatil<\/strong>. Elas favorecem o di\u00e1logo e a intera\u00e7\u00e3o, assim como originam comportamentos mais solid\u00e1rios e respeitosos.<!--more--><\/p>\n<p>A <a href=\"http:\/\/www.universia.cr\/\" target=\"_blank\">Universia Costa Rica<\/a> revela, em um texto sobre um estudo realizado pela consultora EMarketer, que 1 em cada 5 pessoas no mundo usou alguma rede social pelo menos uma vez este ano. O estudo, que indica, al\u00e9m disso, um crescimento de 14% no n\u00famero de pessoas que utilizam as redes desde 2012, <strong>tem pendente um crescimento quanto ao \u00e2mbito educativo<\/strong>.<\/p>\n<p><strong>Redes sociais na educa\u00e7\u00e3o<\/strong><\/p>\n<p>Embora muitos pais e professores acreditem que esta ferramenta n\u00e3o \u00e9 totalmente recomend\u00e1vel para os estudantes, os especialistas fazem um apelo para a invers\u00e3o desta perspectiva e para o uso destas ferramentas a servi\u00e7o de um ensino mais did\u00e1tico. Deste modo, tanto os telefones quanto os tabletes e as redes sociais podem ser utilizados na sala de aula para <strong>favorecer a cria\u00e7\u00e3o e a difus\u00e3o de conte\u00fados, com os quais estariam sendo promovidos a coopera\u00e7\u00e3o, o respeito e a solidariedade, entre muitas outras qualidades.<\/strong><\/p>\n<p>Muitos de voc\u00eas agora mesmo est\u00e3o pensando nas redes sociais sem nenhuma tem\u00e1tica definida e sem nenhum tipo de usu\u00e1rio, como \u00e9 o exemplo do Twitter ou Facebook, mas existem outros tipos de rede social. H\u00e1 um amplo leque de possibilidades para escolher, como, por exemplo, a\u00a0rede profissional ou mista. As redes profissionais s\u00e3o aquelas destinadas a gerar rela\u00e7\u00f5es profissionais entre os usu\u00e1rios. Ao contr\u00e1rio, as mistas oferecem aos usu\u00e1rios e \u00e0s empresas um ambiente espec\u00edfico para desenvolver atividades tanto profissionais quanto pessoais, dependendo de seus perfis. Por isto, devemos verificar qual delas pode contribuir mais para a educa\u00e7\u00e3o.<\/p>\n<p><strong>Quais redes sociais ou plataformas educativas s\u00e3o as que mais podem me beneficiar?<\/strong><\/p>\n<p>Bem, existem v\u00e1rias, elas evolu\u00edram incluindo novas ferramentas colaborativas, como blogs, chats, f\u00f3runs, etc. Mas, entre elas, as plataformas mais famosas s\u00e3o: <a href=\"https:\/\/www.edmodo.com\/\" target=\"_blank\">Edmodo<\/a> , <a href=\"https:\/\/www.schoology.com\/home.php\" target=\"_blank\">Schoology<\/a> , <a href=\"http:\/\/(https:\/\/es.coursesites.com\/webapps\/Bb-sites-course-creation-BBLEARN\/pages\/index.html)\" target=\"_blank\">Course Sites By Blackboard<\/a>, <a href=\"http:\/\/lectrio.com\/\" target=\"_blank\">Lectrio<\/a>, <a href=\"https:\/\/www.udemy.com\/\" target=\"_blank\">Udemy<\/a> , <a href=\"http:\/\/www.rcampus.com\/\" target=\"_blank\">RCampus<\/a>, <a href=\"http:\/\/www.twiducate.com\/\" target=\"_blank\">Twiducate<\/a>, <a href=\"http:\/\/hootcourse.com\/\" target=\"_blank\">Hootcourse<\/a>, <a href=\"https:\/\/moodle.org\/?lang=es\" target=\"_blank\">Moodle<\/a>, entre outras.<\/p>\n<p>Por outro lado, n\u00e3o existem apenas redes que se dedicam \u00e0 educa\u00e7\u00e3o propriamente entendida como aprendizagem, mas h\u00e1 tamb\u00e9m aquelas que podem ser \u00fateis para muitas outras coisas, como encontrar trabalho. Existem plataformas, coloquemos como exemplo o Linkedin, que \u00e9 um site orientado aos neg\u00f3cios, para rede profissional. Atrav\u00e9s desta rede, \u00e9 poss\u00edvel investir a\u00e7\u00f5es na bolsa de valores e estabelecer contato com profissionais com os quais voc\u00ea tenha rela\u00e7\u00e3o, entre outras op\u00e7\u00f5es. Outro site conhecido \u00e9 o Infojobs, um site privado de emprego.<\/p>\n<p><strong>Rede de blogs<\/strong><\/p>\n<p>Por \u00faltimo, atrav\u00e9s dos blogs, podemos nos beneficiar dos conhecimentos de outros usu\u00e1rios da rede ou escrever o nosso pr\u00f3prio. H\u00e1 diferentes tipos de blogs, como o blog educativo, composto por materiais, experi\u00eancias, reflex\u00f5es e conte\u00fados did\u00e1ticos. Estes blogs permitem aos professores a exposi\u00e7\u00e3o e a comunica\u00e7\u00e3o entre diferentes educadores e alunos. Mas n\u00e3o existem apenas blogs educativos; tamb\u00e9m existem os blogs corporativos e organizacionais. Os blogs corporativos s\u00e3o os que costumam fazer parte de uma estrat\u00e9gia de marketing de conte\u00fados, com a finalidade de atrair a visita de buscadores e diret\u00f3rios de Internet para o site da empresa e conseguir clientes interessados em um produto ou servi\u00e7o.<\/p>\n<p>Por tudo isso, recomenda-se a todo o mundo us\u00e1-las n\u00e3o s\u00f3 como entretenimento, mas tamb\u00e9m como ferramenta did\u00e1tica e profissional.<\/p>\n<p><strong>Por Mar\u00eda Reguero<\/strong><\/p>\n<h1>Fontes:<\/h1>\n<p><a href=\"http:\/\/tics-ti.blogspot.com.es\/2014\/05\/30-plataformas-virtuales-educativas.html\">http:\/\/tics-ti.blogspot.com.es\/2014\/05\/30-plataformas-virtuales-educativas.html<\/a><\/p>\n<p><a href=\"http:\/\/noticias.universia.cr\/en-portada\/noticia\/2013\/11\/22\/1065387\/que-beneficios-tiene-uso-redes-sociales-ambito-educativo.html\">http:\/\/noticias.universia.cr\/en-portada\/noticia\/2013\/11\/22\/1065387\/que-beneficios-tiene-uso-redes-sociales-ambito-educativo.html<\/a><\/p>\n<p><a href=\"http:\/\/www.pabloburgueno.com\/2009\/03\/clasificacion-de-redes-sociales\/\">http:\/\/www.pabloburgueno.com\/2009\/03\/clasificacion-de-redes-sociales\/<\/a><\/p>\n<p><a href=\"http:\/\/www.socialetic.com\/que-es-el-trafico-organico-directo-viral.html\">http:\/\/www.socialetic.com\/que-es-el-trafico-organico-directo-viral.html<\/a><\/p>\n","protected":false},"excerpt":{"rendered":"<p>Est\u00e1 demonstrado que sim. As redes sociais podem ser uma ferramenta de TI \u00fatil. Elas favorecem o di\u00e1logo e a intera\u00e7\u00e3o, assim como originam comportamentos mais solid\u00e1rios e respeitosos.<\/p>\n","protected":false},"author":10,"featured_media":7361,"comment_status":"closed","ping_status":"closed","sticky":false,"template":"","format":"standard","meta":{"jetpack_post_was_ever_published":false,"_jetpack_newsletter_access":"","_jetpack_newsletter_tier_id":0,"footnotes":"","jetpack_publicize_message":"","jetpack_is_tweetstorm":false,"jetpack_publicize_feature_enabled":true,"jetpack_social_post_already_shared":false,"jetpack_social_options":{"image_generator_settings":{"template":"highway","enabled":false}}},"categories":[6],"tags":[285,408,248,180,86,671,641,255,61],"jetpack_publicize_connections":[],"yoast_head":"<!-- This site is optimized with the Yoast SEO plugin v21.7 - https:\/\/yoast.com\/wordpress\/plugins\/seo\/ -->\n<title>As redes sociais podem ser uma ferramenta de TI \u00fatil? - FuniBlogs - FUNIBER<\/title>\n<meta name=\"description\" content=\"As redes sociais podem ser uma ferramenta de TI \u00fatil ao favorecer o di\u00e1logo e a intera\u00e7\u00e3o, assim como originam comportamentos mais solid\u00e1rios e respeitosos.\" \/>\n<meta name=\"robots\" content=\"index, follow, max-snippet:-1, max-image-preview:large, max-video-preview:-1\" \/>\n<link rel=\"canonical\" href=\"https:\/\/blogs.funiber.org\/pt\/tecnologias-tic\/2015\/07\/29\/funiber-as-redes-sociais-podem-ser-uma-ferramenta-de-ti-util\" \/>\n<meta property=\"og:locale\" content=\"pt_BR\" \/>\n<meta property=\"og:type\" content=\"article\" \/>\n<meta property=\"og:title\" content=\"As redes sociais podem ser uma ferramenta de TI \u00fatil? - FuniBlogs - FUNIBER\" \/>\n<meta property=\"og:description\" content=\"As redes sociais podem ser uma ferramenta de TI \u00fatil ao favorecer o di\u00e1logo e a intera\u00e7\u00e3o, assim como originam comportamentos mais solid\u00e1rios e respeitosos.\" \/>\n<meta property=\"og:url\" content=\"https:\/\/blogs.funiber.org\/pt\/tecnologias-tic\/2015\/07\/29\/funiber-as-redes-sociais-podem-ser-uma-ferramenta-de-ti-util\" \/>\n<meta property=\"og:site_name\" content=\"FuniBlogs - FUNIBER\" \/>\n<meta property=\"article:publisher\" content=\"https:\/\/www.facebook.com\/funiber\" \/>\n<meta property=\"article:published_time\" content=\"2015-07-29T10:03:20+00:00\" \/>\n<meta property=\"article:modified_time\" content=\"2015-07-29T10:03:32+00:00\" \/>\n<meta property=\"og:image\" content=\"https:\/\/blogs.funiber.org\/pt\/wp-content\/uploads\/2015\/07\/iStock_000037370006_pequeno.jpg\" \/>\n\t<meta property=\"og:image:width\" content=\"700\" \/>\n\t<meta property=\"og:image:height\" content=\"467\" \/>\n\t<meta property=\"og:image:type\" content=\"image\/jpeg\" \/>\n<meta name=\"author\" content=\"Michelle\" \/>\n<meta name=\"twitter:card\" content=\"summary_large_image\" \/>\n<meta name=\"twitter:creator\" content=\"@FUNIBER\" \/>\n<meta name=\"twitter:site\" content=\"@FUNIBER\" \/>\n<meta name=\"twitter:label1\" content=\"Escrito por\" \/>\n\t<meta name=\"twitter:data1\" content=\"Michelle\" \/>\n\t<meta name=\"twitter:label2\" content=\"Est. tempo de leitura\" \/>\n\t<meta name=\"twitter:data2\" content=\"3 minutos\" \/>\n<script type=\"application\/ld+json\" class=\"yoast-schema-graph\">{\"@context\":\"https:\/\/schema.org\",\"@graph\":[{\"@type\":\"Article\",\"@id\":\"https:\/\/blogs.funiber.org\/pt\/tecnologias-tic\/2015\/07\/29\/funiber-as-redes-sociais-podem-ser-uma-ferramenta-de-ti-util#article\",\"isPartOf\":{\"@id\":\"https:\/\/blogs.funiber.org\/pt\/tecnologias-tic\/2015\/07\/29\/funiber-as-redes-sociais-podem-ser-uma-ferramenta-de-ti-util\"},\"author\":{\"name\":\"Michelle\",\"@id\":\"https:\/\/blogs.funiber.org\/pt\/#\/schema\/person\/a1eaaa5e57eac866a8c5946946bcf80d\"},\"headline\":\"As redes sociais podem ser uma ferramenta de TI \u00fatil?\",\"datePublished\":\"2015-07-29T10:03:20+00:00\",\"dateModified\":\"2015-07-29T10:03:32+00:00\",\"mainEntityOfPage\":{\"@id\":\"https:\/\/blogs.funiber.org\/pt\/tecnologias-tic\/2015\/07\/29\/funiber-as-redes-sociais-podem-ser-uma-ferramenta-de-ti-util\"},\"wordCount\":633,\"publisher\":{\"@id\":\"https:\/\/blogs.funiber.org\/pt\/#organization\"},\"keywords\":[\"Educa\u00e7\u00e3o\",\"Educa\u00e7\u00e3o a Dist\u00e2ncia\",\"Funiber\",\"Inova\u00e7\u00e3o\",\"Internet\",\"mestrado\",\"Opini\u00e3o FUNIBER\",\"Opini\u00f5es Funiber\",\"Redes Sociais\"],\"articleSection\":[\"Tecnologias TIC\"],\"inLanguage\":\"pt-BR\"},{\"@type\":\"WebPage\",\"@id\":\"https:\/\/blogs.funiber.org\/pt\/tecnologias-tic\/2015\/07\/29\/funiber-as-redes-sociais-podem-ser-uma-ferramenta-de-ti-util\",\"url\":\"https:\/\/blogs.funiber.org\/pt\/tecnologias-tic\/2015\/07\/29\/funiber-as-redes-sociais-podem-ser-uma-ferramenta-de-ti-util\",\"name\":\"As redes sociais podem ser uma ferramenta de TI \u00fatil? - FuniBlogs - FUNIBER\",\"isPartOf\":{\"@id\":\"https:\/\/blogs.funiber.org\/pt\/#website\"},\"datePublished\":\"2015-07-29T10:03:20+00:00\",\"dateModified\":\"2015-07-29T10:03:32+00:00\",\"description\":\"As redes sociais podem ser uma ferramenta de TI \u00fatil ao favorecer o di\u00e1logo e a intera\u00e7\u00e3o, assim como originam comportamentos mais solid\u00e1rios e respeitosos.\",\"breadcrumb\":{\"@id\":\"https:\/\/blogs.funiber.org\/pt\/tecnologias-tic\/2015\/07\/29\/funiber-as-redes-sociais-podem-ser-uma-ferramenta-de-ti-util#breadcrumb\"},\"inLanguage\":\"pt-BR\",\"potentialAction\":[{\"@type\":\"ReadAction\",\"target\":[\"https:\/\/blogs.funiber.org\/pt\/tecnologias-tic\/2015\/07\/29\/funiber-as-redes-sociais-podem-ser-uma-ferramenta-de-ti-util\"]}]},{\"@type\":\"BreadcrumbList\",\"@id\":\"https:\/\/blogs.funiber.org\/pt\/tecnologias-tic\/2015\/07\/29\/funiber-as-redes-sociais-podem-ser-uma-ferramenta-de-ti-util#breadcrumb\",\"itemListElement\":[{\"@type\":\"ListItem\",\"position\":1,\"name\":\"In\u00edcio\",\"item\":\"https:\/\/blogs.funiber.org\/pt\"},{\"@type\":\"ListItem\",\"position\":2,\"name\":\"As redes sociais podem ser uma ferramenta de TI \u00fatil?\"}]},{\"@type\":\"WebSite\",\"@id\":\"https:\/\/blogs.funiber.org\/pt\/#website\",\"url\":\"https:\/\/blogs.funiber.org\/pt\/\",\"name\":\"FuniBlogs - FUNIBER\",\"description\":\"\",\"publisher\":{\"@id\":\"https:\/\/blogs.funiber.org\/pt\/#organization\"},\"potentialAction\":[{\"@type\":\"SearchAction\",\"target\":{\"@type\":\"EntryPoint\",\"urlTemplate\":\"https:\/\/blogs.funiber.org\/pt\/?s={search_term_string}\"},\"query-input\":\"required name=search_term_string\"}],\"inLanguage\":\"pt-BR\"},{\"@type\":\"Organization\",\"@id\":\"https:\/\/blogs.funiber.org\/pt\/#organization\",\"name\":\"FuniBlogs - FUNIBER\",\"url\":\"https:\/\/blogs.funiber.org\/pt\/\",\"logo\":{\"@type\":\"ImageObject\",\"inLanguage\":\"pt-BR\",\"@id\":\"https:\/\/blogs.funiber.org\/pt\/#\/schema\/logo\/image\/\",\"url\":\"https:\/\/www.funiber.blog\/pt\/wp-content\/uploads\/2022\/02\/logo-funiber-pt-br-v-dos.svg\",\"contentUrl\":\"https:\/\/www.funiber.blog\/pt\/wp-content\/uploads\/2022\/02\/logo-funiber-pt-br-v-dos.svg\",\"width\":1,\"height\":1,\"caption\":\"FuniBlogs - FUNIBER\"},\"image\":{\"@id\":\"https:\/\/blogs.funiber.org\/pt\/#\/schema\/logo\/image\/\"},\"sameAs\":[\"https:\/\/www.facebook.com\/funiber\",\"https:\/\/twitter.com\/FUNIBER\",\"https:\/\/www.instagram.com\/funiber_becas\",\"https:\/\/www.youtube.com\/user\/funiber\",\"https:\/\/www.linkedin.com\/company\/funiber\"]},{\"@type\":\"Person\",\"@id\":\"https:\/\/blogs.funiber.org\/pt\/#\/schema\/person\/a1eaaa5e57eac866a8c5946946bcf80d\",\"name\":\"Michelle\",\"image\":{\"@type\":\"ImageObject\",\"inLanguage\":\"pt-BR\",\"@id\":\"https:\/\/blogs.funiber.org\/pt\/#\/schema\/person\/image\/\",\"url\":\"https:\/\/secure.gravatar.com\/avatar\/5e87041f7609dc50493cf216754fece1?s=96&d=mm&r=g\",\"contentUrl\":\"https:\/\/secure.gravatar.com\/avatar\/5e87041f7609dc50493cf216754fece1?s=96&d=mm&r=g\",\"caption\":\"Michelle\"},\"url\":\"https:\/\/www.funiber.blog\/pt\/author\/michelle-moreira\"}]}<\/script>\n<!-- \/ Yoast SEO plugin. -->","yoast_head_json":{"title":"As redes sociais podem ser uma ferramenta de TI \u00fatil? - FuniBlogs - FUNIBER","description":"As redes sociais podem ser uma ferramenta de TI \u00fatil ao favorecer o di\u00e1logo e a intera\u00e7\u00e3o, assim como originam comportamentos mais solid\u00e1rios e respeitosos.","robots":{"index":"index","follow":"follow","max-snippet":"max-snippet:-1","max-image-preview":"max-image-preview:large","max-video-preview":"max-video-preview:-1"},"canonical":"https:\/\/blogs.funiber.org\/pt\/tecnologias-tic\/2015\/07\/29\/funiber-as-redes-sociais-podem-ser-uma-ferramenta-de-ti-util","og_locale":"pt_BR","og_type":"article","og_title":"As redes sociais podem ser uma ferramenta de TI \u00fatil? - FuniBlogs - FUNIBER","og_description":"As redes sociais podem ser uma ferramenta de TI \u00fatil ao favorecer o di\u00e1logo e a intera\u00e7\u00e3o, assim como originam comportamentos mais solid\u00e1rios e respeitosos.","og_url":"https:\/\/blogs.funiber.org\/pt\/tecnologias-tic\/2015\/07\/29\/funiber-as-redes-sociais-podem-ser-uma-ferramenta-de-ti-util","og_site_name":"FuniBlogs - FUNIBER","article_publisher":"https:\/\/www.facebook.com\/funiber","article_published_time":"2015-07-29T10:03:20+00:00","article_modified_time":"2015-07-29T10:03:32+00:00","og_image":[{"width":700,"height":467,"url":"https:\/\/blogs.funiber.org\/pt\/wp-content\/uploads\/2015\/07\/iStock_000037370006_pequeno.jpg","type":"image\/jpeg"}],"author":"Michelle","twitter_card":"summary_large_image","twitter_creator":"@FUNIBER","twitter_site":"@FUNIBER","twitter_misc":{"Escrito por":"Michelle","Est. tempo de leitura":"3 minutos"},"schema":{"@context":"https:\/\/schema.org","@graph":[{"@type":"Article","@id":"https:\/\/blogs.funiber.org\/pt\/tecnologias-tic\/2015\/07\/29\/funiber-as-redes-sociais-podem-ser-uma-ferramenta-de-ti-util#article","isPartOf":{"@id":"https:\/\/blogs.funiber.org\/pt\/tecnologias-tic\/2015\/07\/29\/funiber-as-redes-sociais-podem-ser-uma-ferramenta-de-ti-util"},"author":{"name":"Michelle","@id":"https:\/\/blogs.funiber.org\/pt\/#\/schema\/person\/a1eaaa5e57eac866a8c5946946bcf80d"},"headline":"As redes sociais podem ser uma ferramenta de TI \u00fatil?","datePublished":"2015-07-29T10:03:20+00:00","dateModified":"2015-07-29T10:03:32+00:00","mainEntityOfPage":{"@id":"https:\/\/blogs.funiber.org\/pt\/tecnologias-tic\/2015\/07\/29\/funiber-as-redes-sociais-podem-ser-uma-ferramenta-de-ti-util"},"wordCount":633,"publisher":{"@id":"https:\/\/blogs.funiber.org\/pt\/#organization"},"keywords":["Educa\u00e7\u00e3o","Educa\u00e7\u00e3o a Dist\u00e2ncia","Funiber","Inova\u00e7\u00e3o","Internet","mestrado","Opini\u00e3o FUNIBER","Opini\u00f5es Funiber","Redes Sociais"],"articleSection":["Tecnologias TIC"],"inLanguage":"pt-BR"},{"@type":"WebPage","@id":"https:\/\/blogs.funiber.org\/pt\/tecnologias-tic\/2015\/07\/29\/funiber-as-redes-sociais-podem-ser-uma-ferramenta-de-ti-util","url":"https:\/\/blogs.funiber.org\/pt\/tecnologias-tic\/2015\/07\/29\/funiber-as-redes-sociais-podem-ser-uma-ferramenta-de-ti-util","name":"As redes sociais podem ser uma ferramenta de TI \u00fatil? - FuniBlogs - FUNIBER","isPartOf":{"@id":"https:\/\/blogs.funiber.org\/pt\/#website"},"datePublished":"2015-07-29T10:03:20+00:00","dateModified":"2015-07-29T10:03:32+00:00","description":"As redes sociais podem ser uma ferramenta de TI \u00fatil ao favorecer o di\u00e1logo e a intera\u00e7\u00e3o, assim como originam comportamentos mais solid\u00e1rios e respeitosos.","breadcrumb":{"@id":"https:\/\/blogs.funiber.org\/pt\/tecnologias-tic\/2015\/07\/29\/funiber-as-redes-sociais-podem-ser-uma-ferramenta-de-ti-util#breadcrumb"},"inLanguage":"pt-BR","potentialAction":[{"@type":"ReadAction","target":["https:\/\/blogs.funiber.org\/pt\/tecnologias-tic\/2015\/07\/29\/funiber-as-redes-sociais-podem-ser-uma-ferramenta-de-ti-util"]}]},{"@type":"BreadcrumbList","@id":"https:\/\/blogs.funiber.org\/pt\/tecnologias-tic\/2015\/07\/29\/funiber-as-redes-sociais-podem-ser-uma-ferramenta-de-ti-util#breadcrumb","itemListElement":[{"@type":"ListItem","position":1,"name":"In\u00edcio","item":"https:\/\/blogs.funiber.org\/pt"},{"@type":"ListItem","position":2,"name":"As redes sociais podem ser uma ferramenta de TI \u00fatil?"}]},{"@type":"WebSite","@id":"https:\/\/blogs.funiber.org\/pt\/#website","url":"https:\/\/blogs.funiber.org\/pt\/","name":"FuniBlogs - FUNIBER","description":"","publisher":{"@id":"https:\/\/blogs.funiber.org\/pt\/#organization"},"potentialAction":[{"@type":"SearchAction","target":{"@type":"EntryPoint","urlTemplate":"https:\/\/blogs.funiber.org\/pt\/?s={search_term_string}"},"query-input":"required name=search_term_string"}],"inLanguage":"pt-BR"},{"@type":"Organization","@id":"https:\/\/blogs.funiber.org\/pt\/#organization","name":"FuniBlogs - FUNIBER","url":"https:\/\/blogs.funiber.org\/pt\/","logo":{"@type":"ImageObject","inLanguage":"pt-BR","@id":"https:\/\/blogs.funiber.org\/pt\/#\/schema\/logo\/image\/","url":"https:\/\/www.funiber.blog\/pt\/wp-content\/uploads\/2022\/02\/logo-funiber-pt-br-v-dos.svg","contentUrl":"https:\/\/www.funiber.blog\/pt\/wp-content\/uploads\/2022\/02\/logo-funiber-pt-br-v-dos.svg","width":1,"height":1,"caption":"FuniBlogs - FUNIBER"},"image":{"@id":"https:\/\/blogs.funiber.org\/pt\/#\/schema\/logo\/image\/"},"sameAs":["https:\/\/www.facebook.com\/funiber","https:\/\/twitter.com\/FUNIBER","https:\/\/www.instagram.com\/funiber_becas","https:\/\/www.youtube.com\/user\/funiber","https:\/\/www.linkedin.com\/company\/funiber"]},{"@type":"Person","@id":"https:\/\/blogs.funiber.org\/pt\/#\/schema\/person\/a1eaaa5e57eac866a8c5946946bcf80d","name":"Michelle","image":{"@type":"ImageObject","inLanguage":"pt-BR","@id":"https:\/\/blogs.funiber.org\/pt\/#\/schema\/person\/image\/","url":"https:\/\/secure.gravatar.com\/avatar\/5e87041f7609dc50493cf216754fece1?s=96&d=mm&r=g","contentUrl":"https:\/\/secure.gravatar.com\/avatar\/5e87041f7609dc50493cf216754fece1?s=96&d=mm&r=g","caption":"Michelle"},"url":"https:\/\/www.funiber.blog\/pt\/author\/michelle-moreira"}]}},"jetpack_featured_media_url":"https:\/\/www.funiber.blog\/pt\/wp-content\/uploads\/2015\/07\/iStock_000037370006_pequeno.jpg","jetpack_shortlink":"https:\/\/wp.me\/p7ee1t-1UI","jetpack_sharing_enabled":true,"_links":{"self":[{"href":"https:\/\/www.funiber.blog\/pt\/wp-json\/wp\/v2\/posts\/7360"}],"collection":[{"href":"https:\/\/www.funiber.blog\/pt\/wp-json\/wp\/v2\/posts"}],"about":[{"href":"https:\/\/www.funiber.blog\/pt\/wp-json\/wp\/v2\/types\/post"}],"author":[{"embeddable":true,"href":"https:\/\/www.funiber.blog\/pt\/wp-json\/wp\/v2\/users\/10"}],"replies":[{"embeddable":true,"href":"https:\/\/www.funiber.blog\/pt\/wp-json\/wp\/v2\/comments?post=7360"}],"version-history":[{"count":2,"href":"https:\/\/www.funiber.blog\/pt\/wp-json\/wp\/v2\/posts\/7360\/revisions"}],"predecessor-version":[{"id":7363,"href":"https:\/\/www.funiber.blog\/pt\/wp-json\/wp\/v2\/posts\/7360\/revisions\/7363"}],"wp:featuredmedia":[{"embeddable":true,"href":"https:\/\/www.funiber.blog\/pt\/wp-json\/wp\/v2\/media\/7361"}],"wp:attachment":[{"href":"https:\/\/www.funiber.blog\/pt\/wp-json\/wp\/v2\/media?parent=7360"}],"wp:term":[{"taxonomy":"category","embeddable":true,"href":"https:\/\/www.funiber.blog\/pt\/wp-json\/wp\/v2\/categories?post=7360"},{"taxonomy":"post_tag","embeddable":true,"href":"https:\/\/www.funiber.blog\/pt\/wp-json\/wp\/v2\/tags?post=7360"}],"curies":[{"name":"wp","href":"https:\/\/api.w.org\/{rel}","templated":true}]}}