{"id":7364,"date":"2015-07-29T11:33:38","date_gmt":"2015-07-29T11:33:38","guid":{"rendered":"http:\/\/blogs.funiber.org\/pt\/?p=7364"},"modified":"2015-07-29T11:33:47","modified_gmt":"2015-07-29T11:33:47","slug":"funiber-mudancas-na-lideranca-da-microsoft","status":"publish","type":"post","link":"https:\/\/www.funiber.blog\/pt\/tecnologias-tic\/2015\/07\/29\/funiber-mudancas-na-lideranca-da-microsoft","title":{"rendered":"Mudan\u00e7as na lideran\u00e7a da Microsoft"},"content":{"rendered":"<p>Na dan\u00e7a das cadeiras das companhias tecnol\u00f3gicas, as \u00faltimas mudan\u00e7as ocorreram dentro da <a href=\"http:\/\/blogs.funiber.org\/pt\/tecnologias-tic\/2013\/10\/22\/mudancas-de-equipe-na-microsoft-e-o-futuro-do-windows\">empresa Microsoft<\/a>. Em um <a href=\"http:\/\/news.microsoft.com\/2015\/06\/17\/satya-nadella-email-to-employees-on-aligning-engineering-to-strategy\/\" target=\"_blank\">an\u00fancio do diretor-executivo, Satya Nadella,<\/a> quatro altos executivos deixaram a c\u00fapula da empresa. \u201cAs mudan\u00e7as desta natureza requerem olhar para nossa lideran\u00e7a como estrutura geral, e como resultado alguns veteranos l\u00edderes de equipes deixar\u00e3o a Microsoft ao t\u00e9rmino deste per\u00edodo de transi\u00e7\u00e3o, afirmou Nadella em um e-mail para os funcion\u00e1rios.<!--more--><\/p>\n<p>O diretor decidiu uma mudan\u00e7a estrutural, dividindo em tr\u00eas grandes departamentos as novas lideran\u00e7as: Terry Myerson, antigo chefe de opera\u00e7\u00f5es de sistema, vai dirigir o setor \u201cWindows e dispositivos\u201d que inclui al\u00e9m do Windows, Lumia, HoloLens, Surface Hub, Xboc e Surface; Scott Guthrie vai liderar o departamento \u201cNuvem e iniciativas\u201d e Qi Lu, \u201cAplicativos e Servi\u00e7os\u201d.<\/p>\n<p>Sa\u00edram Stephen Elop, conhecido por deixar a Microsoft pela Nokia, e voltar h\u00e1 2 anos, Kirill Tatarinov que liderava o Dynamics e conseguiu o crescimento dos neg\u00f3cios em cerca de US$ 2 bilh\u00f5es, Eric Rudder, h\u00e1 mais de 25 anos na empresa e Mark Penn, que trabalhou nas campanhas eleitorais de Bill e Hillary Clinton. De acordo com Nadella, Penn tinha informado a sua inten\u00e7\u00e3o de sa\u00edda para formar um fundo de investimento pr\u00f3prio.<\/p>\n<p>De acordo com o comunicado, as mudan\u00e7as aspiram a 3 objetivos estrat\u00e9gicos claros para a companhia: a reinven\u00e7\u00e3o de processos de neg\u00f3cios e produtividade, a constru\u00e7\u00e3o de uma plataforma em nuvem inteligente e a cria\u00e7\u00e3o de computa\u00e7\u00e3o mais pessoal, que inclui tecnologias de consumo.<\/p>\n<p>A import\u00e2ncia dos diretores e lideran\u00e7as para os planos estrat\u00e9gicos das empresas, com as mudan\u00e7as t\u00e3o frequentes de equipe entre as companhias de TI, <strong>s\u00e3o temas estudados nos cursos de <a href=\"http:\/\/funiber.org.br\/areas-de-conhecimento\/organizacao-empresarial-desenvolvimento-diretivo-rh-e-cooperativismo\/\" target=\"_blank\">Empresas<\/a>, <a href=\"http:\/\/funiber.org.br\/areas-de-conhecimento\/organizacao-empresarial-desenvolvimento-diretivo-rh-e-cooperativismo\/\" target=\"_blank\">TI<\/a> e <a href=\"http:\/\/funiber.org.br\/areas-de-conhecimento\/engenharia-projetos-prevencao-e-qualidade\/\" target=\"_blank\">Projetos<\/a> da <a href=\"http:\/\/www.funiber.org.br\" target=\"_blank\">FUNIBER<\/a>.<\/strong><\/p>\n<p>Fontes:<\/p>\n<p><a href=\"http:\/\/fnbr.es\/1c0\">http:\/\/fnbr.es\/1c0<\/a><\/p>\n<p><a href=\"http:\/\/fnbr.es\/1c1\">http:\/\/fnbr.es\/1c1<\/a><\/p>\n<p>Foto: Alguns direitos reservados por\u00a0<a class=\"owner-name truncate\" title=\"Ir a la galer\u00eda de Robert Scoble\" href=\"https:\/\/www.flickr.com\/photos\/scobleizer\/\" data-track=\"attributionNameClick\" data-rapid_p=\"33\">Robert Scoble<\/a>\/Flickr.<\/p>\n","protected":false},"excerpt":{"rendered":"<p>Na dan\u00e7a das cadeiras das companhias tecnol\u00f3gicas, as \u00faltimas mudan\u00e7as ocorreram dentro da empresa Microsoft. Em um an\u00fancio do diretor-executivo, Satya Nadella, quatro altos executivos deixaram a c\u00fapula da empresa. \u201cAs mudan\u00e7as desta natureza requerem olhar para nossa lideran\u00e7a como estrutura geral, e como resultado alguns veteranos l\u00edderes de equipes deixar\u00e3o a Microsoft ao t\u00e9rmino [&hellip;]<\/p>\n","protected":false},"author":10,"featured_media":7365,"comment_status":"closed","ping_status":"closed","sticky":false,"template":"","format":"standard","meta":{"jetpack_post_was_ever_published":false,"_jetpack_newsletter_access":"","_jetpack_newsletter_tier_id":0,"footnotes":"","jetpack_publicize_message":"","jetpack_is_tweetstorm":false,"jetpack_publicize_feature_enabled":true,"jetpack_social_post_already_shared":false,"jetpack_social_options":{"image_generator_settings":{"template":"highway","enabled":false}}},"categories":[6],"tags":[114,408,262,172,248,671,255,51],"jetpack_publicize_connections":[],"yoast_head":"<!-- This site is optimized with the Yoast SEO plugin v21.7 - https:\/\/yoast.com\/wordpress\/plugins\/seo\/ -->\n<title>Mudan\u00e7as na lideran\u00e7a da Microsoft - FuniBlogs - FUNIBER<\/title>\n<meta name=\"description\" content=\"Na dan\u00e7a das cadeiras das companhias tecnol\u00f3gicas, as \u00faltimas mudan\u00e7as ocorreram dentro da empresa Microsoft.\" \/>\n<meta name=\"robots\" content=\"index, follow, max-snippet:-1, max-image-preview:large, max-video-preview:-1\" \/>\n<link rel=\"canonical\" href=\"https:\/\/blogs.funiber.org\/pt\/tecnologias-tic\/2015\/07\/29\/funiber-mudancas-na-lideranca-da-microsoft\" \/>\n<meta property=\"og:locale\" content=\"pt_BR\" \/>\n<meta property=\"og:type\" content=\"article\" \/>\n<meta property=\"og:title\" content=\"Mudan\u00e7as na lideran\u00e7a da Microsoft - FuniBlogs - FUNIBER\" \/>\n<meta property=\"og:description\" content=\"Na dan\u00e7a das cadeiras das companhias tecnol\u00f3gicas, as \u00faltimas mudan\u00e7as ocorreram dentro da empresa Microsoft.\" \/>\n<meta property=\"og:url\" content=\"https:\/\/blogs.funiber.org\/pt\/tecnologias-tic\/2015\/07\/29\/funiber-mudancas-na-lideranca-da-microsoft\" \/>\n<meta property=\"og:site_name\" content=\"FuniBlogs - FUNIBER\" \/>\n<meta property=\"article:publisher\" content=\"https:\/\/www.facebook.com\/funiber\" \/>\n<meta property=\"article:published_time\" content=\"2015-07-29T11:33:38+00:00\" \/>\n<meta property=\"article:modified_time\" content=\"2015-07-29T11:33:47+00:00\" \/>\n<meta property=\"og:image\" content=\"https:\/\/blogs.funiber.org\/pt\/wp-content\/uploads\/2015\/07\/2264764769_b350faf5c1_z.jpg\" \/>\n\t<meta property=\"og:image:width\" content=\"640\" \/>\n\t<meta property=\"og:image:height\" content=\"427\" \/>\n\t<meta property=\"og:image:type\" content=\"image\/jpeg\" \/>\n<meta name=\"author\" content=\"Michelle\" \/>\n<meta name=\"twitter:card\" content=\"summary_large_image\" \/>\n<meta name=\"twitter:creator\" content=\"@FUNIBER\" \/>\n<meta name=\"twitter:site\" content=\"@FUNIBER\" \/>\n<meta name=\"twitter:label1\" content=\"Escrito por\" \/>\n\t<meta name=\"twitter:data1\" content=\"Michelle\" \/>\n\t<meta name=\"twitter:label2\" content=\"Est. tempo de leitura\" \/>\n\t<meta name=\"twitter:data2\" content=\"2 minutos\" \/>\n<script type=\"application\/ld+json\" class=\"yoast-schema-graph\">{\"@context\":\"https:\/\/schema.org\",\"@graph\":[{\"@type\":\"Article\",\"@id\":\"https:\/\/blogs.funiber.org\/pt\/tecnologias-tic\/2015\/07\/29\/funiber-mudancas-na-lideranca-da-microsoft#article\",\"isPartOf\":{\"@id\":\"https:\/\/blogs.funiber.org\/pt\/tecnologias-tic\/2015\/07\/29\/funiber-mudancas-na-lideranca-da-microsoft\"},\"author\":{\"name\":\"Michelle\",\"@id\":\"https:\/\/blogs.funiber.org\/pt\/#\/schema\/person\/a1eaaa5e57eac866a8c5946946bcf80d\"},\"headline\":\"Mudan\u00e7as na lideran\u00e7a da Microsoft\",\"datePublished\":\"2015-07-29T11:33:38+00:00\",\"dateModified\":\"2015-07-29T11:33:47+00:00\",\"mainEntityOfPage\":{\"@id\":\"https:\/\/blogs.funiber.org\/pt\/tecnologias-tic\/2015\/07\/29\/funiber-mudancas-na-lideranca-da-microsoft\"},\"wordCount\":335,\"publisher\":{\"@id\":\"https:\/\/blogs.funiber.org\/pt\/#organization\"},\"keywords\":[\"Economia\",\"Educa\u00e7\u00e3o a Dist\u00e2ncia\",\"Empreendedorismo\",\"Empresas\",\"Funiber\",\"mestrado\",\"Opini\u00f5es Funiber\",\"TI\"],\"articleSection\":[\"Tecnologias TIC\"],\"inLanguage\":\"pt-BR\"},{\"@type\":\"WebPage\",\"@id\":\"https:\/\/blogs.funiber.org\/pt\/tecnologias-tic\/2015\/07\/29\/funiber-mudancas-na-lideranca-da-microsoft\",\"url\":\"https:\/\/blogs.funiber.org\/pt\/tecnologias-tic\/2015\/07\/29\/funiber-mudancas-na-lideranca-da-microsoft\",\"name\":\"Mudan\u00e7as na lideran\u00e7a da Microsoft - FuniBlogs - FUNIBER\",\"isPartOf\":{\"@id\":\"https:\/\/blogs.funiber.org\/pt\/#website\"},\"datePublished\":\"2015-07-29T11:33:38+00:00\",\"dateModified\":\"2015-07-29T11:33:47+00:00\",\"description\":\"Na dan\u00e7a das cadeiras das companhias tecnol\u00f3gicas, as \u00faltimas mudan\u00e7as ocorreram dentro da empresa Microsoft.\",\"breadcrumb\":{\"@id\":\"https:\/\/blogs.funiber.org\/pt\/tecnologias-tic\/2015\/07\/29\/funiber-mudancas-na-lideranca-da-microsoft#breadcrumb\"},\"inLanguage\":\"pt-BR\",\"potentialAction\":[{\"@type\":\"ReadAction\",\"target\":[\"https:\/\/blogs.funiber.org\/pt\/tecnologias-tic\/2015\/07\/29\/funiber-mudancas-na-lideranca-da-microsoft\"]}]},{\"@type\":\"BreadcrumbList\",\"@id\":\"https:\/\/blogs.funiber.org\/pt\/tecnologias-tic\/2015\/07\/29\/funiber-mudancas-na-lideranca-da-microsoft#breadcrumb\",\"itemListElement\":[{\"@type\":\"ListItem\",\"position\":1,\"name\":\"In\u00edcio\",\"item\":\"https:\/\/blogs.funiber.org\/pt\"},{\"@type\":\"ListItem\",\"position\":2,\"name\":\"Mudan\u00e7as na lideran\u00e7a da Microsoft\"}]},{\"@type\":\"WebSite\",\"@id\":\"https:\/\/blogs.funiber.org\/pt\/#website\",\"url\":\"https:\/\/blogs.funiber.org\/pt\/\",\"name\":\"FuniBlogs - FUNIBER\",\"description\":\"\",\"publisher\":{\"@id\":\"https:\/\/blogs.funiber.org\/pt\/#organization\"},\"potentialAction\":[{\"@type\":\"SearchAction\",\"target\":{\"@type\":\"EntryPoint\",\"urlTemplate\":\"https:\/\/blogs.funiber.org\/pt\/?s={search_term_string}\"},\"query-input\":\"required name=search_term_string\"}],\"inLanguage\":\"pt-BR\"},{\"@type\":\"Organization\",\"@id\":\"https:\/\/blogs.funiber.org\/pt\/#organization\",\"name\":\"FuniBlogs - FUNIBER\",\"url\":\"https:\/\/blogs.funiber.org\/pt\/\",\"logo\":{\"@type\":\"ImageObject\",\"inLanguage\":\"pt-BR\",\"@id\":\"https:\/\/blogs.funiber.org\/pt\/#\/schema\/logo\/image\/\",\"url\":\"https:\/\/www.funiber.blog\/pt\/wp-content\/uploads\/2022\/02\/logo-funiber-pt-br-v-dos.svg\",\"contentUrl\":\"https:\/\/www.funiber.blog\/pt\/wp-content\/uploads\/2022\/02\/logo-funiber-pt-br-v-dos.svg\",\"width\":1,\"height\":1,\"caption\":\"FuniBlogs - FUNIBER\"},\"image\":{\"@id\":\"https:\/\/blogs.funiber.org\/pt\/#\/schema\/logo\/image\/\"},\"sameAs\":[\"https:\/\/www.facebook.com\/funiber\",\"https:\/\/twitter.com\/FUNIBER\",\"https:\/\/www.instagram.com\/funiber_becas\",\"https:\/\/www.youtube.com\/user\/funiber\",\"https:\/\/www.linkedin.com\/company\/funiber\"]},{\"@type\":\"Person\",\"@id\":\"https:\/\/blogs.funiber.org\/pt\/#\/schema\/person\/a1eaaa5e57eac866a8c5946946bcf80d\",\"name\":\"Michelle\",\"image\":{\"@type\":\"ImageObject\",\"inLanguage\":\"pt-BR\",\"@id\":\"https:\/\/blogs.funiber.org\/pt\/#\/schema\/person\/image\/\",\"url\":\"https:\/\/secure.gravatar.com\/avatar\/5e87041f7609dc50493cf216754fece1?s=96&d=mm&r=g\",\"contentUrl\":\"https:\/\/secure.gravatar.com\/avatar\/5e87041f7609dc50493cf216754fece1?s=96&d=mm&r=g\",\"caption\":\"Michelle\"},\"url\":\"https:\/\/www.funiber.blog\/pt\/author\/michelle-moreira\"}]}<\/script>\n<!-- \/ Yoast SEO plugin. -->","yoast_head_json":{"title":"Mudan\u00e7as na lideran\u00e7a da Microsoft - FuniBlogs - FUNIBER","description":"Na dan\u00e7a das cadeiras das companhias tecnol\u00f3gicas, as \u00faltimas mudan\u00e7as ocorreram dentro da empresa Microsoft.","robots":{"index":"index","follow":"follow","max-snippet":"max-snippet:-1","max-image-preview":"max-image-preview:large","max-video-preview":"max-video-preview:-1"},"canonical":"https:\/\/blogs.funiber.org\/pt\/tecnologias-tic\/2015\/07\/29\/funiber-mudancas-na-lideranca-da-microsoft","og_locale":"pt_BR","og_type":"article","og_title":"Mudan\u00e7as na lideran\u00e7a da Microsoft - FuniBlogs - FUNIBER","og_description":"Na dan\u00e7a das cadeiras das companhias tecnol\u00f3gicas, as \u00faltimas mudan\u00e7as ocorreram dentro da empresa Microsoft.","og_url":"https:\/\/blogs.funiber.org\/pt\/tecnologias-tic\/2015\/07\/29\/funiber-mudancas-na-lideranca-da-microsoft","og_site_name":"FuniBlogs - FUNIBER","article_publisher":"https:\/\/www.facebook.com\/funiber","article_published_time":"2015-07-29T11:33:38+00:00","article_modified_time":"2015-07-29T11:33:47+00:00","og_image":[{"width":640,"height":427,"url":"https:\/\/blogs.funiber.org\/pt\/wp-content\/uploads\/2015\/07\/2264764769_b350faf5c1_z.jpg","type":"image\/jpeg"}],"author":"Michelle","twitter_card":"summary_large_image","twitter_creator":"@FUNIBER","twitter_site":"@FUNIBER","twitter_misc":{"Escrito por":"Michelle","Est. tempo de leitura":"2 minutos"},"schema":{"@context":"https:\/\/schema.org","@graph":[{"@type":"Article","@id":"https:\/\/blogs.funiber.org\/pt\/tecnologias-tic\/2015\/07\/29\/funiber-mudancas-na-lideranca-da-microsoft#article","isPartOf":{"@id":"https:\/\/blogs.funiber.org\/pt\/tecnologias-tic\/2015\/07\/29\/funiber-mudancas-na-lideranca-da-microsoft"},"author":{"name":"Michelle","@id":"https:\/\/blogs.funiber.org\/pt\/#\/schema\/person\/a1eaaa5e57eac866a8c5946946bcf80d"},"headline":"Mudan\u00e7as na lideran\u00e7a da Microsoft","datePublished":"2015-07-29T11:33:38+00:00","dateModified":"2015-07-29T11:33:47+00:00","mainEntityOfPage":{"@id":"https:\/\/blogs.funiber.org\/pt\/tecnologias-tic\/2015\/07\/29\/funiber-mudancas-na-lideranca-da-microsoft"},"wordCount":335,"publisher":{"@id":"https:\/\/blogs.funiber.org\/pt\/#organization"},"keywords":["Economia","Educa\u00e7\u00e3o a Dist\u00e2ncia","Empreendedorismo","Empresas","Funiber","mestrado","Opini\u00f5es Funiber","TI"],"articleSection":["Tecnologias TIC"],"inLanguage":"pt-BR"},{"@type":"WebPage","@id":"https:\/\/blogs.funiber.org\/pt\/tecnologias-tic\/2015\/07\/29\/funiber-mudancas-na-lideranca-da-microsoft","url":"https:\/\/blogs.funiber.org\/pt\/tecnologias-tic\/2015\/07\/29\/funiber-mudancas-na-lideranca-da-microsoft","name":"Mudan\u00e7as na lideran\u00e7a da Microsoft - FuniBlogs - FUNIBER","isPartOf":{"@id":"https:\/\/blogs.funiber.org\/pt\/#website"},"datePublished":"2015-07-29T11:33:38+00:00","dateModified":"2015-07-29T11:33:47+00:00","description":"Na dan\u00e7a das cadeiras das companhias tecnol\u00f3gicas, as \u00faltimas mudan\u00e7as ocorreram dentro da empresa Microsoft.","breadcrumb":{"@id":"https:\/\/blogs.funiber.org\/pt\/tecnologias-tic\/2015\/07\/29\/funiber-mudancas-na-lideranca-da-microsoft#breadcrumb"},"inLanguage":"pt-BR","potentialAction":[{"@type":"ReadAction","target":["https:\/\/blogs.funiber.org\/pt\/tecnologias-tic\/2015\/07\/29\/funiber-mudancas-na-lideranca-da-microsoft"]}]},{"@type":"BreadcrumbList","@id":"https:\/\/blogs.funiber.org\/pt\/tecnologias-tic\/2015\/07\/29\/funiber-mudancas-na-lideranca-da-microsoft#breadcrumb","itemListElement":[{"@type":"ListItem","position":1,"name":"In\u00edcio","item":"https:\/\/blogs.funiber.org\/pt"},{"@type":"ListItem","position":2,"name":"Mudan\u00e7as na lideran\u00e7a da Microsoft"}]},{"@type":"WebSite","@id":"https:\/\/blogs.funiber.org\/pt\/#website","url":"https:\/\/blogs.funiber.org\/pt\/","name":"FuniBlogs - FUNIBER","description":"","publisher":{"@id":"https:\/\/blogs.funiber.org\/pt\/#organization"},"potentialAction":[{"@type":"SearchAction","target":{"@type":"EntryPoint","urlTemplate":"https:\/\/blogs.funiber.org\/pt\/?s={search_term_string}"},"query-input":"required name=search_term_string"}],"inLanguage":"pt-BR"},{"@type":"Organization","@id":"https:\/\/blogs.funiber.org\/pt\/#organization","name":"FuniBlogs - FUNIBER","url":"https:\/\/blogs.funiber.org\/pt\/","logo":{"@type":"ImageObject","inLanguage":"pt-BR","@id":"https:\/\/blogs.funiber.org\/pt\/#\/schema\/logo\/image\/","url":"https:\/\/www.funiber.blog\/pt\/wp-content\/uploads\/2022\/02\/logo-funiber-pt-br-v-dos.svg","contentUrl":"https:\/\/www.funiber.blog\/pt\/wp-content\/uploads\/2022\/02\/logo-funiber-pt-br-v-dos.svg","width":1,"height":1,"caption":"FuniBlogs - FUNIBER"},"image":{"@id":"https:\/\/blogs.funiber.org\/pt\/#\/schema\/logo\/image\/"},"sameAs":["https:\/\/www.facebook.com\/funiber","https:\/\/twitter.com\/FUNIBER","https:\/\/www.instagram.com\/funiber_becas","https:\/\/www.youtube.com\/user\/funiber","https:\/\/www.linkedin.com\/company\/funiber"]},{"@type":"Person","@id":"https:\/\/blogs.funiber.org\/pt\/#\/schema\/person\/a1eaaa5e57eac866a8c5946946bcf80d","name":"Michelle","image":{"@type":"ImageObject","inLanguage":"pt-BR","@id":"https:\/\/blogs.funiber.org\/pt\/#\/schema\/person\/image\/","url":"https:\/\/secure.gravatar.com\/avatar\/5e87041f7609dc50493cf216754fece1?s=96&d=mm&r=g","contentUrl":"https:\/\/secure.gravatar.com\/avatar\/5e87041f7609dc50493cf216754fece1?s=96&d=mm&r=g","caption":"Michelle"},"url":"https:\/\/www.funiber.blog\/pt\/author\/michelle-moreira"}]}},"jetpack_featured_media_url":"https:\/\/www.funiber.blog\/pt\/wp-content\/uploads\/2015\/07\/2264764769_b350faf5c1_z.jpg","jetpack_shortlink":"https:\/\/wp.me\/p7ee1t-1UM","jetpack_sharing_enabled":true,"_links":{"self":[{"href":"https:\/\/www.funiber.blog\/pt\/wp-json\/wp\/v2\/posts\/7364"}],"collection":[{"href":"https:\/\/www.funiber.blog\/pt\/wp-json\/wp\/v2\/posts"}],"about":[{"href":"https:\/\/www.funiber.blog\/pt\/wp-json\/wp\/v2\/types\/post"}],"author":[{"embeddable":true,"href":"https:\/\/www.funiber.blog\/pt\/wp-json\/wp\/v2\/users\/10"}],"replies":[{"embeddable":true,"href":"https:\/\/www.funiber.blog\/pt\/wp-json\/wp\/v2\/comments?post=7364"}],"version-history":[{"count":1,"href":"https:\/\/www.funiber.blog\/pt\/wp-json\/wp\/v2\/posts\/7364\/revisions"}],"predecessor-version":[{"id":7366,"href":"https:\/\/www.funiber.blog\/pt\/wp-json\/wp\/v2\/posts\/7364\/revisions\/7366"}],"wp:featuredmedia":[{"embeddable":true,"href":"https:\/\/www.funiber.blog\/pt\/wp-json\/wp\/v2\/media\/7365"}],"wp:attachment":[{"href":"https:\/\/www.funiber.blog\/pt\/wp-json\/wp\/v2\/media?parent=7364"}],"wp:term":[{"taxonomy":"category","embeddable":true,"href":"https:\/\/www.funiber.blog\/pt\/wp-json\/wp\/v2\/categories?post=7364"},{"taxonomy":"post_tag","embeddable":true,"href":"https:\/\/www.funiber.blog\/pt\/wp-json\/wp\/v2\/tags?post=7364"}],"curies":[{"name":"wp","href":"https:\/\/api.w.org\/{rel}","templated":true}]}}