{"id":7370,"date":"2015-08-05T12:01:39","date_gmt":"2015-08-05T12:01:39","guid":{"rendered":"http:\/\/blogs.funiber.org\/pt\/?p=7370"},"modified":"2015-08-05T12:06:18","modified_gmt":"2015-08-05T12:06:18","slug":"milionarios-na-defesa-do-ambiente","status":"publish","type":"post","link":"https:\/\/www.funiber.blog\/pt\/meio-ambiente\/2015\/08\/05\/milionarios-na-defesa-do-ambiente","title":{"rendered":"Milion\u00e1rios na defesa do ambiente"},"content":{"rendered":"<p>Quase uma d\u00e9cada se passou desde que Johan Eliasch, propriet\u00e1rio da empresa esportiva Head, <strong>comprou 160 mil hectares da floresta amaz\u00f4nica, no Brasil<\/strong>. Sua iniciativa inspirou alguns milion\u00e1rios, mas, ao mesmo tempo, despertou suspeitas entre as autoridades de alguns pa\u00edses.<!--more--><\/p>\n<p>Eliasch comprou parte da floresta brasileira, e suas declara\u00e7\u00f5es ap\u00f3s a compra incomodaram as autoridades brasileiras. O milion\u00e1rio indicou que <strong>seriam necess\u00e1rios \u201capenas\u201d 50 bilh\u00f5es de d\u00f3lares para comprar toda a floresta<\/strong>. Diante destas declara\u00e7\u00f5es, o ent\u00e3o presidente Lu\u00eds In\u00e1cio Lula da Silva, replicou que a \u201cfloresta amaz\u00f4nica pertence ao povo brasileiro\u201d.<\/p>\n<p>O milion\u00e1rio disse que fez a compra com a <strong>inten\u00e7\u00e3o de proteger a floresta<\/strong> do desmatamento e, com esta a\u00e7\u00e3o, incentiva outros a comprarem terras para proteg\u00ea-las tamb\u00e9m. Eliasch assegurou que, em suas terras no Brasil, \u00e9 proibido o corte de \u00e1rvores e permite aos habitantes da regi\u00e3o a extra\u00e7\u00e3o de frutos. Estas mudan\u00e7as n\u00e3o foram do agrado de algumas pessoas habituadas a lucrar com a extra\u00e7\u00e3o da madeira.<\/p>\n<p>Entretanto, ne,sempre as inten\u00e7\u00f5es das empresas s\u00e3o claras. Em 2008, uma\u00a0empresa de propriedade de Eliasch foi multada\u00a0em R$ 450 milh\u00f5es pelo\u00a0Instituto Brasileiro do Meio Ambiente e dos Recursos Naturais Renov\u00e1veis (Ibama) por com\u00e9rcio e transporte de madeira nobre -699.809 m3 ou 230 mil \u00e1rvores&#8211; sem seguir a legisla\u00e7\u00e3o ambiental brasileira. A madeireira de Eliasch tamb\u00e9m n\u00e3o teria cumprido acordo firmado com o Ibama, segundo investiga\u00e7\u00f5es.<\/p>\n<p><strong>Iniciativas similares<\/strong><\/p>\n<p>Outros milion\u00e1rios e organiza\u00e7\u00f5es de defesa ambiental compraram grandes extens\u00f5es de terra para proteg\u00ea-las, mas, no processo, s\u00e3o questionados por pessoas e empresas que n\u00e3o veem com bons olhos este tipo de iniciativa. Para muitos, \u00e9 o governo que deveria se encarregar da prote\u00e7\u00e3o ambiental. Mas ele \u00e9 realmente eficaz nesta tarefa?<\/p>\n<p>No Chile, o casal de empres\u00e1rios Douglas Tompkins e Kristine McDivitt comprou milhares de quil\u00f4metros da Patag\u00f4nia, investindo quase 150 milh\u00f5es de euros para transformar sua propriedade em um parque natural. Algumas pessoas protestaram contra a compra das terras, porque as propriedades do casal praticamente cortam o pa\u00eds em dois.<\/p>\n<p>Iniciativas como a de Eliasch representam caminhos diferentes, com a interven\u00e7\u00e3o do setor privado, em uma d\u00e9cada em que o desmatamento est\u00e1 avan\u00e7ando em diversas regi\u00f5es do planeta.<\/p>\n<p>Os estudantes das Especializa\u00e7\u00f5es na \u00e1rea ambiental da FUNIBER recebem os conhecimentos necess\u00e1rios para elaborar projetos orientados a proteger as \u00e1reas naturais contra a destrui\u00e7\u00e3o.<\/p>\n<p>Fontes:\u00a0<a href=\"http:\/\/fnbr.es\/1cv\" target=\"_blank\">http:\/\/fnbr.es\/1cv<\/a>,\u00a0<a href=\"http:\/\/fnbr.es\/1cw\" target=\"_blank\">http:\/\/fnbr.es\/1cw<\/a>,\u00a0<a href=\"http:\/\/fnbr.es\/1cx\" target=\"_blank\">http:\/\/fnbr.es\/1cx<\/a><\/p>\n<p>Foto: Wikip\u00e9dia<\/p>\n","protected":false},"excerpt":{"rendered":"<p>Quase uma d\u00e9cada se passou desde que Johan Eliasch, propriet\u00e1rio da empresa esportiva Head, comprou 160 mil hectares da floresta amaz\u00f4nica, no Brasil. Sua iniciativa inspirou alguns milion\u00e1rios, mas, ao mesmo tempo, despertou suspeitas entre as autoridades de alguns pa\u00edses.<\/p>\n","protected":false},"author":10,"featured_media":7406,"comment_status":"closed","ping_status":"closed","sticky":false,"template":"","format":"standard","meta":{"jetpack_post_was_ever_published":false,"_jetpack_newsletter_access":"","_jetpack_newsletter_tier_id":0,"footnotes":"","jetpack_publicize_message":"","jetpack_is_tweetstorm":false,"jetpack_publicize_feature_enabled":true,"jetpack_social_post_already_shared":false,"jetpack_social_options":{"image_generator_settings":{"template":"highway","enabled":false}}},"categories":[2],"tags":[213,408,69,248,141,255],"jetpack_publicize_connections":[],"yoast_head":"<!-- This site is optimized with the Yoast SEO plugin v21.7 - https:\/\/yoast.com\/wordpress\/plugins\/seo\/ -->\n<title>Milion\u00e1rios na defesa do ambiente - FuniBlogs - FUNIBER<\/title>\n<meta name=\"robots\" content=\"noindex, nofollow\" \/>\n<meta property=\"og:locale\" content=\"pt_BR\" \/>\n<meta property=\"og:type\" content=\"article\" \/>\n<meta property=\"og:title\" content=\"Milion\u00e1rios na defesa do ambiente - FuniBlogs - FUNIBER\" \/>\n<meta property=\"og:description\" content=\"Quase uma d\u00e9cada se passou desde que Johan Eliasch, propriet\u00e1rio da empresa esportiva Head, comprou 160 mil hectares da floresta amaz\u00f4nica, no Brasil. Sua iniciativa inspirou alguns milion\u00e1rios, mas, ao mesmo tempo, despertou suspeitas entre as autoridades de alguns pa\u00edses.\" \/>\n<meta property=\"og:url\" content=\"https:\/\/blogs.funiber.org\/pt\/meio-ambiente\/2015\/08\/05\/milionarios-na-defesa-do-ambiente\" \/>\n<meta property=\"og:site_name\" content=\"FuniBlogs - FUNIBER\" \/>\n<meta property=\"article:publisher\" content=\"https:\/\/www.facebook.com\/funiber\" \/>\n<meta property=\"article:published_time\" content=\"2015-08-05T12:01:39+00:00\" \/>\n<meta property=\"article:modified_time\" content=\"2015-08-05T12:06:18+00:00\" \/>\n<meta property=\"og:image\" content=\"https:\/\/blogs.funiber.org\/pt\/wp-content\/uploads\/2015\/07\/Johan_Eliasch_coolearth.jpg\" \/>\n\t<meta property=\"og:image:width\" content=\"615\" \/>\n\t<meta property=\"og:image:height\" content=\"399\" \/>\n\t<meta property=\"og:image:type\" content=\"image\/jpeg\" \/>\n<meta name=\"author\" content=\"Michelle\" \/>\n<meta name=\"twitter:card\" content=\"summary_large_image\" \/>\n<meta name=\"twitter:creator\" content=\"@FUNIBER\" \/>\n<meta name=\"twitter:site\" content=\"@FUNIBER\" \/>\n<meta name=\"twitter:label1\" content=\"Escrito por\" \/>\n\t<meta name=\"twitter:data1\" content=\"Michelle\" \/>\n\t<meta name=\"twitter:label2\" content=\"Est. tempo de leitura\" \/>\n\t<meta name=\"twitter:data2\" content=\"2 minutos\" \/>\n<script type=\"application\/ld+json\" class=\"yoast-schema-graph\">{\"@context\":\"https:\/\/schema.org\",\"@graph\":[{\"@type\":\"Article\",\"@id\":\"https:\/\/blogs.funiber.org\/pt\/meio-ambiente\/2015\/08\/05\/milionarios-na-defesa-do-ambiente#article\",\"isPartOf\":{\"@id\":\"https:\/\/blogs.funiber.org\/pt\/meio-ambiente\/2015\/08\/05\/milionarios-na-defesa-do-ambiente\"},\"author\":{\"name\":\"Michelle\",\"@id\":\"https:\/\/blogs.funiber.org\/pt\/#\/schema\/person\/a1eaaa5e57eac866a8c5946946bcf80d\"},\"headline\":\"Milion\u00e1rios na defesa do ambiente\",\"datePublished\":\"2015-08-05T12:01:39+00:00\",\"dateModified\":\"2015-08-05T12:06:18+00:00\",\"mainEntityOfPage\":{\"@id\":\"https:\/\/blogs.funiber.org\/pt\/meio-ambiente\/2015\/08\/05\/milionarios-na-defesa-do-ambiente\"},\"wordCount\":454,\"publisher\":{\"@id\":\"https:\/\/blogs.funiber.org\/pt\/#organization\"},\"keywords\":[\"Conserva\u00e7\u00e3o\",\"Educa\u00e7\u00e3o a Dist\u00e2ncia\",\"Energia Renov\u00e1vel\",\"Funiber\",\"Mudan\u00e7as clim\u00e1ticas\",\"Opini\u00f5es Funiber\"],\"articleSection\":[\"Meio Ambiente\"],\"inLanguage\":\"pt-BR\"},{\"@type\":\"WebPage\",\"@id\":\"https:\/\/blogs.funiber.org\/pt\/meio-ambiente\/2015\/08\/05\/milionarios-na-defesa-do-ambiente\",\"url\":\"https:\/\/blogs.funiber.org\/pt\/meio-ambiente\/2015\/08\/05\/milionarios-na-defesa-do-ambiente\",\"name\":\"Milion\u00e1rios na defesa do ambiente - FuniBlogs - FUNIBER\",\"isPartOf\":{\"@id\":\"https:\/\/blogs.funiber.org\/pt\/#website\"},\"datePublished\":\"2015-08-05T12:01:39+00:00\",\"dateModified\":\"2015-08-05T12:06:18+00:00\",\"breadcrumb\":{\"@id\":\"https:\/\/blogs.funiber.org\/pt\/meio-ambiente\/2015\/08\/05\/milionarios-na-defesa-do-ambiente#breadcrumb\"},\"inLanguage\":\"pt-BR\",\"potentialAction\":[{\"@type\":\"ReadAction\",\"target\":[\"https:\/\/blogs.funiber.org\/pt\/meio-ambiente\/2015\/08\/05\/milionarios-na-defesa-do-ambiente\"]}]},{\"@type\":\"BreadcrumbList\",\"@id\":\"https:\/\/blogs.funiber.org\/pt\/meio-ambiente\/2015\/08\/05\/milionarios-na-defesa-do-ambiente#breadcrumb\",\"itemListElement\":[{\"@type\":\"ListItem\",\"position\":1,\"name\":\"In\u00edcio\",\"item\":\"https:\/\/blogs.funiber.org\/pt\"},{\"@type\":\"ListItem\",\"position\":2,\"name\":\"Milion\u00e1rios na defesa do ambiente\"}]},{\"@type\":\"WebSite\",\"@id\":\"https:\/\/blogs.funiber.org\/pt\/#website\",\"url\":\"https:\/\/blogs.funiber.org\/pt\/\",\"name\":\"FuniBlogs - FUNIBER\",\"description\":\"\",\"publisher\":{\"@id\":\"https:\/\/blogs.funiber.org\/pt\/#organization\"},\"potentialAction\":[{\"@type\":\"SearchAction\",\"target\":{\"@type\":\"EntryPoint\",\"urlTemplate\":\"https:\/\/blogs.funiber.org\/pt\/?s={search_term_string}\"},\"query-input\":\"required name=search_term_string\"}],\"inLanguage\":\"pt-BR\"},{\"@type\":\"Organization\",\"@id\":\"https:\/\/blogs.funiber.org\/pt\/#organization\",\"name\":\"FuniBlogs - FUNIBER\",\"url\":\"https:\/\/blogs.funiber.org\/pt\/\",\"logo\":{\"@type\":\"ImageObject\",\"inLanguage\":\"pt-BR\",\"@id\":\"https:\/\/blogs.funiber.org\/pt\/#\/schema\/logo\/image\/\",\"url\":\"https:\/\/www.funiber.blog\/pt\/wp-content\/uploads\/2022\/02\/logo-funiber-pt-br-v-dos.svg\",\"contentUrl\":\"https:\/\/www.funiber.blog\/pt\/wp-content\/uploads\/2022\/02\/logo-funiber-pt-br-v-dos.svg\",\"width\":1,\"height\":1,\"caption\":\"FuniBlogs - FUNIBER\"},\"image\":{\"@id\":\"https:\/\/blogs.funiber.org\/pt\/#\/schema\/logo\/image\/\"},\"sameAs\":[\"https:\/\/www.facebook.com\/funiber\",\"https:\/\/twitter.com\/FUNIBER\",\"https:\/\/www.instagram.com\/funiber_becas\",\"https:\/\/www.youtube.com\/user\/funiber\",\"https:\/\/www.linkedin.com\/company\/funiber\"]},{\"@type\":\"Person\",\"@id\":\"https:\/\/blogs.funiber.org\/pt\/#\/schema\/person\/a1eaaa5e57eac866a8c5946946bcf80d\",\"name\":\"Michelle\",\"image\":{\"@type\":\"ImageObject\",\"inLanguage\":\"pt-BR\",\"@id\":\"https:\/\/blogs.funiber.org\/pt\/#\/schema\/person\/image\/\",\"url\":\"https:\/\/secure.gravatar.com\/avatar\/5e87041f7609dc50493cf216754fece1?s=96&d=mm&r=g\",\"contentUrl\":\"https:\/\/secure.gravatar.com\/avatar\/5e87041f7609dc50493cf216754fece1?s=96&d=mm&r=g\",\"caption\":\"Michelle\"},\"url\":\"https:\/\/www.funiber.blog\/pt\/author\/michelle-moreira\"}]}<\/script>\n<!-- \/ Yoast SEO plugin. -->","yoast_head_json":{"title":"Milion\u00e1rios na defesa do ambiente - FuniBlogs - FUNIBER","robots":{"index":"noindex","follow":"nofollow"},"og_locale":"pt_BR","og_type":"article","og_title":"Milion\u00e1rios na defesa do ambiente - FuniBlogs - FUNIBER","og_description":"Quase uma d\u00e9cada se passou desde que Johan Eliasch, propriet\u00e1rio da empresa esportiva Head, comprou 160 mil hectares da floresta amaz\u00f4nica, no Brasil. Sua iniciativa inspirou alguns milion\u00e1rios, mas, ao mesmo tempo, despertou suspeitas entre as autoridades de alguns pa\u00edses.","og_url":"https:\/\/blogs.funiber.org\/pt\/meio-ambiente\/2015\/08\/05\/milionarios-na-defesa-do-ambiente","og_site_name":"FuniBlogs - FUNIBER","article_publisher":"https:\/\/www.facebook.com\/funiber","article_published_time":"2015-08-05T12:01:39+00:00","article_modified_time":"2015-08-05T12:06:18+00:00","og_image":[{"width":615,"height":399,"url":"https:\/\/blogs.funiber.org\/pt\/wp-content\/uploads\/2015\/07\/Johan_Eliasch_coolearth.jpg","type":"image\/jpeg"}],"author":"Michelle","twitter_card":"summary_large_image","twitter_creator":"@FUNIBER","twitter_site":"@FUNIBER","twitter_misc":{"Escrito por":"Michelle","Est. tempo de leitura":"2 minutos"},"schema":{"@context":"https:\/\/schema.org","@graph":[{"@type":"Article","@id":"https:\/\/blogs.funiber.org\/pt\/meio-ambiente\/2015\/08\/05\/milionarios-na-defesa-do-ambiente#article","isPartOf":{"@id":"https:\/\/blogs.funiber.org\/pt\/meio-ambiente\/2015\/08\/05\/milionarios-na-defesa-do-ambiente"},"author":{"name":"Michelle","@id":"https:\/\/blogs.funiber.org\/pt\/#\/schema\/person\/a1eaaa5e57eac866a8c5946946bcf80d"},"headline":"Milion\u00e1rios na defesa do ambiente","datePublished":"2015-08-05T12:01:39+00:00","dateModified":"2015-08-05T12:06:18+00:00","mainEntityOfPage":{"@id":"https:\/\/blogs.funiber.org\/pt\/meio-ambiente\/2015\/08\/05\/milionarios-na-defesa-do-ambiente"},"wordCount":454,"publisher":{"@id":"https:\/\/blogs.funiber.org\/pt\/#organization"},"keywords":["Conserva\u00e7\u00e3o","Educa\u00e7\u00e3o a Dist\u00e2ncia","Energia Renov\u00e1vel","Funiber","Mudan\u00e7as clim\u00e1ticas","Opini\u00f5es Funiber"],"articleSection":["Meio Ambiente"],"inLanguage":"pt-BR"},{"@type":"WebPage","@id":"https:\/\/blogs.funiber.org\/pt\/meio-ambiente\/2015\/08\/05\/milionarios-na-defesa-do-ambiente","url":"https:\/\/blogs.funiber.org\/pt\/meio-ambiente\/2015\/08\/05\/milionarios-na-defesa-do-ambiente","name":"Milion\u00e1rios na defesa do ambiente - FuniBlogs - FUNIBER","isPartOf":{"@id":"https:\/\/blogs.funiber.org\/pt\/#website"},"datePublished":"2015-08-05T12:01:39+00:00","dateModified":"2015-08-05T12:06:18+00:00","breadcrumb":{"@id":"https:\/\/blogs.funiber.org\/pt\/meio-ambiente\/2015\/08\/05\/milionarios-na-defesa-do-ambiente#breadcrumb"},"inLanguage":"pt-BR","potentialAction":[{"@type":"ReadAction","target":["https:\/\/blogs.funiber.org\/pt\/meio-ambiente\/2015\/08\/05\/milionarios-na-defesa-do-ambiente"]}]},{"@type":"BreadcrumbList","@id":"https:\/\/blogs.funiber.org\/pt\/meio-ambiente\/2015\/08\/05\/milionarios-na-defesa-do-ambiente#breadcrumb","itemListElement":[{"@type":"ListItem","position":1,"name":"In\u00edcio","item":"https:\/\/blogs.funiber.org\/pt"},{"@type":"ListItem","position":2,"name":"Milion\u00e1rios na defesa do ambiente"}]},{"@type":"WebSite","@id":"https:\/\/blogs.funiber.org\/pt\/#website","url":"https:\/\/blogs.funiber.org\/pt\/","name":"FuniBlogs - FUNIBER","description":"","publisher":{"@id":"https:\/\/blogs.funiber.org\/pt\/#organization"},"potentialAction":[{"@type":"SearchAction","target":{"@type":"EntryPoint","urlTemplate":"https:\/\/blogs.funiber.org\/pt\/?s={search_term_string}"},"query-input":"required name=search_term_string"}],"inLanguage":"pt-BR"},{"@type":"Organization","@id":"https:\/\/blogs.funiber.org\/pt\/#organization","name":"FuniBlogs - FUNIBER","url":"https:\/\/blogs.funiber.org\/pt\/","logo":{"@type":"ImageObject","inLanguage":"pt-BR","@id":"https:\/\/blogs.funiber.org\/pt\/#\/schema\/logo\/image\/","url":"https:\/\/www.funiber.blog\/pt\/wp-content\/uploads\/2022\/02\/logo-funiber-pt-br-v-dos.svg","contentUrl":"https:\/\/www.funiber.blog\/pt\/wp-content\/uploads\/2022\/02\/logo-funiber-pt-br-v-dos.svg","width":1,"height":1,"caption":"FuniBlogs - FUNIBER"},"image":{"@id":"https:\/\/blogs.funiber.org\/pt\/#\/schema\/logo\/image\/"},"sameAs":["https:\/\/www.facebook.com\/funiber","https:\/\/twitter.com\/FUNIBER","https:\/\/www.instagram.com\/funiber_becas","https:\/\/www.youtube.com\/user\/funiber","https:\/\/www.linkedin.com\/company\/funiber"]},{"@type":"Person","@id":"https:\/\/blogs.funiber.org\/pt\/#\/schema\/person\/a1eaaa5e57eac866a8c5946946bcf80d","name":"Michelle","image":{"@type":"ImageObject","inLanguage":"pt-BR","@id":"https:\/\/blogs.funiber.org\/pt\/#\/schema\/person\/image\/","url":"https:\/\/secure.gravatar.com\/avatar\/5e87041f7609dc50493cf216754fece1?s=96&d=mm&r=g","contentUrl":"https:\/\/secure.gravatar.com\/avatar\/5e87041f7609dc50493cf216754fece1?s=96&d=mm&r=g","caption":"Michelle"},"url":"https:\/\/www.funiber.blog\/pt\/author\/michelle-moreira"}]}},"jetpack_featured_media_url":"https:\/\/www.funiber.blog\/pt\/wp-content\/uploads\/2015\/07\/Johan_Eliasch_coolearth.jpg","jetpack_shortlink":"https:\/\/wp.me\/p7ee1t-1US","jetpack_sharing_enabled":true,"_links":{"self":[{"href":"https:\/\/www.funiber.blog\/pt\/wp-json\/wp\/v2\/posts\/7370"}],"collection":[{"href":"https:\/\/www.funiber.blog\/pt\/wp-json\/wp\/v2\/posts"}],"about":[{"href":"https:\/\/www.funiber.blog\/pt\/wp-json\/wp\/v2\/types\/post"}],"author":[{"embeddable":true,"href":"https:\/\/www.funiber.blog\/pt\/wp-json\/wp\/v2\/users\/10"}],"replies":[{"embeddable":true,"href":"https:\/\/www.funiber.blog\/pt\/wp-json\/wp\/v2\/comments?post=7370"}],"version-history":[{"count":7,"href":"https:\/\/www.funiber.blog\/pt\/wp-json\/wp\/v2\/posts\/7370\/revisions"}],"predecessor-version":[{"id":7412,"href":"https:\/\/www.funiber.blog\/pt\/wp-json\/wp\/v2\/posts\/7370\/revisions\/7412"}],"wp:featuredmedia":[{"embeddable":true,"href":"https:\/\/www.funiber.blog\/pt\/wp-json\/wp\/v2\/media\/7406"}],"wp:attachment":[{"href":"https:\/\/www.funiber.blog\/pt\/wp-json\/wp\/v2\/media?parent=7370"}],"wp:term":[{"taxonomy":"category","embeddable":true,"href":"https:\/\/www.funiber.blog\/pt\/wp-json\/wp\/v2\/categories?post=7370"},{"taxonomy":"post_tag","embeddable":true,"href":"https:\/\/www.funiber.blog\/pt\/wp-json\/wp\/v2\/tags?post=7370"}],"curies":[{"name":"wp","href":"https:\/\/api.w.org\/{rel}","templated":true}]}}