{"id":7379,"date":"2015-07-30T10:43:51","date_gmt":"2015-07-30T10:43:51","guid":{"rendered":"http:\/\/blogs.funiber.org\/pt\/?p=7379"},"modified":"2015-07-31T10:45:18","modified_gmt":"2015-07-31T10:45:18","slug":"funiber-invencao-de-veiculo-eletrico-solar-com-autonomia-de-mil-quilometros","status":"publish","type":"post","link":"https:\/\/www.funiber.blog\/pt\/meio-ambiente\/2015\/07\/30\/funiber-invencao-de-veiculo-eletrico-solar-com-autonomia-de-mil-quilometros","title":{"rendered":"Inven\u00e7\u00e3o de ve\u00edculo el\u00e9trico solar com autonomia de mil quil\u00f4metros"},"content":{"rendered":"<p>At\u00e9 agora, os ve\u00edculos el\u00e9tricos eram fabricados com capacidade para transportar apenas um passageiro, ou talvez dois, mas isso est\u00e1 prestes a mudar com o prot\u00f3tipo <strong>Stella Lux, um autom\u00f3vel familiar com capacidade para quatro pessoas<\/strong>. O novo ve\u00edculo el\u00e9trico <strong>pode percorrer at\u00e9 1.100 quil\u00f4metros em um dia ensolarado com uma \u00fanica carga<\/strong>. O formato do autom\u00f3vel n\u00e3o \u00e9 convencional, pois o prot\u00f3tipo \u00e9 dividido por um t\u00fanel, mas seu desenho aerodin\u00e2mico particular consegue otimizar seu desempenho.<!--more--><\/p>\n<p>O Stella Lux foi projetado por uma equipe de estudantes da Universidade de Tecnologia de Eindhoven, nos Pa\u00edses Baixos. O prot\u00f3tipo foi fabricando com fibras de carbono e alum\u00ednio e chega a pesar <strong>375 quilos<\/strong>. O Stella Lux \u00e9 considerado um dos ve\u00edculos el\u00e9tricos mais eficientes e leves dispon\u00edveis at\u00e9 o momento.<\/p>\n<p>A primeira vers\u00e3o deste prot\u00f3tipo, fabricada em 2013, ganhou o Bridgestone World Solar Challenge, uma corrida de autom\u00f3veis solares realizada na Austr\u00e1lia. Aparentemente, a equipe de estudantes participar\u00e1 da corrida deste ano, que iniciar\u00e1 em 18 de outubro, mas ainda falta muito trabalho para alcan\u00e7ar esta meta, porque, este ano, estabeleceu-se como condi\u00e7\u00e3o que os autom\u00f3veis el\u00e9tricos que participarem da competi\u00e7\u00e3o devem manter uma autonomia de 3.000 quil\u00f4metros.<\/p>\n<p><strong>Autom\u00f3vel inteligente <\/strong><br \/>\nO <strong>Stella Lux possui um sistema inteligente de navega\u00e7\u00e3o e de gest\u00e3o de energia.<\/strong> O sistema Solar Navigator coleta informa\u00e7\u00e3o sobre o clima e <strong>d\u00e1 sugest\u00f5es sobre a melhor rota<\/strong>. O autom\u00f3vel tem um sistema que pode ser sincronizado aos smartphones e um sistema de gest\u00e3o de aplicativos que pode ser operado de modo muito simples, aumentando a seguran\u00e7a ao dirigir o ve\u00edculo.<\/p>\n<p><strong>O projeto<\/strong><br \/>\nO <a href=\"http:\/\/www.solarteameindhoven.nl\/\">Solar Team Eindhoven<\/a> \u00e9 uma equipe formada por <strong>21 estudantes destacados de diversas faculdades da Universidade T\u00e9cnica de Eindhoven<\/strong>. Para participar do projeto, os estudantes <strong>fazem uma pausa em seus estudos por um ano e meio para participar da constru\u00e7\u00e3o do autom\u00f3vel solar<\/strong>.<\/p>\n<p>Os estudantes das especializa\u00e7\u00f5es da <a href=\"http:\/\/Inven\u00e7\u00e3o de autom\u00f3vel solar familiar com autonomia de mil quil\u00f4metros\" target=\"_blank\"><strong>\u00e1rea ambiental<\/strong><\/a><strong> da <\/strong><a href=\"http:\/\/www.funiber.org.br\/\" target=\"_blank\"><strong>FUNIBER<\/strong><\/a> atualizam constantemente seus conhecimentos relacionados \u00e0 sua carreira para oferecer ao mundo solu\u00e7\u00f5es limpas e ecol\u00f3gicas.<\/p>\n<p>Fonte e foto:<br \/>\n<a href=\"http:\/\/www.solarteameindhoven.nl\/stella-lux\/\">http:\/\/www.solarteameindhoven.nl\/stella-lux\/<\/a><\/p>\n","protected":false},"excerpt":{"rendered":"<p>At\u00e9 agora, os ve\u00edculos el\u00e9tricos eram fabricados com capacidade para transportar apenas um passageiro, ou talvez dois, mas isso est\u00e1 prestes a mudar com o prot\u00f3tipo Stella Lux, um autom\u00f3vel familiar com capacidade para quatro pessoas. O novo ve\u00edculo el\u00e9trico pode percorrer at\u00e9 1.100 quil\u00f4metros em um dia ensolarado com uma \u00fanica carga. O formato [&hellip;]<\/p>\n","protected":false},"author":10,"featured_media":7380,"comment_status":"closed","ping_status":"closed","sticky":false,"template":"","format":"standard","meta":{"jetpack_post_was_ever_published":false,"_jetpack_newsletter_access":"","_jetpack_newsletter_tier_id":0,"footnotes":"","jetpack_publicize_message":"","jetpack_is_tweetstorm":false,"jetpack_publicize_feature_enabled":true,"jetpack_social_post_already_shared":false,"jetpack_social_options":{"image_generator_settings":{"template":"highway","enabled":false}}},"categories":[2],"tags":[285,408,124,69,248,671,255,92,84,26],"jetpack_publicize_connections":[],"yoast_head":"<!-- This site is optimized with the Yoast SEO plugin v21.7 - https:\/\/yoast.com\/wordpress\/plugins\/seo\/ -->\n<title>Inven\u00e7\u00e3o de ve\u00edculo el\u00e9trico solar com autonomia de mil quil\u00f4metros - FuniBlogs - FUNIBER<\/title>\n<meta name=\"description\" content=\"Um ve\u00edculo el\u00e9trico com carga solar, o Stella Lux, \u00e9 um autom\u00f3vel familiar com capacidade para quatro pessoas\" \/>\n<meta name=\"robots\" content=\"index, follow, max-snippet:-1, max-image-preview:large, max-video-preview:-1\" \/>\n<link rel=\"canonical\" href=\"https:\/\/blogs.funiber.org\/pt\/meio-ambiente\/2015\/07\/30\/funiber-invencao-de-veiculo-eletrico-solar-com-autonomia-de-mil-quilometros\" \/>\n<meta property=\"og:locale\" content=\"pt_BR\" \/>\n<meta property=\"og:type\" content=\"article\" \/>\n<meta property=\"og:title\" content=\"Inven\u00e7\u00e3o de ve\u00edculo el\u00e9trico solar com autonomia de mil quil\u00f4metros - FuniBlogs - FUNIBER\" \/>\n<meta property=\"og:description\" content=\"Um ve\u00edculo el\u00e9trico com carga solar, o Stella Lux, \u00e9 um autom\u00f3vel familiar com capacidade para quatro pessoas\" \/>\n<meta property=\"og:url\" content=\"https:\/\/blogs.funiber.org\/pt\/meio-ambiente\/2015\/07\/30\/funiber-invencao-de-veiculo-eletrico-solar-com-autonomia-de-mil-quilometros\" \/>\n<meta property=\"og:site_name\" content=\"FuniBlogs - FUNIBER\" \/>\n<meta property=\"article:publisher\" content=\"https:\/\/www.facebook.com\/funiber\" \/>\n<meta property=\"article:published_time\" content=\"2015-07-30T10:43:51+00:00\" \/>\n<meta property=\"article:modified_time\" content=\"2015-07-31T10:45:18+00:00\" \/>\n<meta property=\"og:image\" content=\"https:\/\/blogs.funiber.org\/pt\/wp-content\/uploads\/2015\/07\/funiber-stellar.jpg\" \/>\n\t<meta property=\"og:image:width\" content=\"550\" \/>\n\t<meta property=\"og:image:height\" content=\"360\" \/>\n\t<meta property=\"og:image:type\" content=\"image\/jpeg\" \/>\n<meta name=\"author\" content=\"Michelle\" \/>\n<meta name=\"twitter:card\" content=\"summary_large_image\" \/>\n<meta name=\"twitter:creator\" content=\"@FUNIBER\" \/>\n<meta name=\"twitter:site\" content=\"@FUNIBER\" \/>\n<meta name=\"twitter:label1\" content=\"Escrito por\" \/>\n\t<meta name=\"twitter:data1\" content=\"Michelle\" \/>\n\t<meta name=\"twitter:label2\" content=\"Est. tempo de leitura\" \/>\n\t<meta name=\"twitter:data2\" content=\"2 minutos\" \/>\n<script type=\"application\/ld+json\" class=\"yoast-schema-graph\">{\"@context\":\"https:\/\/schema.org\",\"@graph\":[{\"@type\":\"Article\",\"@id\":\"https:\/\/blogs.funiber.org\/pt\/meio-ambiente\/2015\/07\/30\/funiber-invencao-de-veiculo-eletrico-solar-com-autonomia-de-mil-quilometros#article\",\"isPartOf\":{\"@id\":\"https:\/\/blogs.funiber.org\/pt\/meio-ambiente\/2015\/07\/30\/funiber-invencao-de-veiculo-eletrico-solar-com-autonomia-de-mil-quilometros\"},\"author\":{\"name\":\"Michelle\",\"@id\":\"https:\/\/blogs.funiber.org\/pt\/#\/schema\/person\/a1eaaa5e57eac866a8c5946946bcf80d\"},\"headline\":\"Inven\u00e7\u00e3o de ve\u00edculo el\u00e9trico solar com autonomia de mil quil\u00f4metros\",\"datePublished\":\"2015-07-30T10:43:51+00:00\",\"dateModified\":\"2015-07-31T10:45:18+00:00\",\"mainEntityOfPage\":{\"@id\":\"https:\/\/blogs.funiber.org\/pt\/meio-ambiente\/2015\/07\/30\/funiber-invencao-de-veiculo-eletrico-solar-com-autonomia-de-mil-quilometros\"},\"wordCount\":387,\"publisher\":{\"@id\":\"https:\/\/blogs.funiber.org\/pt\/#organization\"},\"keywords\":[\"Educa\u00e7\u00e3o\",\"Educa\u00e7\u00e3o a Dist\u00e2ncia\",\"Energ\u00eda\",\"Energia Renov\u00e1vel\",\"Funiber\",\"mestrado\",\"Opini\u00f5es Funiber\",\"Polui\u00e7\u00e3o\",\"Sustentabilidade\",\"tecnologia\"],\"articleSection\":[\"Meio Ambiente\"],\"inLanguage\":\"pt-BR\"},{\"@type\":\"WebPage\",\"@id\":\"https:\/\/blogs.funiber.org\/pt\/meio-ambiente\/2015\/07\/30\/funiber-invencao-de-veiculo-eletrico-solar-com-autonomia-de-mil-quilometros\",\"url\":\"https:\/\/blogs.funiber.org\/pt\/meio-ambiente\/2015\/07\/30\/funiber-invencao-de-veiculo-eletrico-solar-com-autonomia-de-mil-quilometros\",\"name\":\"Inven\u00e7\u00e3o de ve\u00edculo el\u00e9trico solar com autonomia de mil quil\u00f4metros - FuniBlogs - FUNIBER\",\"isPartOf\":{\"@id\":\"https:\/\/blogs.funiber.org\/pt\/#website\"},\"datePublished\":\"2015-07-30T10:43:51+00:00\",\"dateModified\":\"2015-07-31T10:45:18+00:00\",\"description\":\"Um ve\u00edculo el\u00e9trico com carga solar, o Stella Lux, \u00e9 um autom\u00f3vel familiar com capacidade para quatro pessoas\",\"breadcrumb\":{\"@id\":\"https:\/\/blogs.funiber.org\/pt\/meio-ambiente\/2015\/07\/30\/funiber-invencao-de-veiculo-eletrico-solar-com-autonomia-de-mil-quilometros#breadcrumb\"},\"inLanguage\":\"pt-BR\",\"potentialAction\":[{\"@type\":\"ReadAction\",\"target\":[\"https:\/\/blogs.funiber.org\/pt\/meio-ambiente\/2015\/07\/30\/funiber-invencao-de-veiculo-eletrico-solar-com-autonomia-de-mil-quilometros\"]}]},{\"@type\":\"BreadcrumbList\",\"@id\":\"https:\/\/blogs.funiber.org\/pt\/meio-ambiente\/2015\/07\/30\/funiber-invencao-de-veiculo-eletrico-solar-com-autonomia-de-mil-quilometros#breadcrumb\",\"itemListElement\":[{\"@type\":\"ListItem\",\"position\":1,\"name\":\"In\u00edcio\",\"item\":\"https:\/\/blogs.funiber.org\/pt\"},{\"@type\":\"ListItem\",\"position\":2,\"name\":\"Inven\u00e7\u00e3o de ve\u00edculo el\u00e9trico solar com autonomia de mil quil\u00f4metros\"}]},{\"@type\":\"WebSite\",\"@id\":\"https:\/\/blogs.funiber.org\/pt\/#website\",\"url\":\"https:\/\/blogs.funiber.org\/pt\/\",\"name\":\"FuniBlogs - FUNIBER\",\"description\":\"\",\"publisher\":{\"@id\":\"https:\/\/blogs.funiber.org\/pt\/#organization\"},\"potentialAction\":[{\"@type\":\"SearchAction\",\"target\":{\"@type\":\"EntryPoint\",\"urlTemplate\":\"https:\/\/blogs.funiber.org\/pt\/?s={search_term_string}\"},\"query-input\":\"required name=search_term_string\"}],\"inLanguage\":\"pt-BR\"},{\"@type\":\"Organization\",\"@id\":\"https:\/\/blogs.funiber.org\/pt\/#organization\",\"name\":\"FuniBlogs - FUNIBER\",\"url\":\"https:\/\/blogs.funiber.org\/pt\/\",\"logo\":{\"@type\":\"ImageObject\",\"inLanguage\":\"pt-BR\",\"@id\":\"https:\/\/blogs.funiber.org\/pt\/#\/schema\/logo\/image\/\",\"url\":\"https:\/\/www.funiber.blog\/pt\/wp-content\/uploads\/2022\/02\/logo-funiber-pt-br-v-dos.svg\",\"contentUrl\":\"https:\/\/www.funiber.blog\/pt\/wp-content\/uploads\/2022\/02\/logo-funiber-pt-br-v-dos.svg\",\"width\":1,\"height\":1,\"caption\":\"FuniBlogs - FUNIBER\"},\"image\":{\"@id\":\"https:\/\/blogs.funiber.org\/pt\/#\/schema\/logo\/image\/\"},\"sameAs\":[\"https:\/\/www.facebook.com\/funiber\",\"https:\/\/twitter.com\/FUNIBER\",\"https:\/\/www.instagram.com\/funiber_becas\",\"https:\/\/www.youtube.com\/user\/funiber\",\"https:\/\/www.linkedin.com\/company\/funiber\"]},{\"@type\":\"Person\",\"@id\":\"https:\/\/blogs.funiber.org\/pt\/#\/schema\/person\/a1eaaa5e57eac866a8c5946946bcf80d\",\"name\":\"Michelle\",\"image\":{\"@type\":\"ImageObject\",\"inLanguage\":\"pt-BR\",\"@id\":\"https:\/\/blogs.funiber.org\/pt\/#\/schema\/person\/image\/\",\"url\":\"https:\/\/secure.gravatar.com\/avatar\/5e87041f7609dc50493cf216754fece1?s=96&d=mm&r=g\",\"contentUrl\":\"https:\/\/secure.gravatar.com\/avatar\/5e87041f7609dc50493cf216754fece1?s=96&d=mm&r=g\",\"caption\":\"Michelle\"},\"url\":\"https:\/\/www.funiber.blog\/pt\/author\/michelle-moreira\"}]}<\/script>\n<!-- \/ Yoast SEO plugin. -->","yoast_head_json":{"title":"Inven\u00e7\u00e3o de ve\u00edculo el\u00e9trico solar com autonomia de mil quil\u00f4metros - FuniBlogs - FUNIBER","description":"Um ve\u00edculo el\u00e9trico com carga solar, o Stella Lux, \u00e9 um autom\u00f3vel familiar com capacidade para quatro pessoas","robots":{"index":"index","follow":"follow","max-snippet":"max-snippet:-1","max-image-preview":"max-image-preview:large","max-video-preview":"max-video-preview:-1"},"canonical":"https:\/\/blogs.funiber.org\/pt\/meio-ambiente\/2015\/07\/30\/funiber-invencao-de-veiculo-eletrico-solar-com-autonomia-de-mil-quilometros","og_locale":"pt_BR","og_type":"article","og_title":"Inven\u00e7\u00e3o de ve\u00edculo el\u00e9trico solar com autonomia de mil quil\u00f4metros - FuniBlogs - FUNIBER","og_description":"Um ve\u00edculo el\u00e9trico com carga solar, o Stella Lux, \u00e9 um autom\u00f3vel familiar com capacidade para quatro pessoas","og_url":"https:\/\/blogs.funiber.org\/pt\/meio-ambiente\/2015\/07\/30\/funiber-invencao-de-veiculo-eletrico-solar-com-autonomia-de-mil-quilometros","og_site_name":"FuniBlogs - FUNIBER","article_publisher":"https:\/\/www.facebook.com\/funiber","article_published_time":"2015-07-30T10:43:51+00:00","article_modified_time":"2015-07-31T10:45:18+00:00","og_image":[{"width":550,"height":360,"url":"https:\/\/blogs.funiber.org\/pt\/wp-content\/uploads\/2015\/07\/funiber-stellar.jpg","type":"image\/jpeg"}],"author":"Michelle","twitter_card":"summary_large_image","twitter_creator":"@FUNIBER","twitter_site":"@FUNIBER","twitter_misc":{"Escrito por":"Michelle","Est. tempo de leitura":"2 minutos"},"schema":{"@context":"https:\/\/schema.org","@graph":[{"@type":"Article","@id":"https:\/\/blogs.funiber.org\/pt\/meio-ambiente\/2015\/07\/30\/funiber-invencao-de-veiculo-eletrico-solar-com-autonomia-de-mil-quilometros#article","isPartOf":{"@id":"https:\/\/blogs.funiber.org\/pt\/meio-ambiente\/2015\/07\/30\/funiber-invencao-de-veiculo-eletrico-solar-com-autonomia-de-mil-quilometros"},"author":{"name":"Michelle","@id":"https:\/\/blogs.funiber.org\/pt\/#\/schema\/person\/a1eaaa5e57eac866a8c5946946bcf80d"},"headline":"Inven\u00e7\u00e3o de ve\u00edculo el\u00e9trico solar com autonomia de mil quil\u00f4metros","datePublished":"2015-07-30T10:43:51+00:00","dateModified":"2015-07-31T10:45:18+00:00","mainEntityOfPage":{"@id":"https:\/\/blogs.funiber.org\/pt\/meio-ambiente\/2015\/07\/30\/funiber-invencao-de-veiculo-eletrico-solar-com-autonomia-de-mil-quilometros"},"wordCount":387,"publisher":{"@id":"https:\/\/blogs.funiber.org\/pt\/#organization"},"keywords":["Educa\u00e7\u00e3o","Educa\u00e7\u00e3o a Dist\u00e2ncia","Energ\u00eda","Energia Renov\u00e1vel","Funiber","mestrado","Opini\u00f5es Funiber","Polui\u00e7\u00e3o","Sustentabilidade","tecnologia"],"articleSection":["Meio Ambiente"],"inLanguage":"pt-BR"},{"@type":"WebPage","@id":"https:\/\/blogs.funiber.org\/pt\/meio-ambiente\/2015\/07\/30\/funiber-invencao-de-veiculo-eletrico-solar-com-autonomia-de-mil-quilometros","url":"https:\/\/blogs.funiber.org\/pt\/meio-ambiente\/2015\/07\/30\/funiber-invencao-de-veiculo-eletrico-solar-com-autonomia-de-mil-quilometros","name":"Inven\u00e7\u00e3o de ve\u00edculo el\u00e9trico solar com autonomia de mil quil\u00f4metros - FuniBlogs - FUNIBER","isPartOf":{"@id":"https:\/\/blogs.funiber.org\/pt\/#website"},"datePublished":"2015-07-30T10:43:51+00:00","dateModified":"2015-07-31T10:45:18+00:00","description":"Um ve\u00edculo el\u00e9trico com carga solar, o Stella Lux, \u00e9 um autom\u00f3vel familiar com capacidade para quatro pessoas","breadcrumb":{"@id":"https:\/\/blogs.funiber.org\/pt\/meio-ambiente\/2015\/07\/30\/funiber-invencao-de-veiculo-eletrico-solar-com-autonomia-de-mil-quilometros#breadcrumb"},"inLanguage":"pt-BR","potentialAction":[{"@type":"ReadAction","target":["https:\/\/blogs.funiber.org\/pt\/meio-ambiente\/2015\/07\/30\/funiber-invencao-de-veiculo-eletrico-solar-com-autonomia-de-mil-quilometros"]}]},{"@type":"BreadcrumbList","@id":"https:\/\/blogs.funiber.org\/pt\/meio-ambiente\/2015\/07\/30\/funiber-invencao-de-veiculo-eletrico-solar-com-autonomia-de-mil-quilometros#breadcrumb","itemListElement":[{"@type":"ListItem","position":1,"name":"In\u00edcio","item":"https:\/\/blogs.funiber.org\/pt"},{"@type":"ListItem","position":2,"name":"Inven\u00e7\u00e3o de ve\u00edculo el\u00e9trico solar com autonomia de mil quil\u00f4metros"}]},{"@type":"WebSite","@id":"https:\/\/blogs.funiber.org\/pt\/#website","url":"https:\/\/blogs.funiber.org\/pt\/","name":"FuniBlogs - FUNIBER","description":"","publisher":{"@id":"https:\/\/blogs.funiber.org\/pt\/#organization"},"potentialAction":[{"@type":"SearchAction","target":{"@type":"EntryPoint","urlTemplate":"https:\/\/blogs.funiber.org\/pt\/?s={search_term_string}"},"query-input":"required name=search_term_string"}],"inLanguage":"pt-BR"},{"@type":"Organization","@id":"https:\/\/blogs.funiber.org\/pt\/#organization","name":"FuniBlogs - FUNIBER","url":"https:\/\/blogs.funiber.org\/pt\/","logo":{"@type":"ImageObject","inLanguage":"pt-BR","@id":"https:\/\/blogs.funiber.org\/pt\/#\/schema\/logo\/image\/","url":"https:\/\/www.funiber.blog\/pt\/wp-content\/uploads\/2022\/02\/logo-funiber-pt-br-v-dos.svg","contentUrl":"https:\/\/www.funiber.blog\/pt\/wp-content\/uploads\/2022\/02\/logo-funiber-pt-br-v-dos.svg","width":1,"height":1,"caption":"FuniBlogs - FUNIBER"},"image":{"@id":"https:\/\/blogs.funiber.org\/pt\/#\/schema\/logo\/image\/"},"sameAs":["https:\/\/www.facebook.com\/funiber","https:\/\/twitter.com\/FUNIBER","https:\/\/www.instagram.com\/funiber_becas","https:\/\/www.youtube.com\/user\/funiber","https:\/\/www.linkedin.com\/company\/funiber"]},{"@type":"Person","@id":"https:\/\/blogs.funiber.org\/pt\/#\/schema\/person\/a1eaaa5e57eac866a8c5946946bcf80d","name":"Michelle","image":{"@type":"ImageObject","inLanguage":"pt-BR","@id":"https:\/\/blogs.funiber.org\/pt\/#\/schema\/person\/image\/","url":"https:\/\/secure.gravatar.com\/avatar\/5e87041f7609dc50493cf216754fece1?s=96&d=mm&r=g","contentUrl":"https:\/\/secure.gravatar.com\/avatar\/5e87041f7609dc50493cf216754fece1?s=96&d=mm&r=g","caption":"Michelle"},"url":"https:\/\/www.funiber.blog\/pt\/author\/michelle-moreira"}]}},"jetpack_featured_media_url":"https:\/\/www.funiber.blog\/pt\/wp-content\/uploads\/2015\/07\/funiber-stellar.jpg","jetpack_shortlink":"https:\/\/wp.me\/p7ee1t-1V1","jetpack_sharing_enabled":true,"_links":{"self":[{"href":"https:\/\/www.funiber.blog\/pt\/wp-json\/wp\/v2\/posts\/7379"}],"collection":[{"href":"https:\/\/www.funiber.blog\/pt\/wp-json\/wp\/v2\/posts"}],"about":[{"href":"https:\/\/www.funiber.blog\/pt\/wp-json\/wp\/v2\/types\/post"}],"author":[{"embeddable":true,"href":"https:\/\/www.funiber.blog\/pt\/wp-json\/wp\/v2\/users\/10"}],"replies":[{"embeddable":true,"href":"https:\/\/www.funiber.blog\/pt\/wp-json\/wp\/v2\/comments?post=7379"}],"version-history":[{"count":4,"href":"https:\/\/www.funiber.blog\/pt\/wp-json\/wp\/v2\/posts\/7379\/revisions"}],"predecessor-version":[{"id":7384,"href":"https:\/\/www.funiber.blog\/pt\/wp-json\/wp\/v2\/posts\/7379\/revisions\/7384"}],"wp:featuredmedia":[{"embeddable":true,"href":"https:\/\/www.funiber.blog\/pt\/wp-json\/wp\/v2\/media\/7380"}],"wp:attachment":[{"href":"https:\/\/www.funiber.blog\/pt\/wp-json\/wp\/v2\/media?parent=7379"}],"wp:term":[{"taxonomy":"category","embeddable":true,"href":"https:\/\/www.funiber.blog\/pt\/wp-json\/wp\/v2\/categories?post=7379"},{"taxonomy":"post_tag","embeddable":true,"href":"https:\/\/www.funiber.blog\/pt\/wp-json\/wp\/v2\/tags?post=7379"}],"curies":[{"name":"wp","href":"https:\/\/api.w.org\/{rel}","templated":true}]}}