{"id":7389,"date":"2015-08-05T11:43:24","date_gmt":"2015-08-05T11:43:24","guid":{"rendered":"http:\/\/blogs.funiber.org\/pt\/?p=7389"},"modified":"2015-08-05T11:43:24","modified_gmt":"2015-08-05T11:43:24","slug":"o-community-manager-na-empresa","status":"publish","type":"post","link":"https:\/\/www.funiber.blog\/pt\/empresas-e-rh\/2015\/08\/05\/o-community-manager-na-empresa","title":{"rendered":"O Community Manager na empresa"},"content":{"rendered":"<p><span lang=\"PT-BR\">N\u00e3o h\u00e1 d\u00favida de que hoje os neg\u00f3cios precisam manter uma imagem nas redes sociais e no mundo digital. Manter canais de comunica\u00e7\u00e3o digital exige a contrata\u00e7\u00e3o de um especialista que seja capaz de elaborar uma estrat\u00e9gia que gere resultados tang\u00edveis, abrindo a possibilidade de concretizar vendas.<\/span><!--more--><\/p>\n<p><span lang=\"PT-BR\">No ambiente digital, a figura do community manager \u00e9 essencial. Se a pessoa respons\u00e1vel por administrar as comunica\u00e7\u00f5es nas redes sociais comete um erro, os usu\u00e1rios reagir\u00e3o imediatamente postando um coment\u00e1rio negativo ou at\u00e9 reunindo-se para protestar contra a marca. Pelo contr\u00e1rio, um community manager divertido e respeitoso com os usu\u00e1rios ajudar\u00e1 a aumentar a quantidade de visitas e seguidores de uma p\u00e1gina.<\/span><\/p>\n<p><span lang=\"PT-BR\">Mas o entusiasmo n\u00e3o \u00e9 suficiente para obter uma estrat\u00e9gia digital bem-sucedida. O ideal \u00e9 contar com um social media manager encarregado da concep\u00e7\u00e3o da estrat\u00e9gia digital e um community manager, encarregado de executar as opera\u00e7\u00f5es planejadas.<\/span><\/p>\n<p><span lang=\"PT-BR\">Atualmente, s\u00e3o poucos os profissionais que optam pelo posto de community manager. Gabriel Zaldivar, consultor de marketing, indica em um artigo publicado no <a href=\"http:\/\/www.cnnexpansion.com\/emprendedores\/2015\/07\/22\/community-manager-necesario-para-tu-empresa\" target=\"_blank\">CNNexpansion.com<\/a> que \u201cOs community managers que existem se formaram ao longo do caminho e s\u00e3o jovens geeks\u201d. Um profissional que opte por este posto deve ser formado em marketing ou comunica\u00e7\u00e3o e estar alinhado com as estrat\u00e9gias comerciais e de comunica\u00e7\u00e3o da empresa.<\/span><\/p>\n<p><span lang=\"PT-BR\">O community manager encarrega-se de manter os perfis da organiza\u00e7\u00e3o, de analisar a intera\u00e7\u00e3o dos usu\u00e1rios nos diversos canais virtuais, identificar os concorrentes na arena virtual, localizar os l\u00edderes de opini\u00e3o ou influenciadores no meio digital, gerar conversas que beneficiem a marca, analisar as intera\u00e7\u00f5es com os usu\u00e1rios e oferecer estat\u00edsticas sobre as mesmas. Mas, sobretudo, \u00e9 necess\u00e1rio considerar que a principal miss\u00e3o do community manager \u00e9 aumentar a quantidade de seguidores da marca na Internet.<\/span><\/p>\n<p><span lang=\"PT-BR\">Certamente, o objetivo de qualquer empresa sempre ser\u00e1 aumentar o n\u00famero de vendas. Uma adequada gest\u00e3o das redes sociais pode ajudar a equipe de comercializa\u00e7\u00e3o a obter os dados de pessoas interessadas em adquirir o produto ou servi\u00e7o, mas, para aumentar o n\u00famero de seguidores a um ritmo que permita gerar vendas significativas, \u00e9 necess\u00e1rio conhecer muito bem o p\u00fablico-alvo na empresa, de acordo com a opini\u00e3o dos especialistas do <a href=\"http:\/\/mott.pe\/\" target=\"_blank\">mott.pe<\/a>.<\/span><\/p>\n<p><span lang=\"PT-BR\">O trabalho do community manager deve estar inserido na estrat\u00e9gia de comunica\u00e7\u00e3o da empresa. Deve-se planejar o tipo de mensagens a ser publicado na rede, al\u00e9m de ter um plano caso surja uma crise, respondendo sempre com a verdade e com respeito aos usu\u00e1rios.<\/span><\/p>\n<p><span lang=\"PT-BR\">Tratar mal um usu\u00e1rio nas redes sociais \u00e9 um dos piores erros que um community manager pode cometer. Responder com agressividade ou apagar um coment\u00e1rio pode desencadear uma s\u00e9rie de protestos que podem atingir dimens\u00f5es globais.<\/span><\/p>\n<p><span lang=\"PT-BR\">Fonte:<br \/>\n<a href=\"http:\/\/fnbr.es\/1ca+\" target=\"_blank\">http:\/\/fnbr.es\/1ca+<\/a><\/span><\/p>\n<p><span lang=\"PT-BR\">Foto com licen\u00e7a Creative Commons: <a href=\"https:\/\/www.flickr.com\/photos\/galerialamutante\/5989211328\/sizes\/m\/\" target=\"_blank\">Galer\u00eda la mutante<\/a> em FLICKR<\/span><\/p>\n","protected":false},"excerpt":{"rendered":"<p>N\u00e3o h\u00e1 d\u00favida de que hoje os neg\u00f3cios precisam manter uma imagem nas redes sociais e no mundo digital. Manter canais de comunica\u00e7\u00e3o digital exige a contrata\u00e7\u00e3o de um especialista que seja capaz de elaborar uma estrat\u00e9gia que gere resultados tang\u00edveis, abrindo a possibilidade de concretizar vendas.<\/p>\n","protected":false},"author":10,"featured_media":7405,"comment_status":"closed","ping_status":"closed","sticky":false,"template":"","format":"standard","meta":{"jetpack_post_was_ever_published":false,"_jetpack_newsletter_access":"","_jetpack_newsletter_tier_id":0,"footnotes":"","jetpack_publicize_message":"","jetpack_is_tweetstorm":false,"jetpack_publicize_feature_enabled":true,"jetpack_social_post_already_shared":false,"jetpack_social_options":{"image_generator_settings":{"template":"highway","enabled":false}}},"categories":[8],"tags":[408,172,248,255,61],"jetpack_publicize_connections":[],"yoast_head":"<!-- This site is optimized with the Yoast SEO plugin v21.7 - https:\/\/yoast.com\/wordpress\/plugins\/seo\/ -->\n<title>O Community Manager na empresa - FuniBlogs - FUNIBER<\/title>\n<meta name=\"description\" content=\"A import\u00e2ncia do community manager nas empresas.\" \/>\n<meta name=\"robots\" content=\"noindex, nofollow\" \/>\n<meta property=\"og:locale\" content=\"pt_BR\" \/>\n<meta property=\"og:type\" content=\"article\" \/>\n<meta property=\"og:title\" content=\"O Community Manager na empresa - FuniBlogs - FUNIBER\" \/>\n<meta property=\"og:description\" content=\"A import\u00e2ncia do community manager nas empresas.\" \/>\n<meta property=\"og:url\" content=\"https:\/\/blogs.funiber.org\/pt\/empresas-e-rh\/2015\/08\/05\/o-community-manager-na-empresa\" \/>\n<meta property=\"og:site_name\" content=\"FuniBlogs - FUNIBER\" \/>\n<meta property=\"article:publisher\" content=\"https:\/\/www.facebook.com\/funiber\" \/>\n<meta property=\"article:published_time\" content=\"2015-08-05T11:43:24+00:00\" \/>\n<meta property=\"og:image\" content=\"https:\/\/blogs.funiber.org\/pt\/wp-content\/uploads\/2015\/08\/community-manager-funiber.jpg\" \/>\n\t<meta property=\"og:image:width\" content=\"500\" \/>\n\t<meta property=\"og:image:height\" content=\"375\" \/>\n\t<meta property=\"og:image:type\" content=\"image\/jpeg\" \/>\n<meta name=\"author\" content=\"Michelle\" \/>\n<meta name=\"twitter:card\" content=\"summary_large_image\" \/>\n<meta name=\"twitter:creator\" content=\"@FUNIBER\" \/>\n<meta name=\"twitter:site\" content=\"@FUNIBER\" \/>\n<meta name=\"twitter:label1\" content=\"Escrito por\" \/>\n\t<meta name=\"twitter:data1\" content=\"Michelle\" \/>\n\t<meta name=\"twitter:label2\" content=\"Est. tempo de leitura\" \/>\n\t<meta name=\"twitter:data2\" content=\"3 minutos\" \/>\n<script type=\"application\/ld+json\" class=\"yoast-schema-graph\">{\"@context\":\"https:\/\/schema.org\",\"@graph\":[{\"@type\":\"Article\",\"@id\":\"https:\/\/blogs.funiber.org\/pt\/empresas-e-rh\/2015\/08\/05\/o-community-manager-na-empresa#article\",\"isPartOf\":{\"@id\":\"https:\/\/blogs.funiber.org\/pt\/empresas-e-rh\/2015\/08\/05\/o-community-manager-na-empresa\"},\"author\":{\"name\":\"Michelle\",\"@id\":\"https:\/\/blogs.funiber.org\/pt\/#\/schema\/person\/a1eaaa5e57eac866a8c5946946bcf80d\"},\"headline\":\"O Community Manager na empresa\",\"datePublished\":\"2015-08-05T11:43:24+00:00\",\"dateModified\":\"2015-08-05T11:43:24+00:00\",\"mainEntityOfPage\":{\"@id\":\"https:\/\/blogs.funiber.org\/pt\/empresas-e-rh\/2015\/08\/05\/o-community-manager-na-empresa\"},\"wordCount\":508,\"publisher\":{\"@id\":\"https:\/\/blogs.funiber.org\/pt\/#organization\"},\"keywords\":[\"Educa\u00e7\u00e3o a Dist\u00e2ncia\",\"Empresas\",\"Funiber\",\"Opini\u00f5es Funiber\",\"Redes Sociais\"],\"articleSection\":[\"Empresas, Dire\u00e7\u00e3o e RH\"],\"inLanguage\":\"pt-BR\"},{\"@type\":\"WebPage\",\"@id\":\"https:\/\/blogs.funiber.org\/pt\/empresas-e-rh\/2015\/08\/05\/o-community-manager-na-empresa\",\"url\":\"https:\/\/blogs.funiber.org\/pt\/empresas-e-rh\/2015\/08\/05\/o-community-manager-na-empresa\",\"name\":\"O Community Manager na empresa - FuniBlogs - FUNIBER\",\"isPartOf\":{\"@id\":\"https:\/\/blogs.funiber.org\/pt\/#website\"},\"datePublished\":\"2015-08-05T11:43:24+00:00\",\"dateModified\":\"2015-08-05T11:43:24+00:00\",\"description\":\"A import\u00e2ncia do community manager nas empresas.\",\"breadcrumb\":{\"@id\":\"https:\/\/blogs.funiber.org\/pt\/empresas-e-rh\/2015\/08\/05\/o-community-manager-na-empresa#breadcrumb\"},\"inLanguage\":\"pt-BR\",\"potentialAction\":[{\"@type\":\"ReadAction\",\"target\":[\"https:\/\/blogs.funiber.org\/pt\/empresas-e-rh\/2015\/08\/05\/o-community-manager-na-empresa\"]}]},{\"@type\":\"BreadcrumbList\",\"@id\":\"https:\/\/blogs.funiber.org\/pt\/empresas-e-rh\/2015\/08\/05\/o-community-manager-na-empresa#breadcrumb\",\"itemListElement\":[{\"@type\":\"ListItem\",\"position\":1,\"name\":\"In\u00edcio\",\"item\":\"https:\/\/blogs.funiber.org\/pt\"},{\"@type\":\"ListItem\",\"position\":2,\"name\":\"O Community Manager na empresa\"}]},{\"@type\":\"WebSite\",\"@id\":\"https:\/\/blogs.funiber.org\/pt\/#website\",\"url\":\"https:\/\/blogs.funiber.org\/pt\/\",\"name\":\"FuniBlogs - FUNIBER\",\"description\":\"\",\"publisher\":{\"@id\":\"https:\/\/blogs.funiber.org\/pt\/#organization\"},\"potentialAction\":[{\"@type\":\"SearchAction\",\"target\":{\"@type\":\"EntryPoint\",\"urlTemplate\":\"https:\/\/blogs.funiber.org\/pt\/?s={search_term_string}\"},\"query-input\":\"required name=search_term_string\"}],\"inLanguage\":\"pt-BR\"},{\"@type\":\"Organization\",\"@id\":\"https:\/\/blogs.funiber.org\/pt\/#organization\",\"name\":\"FuniBlogs - FUNIBER\",\"url\":\"https:\/\/blogs.funiber.org\/pt\/\",\"logo\":{\"@type\":\"ImageObject\",\"inLanguage\":\"pt-BR\",\"@id\":\"https:\/\/blogs.funiber.org\/pt\/#\/schema\/logo\/image\/\",\"url\":\"https:\/\/www.funiber.blog\/pt\/wp-content\/uploads\/2022\/02\/logo-funiber-pt-br-v-dos.svg\",\"contentUrl\":\"https:\/\/www.funiber.blog\/pt\/wp-content\/uploads\/2022\/02\/logo-funiber-pt-br-v-dos.svg\",\"width\":1,\"height\":1,\"caption\":\"FuniBlogs - FUNIBER\"},\"image\":{\"@id\":\"https:\/\/blogs.funiber.org\/pt\/#\/schema\/logo\/image\/\"},\"sameAs\":[\"https:\/\/www.facebook.com\/funiber\",\"https:\/\/twitter.com\/FUNIBER\",\"https:\/\/www.instagram.com\/funiber_becas\",\"https:\/\/www.youtube.com\/user\/funiber\",\"https:\/\/www.linkedin.com\/company\/funiber\"]},{\"@type\":\"Person\",\"@id\":\"https:\/\/blogs.funiber.org\/pt\/#\/schema\/person\/a1eaaa5e57eac866a8c5946946bcf80d\",\"name\":\"Michelle\",\"image\":{\"@type\":\"ImageObject\",\"inLanguage\":\"pt-BR\",\"@id\":\"https:\/\/blogs.funiber.org\/pt\/#\/schema\/person\/image\/\",\"url\":\"https:\/\/secure.gravatar.com\/avatar\/5e87041f7609dc50493cf216754fece1?s=96&d=mm&r=g\",\"contentUrl\":\"https:\/\/secure.gravatar.com\/avatar\/5e87041f7609dc50493cf216754fece1?s=96&d=mm&r=g\",\"caption\":\"Michelle\"},\"url\":\"https:\/\/www.funiber.blog\/pt\/author\/michelle-moreira\"}]}<\/script>\n<!-- \/ Yoast SEO plugin. -->","yoast_head_json":{"title":"O Community Manager na empresa - FuniBlogs - FUNIBER","description":"A import\u00e2ncia do community manager nas empresas.","robots":{"index":"noindex","follow":"nofollow"},"og_locale":"pt_BR","og_type":"article","og_title":"O Community Manager na empresa - FuniBlogs - FUNIBER","og_description":"A import\u00e2ncia do community manager nas empresas.","og_url":"https:\/\/blogs.funiber.org\/pt\/empresas-e-rh\/2015\/08\/05\/o-community-manager-na-empresa","og_site_name":"FuniBlogs - FUNIBER","article_publisher":"https:\/\/www.facebook.com\/funiber","article_published_time":"2015-08-05T11:43:24+00:00","og_image":[{"width":500,"height":375,"url":"https:\/\/blogs.funiber.org\/pt\/wp-content\/uploads\/2015\/08\/community-manager-funiber.jpg","type":"image\/jpeg"}],"author":"Michelle","twitter_card":"summary_large_image","twitter_creator":"@FUNIBER","twitter_site":"@FUNIBER","twitter_misc":{"Escrito por":"Michelle","Est. tempo de leitura":"3 minutos"},"schema":{"@context":"https:\/\/schema.org","@graph":[{"@type":"Article","@id":"https:\/\/blogs.funiber.org\/pt\/empresas-e-rh\/2015\/08\/05\/o-community-manager-na-empresa#article","isPartOf":{"@id":"https:\/\/blogs.funiber.org\/pt\/empresas-e-rh\/2015\/08\/05\/o-community-manager-na-empresa"},"author":{"name":"Michelle","@id":"https:\/\/blogs.funiber.org\/pt\/#\/schema\/person\/a1eaaa5e57eac866a8c5946946bcf80d"},"headline":"O Community Manager na empresa","datePublished":"2015-08-05T11:43:24+00:00","dateModified":"2015-08-05T11:43:24+00:00","mainEntityOfPage":{"@id":"https:\/\/blogs.funiber.org\/pt\/empresas-e-rh\/2015\/08\/05\/o-community-manager-na-empresa"},"wordCount":508,"publisher":{"@id":"https:\/\/blogs.funiber.org\/pt\/#organization"},"keywords":["Educa\u00e7\u00e3o a Dist\u00e2ncia","Empresas","Funiber","Opini\u00f5es Funiber","Redes Sociais"],"articleSection":["Empresas, Dire\u00e7\u00e3o e RH"],"inLanguage":"pt-BR"},{"@type":"WebPage","@id":"https:\/\/blogs.funiber.org\/pt\/empresas-e-rh\/2015\/08\/05\/o-community-manager-na-empresa","url":"https:\/\/blogs.funiber.org\/pt\/empresas-e-rh\/2015\/08\/05\/o-community-manager-na-empresa","name":"O Community Manager na empresa - FuniBlogs - FUNIBER","isPartOf":{"@id":"https:\/\/blogs.funiber.org\/pt\/#website"},"datePublished":"2015-08-05T11:43:24+00:00","dateModified":"2015-08-05T11:43:24+00:00","description":"A import\u00e2ncia do community manager nas empresas.","breadcrumb":{"@id":"https:\/\/blogs.funiber.org\/pt\/empresas-e-rh\/2015\/08\/05\/o-community-manager-na-empresa#breadcrumb"},"inLanguage":"pt-BR","potentialAction":[{"@type":"ReadAction","target":["https:\/\/blogs.funiber.org\/pt\/empresas-e-rh\/2015\/08\/05\/o-community-manager-na-empresa"]}]},{"@type":"BreadcrumbList","@id":"https:\/\/blogs.funiber.org\/pt\/empresas-e-rh\/2015\/08\/05\/o-community-manager-na-empresa#breadcrumb","itemListElement":[{"@type":"ListItem","position":1,"name":"In\u00edcio","item":"https:\/\/blogs.funiber.org\/pt"},{"@type":"ListItem","position":2,"name":"O Community Manager na empresa"}]},{"@type":"WebSite","@id":"https:\/\/blogs.funiber.org\/pt\/#website","url":"https:\/\/blogs.funiber.org\/pt\/","name":"FuniBlogs - FUNIBER","description":"","publisher":{"@id":"https:\/\/blogs.funiber.org\/pt\/#organization"},"potentialAction":[{"@type":"SearchAction","target":{"@type":"EntryPoint","urlTemplate":"https:\/\/blogs.funiber.org\/pt\/?s={search_term_string}"},"query-input":"required name=search_term_string"}],"inLanguage":"pt-BR"},{"@type":"Organization","@id":"https:\/\/blogs.funiber.org\/pt\/#organization","name":"FuniBlogs - FUNIBER","url":"https:\/\/blogs.funiber.org\/pt\/","logo":{"@type":"ImageObject","inLanguage":"pt-BR","@id":"https:\/\/blogs.funiber.org\/pt\/#\/schema\/logo\/image\/","url":"https:\/\/www.funiber.blog\/pt\/wp-content\/uploads\/2022\/02\/logo-funiber-pt-br-v-dos.svg","contentUrl":"https:\/\/www.funiber.blog\/pt\/wp-content\/uploads\/2022\/02\/logo-funiber-pt-br-v-dos.svg","width":1,"height":1,"caption":"FuniBlogs - FUNIBER"},"image":{"@id":"https:\/\/blogs.funiber.org\/pt\/#\/schema\/logo\/image\/"},"sameAs":["https:\/\/www.facebook.com\/funiber","https:\/\/twitter.com\/FUNIBER","https:\/\/www.instagram.com\/funiber_becas","https:\/\/www.youtube.com\/user\/funiber","https:\/\/www.linkedin.com\/company\/funiber"]},{"@type":"Person","@id":"https:\/\/blogs.funiber.org\/pt\/#\/schema\/person\/a1eaaa5e57eac866a8c5946946bcf80d","name":"Michelle","image":{"@type":"ImageObject","inLanguage":"pt-BR","@id":"https:\/\/blogs.funiber.org\/pt\/#\/schema\/person\/image\/","url":"https:\/\/secure.gravatar.com\/avatar\/5e87041f7609dc50493cf216754fece1?s=96&d=mm&r=g","contentUrl":"https:\/\/secure.gravatar.com\/avatar\/5e87041f7609dc50493cf216754fece1?s=96&d=mm&r=g","caption":"Michelle"},"url":"https:\/\/www.funiber.blog\/pt\/author\/michelle-moreira"}]}},"jetpack_featured_media_url":"https:\/\/www.funiber.blog\/pt\/wp-content\/uploads\/2015\/08\/community-manager-funiber.jpg","jetpack_shortlink":"https:\/\/wp.me\/p7ee1t-1Vb","jetpack_sharing_enabled":true,"_links":{"self":[{"href":"https:\/\/www.funiber.blog\/pt\/wp-json\/wp\/v2\/posts\/7389"}],"collection":[{"href":"https:\/\/www.funiber.blog\/pt\/wp-json\/wp\/v2\/posts"}],"about":[{"href":"https:\/\/www.funiber.blog\/pt\/wp-json\/wp\/v2\/types\/post"}],"author":[{"embeddable":true,"href":"https:\/\/www.funiber.blog\/pt\/wp-json\/wp\/v2\/users\/10"}],"replies":[{"embeddable":true,"href":"https:\/\/www.funiber.blog\/pt\/wp-json\/wp\/v2\/comments?post=7389"}],"version-history":[{"count":1,"href":"https:\/\/www.funiber.blog\/pt\/wp-json\/wp\/v2\/posts\/7389\/revisions"}],"predecessor-version":[{"id":7390,"href":"https:\/\/www.funiber.blog\/pt\/wp-json\/wp\/v2\/posts\/7389\/revisions\/7390"}],"wp:featuredmedia":[{"embeddable":true,"href":"https:\/\/www.funiber.blog\/pt\/wp-json\/wp\/v2\/media\/7405"}],"wp:attachment":[{"href":"https:\/\/www.funiber.blog\/pt\/wp-json\/wp\/v2\/media?parent=7389"}],"wp:term":[{"taxonomy":"category","embeddable":true,"href":"https:\/\/www.funiber.blog\/pt\/wp-json\/wp\/v2\/categories?post=7389"},{"taxonomy":"post_tag","embeddable":true,"href":"https:\/\/www.funiber.blog\/pt\/wp-json\/wp\/v2\/tags?post=7389"}],"curies":[{"name":"wp","href":"https:\/\/api.w.org\/{rel}","templated":true}]}}