{"id":7396,"date":"2015-08-04T11:23:55","date_gmt":"2015-08-04T11:23:55","guid":{"rendered":"http:\/\/blogs.funiber.org\/pt\/?p=7396"},"modified":"2015-08-04T11:23:55","modified_gmt":"2015-08-04T11:23:55","slug":"funiber-buscando-novos-lideres-na-organizacao","status":"publish","type":"post","link":"https:\/\/www.funiber.blog\/pt\/empresas-e-rh\/2015\/08\/04\/funiber-buscando-novos-lideres-na-organizacao","title":{"rendered":"Buscando novos l\u00edderes na organiza\u00e7\u00e3o"},"content":{"rendered":"<p>Administrar os recursos humanos de uma empresa leva-nos a procurar <strong>l\u00edderes que possam guiar os membros da organiza\u00e7\u00e3o para o alcance das metas<\/strong>. \u00c1ngel Largo, colunista da publica\u00e7\u00e3o digital <a href=\"http:\/\/www.rrhhmagazine.com\">rrhhmagazine.com<\/a>, escreve a respeito de um l\u00edder que atua com naturalidade e \u00e9 seguido por todos, um tipo de l\u00edder que Largo chama de <strong>\u201cl\u00edder visual\u201d.<\/strong><!--more--><\/p>\n<p>Na busca do talento, o gerente de recursos humanos deve identificar aqueles trabalhadores que s\u00e3o l\u00edderes por natureza, mas um tipo de l\u00edder que se destaca por suas caracter\u00edsticas no grupo, <strong>l\u00edderes que n\u00e3o t\u00eam um discurso estruturado para convencer, porque suas a\u00e7\u00f5es falam por eles<strong>.<\/strong><\/strong> S\u00e3o l\u00edderes de a\u00e7\u00e3o, pessoas que n\u00e3o pretendem se fazer notar como l\u00edderes, mas<strong> atuam sob uma estrutura de valores e virtudes que fazem com que seus colegas os admirem.<\/strong><\/p>\n<p>Os l\u00edderes visuais, de acordo com Largo, s\u00e3o pessoas que constituem um exemplo para os demais. Reconhece-se um l\u00edder visual, porque ele sempre \u00e9 o primeiro a ajudar, envolve-se nas tarefas de seus colaboradores e demonstra que possui uma conduta coerente: suas a\u00e7\u00f5es e palavras n\u00e3o entram em conflito. O <strong>l\u00edder visual \u00e9 inclinado a servir os outros,<\/strong> enquanto os chefes hier\u00e1rquicos costumam considerar que os outros est\u00e3o \u201cao seu servi\u00e7o\u201d.<\/p>\n<p>Os l\u00edderes visuais geralmente se envolvem na a\u00e7\u00e3o, por isso<strong> buscam conhecer os detalhes das \u00e1reas que devem dirigir.<\/strong> Largo comenta que, em algumas empresas, os diretores s\u00e3o enviados \u00e0s lojas para conhecer at\u00e9 mesmo os processos de venda. Ele testemunhou um gerente de uma empresa de autom\u00f3veis que n\u00e3o hesitou em ajudar um mec\u00e2nico em seu trabalho.<\/p>\n<p>Os estudantes da Especializa\u00e7\u00e3o em Dire\u00e7\u00e3o de Recursos Humanos da <strong><a href=\"http:\/\/www.funiber.org.br\" target=\"_blank\">FUNIBER<\/a><\/strong>\u00a0recebem as melhores estrat\u00e9gias para gerir o talento de uma organiza\u00e7\u00e3o.<\/p>\n<p>Fonte:<br \/>\n<a href=\"http:\/\/fnbr.es\/1ch\">http:\/\/fnbr.es\/1ch<\/a><\/p>\n<p>Foto: Alguns direitos reservados por <a href=\"https:\/\/www.flickr.com\/photos\/124247024@N07\/13903385550\/sizes\/m\/\">flazingo_photos<\/a>\/Flickr<\/p>\n","protected":false},"excerpt":{"rendered":"<p>Administrar os recursos humanos de uma empresa leva-nos a procurar l\u00edderes que possam guiar os membros da organiza\u00e7\u00e3o para o alcance das metas. \u00c1ngel Largo, colunista da publica\u00e7\u00e3o digital rrhhmagazine.com, escreve a respeito de um l\u00edder que atua com naturalidade e \u00e9 seguido por todos, um tipo de l\u00edder que Largo chama de \u201cl\u00edder visual\u201d.<\/p>\n","protected":false},"author":10,"featured_media":7397,"comment_status":"closed","ping_status":"closed","sticky":false,"template":"","format":"standard","meta":{"jetpack_post_was_ever_published":false,"_jetpack_newsletter_access":"","_jetpack_newsletter_tier_id":0,"footnotes":"","jetpack_publicize_message":"","jetpack_is_tweetstorm":false,"jetpack_publicize_feature_enabled":true,"jetpack_social_post_already_shared":false,"jetpack_social_options":{"image_generator_settings":{"template":"highway","enabled":false}}},"categories":[8],"tags":[408,172,601,248,381,255],"jetpack_publicize_connections":[],"yoast_head":"<!-- This site is optimized with the Yoast SEO plugin v21.7 - https:\/\/yoast.com\/wordpress\/plugins\/seo\/ -->\n<title>Buscando novos l\u00edderes na organiza\u00e7\u00e3o - FuniBlogs - FUNIBER<\/title>\n<meta name=\"description\" content=\"Empresas procuram l\u00edderes visuais para guiar os demais membros.\" \/>\n<meta name=\"robots\" content=\"index, follow, max-snippet:-1, max-image-preview:large, max-video-preview:-1\" \/>\n<link rel=\"canonical\" href=\"https:\/\/blogs.funiber.org\/pt\/empresas-e-rh\/2015\/08\/04\/funiber-buscando-novos-lideres-na-organizacao\" \/>\n<meta property=\"og:locale\" content=\"pt_BR\" \/>\n<meta property=\"og:type\" content=\"article\" \/>\n<meta property=\"og:title\" content=\"Buscando novos l\u00edderes na organiza\u00e7\u00e3o - FuniBlogs - FUNIBER\" \/>\n<meta property=\"og:description\" content=\"Empresas procuram l\u00edderes visuais para guiar os demais membros.\" \/>\n<meta property=\"og:url\" content=\"https:\/\/blogs.funiber.org\/pt\/empresas-e-rh\/2015\/08\/04\/funiber-buscando-novos-lideres-na-organizacao\" \/>\n<meta property=\"og:site_name\" content=\"FuniBlogs - FUNIBER\" \/>\n<meta property=\"article:publisher\" content=\"https:\/\/www.facebook.com\/funiber\" \/>\n<meta property=\"article:published_time\" content=\"2015-08-04T11:23:55+00:00\" \/>\n<meta property=\"og:image\" content=\"https:\/\/blogs.funiber.org\/pt\/wp-content\/uploads\/2015\/08\/handshake.jpg\" \/>\n\t<meta property=\"og:image:width\" content=\"500\" \/>\n\t<meta property=\"og:image:height\" content=\"333\" \/>\n\t<meta property=\"og:image:type\" content=\"image\/jpeg\" \/>\n<meta name=\"author\" content=\"Michelle\" \/>\n<meta name=\"twitter:card\" content=\"summary_large_image\" \/>\n<meta name=\"twitter:creator\" content=\"@FUNIBER\" \/>\n<meta name=\"twitter:site\" content=\"@FUNIBER\" \/>\n<meta name=\"twitter:label1\" content=\"Escrito por\" \/>\n\t<meta name=\"twitter:data1\" content=\"Michelle\" \/>\n\t<meta name=\"twitter:label2\" content=\"Est. tempo de leitura\" \/>\n\t<meta name=\"twitter:data2\" content=\"2 minutos\" \/>\n<script type=\"application\/ld+json\" class=\"yoast-schema-graph\">{\"@context\":\"https:\/\/schema.org\",\"@graph\":[{\"@type\":\"Article\",\"@id\":\"https:\/\/blogs.funiber.org\/pt\/empresas-e-rh\/2015\/08\/04\/funiber-buscando-novos-lideres-na-organizacao#article\",\"isPartOf\":{\"@id\":\"https:\/\/blogs.funiber.org\/pt\/empresas-e-rh\/2015\/08\/04\/funiber-buscando-novos-lideres-na-organizacao\"},\"author\":{\"name\":\"Michelle\",\"@id\":\"https:\/\/blogs.funiber.org\/pt\/#\/schema\/person\/a1eaaa5e57eac866a8c5946946bcf80d\"},\"headline\":\"Buscando novos l\u00edderes na organiza\u00e7\u00e3o\",\"datePublished\":\"2015-08-04T11:23:55+00:00\",\"dateModified\":\"2015-08-04T11:23:55+00:00\",\"mainEntityOfPage\":{\"@id\":\"https:\/\/blogs.funiber.org\/pt\/empresas-e-rh\/2015\/08\/04\/funiber-buscando-novos-lideres-na-organizacao\"},\"wordCount\":338,\"publisher\":{\"@id\":\"https:\/\/blogs.funiber.org\/pt\/#organization\"},\"keywords\":[\"Educa\u00e7\u00e3o a Dist\u00e2ncia\",\"Empresas\",\"Especializa\u00e7\u00e3o\",\"Funiber\",\"Lideran\u00e7a\",\"Opini\u00f5es Funiber\"],\"articleSection\":[\"Empresas, Dire\u00e7\u00e3o e RH\"],\"inLanguage\":\"pt-BR\"},{\"@type\":\"WebPage\",\"@id\":\"https:\/\/blogs.funiber.org\/pt\/empresas-e-rh\/2015\/08\/04\/funiber-buscando-novos-lideres-na-organizacao\",\"url\":\"https:\/\/blogs.funiber.org\/pt\/empresas-e-rh\/2015\/08\/04\/funiber-buscando-novos-lideres-na-organizacao\",\"name\":\"Buscando novos l\u00edderes na organiza\u00e7\u00e3o - FuniBlogs - FUNIBER\",\"isPartOf\":{\"@id\":\"https:\/\/blogs.funiber.org\/pt\/#website\"},\"datePublished\":\"2015-08-04T11:23:55+00:00\",\"dateModified\":\"2015-08-04T11:23:55+00:00\",\"description\":\"Empresas procuram l\u00edderes visuais para guiar os demais membros.\",\"breadcrumb\":{\"@id\":\"https:\/\/blogs.funiber.org\/pt\/empresas-e-rh\/2015\/08\/04\/funiber-buscando-novos-lideres-na-organizacao#breadcrumb\"},\"inLanguage\":\"pt-BR\",\"potentialAction\":[{\"@type\":\"ReadAction\",\"target\":[\"https:\/\/blogs.funiber.org\/pt\/empresas-e-rh\/2015\/08\/04\/funiber-buscando-novos-lideres-na-organizacao\"]}]},{\"@type\":\"BreadcrumbList\",\"@id\":\"https:\/\/blogs.funiber.org\/pt\/empresas-e-rh\/2015\/08\/04\/funiber-buscando-novos-lideres-na-organizacao#breadcrumb\",\"itemListElement\":[{\"@type\":\"ListItem\",\"position\":1,\"name\":\"In\u00edcio\",\"item\":\"https:\/\/blogs.funiber.org\/pt\"},{\"@type\":\"ListItem\",\"position\":2,\"name\":\"Buscando novos l\u00edderes na organiza\u00e7\u00e3o\"}]},{\"@type\":\"WebSite\",\"@id\":\"https:\/\/blogs.funiber.org\/pt\/#website\",\"url\":\"https:\/\/blogs.funiber.org\/pt\/\",\"name\":\"FuniBlogs - FUNIBER\",\"description\":\"\",\"publisher\":{\"@id\":\"https:\/\/blogs.funiber.org\/pt\/#organization\"},\"potentialAction\":[{\"@type\":\"SearchAction\",\"target\":{\"@type\":\"EntryPoint\",\"urlTemplate\":\"https:\/\/blogs.funiber.org\/pt\/?s={search_term_string}\"},\"query-input\":\"required name=search_term_string\"}],\"inLanguage\":\"pt-BR\"},{\"@type\":\"Organization\",\"@id\":\"https:\/\/blogs.funiber.org\/pt\/#organization\",\"name\":\"FuniBlogs - FUNIBER\",\"url\":\"https:\/\/blogs.funiber.org\/pt\/\",\"logo\":{\"@type\":\"ImageObject\",\"inLanguage\":\"pt-BR\",\"@id\":\"https:\/\/blogs.funiber.org\/pt\/#\/schema\/logo\/image\/\",\"url\":\"https:\/\/www.funiber.blog\/pt\/wp-content\/uploads\/2022\/02\/logo-funiber-pt-br-v-dos.svg\",\"contentUrl\":\"https:\/\/www.funiber.blog\/pt\/wp-content\/uploads\/2022\/02\/logo-funiber-pt-br-v-dos.svg\",\"width\":1,\"height\":1,\"caption\":\"FuniBlogs - FUNIBER\"},\"image\":{\"@id\":\"https:\/\/blogs.funiber.org\/pt\/#\/schema\/logo\/image\/\"},\"sameAs\":[\"https:\/\/www.facebook.com\/funiber\",\"https:\/\/twitter.com\/FUNIBER\",\"https:\/\/www.instagram.com\/funiber_becas\",\"https:\/\/www.youtube.com\/user\/funiber\",\"https:\/\/www.linkedin.com\/company\/funiber\"]},{\"@type\":\"Person\",\"@id\":\"https:\/\/blogs.funiber.org\/pt\/#\/schema\/person\/a1eaaa5e57eac866a8c5946946bcf80d\",\"name\":\"Michelle\",\"image\":{\"@type\":\"ImageObject\",\"inLanguage\":\"pt-BR\",\"@id\":\"https:\/\/blogs.funiber.org\/pt\/#\/schema\/person\/image\/\",\"url\":\"https:\/\/secure.gravatar.com\/avatar\/5e87041f7609dc50493cf216754fece1?s=96&d=mm&r=g\",\"contentUrl\":\"https:\/\/secure.gravatar.com\/avatar\/5e87041f7609dc50493cf216754fece1?s=96&d=mm&r=g\",\"caption\":\"Michelle\"},\"url\":\"https:\/\/www.funiber.blog\/pt\/author\/michelle-moreira\"}]}<\/script>\n<!-- \/ Yoast SEO plugin. -->","yoast_head_json":{"title":"Buscando novos l\u00edderes na organiza\u00e7\u00e3o - FuniBlogs - FUNIBER","description":"Empresas procuram l\u00edderes visuais para guiar os demais membros.","robots":{"index":"index","follow":"follow","max-snippet":"max-snippet:-1","max-image-preview":"max-image-preview:large","max-video-preview":"max-video-preview:-1"},"canonical":"https:\/\/blogs.funiber.org\/pt\/empresas-e-rh\/2015\/08\/04\/funiber-buscando-novos-lideres-na-organizacao","og_locale":"pt_BR","og_type":"article","og_title":"Buscando novos l\u00edderes na organiza\u00e7\u00e3o - FuniBlogs - FUNIBER","og_description":"Empresas procuram l\u00edderes visuais para guiar os demais membros.","og_url":"https:\/\/blogs.funiber.org\/pt\/empresas-e-rh\/2015\/08\/04\/funiber-buscando-novos-lideres-na-organizacao","og_site_name":"FuniBlogs - FUNIBER","article_publisher":"https:\/\/www.facebook.com\/funiber","article_published_time":"2015-08-04T11:23:55+00:00","og_image":[{"width":500,"height":333,"url":"https:\/\/blogs.funiber.org\/pt\/wp-content\/uploads\/2015\/08\/handshake.jpg","type":"image\/jpeg"}],"author":"Michelle","twitter_card":"summary_large_image","twitter_creator":"@FUNIBER","twitter_site":"@FUNIBER","twitter_misc":{"Escrito por":"Michelle","Est. tempo de leitura":"2 minutos"},"schema":{"@context":"https:\/\/schema.org","@graph":[{"@type":"Article","@id":"https:\/\/blogs.funiber.org\/pt\/empresas-e-rh\/2015\/08\/04\/funiber-buscando-novos-lideres-na-organizacao#article","isPartOf":{"@id":"https:\/\/blogs.funiber.org\/pt\/empresas-e-rh\/2015\/08\/04\/funiber-buscando-novos-lideres-na-organizacao"},"author":{"name":"Michelle","@id":"https:\/\/blogs.funiber.org\/pt\/#\/schema\/person\/a1eaaa5e57eac866a8c5946946bcf80d"},"headline":"Buscando novos l\u00edderes na organiza\u00e7\u00e3o","datePublished":"2015-08-04T11:23:55+00:00","dateModified":"2015-08-04T11:23:55+00:00","mainEntityOfPage":{"@id":"https:\/\/blogs.funiber.org\/pt\/empresas-e-rh\/2015\/08\/04\/funiber-buscando-novos-lideres-na-organizacao"},"wordCount":338,"publisher":{"@id":"https:\/\/blogs.funiber.org\/pt\/#organization"},"keywords":["Educa\u00e7\u00e3o a Dist\u00e2ncia","Empresas","Especializa\u00e7\u00e3o","Funiber","Lideran\u00e7a","Opini\u00f5es Funiber"],"articleSection":["Empresas, Dire\u00e7\u00e3o e RH"],"inLanguage":"pt-BR"},{"@type":"WebPage","@id":"https:\/\/blogs.funiber.org\/pt\/empresas-e-rh\/2015\/08\/04\/funiber-buscando-novos-lideres-na-organizacao","url":"https:\/\/blogs.funiber.org\/pt\/empresas-e-rh\/2015\/08\/04\/funiber-buscando-novos-lideres-na-organizacao","name":"Buscando novos l\u00edderes na organiza\u00e7\u00e3o - FuniBlogs - FUNIBER","isPartOf":{"@id":"https:\/\/blogs.funiber.org\/pt\/#website"},"datePublished":"2015-08-04T11:23:55+00:00","dateModified":"2015-08-04T11:23:55+00:00","description":"Empresas procuram l\u00edderes visuais para guiar os demais membros.","breadcrumb":{"@id":"https:\/\/blogs.funiber.org\/pt\/empresas-e-rh\/2015\/08\/04\/funiber-buscando-novos-lideres-na-organizacao#breadcrumb"},"inLanguage":"pt-BR","potentialAction":[{"@type":"ReadAction","target":["https:\/\/blogs.funiber.org\/pt\/empresas-e-rh\/2015\/08\/04\/funiber-buscando-novos-lideres-na-organizacao"]}]},{"@type":"BreadcrumbList","@id":"https:\/\/blogs.funiber.org\/pt\/empresas-e-rh\/2015\/08\/04\/funiber-buscando-novos-lideres-na-organizacao#breadcrumb","itemListElement":[{"@type":"ListItem","position":1,"name":"In\u00edcio","item":"https:\/\/blogs.funiber.org\/pt"},{"@type":"ListItem","position":2,"name":"Buscando novos l\u00edderes na organiza\u00e7\u00e3o"}]},{"@type":"WebSite","@id":"https:\/\/blogs.funiber.org\/pt\/#website","url":"https:\/\/blogs.funiber.org\/pt\/","name":"FuniBlogs - FUNIBER","description":"","publisher":{"@id":"https:\/\/blogs.funiber.org\/pt\/#organization"},"potentialAction":[{"@type":"SearchAction","target":{"@type":"EntryPoint","urlTemplate":"https:\/\/blogs.funiber.org\/pt\/?s={search_term_string}"},"query-input":"required name=search_term_string"}],"inLanguage":"pt-BR"},{"@type":"Organization","@id":"https:\/\/blogs.funiber.org\/pt\/#organization","name":"FuniBlogs - FUNIBER","url":"https:\/\/blogs.funiber.org\/pt\/","logo":{"@type":"ImageObject","inLanguage":"pt-BR","@id":"https:\/\/blogs.funiber.org\/pt\/#\/schema\/logo\/image\/","url":"https:\/\/www.funiber.blog\/pt\/wp-content\/uploads\/2022\/02\/logo-funiber-pt-br-v-dos.svg","contentUrl":"https:\/\/www.funiber.blog\/pt\/wp-content\/uploads\/2022\/02\/logo-funiber-pt-br-v-dos.svg","width":1,"height":1,"caption":"FuniBlogs - FUNIBER"},"image":{"@id":"https:\/\/blogs.funiber.org\/pt\/#\/schema\/logo\/image\/"},"sameAs":["https:\/\/www.facebook.com\/funiber","https:\/\/twitter.com\/FUNIBER","https:\/\/www.instagram.com\/funiber_becas","https:\/\/www.youtube.com\/user\/funiber","https:\/\/www.linkedin.com\/company\/funiber"]},{"@type":"Person","@id":"https:\/\/blogs.funiber.org\/pt\/#\/schema\/person\/a1eaaa5e57eac866a8c5946946bcf80d","name":"Michelle","image":{"@type":"ImageObject","inLanguage":"pt-BR","@id":"https:\/\/blogs.funiber.org\/pt\/#\/schema\/person\/image\/","url":"https:\/\/secure.gravatar.com\/avatar\/5e87041f7609dc50493cf216754fece1?s=96&d=mm&r=g","contentUrl":"https:\/\/secure.gravatar.com\/avatar\/5e87041f7609dc50493cf216754fece1?s=96&d=mm&r=g","caption":"Michelle"},"url":"https:\/\/www.funiber.blog\/pt\/author\/michelle-moreira"}]}},"jetpack_featured_media_url":"https:\/\/www.funiber.blog\/pt\/wp-content\/uploads\/2015\/08\/handshake.jpg","jetpack_shortlink":"https:\/\/wp.me\/p7ee1t-1Vi","jetpack_sharing_enabled":true,"_links":{"self":[{"href":"https:\/\/www.funiber.blog\/pt\/wp-json\/wp\/v2\/posts\/7396"}],"collection":[{"href":"https:\/\/www.funiber.blog\/pt\/wp-json\/wp\/v2\/posts"}],"about":[{"href":"https:\/\/www.funiber.blog\/pt\/wp-json\/wp\/v2\/types\/post"}],"author":[{"embeddable":true,"href":"https:\/\/www.funiber.blog\/pt\/wp-json\/wp\/v2\/users\/10"}],"replies":[{"embeddable":true,"href":"https:\/\/www.funiber.blog\/pt\/wp-json\/wp\/v2\/comments?post=7396"}],"version-history":[{"count":3,"href":"https:\/\/www.funiber.blog\/pt\/wp-json\/wp\/v2\/posts\/7396\/revisions"}],"predecessor-version":[{"id":7400,"href":"https:\/\/www.funiber.blog\/pt\/wp-json\/wp\/v2\/posts\/7396\/revisions\/7400"}],"wp:featuredmedia":[{"embeddable":true,"href":"https:\/\/www.funiber.blog\/pt\/wp-json\/wp\/v2\/media\/7397"}],"wp:attachment":[{"href":"https:\/\/www.funiber.blog\/pt\/wp-json\/wp\/v2\/media?parent=7396"}],"wp:term":[{"taxonomy":"category","embeddable":true,"href":"https:\/\/www.funiber.blog\/pt\/wp-json\/wp\/v2\/categories?post=7396"},{"taxonomy":"post_tag","embeddable":true,"href":"https:\/\/www.funiber.blog\/pt\/wp-json\/wp\/v2\/tags?post=7396"}],"curies":[{"name":"wp","href":"https:\/\/api.w.org\/{rel}","templated":true}]}}