{"id":7452,"date":"2015-08-12T10:07:47","date_gmt":"2015-08-12T10:07:47","guid":{"rendered":"http:\/\/blogs.funiber.org\/pt\/?p=7452"},"modified":"2015-08-12T10:07:47","modified_gmt":"2015-08-12T10:07:47","slug":"funiber-numa-entrevista-de-trabalho-alem-de-responder-tambem-pergunte","status":"publish","type":"post","link":"https:\/\/www.funiber.blog\/pt\/tecnologias-tic\/2015\/08\/12\/funiber-numa-entrevista-de-trabalho-alem-de-responder-tambem-pergunte","title":{"rendered":"Numa entrevista de trabalho, al\u00e9m de responder tamb\u00e9m pergunte"},"content":{"rendered":"<p>Em uma entrevista de trabalho, os candidatos normalmente se preparam para responder \u00e0s perguntas do recrutador, mas se esquecem de pensar nas pr\u00f3prias perguntas que podem ser decisivas para a aceita\u00e7\u00e3o ou n\u00e3o do emprego. S\u00e3o quest\u00f5es sobre as caracter\u00edsticas do cargo, sobre a cultura e as expectativas da empresa ou sobre o funcionamento da equipe.<!--more--><\/p>\n<p>Em primeiro lugar, \u00e9 importante saber <strong>por que o cargo est\u00e1 dispon\u00edvel<\/strong>. De acordo com a headhunter Suzana Kertezs, da consultoria <a href=\"http:\/\/www.russellreynolds.com\/\">Russell Reynolds<\/a>, \u201cSe for simplesmente porque o executivo anterior era um expatriado que est\u00e1 indo para um pr\u00f3ximo cargo, ok. Mas se tr\u00eas executivos passaram pela posi\u00e7\u00e3o nos \u00faltimos dois anos, \u00e9 bem diferente\u201d. No caso de muita rotatividade, saiba a opini\u00e3o da equipe sobre isso e pergunte tamb\u00e9m sobre as expectativas em rela\u00e7\u00e3o ao novo contratado. Aproveite tamb\u00e9m para perguntar porque n\u00e3o optaram por contratar algu\u00e9m de dentro da empresa.<\/p>\n<p>Depois, fa\u00e7a perguntas para saber qual \u00e9 a <strong>cultura da empresa<\/strong>. Andr\u00e9 Freire, da consultoria <a href=\"http:\/\/www.odgersberndtson.com.pt\/pt\/inicio\/\">Odgers Berndtson<\/a>, sugere analisar a lista de valores corporativos, pois considera muito diferente valorizar competitividade que valorizar as rela\u00e7\u00f5es a longo prazo. Al\u00e9m disso, considera importante saber mais sobre o que a empresa considera um bom trabalhador e sugere perguntar ao recrutador, por exemplo, \u201cQuando voc\u00ea pensa em algu\u00e9m que teve sucesso na empresa, como voc\u00ea caracteriza essa pessoa?\u201d ou \u201cPense em algu\u00e9m que foi contratado de fora e n\u00e3o deu certo aqui. Quais seriam os tr\u00eas principais motivos de ter dado errado?\u201d.<\/p>\n<p>Em terceiro lugar, \u00e9 fundamental saber quais s\u00e3o as <strong>expectativas<\/strong> em rela\u00e7\u00e3o a quem assumir\u00e1 o cargo, tanto a curto, como a m\u00e9dio e longo prazo. Mas Suzana afirma que \u00e9 bom saber o que se espera principalmente a curto prazo, pois considera que \u00e9 o que garantir\u00e1 ou n\u00e3o a perman\u00eancia do candidato na empresa.<\/p>\n<p>Para acabar, saiba como funciona a <strong>equipe<\/strong> que ter\u00e1 que assumir. Conhe\u00e7a seus futuros subordinados e tente saber como est\u00e3o encarando as mudan\u00e7as. \u00c9 bom saber se existe um bom clima de trabalho e se algum deles tinha a expectativa de assumir o cargo ao qual voc\u00ea est\u00e1 se candidatando.<\/p>\n<p>Mas as perguntas n\u00e3o precisam acabar no final da entrevista. Tente conversar com outros trabalhadores da empresa posteriormente, j\u00e1 que eles poder\u00e3o dar informa\u00e7\u00f5es mais reais sobre o ambiente e as condi\u00e7\u00f5es de trabalho que provavelmente foram omitidas durante a entrevista.<\/p>\n<p>Na\u00a0<a href=\"http:\/\/www.funiber.org.br\/\">FUNIBER<\/a>, o<a href=\"http:\/\/funiber.org.br\/areas-de-conhecimento\/psicologia-rh\/mestrado-em-recursos-humanos-e-gestao-do-conhecimento\/\">\u00a0Mestrado em Recursos Humanos e Gest\u00e3o do Conhecimento<\/a>\u00a0\u00e9 uma oportunidade para desenvolver habilidades diretivas e as compet\u00eancias necess\u00e1rias \u00e0 potencializa\u00e7\u00e3o da capacidade de gest\u00e3o de recursos.<\/p>\n<p>Fonte: <a href=\"http:\/\/fnbr.es\/1dt\">http:\/\/fnbr.es\/1dt<\/a><\/p>\n<p>Foto: Todos os direitos reservados<\/p>\n","protected":false},"excerpt":{"rendered":"<p>Em uma entrevista de trabalho, os candidatos normalmente se preparam para responder \u00e0s perguntas do recrutador, mas se esquecem de pensar nas pr\u00f3prias perguntas que podem ser decisivas para a aceita\u00e7\u00e3o ou n\u00e3o do emprego. S\u00e3o quest\u00f5es sobre as caracter\u00edsticas do cargo, sobre a cultura e as expectativas da empresa ou sobre o funcionamento da [&hellip;]<\/p>\n","protected":false},"author":10,"featured_media":7453,"comment_status":"closed","ping_status":"closed","sticky":false,"template":"","format":"standard","meta":{"jetpack_post_was_ever_published":false,"_jetpack_newsletter_access":"","_jetpack_newsletter_tier_id":0,"footnotes":"","jetpack_publicize_message":"","jetpack_is_tweetstorm":false,"jetpack_publicize_feature_enabled":true,"jetpack_social_post_already_shared":false,"jetpack_social_options":{"image_generator_settings":{"template":"highway","enabled":false}}},"categories":[6],"tags":[408,172,248,255,168],"jetpack_publicize_connections":[],"yoast_head":"<!-- This site is optimized with the Yoast SEO plugin v21.7 - https:\/\/yoast.com\/wordpress\/plugins\/seo\/ -->\n<title>Numa entrevista de trabalho, al\u00e9m de responder tamb\u00e9m pergunte - FuniBlogs - FUNIBER<\/title>\n<meta name=\"description\" content=\"Dicas para aprender a fazer perguntas numa entrevista de trabalho.\" \/>\n<meta name=\"robots\" content=\"noindex, nofollow\" \/>\n<meta property=\"og:locale\" content=\"pt_BR\" \/>\n<meta property=\"og:type\" content=\"article\" \/>\n<meta property=\"og:title\" content=\"Numa entrevista de trabalho, al\u00e9m de responder tamb\u00e9m pergunte - FuniBlogs - FUNIBER\" \/>\n<meta property=\"og:description\" content=\"Dicas para aprender a fazer perguntas numa entrevista de trabalho.\" \/>\n<meta property=\"og:url\" content=\"https:\/\/blogs.funiber.org\/pt\/tecnologias-tic\/2015\/08\/12\/funiber-numa-entrevista-de-trabalho-alem-de-responder-tambem-pergunte\" \/>\n<meta property=\"og:site_name\" content=\"FuniBlogs - FUNIBER\" \/>\n<meta property=\"article:publisher\" content=\"https:\/\/www.facebook.com\/funiber\" \/>\n<meta property=\"article:published_time\" content=\"2015-08-12T10:07:47+00:00\" \/>\n<meta property=\"og:image\" content=\"https:\/\/blogs.funiber.org\/pt\/wp-content\/uploads\/2015\/08\/3231288_pequeno.jpg\" \/>\n\t<meta property=\"og:image:width\" content=\"600\" \/>\n\t<meta property=\"og:image:height\" content=\"400\" \/>\n\t<meta property=\"og:image:type\" content=\"image\/jpeg\" \/>\n<meta name=\"author\" content=\"Michelle\" \/>\n<meta name=\"twitter:card\" content=\"summary_large_image\" \/>\n<meta name=\"twitter:creator\" content=\"@FUNIBER\" \/>\n<meta name=\"twitter:site\" content=\"@FUNIBER\" \/>\n<meta name=\"twitter:label1\" content=\"Escrito por\" \/>\n\t<meta name=\"twitter:data1\" content=\"Michelle\" \/>\n\t<meta name=\"twitter:label2\" content=\"Est. tempo de leitura\" \/>\n\t<meta name=\"twitter:data2\" content=\"2 minutos\" \/>\n<script type=\"application\/ld+json\" class=\"yoast-schema-graph\">{\"@context\":\"https:\/\/schema.org\",\"@graph\":[{\"@type\":\"Article\",\"@id\":\"https:\/\/blogs.funiber.org\/pt\/tecnologias-tic\/2015\/08\/12\/funiber-numa-entrevista-de-trabalho-alem-de-responder-tambem-pergunte#article\",\"isPartOf\":{\"@id\":\"https:\/\/blogs.funiber.org\/pt\/tecnologias-tic\/2015\/08\/12\/funiber-numa-entrevista-de-trabalho-alem-de-responder-tambem-pergunte\"},\"author\":{\"name\":\"Michelle\",\"@id\":\"https:\/\/blogs.funiber.org\/pt\/#\/schema\/person\/a1eaaa5e57eac866a8c5946946bcf80d\"},\"headline\":\"Numa entrevista de trabalho, al\u00e9m de responder tamb\u00e9m pergunte\",\"datePublished\":\"2015-08-12T10:07:47+00:00\",\"dateModified\":\"2015-08-12T10:07:47+00:00\",\"mainEntityOfPage\":{\"@id\":\"https:\/\/blogs.funiber.org\/pt\/tecnologias-tic\/2015\/08\/12\/funiber-numa-entrevista-de-trabalho-alem-de-responder-tambem-pergunte\"},\"wordCount\":475,\"publisher\":{\"@id\":\"https:\/\/blogs.funiber.org\/pt\/#organization\"},\"keywords\":[\"Educa\u00e7\u00e3o a Dist\u00e2ncia\",\"Empresas\",\"Funiber\",\"Opini\u00f5es Funiber\",\"Recursos Humanos\"],\"articleSection\":[\"Tecnologias TIC\"],\"inLanguage\":\"pt-BR\"},{\"@type\":\"WebPage\",\"@id\":\"https:\/\/blogs.funiber.org\/pt\/tecnologias-tic\/2015\/08\/12\/funiber-numa-entrevista-de-trabalho-alem-de-responder-tambem-pergunte\",\"url\":\"https:\/\/blogs.funiber.org\/pt\/tecnologias-tic\/2015\/08\/12\/funiber-numa-entrevista-de-trabalho-alem-de-responder-tambem-pergunte\",\"name\":\"Numa entrevista de trabalho, al\u00e9m de responder tamb\u00e9m pergunte - FuniBlogs - FUNIBER\",\"isPartOf\":{\"@id\":\"https:\/\/blogs.funiber.org\/pt\/#website\"},\"datePublished\":\"2015-08-12T10:07:47+00:00\",\"dateModified\":\"2015-08-12T10:07:47+00:00\",\"description\":\"Dicas para aprender a fazer perguntas numa entrevista de trabalho.\",\"breadcrumb\":{\"@id\":\"https:\/\/blogs.funiber.org\/pt\/tecnologias-tic\/2015\/08\/12\/funiber-numa-entrevista-de-trabalho-alem-de-responder-tambem-pergunte#breadcrumb\"},\"inLanguage\":\"pt-BR\",\"potentialAction\":[{\"@type\":\"ReadAction\",\"target\":[\"https:\/\/blogs.funiber.org\/pt\/tecnologias-tic\/2015\/08\/12\/funiber-numa-entrevista-de-trabalho-alem-de-responder-tambem-pergunte\"]}]},{\"@type\":\"BreadcrumbList\",\"@id\":\"https:\/\/blogs.funiber.org\/pt\/tecnologias-tic\/2015\/08\/12\/funiber-numa-entrevista-de-trabalho-alem-de-responder-tambem-pergunte#breadcrumb\",\"itemListElement\":[{\"@type\":\"ListItem\",\"position\":1,\"name\":\"In\u00edcio\",\"item\":\"https:\/\/blogs.funiber.org\/pt\"},{\"@type\":\"ListItem\",\"position\":2,\"name\":\"Numa entrevista de trabalho, al\u00e9m de responder tamb\u00e9m pergunte\"}]},{\"@type\":\"WebSite\",\"@id\":\"https:\/\/blogs.funiber.org\/pt\/#website\",\"url\":\"https:\/\/blogs.funiber.org\/pt\/\",\"name\":\"FuniBlogs - FUNIBER\",\"description\":\"\",\"publisher\":{\"@id\":\"https:\/\/blogs.funiber.org\/pt\/#organization\"},\"potentialAction\":[{\"@type\":\"SearchAction\",\"target\":{\"@type\":\"EntryPoint\",\"urlTemplate\":\"https:\/\/blogs.funiber.org\/pt\/?s={search_term_string}\"},\"query-input\":\"required name=search_term_string\"}],\"inLanguage\":\"pt-BR\"},{\"@type\":\"Organization\",\"@id\":\"https:\/\/blogs.funiber.org\/pt\/#organization\",\"name\":\"FuniBlogs - FUNIBER\",\"url\":\"https:\/\/blogs.funiber.org\/pt\/\",\"logo\":{\"@type\":\"ImageObject\",\"inLanguage\":\"pt-BR\",\"@id\":\"https:\/\/blogs.funiber.org\/pt\/#\/schema\/logo\/image\/\",\"url\":\"https:\/\/www.funiber.blog\/pt\/wp-content\/uploads\/2022\/02\/logo-funiber-pt-br-v-dos.svg\",\"contentUrl\":\"https:\/\/www.funiber.blog\/pt\/wp-content\/uploads\/2022\/02\/logo-funiber-pt-br-v-dos.svg\",\"width\":1,\"height\":1,\"caption\":\"FuniBlogs - FUNIBER\"},\"image\":{\"@id\":\"https:\/\/blogs.funiber.org\/pt\/#\/schema\/logo\/image\/\"},\"sameAs\":[\"https:\/\/www.facebook.com\/funiber\",\"https:\/\/twitter.com\/FUNIBER\",\"https:\/\/www.instagram.com\/funiber_becas\",\"https:\/\/www.youtube.com\/user\/funiber\",\"https:\/\/www.linkedin.com\/company\/funiber\"]},{\"@type\":\"Person\",\"@id\":\"https:\/\/blogs.funiber.org\/pt\/#\/schema\/person\/a1eaaa5e57eac866a8c5946946bcf80d\",\"name\":\"Michelle\",\"image\":{\"@type\":\"ImageObject\",\"inLanguage\":\"pt-BR\",\"@id\":\"https:\/\/blogs.funiber.org\/pt\/#\/schema\/person\/image\/\",\"url\":\"https:\/\/secure.gravatar.com\/avatar\/5e87041f7609dc50493cf216754fece1?s=96&d=mm&r=g\",\"contentUrl\":\"https:\/\/secure.gravatar.com\/avatar\/5e87041f7609dc50493cf216754fece1?s=96&d=mm&r=g\",\"caption\":\"Michelle\"},\"url\":\"https:\/\/www.funiber.blog\/pt\/author\/michelle-moreira\"}]}<\/script>\n<!-- \/ Yoast SEO plugin. -->","yoast_head_json":{"title":"Numa entrevista de trabalho, al\u00e9m de responder tamb\u00e9m pergunte - FuniBlogs - FUNIBER","description":"Dicas para aprender a fazer perguntas numa entrevista de trabalho.","robots":{"index":"noindex","follow":"nofollow"},"og_locale":"pt_BR","og_type":"article","og_title":"Numa entrevista de trabalho, al\u00e9m de responder tamb\u00e9m pergunte - FuniBlogs - FUNIBER","og_description":"Dicas para aprender a fazer perguntas numa entrevista de trabalho.","og_url":"https:\/\/blogs.funiber.org\/pt\/tecnologias-tic\/2015\/08\/12\/funiber-numa-entrevista-de-trabalho-alem-de-responder-tambem-pergunte","og_site_name":"FuniBlogs - FUNIBER","article_publisher":"https:\/\/www.facebook.com\/funiber","article_published_time":"2015-08-12T10:07:47+00:00","og_image":[{"width":600,"height":400,"url":"https:\/\/blogs.funiber.org\/pt\/wp-content\/uploads\/2015\/08\/3231288_pequeno.jpg","type":"image\/jpeg"}],"author":"Michelle","twitter_card":"summary_large_image","twitter_creator":"@FUNIBER","twitter_site":"@FUNIBER","twitter_misc":{"Escrito por":"Michelle","Est. tempo de leitura":"2 minutos"},"schema":{"@context":"https:\/\/schema.org","@graph":[{"@type":"Article","@id":"https:\/\/blogs.funiber.org\/pt\/tecnologias-tic\/2015\/08\/12\/funiber-numa-entrevista-de-trabalho-alem-de-responder-tambem-pergunte#article","isPartOf":{"@id":"https:\/\/blogs.funiber.org\/pt\/tecnologias-tic\/2015\/08\/12\/funiber-numa-entrevista-de-trabalho-alem-de-responder-tambem-pergunte"},"author":{"name":"Michelle","@id":"https:\/\/blogs.funiber.org\/pt\/#\/schema\/person\/a1eaaa5e57eac866a8c5946946bcf80d"},"headline":"Numa entrevista de trabalho, al\u00e9m de responder tamb\u00e9m pergunte","datePublished":"2015-08-12T10:07:47+00:00","dateModified":"2015-08-12T10:07:47+00:00","mainEntityOfPage":{"@id":"https:\/\/blogs.funiber.org\/pt\/tecnologias-tic\/2015\/08\/12\/funiber-numa-entrevista-de-trabalho-alem-de-responder-tambem-pergunte"},"wordCount":475,"publisher":{"@id":"https:\/\/blogs.funiber.org\/pt\/#organization"},"keywords":["Educa\u00e7\u00e3o a Dist\u00e2ncia","Empresas","Funiber","Opini\u00f5es Funiber","Recursos Humanos"],"articleSection":["Tecnologias TIC"],"inLanguage":"pt-BR"},{"@type":"WebPage","@id":"https:\/\/blogs.funiber.org\/pt\/tecnologias-tic\/2015\/08\/12\/funiber-numa-entrevista-de-trabalho-alem-de-responder-tambem-pergunte","url":"https:\/\/blogs.funiber.org\/pt\/tecnologias-tic\/2015\/08\/12\/funiber-numa-entrevista-de-trabalho-alem-de-responder-tambem-pergunte","name":"Numa entrevista de trabalho, al\u00e9m de responder tamb\u00e9m pergunte - FuniBlogs - FUNIBER","isPartOf":{"@id":"https:\/\/blogs.funiber.org\/pt\/#website"},"datePublished":"2015-08-12T10:07:47+00:00","dateModified":"2015-08-12T10:07:47+00:00","description":"Dicas para aprender a fazer perguntas numa entrevista de trabalho.","breadcrumb":{"@id":"https:\/\/blogs.funiber.org\/pt\/tecnologias-tic\/2015\/08\/12\/funiber-numa-entrevista-de-trabalho-alem-de-responder-tambem-pergunte#breadcrumb"},"inLanguage":"pt-BR","potentialAction":[{"@type":"ReadAction","target":["https:\/\/blogs.funiber.org\/pt\/tecnologias-tic\/2015\/08\/12\/funiber-numa-entrevista-de-trabalho-alem-de-responder-tambem-pergunte"]}]},{"@type":"BreadcrumbList","@id":"https:\/\/blogs.funiber.org\/pt\/tecnologias-tic\/2015\/08\/12\/funiber-numa-entrevista-de-trabalho-alem-de-responder-tambem-pergunte#breadcrumb","itemListElement":[{"@type":"ListItem","position":1,"name":"In\u00edcio","item":"https:\/\/blogs.funiber.org\/pt"},{"@type":"ListItem","position":2,"name":"Numa entrevista de trabalho, al\u00e9m de responder tamb\u00e9m pergunte"}]},{"@type":"WebSite","@id":"https:\/\/blogs.funiber.org\/pt\/#website","url":"https:\/\/blogs.funiber.org\/pt\/","name":"FuniBlogs - FUNIBER","description":"","publisher":{"@id":"https:\/\/blogs.funiber.org\/pt\/#organization"},"potentialAction":[{"@type":"SearchAction","target":{"@type":"EntryPoint","urlTemplate":"https:\/\/blogs.funiber.org\/pt\/?s={search_term_string}"},"query-input":"required name=search_term_string"}],"inLanguage":"pt-BR"},{"@type":"Organization","@id":"https:\/\/blogs.funiber.org\/pt\/#organization","name":"FuniBlogs - FUNIBER","url":"https:\/\/blogs.funiber.org\/pt\/","logo":{"@type":"ImageObject","inLanguage":"pt-BR","@id":"https:\/\/blogs.funiber.org\/pt\/#\/schema\/logo\/image\/","url":"https:\/\/www.funiber.blog\/pt\/wp-content\/uploads\/2022\/02\/logo-funiber-pt-br-v-dos.svg","contentUrl":"https:\/\/www.funiber.blog\/pt\/wp-content\/uploads\/2022\/02\/logo-funiber-pt-br-v-dos.svg","width":1,"height":1,"caption":"FuniBlogs - FUNIBER"},"image":{"@id":"https:\/\/blogs.funiber.org\/pt\/#\/schema\/logo\/image\/"},"sameAs":["https:\/\/www.facebook.com\/funiber","https:\/\/twitter.com\/FUNIBER","https:\/\/www.instagram.com\/funiber_becas","https:\/\/www.youtube.com\/user\/funiber","https:\/\/www.linkedin.com\/company\/funiber"]},{"@type":"Person","@id":"https:\/\/blogs.funiber.org\/pt\/#\/schema\/person\/a1eaaa5e57eac866a8c5946946bcf80d","name":"Michelle","image":{"@type":"ImageObject","inLanguage":"pt-BR","@id":"https:\/\/blogs.funiber.org\/pt\/#\/schema\/person\/image\/","url":"https:\/\/secure.gravatar.com\/avatar\/5e87041f7609dc50493cf216754fece1?s=96&d=mm&r=g","contentUrl":"https:\/\/secure.gravatar.com\/avatar\/5e87041f7609dc50493cf216754fece1?s=96&d=mm&r=g","caption":"Michelle"},"url":"https:\/\/www.funiber.blog\/pt\/author\/michelle-moreira"}]}},"jetpack_featured_media_url":"https:\/\/www.funiber.blog\/pt\/wp-content\/uploads\/2015\/08\/3231288_pequeno.jpg","jetpack_shortlink":"https:\/\/wp.me\/p7ee1t-1Wc","jetpack_sharing_enabled":true,"_links":{"self":[{"href":"https:\/\/www.funiber.blog\/pt\/wp-json\/wp\/v2\/posts\/7452"}],"collection":[{"href":"https:\/\/www.funiber.blog\/pt\/wp-json\/wp\/v2\/posts"}],"about":[{"href":"https:\/\/www.funiber.blog\/pt\/wp-json\/wp\/v2\/types\/post"}],"author":[{"embeddable":true,"href":"https:\/\/www.funiber.blog\/pt\/wp-json\/wp\/v2\/users\/10"}],"replies":[{"embeddable":true,"href":"https:\/\/www.funiber.blog\/pt\/wp-json\/wp\/v2\/comments?post=7452"}],"version-history":[{"count":1,"href":"https:\/\/www.funiber.blog\/pt\/wp-json\/wp\/v2\/posts\/7452\/revisions"}],"predecessor-version":[{"id":7454,"href":"https:\/\/www.funiber.blog\/pt\/wp-json\/wp\/v2\/posts\/7452\/revisions\/7454"}],"wp:featuredmedia":[{"embeddable":true,"href":"https:\/\/www.funiber.blog\/pt\/wp-json\/wp\/v2\/media\/7453"}],"wp:attachment":[{"href":"https:\/\/www.funiber.blog\/pt\/wp-json\/wp\/v2\/media?parent=7452"}],"wp:term":[{"taxonomy":"category","embeddable":true,"href":"https:\/\/www.funiber.blog\/pt\/wp-json\/wp\/v2\/categories?post=7452"},{"taxonomy":"post_tag","embeddable":true,"href":"https:\/\/www.funiber.blog\/pt\/wp-json\/wp\/v2\/tags?post=7452"}],"curies":[{"name":"wp","href":"https:\/\/api.w.org\/{rel}","templated":true}]}}