{"id":7455,"date":"2015-08-13T08:15:15","date_gmt":"2015-08-13T08:15:15","guid":{"rendered":"http:\/\/blogs.funiber.org\/pt\/?p=7455"},"modified":"2015-08-13T08:15:15","modified_gmt":"2015-08-13T08:15:15","slug":"funiber-dissertacao-aluna-da-funiber-identifica-problemas-economicos-dos-futuros-idosos-de-manaus","status":"publish","type":"post","link":"https:\/\/www.funiber.blog\/pt\/gerontologia\/2015\/08\/13\/funiber-dissertacao-aluna-da-funiber-identifica-problemas-economicos-dos-futuros-idosos-de-manaus","title":{"rendered":"Disserta\u00e7\u00e3o: Aluna da FUNIBER identifica problemas econ\u00f4micos dos futuros idosos de Manaus"},"content":{"rendered":"<p>Terezinha Lima da Silva, para a conclus\u00e3o do <a href=\"http:\/\/www.funiber.org.br\/areas-de-conhecimento\/saude-e-nutricao\/gerontologia\/mestrado-em-gerontologia-social\/\"><strong>Mestrado em Gerontologia<\/strong><\/a> da <a href=\"http:\/\/www.funiber.org.br\/\"><strong>FUNIBER<\/strong><\/a>, realizou uma pesquisa sobre o perfil econ\u00f4mico que ter\u00e3o os futuros idosos de Manaus a partir de 2030 e identificou, a partir da an\u00e1lise da situa\u00e7\u00e3o atual, as poss\u00edveis a\u00e7\u00f5es que poderiam proporcion\u00e1-los um envelhecimento ativo e de qualidade.<!--more--><\/p>\n<p>A disserta\u00e7\u00e3o, orientada pela professora <a href=\"http:\/\/blogs.funiber.org\/pt\/gerontologia\/2015\/08\/06\/funiber-opinioes-funiber-lidia-henriques-rego-explica-a-importancia-da-gerontologia-para-a-sociedade-atual\">L\u00eddia Maria Henriques Rego<\/a>, \u00e9 o resultado de uma pesquisa feita com 2.500 adultos da zona urbana da cidade de Manaus, na faixa et\u00e1ria entre 30 e 59 anos, na Universidade Aberta da Terceira Idade \u2013 UnATI\/UEA, com o apoio da <a href=\"http:\/\/www.fapeam.am.gov.br\/\">FAPEAM<\/a>, para observar as condi\u00e7\u00f5es sociais e de sa\u00fade em que vivem atualmente e identificar os problemas que poder\u00e3o afetar sua velhice. Em fun\u00e7\u00e3o do tipo de contribui\u00e7\u00e3o previdenci\u00e1ria e de atividade profissional que desenvolvem hoje em dia, Terezinha fez uma estima\u00e7\u00e3o do perfil econ\u00f4mico que ter\u00e3o quando idosos, a partir de 2030.<\/p>\n<p>Um dos objetivos dessa estimativa foi identificar os problemas que estes idosos provavelmente ter\u00e3o e recomendar as medidas necess\u00e1rias para solucion\u00e1-los, por meio de pol\u00edticas p\u00fablicas e previdenci\u00e1rias desenvolvidas em prol do aumento da qualidade de vida dessa popula\u00e7\u00e3o.<\/p>\n<p><strong>Perfil dos futuros idosos<\/strong><\/p>\n<p>A caracter\u00edstica mais importante identificada pela pesquisa foi que 68,7% dos entrevistados est\u00e3o \u00e0 margem da Previd\u00eancia Social: 45,6% s\u00e3o aut\u00f4nomos; 8,4% est\u00e3o desempregados; 7,5% s\u00e3o assalariados sem carteira assinada; 0,4%, estudantes; e 6,8%, donas de casa. Al\u00e9m disso, 12,8% dos entrevistados declararam n\u00e3o possuir nenhuma fonte de renda, mesmo estando em uma faixa et\u00e1ria economicamente ativa. A falta de contribui\u00e7\u00e3o atual \u00e9 um indicador da possibilidade de viver problemas econ\u00f4micos no futuro.<\/p>\n<p>Como elementos que afetam as quest\u00f5es da n\u00e3o contribui\u00e7\u00e3o e da aposentadoria na terceira idade, Terezinha aponta tr\u00eas fatores fundamentais. O primeiro \u00e9 o socioeducacional, que demonstra um baixo n\u00edvel educacional da popula\u00e7\u00e3o, levando ao desconhecimento sobre suas necessidades futuras e a dificuldades no planejamento de um envelhecimento saud\u00e1vel. O segundo fator \u00e9 a desvaloriza\u00e7\u00e3o que sofrem os idosos com pouca ou nenhuma renda, gerando exclus\u00e3o social. E, por \u00faltimo, o fator legal, que gera uma grande expectativa em torno da aposentadoria como possibilidade de afastamento definitivo do trabalho e de sustento durante o resto da vida.<\/p>\n<p><strong>Recomenda\u00e7\u00f5es<\/strong><\/p>\n<p>Para evitar um envelhecimento prec\u00e1rio, Terezinha faz uma s\u00e9rie de recomenda\u00e7\u00f5es. A primeira \u00e9 a regulamenta\u00e7\u00e3o e fiscaliza\u00e7\u00e3o do Sistema de Seguridade Social brasileiro, j\u00e1 que aponta um n\u00edvel elevado de incumprimento das leis regulat\u00f3rias previdenci\u00e1rias. Sugere, inclusive, a necessidade de um redesenho do atual sistema nacional de aposentadoria, para que seja capaz de proporcionar um adequado n\u00edvel de suporte para os idosos sem impor uma esmagadora carga nos jovens.<\/p>\n<p>Uma segunda recomenda\u00e7\u00e3o \u00e9 melhoria do padr\u00e3o de vida dos jovens, com uma melhor qualifica\u00e7\u00e3o Educacional para que tenha acesso a melhores cargos e sal\u00e1rios no mercado. Como alternativa, sugere a cria\u00e7\u00e3o de um sistema volunt\u00e1rio privado de pens\u00f5es complementares de capitaliza\u00e7\u00e3o, para melhorar o sal\u00e1rio m\u00ednimo e alavancar o sistema de recolhimento dos impostos pelos jovens para a Previd\u00eancia Social.<\/p>\n<p>Como conclus\u00e3o, Terezinha indica que muitas dos problemas que impactam negativamente a sa\u00fade dos idosos e o sistema de sa\u00fade p\u00fablica poderiam ser evitadas com uma educa\u00e7\u00e3o voltada para o envelhecimento, visando \u00e0 economia de recursos e de sa\u00fade para um envelhecimento saud\u00e1vel e de qualidade.<\/p>\n<p>Frente \u00e0 praticamente inexist\u00eancia de pesquisas na Regi\u00e3o Norte do Brasil sobre o envelhecimento, a ex-aluna da <strong>FUNIBER<\/strong> trouxe uma contribui\u00e7\u00e3o a este campo, indicando as medidas que devem ser tomadas para n\u00e3o comprometer a sa\u00fade financeira dos futuros idosos de Manaus e que n\u00e3o tenham que, futuramente, depender exclusivamente da assist\u00eancia social ou viver em situa\u00e7\u00e3o de vulnerabilidade social.<\/p>\n<p>Leia a tese completa em:\u00a0<a href=\"http:\/\/fnbr.es\/1dy\">http:\/\/fnbr.es\/1dy<\/a><\/p>\n<p>Imagem: Alguns direitos reservados por <a href=\"https:\/\/www.flickr.com\/photos\/pasos_medios\/2502762993\/in\/photolist-4Pajf6-cJHxRY-b628gF-6zjUA8-5FPFgi-95hbuc-68F3rt-mKju6k-kSQ6WX-fLYTqc-dhMP5b-4NpgGL-arhXhE-fMguZh-btJ6ic-2QtwiS-8LQDyy-7BD1my-5aJecc-8c59n4-dG1bDg-4SUAXA-5KqurK-5Vn5XV-gKMnzv-qytfSU-qAzDC4-qAzDtg-pDKMxf-pDKMoY-qjcpws-pDKM7A-qAzCHZ-qytezy-pDZ95R-qjcoJW-qjcoA9-qjbFj9-qjcojY-qAKnMv-qAzBrR-qjbEKU-qjbECE-qAFwPy-qAKn4g-qytcR3-qjiE9k-qjiE5T-bG7MJH-bbWDRR\">Oscar Ordenes<\/a> \/ Flickr<\/p>\n","protected":false},"excerpt":{"rendered":"<p>Terezinha Lima da Silva, para a conclus\u00e3o do Mestrado em Gerontologia da FUNIBER, realizou uma pesquisa sobre o perfil econ\u00f4mico que ter\u00e3o os futuros idosos de Manaus a partir de 2030 e identificou, a partir da an\u00e1lise da situa\u00e7\u00e3o atual, as poss\u00edveis a\u00e7\u00f5es que poderiam proporcion\u00e1-los um envelhecimento ativo e de qualidade.<\/p>\n","protected":false},"author":10,"featured_media":7457,"comment_status":"closed","ping_status":"closed","sticky":false,"template":"","format":"standard","meta":{"jetpack_post_was_ever_published":false,"_jetpack_newsletter_access":"","_jetpack_newsletter_tier_id":0,"footnotes":"","jetpack_publicize_message":"","jetpack_is_tweetstorm":false,"jetpack_publicize_feature_enabled":true,"jetpack_social_post_already_shared":false,"jetpack_social_options":{"image_generator_settings":{"template":"highway","enabled":false}}},"categories":[1],"tags":[408,100,248,267,671,255,113],"jetpack_publicize_connections":[],"yoast_head":"<!-- This site is optimized with the Yoast SEO plugin v21.7 - https:\/\/yoast.com\/wordpress\/plugins\/seo\/ -->\n<title>Disserta\u00e7\u00e3o: Aluna da FUNIBER identifica problemas econ\u00f4micos dos futuros idosos de Manaus - FuniBlogs - FUNIBER<\/title>\n<meta name=\"description\" content=\"Pesquisa sobre o perfil econ\u00f4mico que ter\u00e3o os futuros idosos de Manaus a partir de 2030.\" \/>\n<meta name=\"robots\" content=\"noindex, nofollow\" \/>\n<meta property=\"og:locale\" content=\"pt_BR\" \/>\n<meta property=\"og:type\" content=\"article\" \/>\n<meta property=\"og:title\" content=\"Disserta\u00e7\u00e3o: Aluna da FUNIBER identifica problemas econ\u00f4micos dos futuros idosos de Manaus - FuniBlogs - FUNIBER\" \/>\n<meta property=\"og:description\" content=\"Pesquisa sobre o perfil econ\u00f4mico que ter\u00e3o os futuros idosos de Manaus a partir de 2030.\" \/>\n<meta property=\"og:url\" content=\"https:\/\/blogs.funiber.org\/pt\/gerontologia\/2015\/08\/13\/funiber-dissertacao-aluna-da-funiber-identifica-problemas-economicos-dos-futuros-idosos-de-manaus\" \/>\n<meta property=\"og:site_name\" content=\"FuniBlogs - FUNIBER\" \/>\n<meta property=\"article:publisher\" content=\"https:\/\/www.facebook.com\/funiber\" \/>\n<meta property=\"article:published_time\" content=\"2015-08-13T08:15:15+00:00\" \/>\n<meta property=\"og:image\" content=\"https:\/\/blogs.funiber.org\/pt\/wp-content\/uploads\/2015\/08\/2502762993_677730b179_z.jpg\" \/>\n\t<meta property=\"og:image:width\" content=\"640\" \/>\n\t<meta property=\"og:image:height\" content=\"428\" \/>\n\t<meta property=\"og:image:type\" content=\"image\/jpeg\" \/>\n<meta name=\"author\" content=\"Michelle\" \/>\n<meta name=\"twitter:card\" content=\"summary_large_image\" \/>\n<meta name=\"twitter:creator\" content=\"@FUNIBER\" \/>\n<meta name=\"twitter:site\" content=\"@FUNIBER\" \/>\n<meta name=\"twitter:label1\" content=\"Escrito por\" \/>\n\t<meta name=\"twitter:data1\" content=\"Michelle\" \/>\n\t<meta name=\"twitter:label2\" content=\"Est. tempo de leitura\" \/>\n\t<meta name=\"twitter:data2\" content=\"3 minutos\" \/>\n<script type=\"application\/ld+json\" class=\"yoast-schema-graph\">{\"@context\":\"https:\/\/schema.org\",\"@graph\":[{\"@type\":\"Article\",\"@id\":\"https:\/\/blogs.funiber.org\/pt\/gerontologia\/2015\/08\/13\/funiber-dissertacao-aluna-da-funiber-identifica-problemas-economicos-dos-futuros-idosos-de-manaus#article\",\"isPartOf\":{\"@id\":\"https:\/\/blogs.funiber.org\/pt\/gerontologia\/2015\/08\/13\/funiber-dissertacao-aluna-da-funiber-identifica-problemas-economicos-dos-futuros-idosos-de-manaus\"},\"author\":{\"name\":\"Michelle\",\"@id\":\"https:\/\/blogs.funiber.org\/pt\/#\/schema\/person\/a1eaaa5e57eac866a8c5946946bcf80d\"},\"headline\":\"Disserta\u00e7\u00e3o: Aluna da FUNIBER identifica problemas econ\u00f4micos dos futuros idosos de Manaus\",\"datePublished\":\"2015-08-13T08:15:15+00:00\",\"dateModified\":\"2015-08-13T08:15:15+00:00\",\"mainEntityOfPage\":{\"@id\":\"https:\/\/blogs.funiber.org\/pt\/gerontologia\/2015\/08\/13\/funiber-dissertacao-aluna-da-funiber-identifica-problemas-economicos-dos-futuros-idosos-de-manaus\"},\"wordCount\":696,\"publisher\":{\"@id\":\"https:\/\/blogs.funiber.org\/pt\/#organization\"},\"keywords\":[\"Educa\u00e7\u00e3o a Dist\u00e2ncia\",\"Envelhecimento\",\"Funiber\",\"Idosos\",\"mestrado\",\"Opini\u00f5es Funiber\",\"Sa\u00fade\"],\"articleSection\":[\"Gerontologia\"],\"inLanguage\":\"pt-BR\"},{\"@type\":\"WebPage\",\"@id\":\"https:\/\/blogs.funiber.org\/pt\/gerontologia\/2015\/08\/13\/funiber-dissertacao-aluna-da-funiber-identifica-problemas-economicos-dos-futuros-idosos-de-manaus\",\"url\":\"https:\/\/blogs.funiber.org\/pt\/gerontologia\/2015\/08\/13\/funiber-dissertacao-aluna-da-funiber-identifica-problemas-economicos-dos-futuros-idosos-de-manaus\",\"name\":\"Disserta\u00e7\u00e3o: Aluna da FUNIBER identifica problemas econ\u00f4micos dos futuros idosos de Manaus - FuniBlogs - FUNIBER\",\"isPartOf\":{\"@id\":\"https:\/\/blogs.funiber.org\/pt\/#website\"},\"datePublished\":\"2015-08-13T08:15:15+00:00\",\"dateModified\":\"2015-08-13T08:15:15+00:00\",\"description\":\"Pesquisa sobre o perfil econ\u00f4mico que ter\u00e3o os futuros idosos de Manaus a partir de 2030.\",\"breadcrumb\":{\"@id\":\"https:\/\/blogs.funiber.org\/pt\/gerontologia\/2015\/08\/13\/funiber-dissertacao-aluna-da-funiber-identifica-problemas-economicos-dos-futuros-idosos-de-manaus#breadcrumb\"},\"inLanguage\":\"pt-BR\",\"potentialAction\":[{\"@type\":\"ReadAction\",\"target\":[\"https:\/\/blogs.funiber.org\/pt\/gerontologia\/2015\/08\/13\/funiber-dissertacao-aluna-da-funiber-identifica-problemas-economicos-dos-futuros-idosos-de-manaus\"]}]},{\"@type\":\"BreadcrumbList\",\"@id\":\"https:\/\/blogs.funiber.org\/pt\/gerontologia\/2015\/08\/13\/funiber-dissertacao-aluna-da-funiber-identifica-problemas-economicos-dos-futuros-idosos-de-manaus#breadcrumb\",\"itemListElement\":[{\"@type\":\"ListItem\",\"position\":1,\"name\":\"In\u00edcio\",\"item\":\"https:\/\/blogs.funiber.org\/pt\"},{\"@type\":\"ListItem\",\"position\":2,\"name\":\"Disserta\u00e7\u00e3o: Aluna da FUNIBER identifica problemas econ\u00f4micos dos futuros idosos de Manaus\"}]},{\"@type\":\"WebSite\",\"@id\":\"https:\/\/blogs.funiber.org\/pt\/#website\",\"url\":\"https:\/\/blogs.funiber.org\/pt\/\",\"name\":\"FuniBlogs - FUNIBER\",\"description\":\"\",\"publisher\":{\"@id\":\"https:\/\/blogs.funiber.org\/pt\/#organization\"},\"potentialAction\":[{\"@type\":\"SearchAction\",\"target\":{\"@type\":\"EntryPoint\",\"urlTemplate\":\"https:\/\/blogs.funiber.org\/pt\/?s={search_term_string}\"},\"query-input\":\"required name=search_term_string\"}],\"inLanguage\":\"pt-BR\"},{\"@type\":\"Organization\",\"@id\":\"https:\/\/blogs.funiber.org\/pt\/#organization\",\"name\":\"FuniBlogs - FUNIBER\",\"url\":\"https:\/\/blogs.funiber.org\/pt\/\",\"logo\":{\"@type\":\"ImageObject\",\"inLanguage\":\"pt-BR\",\"@id\":\"https:\/\/blogs.funiber.org\/pt\/#\/schema\/logo\/image\/\",\"url\":\"https:\/\/www.funiber.blog\/pt\/wp-content\/uploads\/2022\/02\/logo-funiber-pt-br-v-dos.svg\",\"contentUrl\":\"https:\/\/www.funiber.blog\/pt\/wp-content\/uploads\/2022\/02\/logo-funiber-pt-br-v-dos.svg\",\"width\":1,\"height\":1,\"caption\":\"FuniBlogs - FUNIBER\"},\"image\":{\"@id\":\"https:\/\/blogs.funiber.org\/pt\/#\/schema\/logo\/image\/\"},\"sameAs\":[\"https:\/\/www.facebook.com\/funiber\",\"https:\/\/twitter.com\/FUNIBER\",\"https:\/\/www.instagram.com\/funiber_becas\",\"https:\/\/www.youtube.com\/user\/funiber\",\"https:\/\/www.linkedin.com\/company\/funiber\"]},{\"@type\":\"Person\",\"@id\":\"https:\/\/blogs.funiber.org\/pt\/#\/schema\/person\/a1eaaa5e57eac866a8c5946946bcf80d\",\"name\":\"Michelle\",\"image\":{\"@type\":\"ImageObject\",\"inLanguage\":\"pt-BR\",\"@id\":\"https:\/\/blogs.funiber.org\/pt\/#\/schema\/person\/image\/\",\"url\":\"https:\/\/secure.gravatar.com\/avatar\/5e87041f7609dc50493cf216754fece1?s=96&d=mm&r=g\",\"contentUrl\":\"https:\/\/secure.gravatar.com\/avatar\/5e87041f7609dc50493cf216754fece1?s=96&d=mm&r=g\",\"caption\":\"Michelle\"},\"url\":\"https:\/\/www.funiber.blog\/pt\/author\/michelle-moreira\"}]}<\/script>\n<!-- \/ Yoast SEO plugin. -->","yoast_head_json":{"title":"Disserta\u00e7\u00e3o: Aluna da FUNIBER identifica problemas econ\u00f4micos dos futuros idosos de Manaus - FuniBlogs - FUNIBER","description":"Pesquisa sobre o perfil econ\u00f4mico que ter\u00e3o os futuros idosos de Manaus a partir de 2030.","robots":{"index":"noindex","follow":"nofollow"},"og_locale":"pt_BR","og_type":"article","og_title":"Disserta\u00e7\u00e3o: Aluna da FUNIBER identifica problemas econ\u00f4micos dos futuros idosos de Manaus - FuniBlogs - FUNIBER","og_description":"Pesquisa sobre o perfil econ\u00f4mico que ter\u00e3o os futuros idosos de Manaus a partir de 2030.","og_url":"https:\/\/blogs.funiber.org\/pt\/gerontologia\/2015\/08\/13\/funiber-dissertacao-aluna-da-funiber-identifica-problemas-economicos-dos-futuros-idosos-de-manaus","og_site_name":"FuniBlogs - FUNIBER","article_publisher":"https:\/\/www.facebook.com\/funiber","article_published_time":"2015-08-13T08:15:15+00:00","og_image":[{"width":640,"height":428,"url":"https:\/\/blogs.funiber.org\/pt\/wp-content\/uploads\/2015\/08\/2502762993_677730b179_z.jpg","type":"image\/jpeg"}],"author":"Michelle","twitter_card":"summary_large_image","twitter_creator":"@FUNIBER","twitter_site":"@FUNIBER","twitter_misc":{"Escrito por":"Michelle","Est. tempo de leitura":"3 minutos"},"schema":{"@context":"https:\/\/schema.org","@graph":[{"@type":"Article","@id":"https:\/\/blogs.funiber.org\/pt\/gerontologia\/2015\/08\/13\/funiber-dissertacao-aluna-da-funiber-identifica-problemas-economicos-dos-futuros-idosos-de-manaus#article","isPartOf":{"@id":"https:\/\/blogs.funiber.org\/pt\/gerontologia\/2015\/08\/13\/funiber-dissertacao-aluna-da-funiber-identifica-problemas-economicos-dos-futuros-idosos-de-manaus"},"author":{"name":"Michelle","@id":"https:\/\/blogs.funiber.org\/pt\/#\/schema\/person\/a1eaaa5e57eac866a8c5946946bcf80d"},"headline":"Disserta\u00e7\u00e3o: Aluna da FUNIBER identifica problemas econ\u00f4micos dos futuros idosos de Manaus","datePublished":"2015-08-13T08:15:15+00:00","dateModified":"2015-08-13T08:15:15+00:00","mainEntityOfPage":{"@id":"https:\/\/blogs.funiber.org\/pt\/gerontologia\/2015\/08\/13\/funiber-dissertacao-aluna-da-funiber-identifica-problemas-economicos-dos-futuros-idosos-de-manaus"},"wordCount":696,"publisher":{"@id":"https:\/\/blogs.funiber.org\/pt\/#organization"},"keywords":["Educa\u00e7\u00e3o a Dist\u00e2ncia","Envelhecimento","Funiber","Idosos","mestrado","Opini\u00f5es Funiber","Sa\u00fade"],"articleSection":["Gerontologia"],"inLanguage":"pt-BR"},{"@type":"WebPage","@id":"https:\/\/blogs.funiber.org\/pt\/gerontologia\/2015\/08\/13\/funiber-dissertacao-aluna-da-funiber-identifica-problemas-economicos-dos-futuros-idosos-de-manaus","url":"https:\/\/blogs.funiber.org\/pt\/gerontologia\/2015\/08\/13\/funiber-dissertacao-aluna-da-funiber-identifica-problemas-economicos-dos-futuros-idosos-de-manaus","name":"Disserta\u00e7\u00e3o: Aluna da FUNIBER identifica problemas econ\u00f4micos dos futuros idosos de Manaus - FuniBlogs - FUNIBER","isPartOf":{"@id":"https:\/\/blogs.funiber.org\/pt\/#website"},"datePublished":"2015-08-13T08:15:15+00:00","dateModified":"2015-08-13T08:15:15+00:00","description":"Pesquisa sobre o perfil econ\u00f4mico que ter\u00e3o os futuros idosos de Manaus a partir de 2030.","breadcrumb":{"@id":"https:\/\/blogs.funiber.org\/pt\/gerontologia\/2015\/08\/13\/funiber-dissertacao-aluna-da-funiber-identifica-problemas-economicos-dos-futuros-idosos-de-manaus#breadcrumb"},"inLanguage":"pt-BR","potentialAction":[{"@type":"ReadAction","target":["https:\/\/blogs.funiber.org\/pt\/gerontologia\/2015\/08\/13\/funiber-dissertacao-aluna-da-funiber-identifica-problemas-economicos-dos-futuros-idosos-de-manaus"]}]},{"@type":"BreadcrumbList","@id":"https:\/\/blogs.funiber.org\/pt\/gerontologia\/2015\/08\/13\/funiber-dissertacao-aluna-da-funiber-identifica-problemas-economicos-dos-futuros-idosos-de-manaus#breadcrumb","itemListElement":[{"@type":"ListItem","position":1,"name":"In\u00edcio","item":"https:\/\/blogs.funiber.org\/pt"},{"@type":"ListItem","position":2,"name":"Disserta\u00e7\u00e3o: Aluna da FUNIBER identifica problemas econ\u00f4micos dos futuros idosos de Manaus"}]},{"@type":"WebSite","@id":"https:\/\/blogs.funiber.org\/pt\/#website","url":"https:\/\/blogs.funiber.org\/pt\/","name":"FuniBlogs - FUNIBER","description":"","publisher":{"@id":"https:\/\/blogs.funiber.org\/pt\/#organization"},"potentialAction":[{"@type":"SearchAction","target":{"@type":"EntryPoint","urlTemplate":"https:\/\/blogs.funiber.org\/pt\/?s={search_term_string}"},"query-input":"required name=search_term_string"}],"inLanguage":"pt-BR"},{"@type":"Organization","@id":"https:\/\/blogs.funiber.org\/pt\/#organization","name":"FuniBlogs - FUNIBER","url":"https:\/\/blogs.funiber.org\/pt\/","logo":{"@type":"ImageObject","inLanguage":"pt-BR","@id":"https:\/\/blogs.funiber.org\/pt\/#\/schema\/logo\/image\/","url":"https:\/\/www.funiber.blog\/pt\/wp-content\/uploads\/2022\/02\/logo-funiber-pt-br-v-dos.svg","contentUrl":"https:\/\/www.funiber.blog\/pt\/wp-content\/uploads\/2022\/02\/logo-funiber-pt-br-v-dos.svg","width":1,"height":1,"caption":"FuniBlogs - FUNIBER"},"image":{"@id":"https:\/\/blogs.funiber.org\/pt\/#\/schema\/logo\/image\/"},"sameAs":["https:\/\/www.facebook.com\/funiber","https:\/\/twitter.com\/FUNIBER","https:\/\/www.instagram.com\/funiber_becas","https:\/\/www.youtube.com\/user\/funiber","https:\/\/www.linkedin.com\/company\/funiber"]},{"@type":"Person","@id":"https:\/\/blogs.funiber.org\/pt\/#\/schema\/person\/a1eaaa5e57eac866a8c5946946bcf80d","name":"Michelle","image":{"@type":"ImageObject","inLanguage":"pt-BR","@id":"https:\/\/blogs.funiber.org\/pt\/#\/schema\/person\/image\/","url":"https:\/\/secure.gravatar.com\/avatar\/5e87041f7609dc50493cf216754fece1?s=96&d=mm&r=g","contentUrl":"https:\/\/secure.gravatar.com\/avatar\/5e87041f7609dc50493cf216754fece1?s=96&d=mm&r=g","caption":"Michelle"},"url":"https:\/\/www.funiber.blog\/pt\/author\/michelle-moreira"}]}},"jetpack_featured_media_url":"https:\/\/www.funiber.blog\/pt\/wp-content\/uploads\/2015\/08\/2502762993_677730b179_z.jpg","jetpack_shortlink":"https:\/\/wp.me\/p7ee1t-1Wf","jetpack_sharing_enabled":true,"_links":{"self":[{"href":"https:\/\/www.funiber.blog\/pt\/wp-json\/wp\/v2\/posts\/7455"}],"collection":[{"href":"https:\/\/www.funiber.blog\/pt\/wp-json\/wp\/v2\/posts"}],"about":[{"href":"https:\/\/www.funiber.blog\/pt\/wp-json\/wp\/v2\/types\/post"}],"author":[{"embeddable":true,"href":"https:\/\/www.funiber.blog\/pt\/wp-json\/wp\/v2\/users\/10"}],"replies":[{"embeddable":true,"href":"https:\/\/www.funiber.blog\/pt\/wp-json\/wp\/v2\/comments?post=7455"}],"version-history":[{"count":3,"href":"https:\/\/www.funiber.blog\/pt\/wp-json\/wp\/v2\/posts\/7455\/revisions"}],"predecessor-version":[{"id":7459,"href":"https:\/\/www.funiber.blog\/pt\/wp-json\/wp\/v2\/posts\/7455\/revisions\/7459"}],"wp:featuredmedia":[{"embeddable":true,"href":"https:\/\/www.funiber.blog\/pt\/wp-json\/wp\/v2\/media\/7457"}],"wp:attachment":[{"href":"https:\/\/www.funiber.blog\/pt\/wp-json\/wp\/v2\/media?parent=7455"}],"wp:term":[{"taxonomy":"category","embeddable":true,"href":"https:\/\/www.funiber.blog\/pt\/wp-json\/wp\/v2\/categories?post=7455"},{"taxonomy":"post_tag","embeddable":true,"href":"https:\/\/www.funiber.blog\/pt\/wp-json\/wp\/v2\/tags?post=7455"}],"curies":[{"name":"wp","href":"https:\/\/api.w.org\/{rel}","templated":true}]}}