{"id":7541,"date":"2015-08-15T08:48:04","date_gmt":"2015-08-15T08:48:04","guid":{"rendered":"http:\/\/blogs.funiber.org\/pt\/?p=7541"},"modified":"2015-08-18T08:57:19","modified_gmt":"2015-08-18T08:57:19","slug":"funiber-apresentacao-do-livro-branco-do-parkinson-na-espanha","status":"publish","type":"post","link":"https:\/\/www.funiber.blog\/pt\/gerontologia\/2015\/08\/15\/funiber-apresentacao-do-livro-branco-do-parkinson-na-espanha","title":{"rendered":"Apresenta\u00e7\u00e3o do Livro Branco do Parkinson na Espanha"},"content":{"rendered":"<p><a href=\"http:\/\/fedesparkinson.org\/\">A Federa\u00e7\u00e3o Espanhola de Parkinson (FEP)<\/a>\u00a0apresentou recentemente o \u201d<strong>Libro Blanco del\u00a0 P\u00e1rkinson en Espa\u00f1a: Aproximaci\u00f3n, an\u00e1lisis y propuesta de futuro\u201d,<\/strong> um livro elaborado por uma equipe de especialistas multidisciplinares que busca tra\u00e7ar um panorama da <strong>situa\u00e7\u00e3o das pessoas com Parkinson e seus familiares na Espanha<\/strong>. Entre as ideias estabelecidas no livro, prop\u00f5e-se a <strong>cria\u00e7\u00e3o de um Observat\u00f3rio Nacional da doen\u00e7a de Parkinson <\/strong>para poder gerenciar os estudos que permitam obter um perfil mais preciso das pessoas com Parkinson e seus familiares, visto que atualmente n\u00e3o existem estudos epidemiol\u00f3gicos sobre a doen\u00e7a.<!--more--><\/p>\n<p>No livro se destaca a necess\u00e1ria cria\u00e7\u00e3o de protocolos especializados dirigidos aos profissionais de Aten\u00e7\u00e3o Prim\u00e1ria, para <strong>encaminhar os pacientes \u00e0s Unidades de Transtorno de Movimento para que se preste um diagn\u00f3stico precoce<\/strong>.<\/p>\n<p>Os sintomas da doen\u00e7a de Parkinson incluem desde a rigidez, a lentid\u00e3o de movimentos e as dificuldades na coordena\u00e7\u00e3o at\u00e9 a press\u00e3o e a deteriora\u00e7\u00e3o cognitiva. Por isto \u00e9 necess\u00e1rio <strong>oferecer aos pacientes trabalhos que permitam lidar com a doen\u00e7a e prepar\u00e1-los para receber terapias de reabilita\u00e7\u00e3o, <\/strong>entre as quais se incluem a logopedia, a fisioterapia, o tratamento psicol\u00f3gico e as sess\u00f5es de apoio emocional para melhorar a qualidade de vida do paciente.<\/p>\n<p>Em 12 cap\u00edtulos o livro apresenta as <strong>principais necessidades das fam\u00edlias que cuidam de pacientes com a doen\u00e7a de Parkinson.<\/strong> Busca-se, com a publica\u00e7\u00e3o deste livro, melhorar a coordena\u00e7\u00e3o entre equipes de especialistas para obter um diagn\u00f3stico preciso de todos os pacientes com Parkinson e suas fam\u00edlias.<\/p>\n<p>A apresenta\u00e7\u00e3o do livro \u00e9 um ponto de partida para o projeto de estrat\u00e9gias e pol\u00edticas que melhorem a qualidade de vida das fam\u00edlias de pacientes com Parkinson na Espanha. \u201cO grupo de Parkinson necessita de est\u00edmulo\u201d, disse Maria Jes\u00fas Delgado, presidente da Federa\u00e7\u00e3o Espanhola de Parkinson, ressaltando esperar que o lan\u00e7amento do livro seja um come\u00e7o que lhes permita trabalhar de forma conjunta com ag\u00eancias da administra\u00e7\u00e3o do governo para melhorar a situa\u00e7\u00e3o das fam\u00edlias espanholas que lidam com o Parkinson. <strong>Calcula-se que 160 mil fam\u00edlias sofrem com o Parkinson na Espanha, mas os dados n\u00e3o s\u00e3o precisos, <\/strong>apenas se t\u00eam estimativas sobre o que pode estar ocorrendo com as fam\u00edlias, por isso se prop\u00f5e a cria\u00e7\u00e3o do Observat\u00f3rio do Parkinson para obter dados confi\u00e1veis que permitam abordar de forma mais realista os aspectos demogr\u00e1ficos, assistenciais e sociais em torno desta doen\u00e7a.<\/p>\n<p>Os alunos da\u00a0<a href=\"http:\/\/www.funiber.org.br\/areas-de-conhecimento\/saude-e-nutricao\/gerontologia\/\" target=\"_blank\"><strong>especializa\u00e7\u00e3o de gerontologia<\/strong><strong>\u00a0<\/strong><\/a><strong>da<\/strong><strong>\u00a0<\/strong><a href=\"http:\/\/www.funiber.org.br\/\" target=\"_blank\"><strong>FUNIBER<\/strong><\/a>\u00a0se preparam para desenvolver pol\u00edticas p\u00fablicas e estrat\u00e9gias para beneficiar as pessoas da terceira idade.<\/p>\n<p><a href=\"http:\/\/www.fedesparkinson.org\/libro_blanco.pdf\">Download do \u2018Libro Blanco del P\u00e1rkinson: Aproximaci\u00f3n, an\u00e1lisis y propuesta de futuro\u2019<\/a> (em espanhol).<\/p>\n<p>Fonte:\u00a0<a href=\"http:\/\/fedesparkinson.org\/\">Fedesparkinson.org<\/a><\/p>\n<p>Foto:\u00a0<a href=\"https:\/\/www.flickr.com\/photos\/kevinkrejci\/16138662851\/\">Kevin Kejci<\/a><\/p>\n","protected":false},"excerpt":{"rendered":"<p>A Federa\u00e7\u00e3o Espanhola de Parkinson (FEP)\u00a0apresentou recentemente o \u201dLibro Blanco del\u00a0 P\u00e1rkinson en Espa\u00f1a: Aproximaci\u00f3n, an\u00e1lisis y propuesta de futuro\u201d, um livro elaborado por uma equipe de especialistas multidisciplinares que busca tra\u00e7ar um panorama da situa\u00e7\u00e3o das pessoas com Parkinson e seus familiares na Espanha. Entre as ideias estabelecidas no livro, prop\u00f5e-se a cria\u00e7\u00e3o de [&hellip;]<\/p>\n","protected":false},"author":10,"featured_media":7542,"comment_status":"closed","ping_status":"closed","sticky":false,"template":"","format":"standard","meta":{"jetpack_post_was_ever_published":false,"_jetpack_newsletter_access":"","_jetpack_newsletter_tier_id":0,"footnotes":"","jetpack_publicize_message":"","jetpack_is_tweetstorm":false,"jetpack_publicize_feature_enabled":true,"jetpack_social_post_already_shared":false,"jetpack_social_options":{"image_generator_settings":{"template":"highway","enabled":false}}},"categories":[1],"tags":[122,285,408,248,739,267,641,255,746,132,113,126],"jetpack_publicize_connections":[],"yoast_head":"<!-- This site is optimized with the Yoast SEO plugin v21.7 - https:\/\/yoast.com\/wordpress\/plugins\/seo\/ -->\n<title>Apresenta\u00e7\u00e3o do Livro Branco do Parkinson na Espanha - FuniBlogs - FUNIBER<\/title>\n<meta name=\"description\" content=\"A Federa\u00e7\u00e3o Espanhola de Parkinson (FEP) apresentou recentemente o \u201dLibro Blanco del Parkinson en Espa\u00f1a: Aproximaci\u00f3n, an\u00e1lisis y propuesta de futuro\u201d\" \/>\n<meta name=\"robots\" content=\"noindex, nofollow\" \/>\n<meta property=\"og:locale\" content=\"pt_BR\" \/>\n<meta property=\"og:type\" content=\"article\" \/>\n<meta property=\"og:title\" content=\"Apresenta\u00e7\u00e3o do Livro Branco do Parkinson na Espanha - FuniBlogs - FUNIBER\" \/>\n<meta property=\"og:description\" content=\"A Federa\u00e7\u00e3o Espanhola de Parkinson (FEP) apresentou recentemente o \u201dLibro Blanco del Parkinson en Espa\u00f1a: Aproximaci\u00f3n, an\u00e1lisis y propuesta de futuro\u201d\" \/>\n<meta property=\"og:url\" content=\"https:\/\/blogs.funiber.org\/pt\/gerontologia\/2015\/08\/15\/funiber-apresentacao-do-livro-branco-do-parkinson-na-espanha\" \/>\n<meta property=\"og:site_name\" content=\"FuniBlogs - FUNIBER\" \/>\n<meta property=\"article:publisher\" content=\"https:\/\/www.facebook.com\/funiber\" \/>\n<meta property=\"article:published_time\" content=\"2015-08-15T08:48:04+00:00\" \/>\n<meta property=\"article:modified_time\" content=\"2015-08-18T08:57:19+00:00\" \/>\n<meta property=\"og:image\" content=\"https:\/\/blogs.funiber.org\/pt\/wp-content\/uploads\/2015\/08\/funiber-parkinson1.jpg\" \/>\n\t<meta property=\"og:image:width\" content=\"500\" \/>\n\t<meta property=\"og:image:height\" content=\"332\" \/>\n\t<meta property=\"og:image:type\" content=\"image\/jpeg\" \/>\n<meta name=\"author\" content=\"Michelle\" \/>\n<meta name=\"twitter:card\" content=\"summary_large_image\" \/>\n<meta name=\"twitter:creator\" content=\"@FUNIBER\" \/>\n<meta name=\"twitter:site\" content=\"@FUNIBER\" \/>\n<meta name=\"twitter:label1\" content=\"Escrito por\" \/>\n\t<meta name=\"twitter:data1\" content=\"Michelle\" \/>\n\t<meta name=\"twitter:label2\" content=\"Est. tempo de leitura\" \/>\n\t<meta name=\"twitter:data2\" content=\"2 minutos\" \/>\n<script type=\"application\/ld+json\" class=\"yoast-schema-graph\">{\"@context\":\"https:\/\/schema.org\",\"@graph\":[{\"@type\":\"Article\",\"@id\":\"https:\/\/blogs.funiber.org\/pt\/gerontologia\/2015\/08\/15\/funiber-apresentacao-do-livro-branco-do-parkinson-na-espanha#article\",\"isPartOf\":{\"@id\":\"https:\/\/blogs.funiber.org\/pt\/gerontologia\/2015\/08\/15\/funiber-apresentacao-do-livro-branco-do-parkinson-na-espanha\"},\"author\":{\"name\":\"Michelle\",\"@id\":\"https:\/\/blogs.funiber.org\/pt\/#\/schema\/person\/a1eaaa5e57eac866a8c5946946bcf80d\"},\"headline\":\"Apresenta\u00e7\u00e3o do Livro Branco do Parkinson na Espanha\",\"datePublished\":\"2015-08-15T08:48:04+00:00\",\"dateModified\":\"2015-08-18T08:57:19+00:00\",\"mainEntityOfPage\":{\"@id\":\"https:\/\/blogs.funiber.org\/pt\/gerontologia\/2015\/08\/15\/funiber-apresentacao-do-livro-branco-do-parkinson-na-espanha\"},\"wordCount\":504,\"publisher\":{\"@id\":\"https:\/\/blogs.funiber.org\/pt\/#organization\"},\"keywords\":[\"Doen\u00e7as\",\"Educa\u00e7\u00e3o\",\"Educa\u00e7\u00e3o a Dist\u00e2ncia\",\"Funiber\",\"gerontologia\",\"Idosos\",\"Opini\u00e3o FUNIBER\",\"Opini\u00f5es Funiber\",\"Parkinson\",\"Preven\u00e7\u00e3o\",\"Sa\u00fade\",\"Treinamento\"],\"articleSection\":[\"Gerontologia\"],\"inLanguage\":\"pt-BR\"},{\"@type\":\"WebPage\",\"@id\":\"https:\/\/blogs.funiber.org\/pt\/gerontologia\/2015\/08\/15\/funiber-apresentacao-do-livro-branco-do-parkinson-na-espanha\",\"url\":\"https:\/\/blogs.funiber.org\/pt\/gerontologia\/2015\/08\/15\/funiber-apresentacao-do-livro-branco-do-parkinson-na-espanha\",\"name\":\"Apresenta\u00e7\u00e3o do Livro Branco do Parkinson na Espanha - FuniBlogs - FUNIBER\",\"isPartOf\":{\"@id\":\"https:\/\/blogs.funiber.org\/pt\/#website\"},\"datePublished\":\"2015-08-15T08:48:04+00:00\",\"dateModified\":\"2015-08-18T08:57:19+00:00\",\"description\":\"A Federa\u00e7\u00e3o Espanhola de Parkinson (FEP) apresentou recentemente o \u201dLibro Blanco del Parkinson en Espa\u00f1a: Aproximaci\u00f3n, an\u00e1lisis y propuesta de futuro\u201d\",\"breadcrumb\":{\"@id\":\"https:\/\/blogs.funiber.org\/pt\/gerontologia\/2015\/08\/15\/funiber-apresentacao-do-livro-branco-do-parkinson-na-espanha#breadcrumb\"},\"inLanguage\":\"pt-BR\",\"potentialAction\":[{\"@type\":\"ReadAction\",\"target\":[\"https:\/\/blogs.funiber.org\/pt\/gerontologia\/2015\/08\/15\/funiber-apresentacao-do-livro-branco-do-parkinson-na-espanha\"]}]},{\"@type\":\"BreadcrumbList\",\"@id\":\"https:\/\/blogs.funiber.org\/pt\/gerontologia\/2015\/08\/15\/funiber-apresentacao-do-livro-branco-do-parkinson-na-espanha#breadcrumb\",\"itemListElement\":[{\"@type\":\"ListItem\",\"position\":1,\"name\":\"In\u00edcio\",\"item\":\"https:\/\/blogs.funiber.org\/pt\"},{\"@type\":\"ListItem\",\"position\":2,\"name\":\"Apresenta\u00e7\u00e3o do Livro Branco do Parkinson na Espanha\"}]},{\"@type\":\"WebSite\",\"@id\":\"https:\/\/blogs.funiber.org\/pt\/#website\",\"url\":\"https:\/\/blogs.funiber.org\/pt\/\",\"name\":\"FuniBlogs - FUNIBER\",\"description\":\"\",\"publisher\":{\"@id\":\"https:\/\/blogs.funiber.org\/pt\/#organization\"},\"potentialAction\":[{\"@type\":\"SearchAction\",\"target\":{\"@type\":\"EntryPoint\",\"urlTemplate\":\"https:\/\/blogs.funiber.org\/pt\/?s={search_term_string}\"},\"query-input\":\"required name=search_term_string\"}],\"inLanguage\":\"pt-BR\"},{\"@type\":\"Organization\",\"@id\":\"https:\/\/blogs.funiber.org\/pt\/#organization\",\"name\":\"FuniBlogs - FUNIBER\",\"url\":\"https:\/\/blogs.funiber.org\/pt\/\",\"logo\":{\"@type\":\"ImageObject\",\"inLanguage\":\"pt-BR\",\"@id\":\"https:\/\/blogs.funiber.org\/pt\/#\/schema\/logo\/image\/\",\"url\":\"https:\/\/www.funiber.blog\/pt\/wp-content\/uploads\/2022\/02\/logo-funiber-pt-br-v-dos.svg\",\"contentUrl\":\"https:\/\/www.funiber.blog\/pt\/wp-content\/uploads\/2022\/02\/logo-funiber-pt-br-v-dos.svg\",\"width\":1,\"height\":1,\"caption\":\"FuniBlogs - FUNIBER\"},\"image\":{\"@id\":\"https:\/\/blogs.funiber.org\/pt\/#\/schema\/logo\/image\/\"},\"sameAs\":[\"https:\/\/www.facebook.com\/funiber\",\"https:\/\/twitter.com\/FUNIBER\",\"https:\/\/www.instagram.com\/funiber_becas\",\"https:\/\/www.youtube.com\/user\/funiber\",\"https:\/\/www.linkedin.com\/company\/funiber\"]},{\"@type\":\"Person\",\"@id\":\"https:\/\/blogs.funiber.org\/pt\/#\/schema\/person\/a1eaaa5e57eac866a8c5946946bcf80d\",\"name\":\"Michelle\",\"image\":{\"@type\":\"ImageObject\",\"inLanguage\":\"pt-BR\",\"@id\":\"https:\/\/blogs.funiber.org\/pt\/#\/schema\/person\/image\/\",\"url\":\"https:\/\/secure.gravatar.com\/avatar\/5e87041f7609dc50493cf216754fece1?s=96&d=mm&r=g\",\"contentUrl\":\"https:\/\/secure.gravatar.com\/avatar\/5e87041f7609dc50493cf216754fece1?s=96&d=mm&r=g\",\"caption\":\"Michelle\"},\"url\":\"https:\/\/www.funiber.blog\/pt\/author\/michelle-moreira\"}]}<\/script>\n<!-- \/ Yoast SEO plugin. -->","yoast_head_json":{"title":"Apresenta\u00e7\u00e3o do Livro Branco do Parkinson na Espanha - FuniBlogs - FUNIBER","description":"A Federa\u00e7\u00e3o Espanhola de Parkinson (FEP) apresentou recentemente o \u201dLibro Blanco del Parkinson en Espa\u00f1a: Aproximaci\u00f3n, an\u00e1lisis y propuesta de futuro\u201d","robots":{"index":"noindex","follow":"nofollow"},"og_locale":"pt_BR","og_type":"article","og_title":"Apresenta\u00e7\u00e3o do Livro Branco do Parkinson na Espanha - FuniBlogs - FUNIBER","og_description":"A Federa\u00e7\u00e3o Espanhola de Parkinson (FEP) apresentou recentemente o \u201dLibro Blanco del Parkinson en Espa\u00f1a: Aproximaci\u00f3n, an\u00e1lisis y propuesta de futuro\u201d","og_url":"https:\/\/blogs.funiber.org\/pt\/gerontologia\/2015\/08\/15\/funiber-apresentacao-do-livro-branco-do-parkinson-na-espanha","og_site_name":"FuniBlogs - FUNIBER","article_publisher":"https:\/\/www.facebook.com\/funiber","article_published_time":"2015-08-15T08:48:04+00:00","article_modified_time":"2015-08-18T08:57:19+00:00","og_image":[{"width":500,"height":332,"url":"https:\/\/blogs.funiber.org\/pt\/wp-content\/uploads\/2015\/08\/funiber-parkinson1.jpg","type":"image\/jpeg"}],"author":"Michelle","twitter_card":"summary_large_image","twitter_creator":"@FUNIBER","twitter_site":"@FUNIBER","twitter_misc":{"Escrito por":"Michelle","Est. tempo de leitura":"2 minutos"},"schema":{"@context":"https:\/\/schema.org","@graph":[{"@type":"Article","@id":"https:\/\/blogs.funiber.org\/pt\/gerontologia\/2015\/08\/15\/funiber-apresentacao-do-livro-branco-do-parkinson-na-espanha#article","isPartOf":{"@id":"https:\/\/blogs.funiber.org\/pt\/gerontologia\/2015\/08\/15\/funiber-apresentacao-do-livro-branco-do-parkinson-na-espanha"},"author":{"name":"Michelle","@id":"https:\/\/blogs.funiber.org\/pt\/#\/schema\/person\/a1eaaa5e57eac866a8c5946946bcf80d"},"headline":"Apresenta\u00e7\u00e3o do Livro Branco do Parkinson na Espanha","datePublished":"2015-08-15T08:48:04+00:00","dateModified":"2015-08-18T08:57:19+00:00","mainEntityOfPage":{"@id":"https:\/\/blogs.funiber.org\/pt\/gerontologia\/2015\/08\/15\/funiber-apresentacao-do-livro-branco-do-parkinson-na-espanha"},"wordCount":504,"publisher":{"@id":"https:\/\/blogs.funiber.org\/pt\/#organization"},"keywords":["Doen\u00e7as","Educa\u00e7\u00e3o","Educa\u00e7\u00e3o a Dist\u00e2ncia","Funiber","gerontologia","Idosos","Opini\u00e3o FUNIBER","Opini\u00f5es Funiber","Parkinson","Preven\u00e7\u00e3o","Sa\u00fade","Treinamento"],"articleSection":["Gerontologia"],"inLanguage":"pt-BR"},{"@type":"WebPage","@id":"https:\/\/blogs.funiber.org\/pt\/gerontologia\/2015\/08\/15\/funiber-apresentacao-do-livro-branco-do-parkinson-na-espanha","url":"https:\/\/blogs.funiber.org\/pt\/gerontologia\/2015\/08\/15\/funiber-apresentacao-do-livro-branco-do-parkinson-na-espanha","name":"Apresenta\u00e7\u00e3o do Livro Branco do Parkinson na Espanha - FuniBlogs - FUNIBER","isPartOf":{"@id":"https:\/\/blogs.funiber.org\/pt\/#website"},"datePublished":"2015-08-15T08:48:04+00:00","dateModified":"2015-08-18T08:57:19+00:00","description":"A Federa\u00e7\u00e3o Espanhola de Parkinson (FEP) apresentou recentemente o \u201dLibro Blanco del Parkinson en Espa\u00f1a: Aproximaci\u00f3n, an\u00e1lisis y propuesta de futuro\u201d","breadcrumb":{"@id":"https:\/\/blogs.funiber.org\/pt\/gerontologia\/2015\/08\/15\/funiber-apresentacao-do-livro-branco-do-parkinson-na-espanha#breadcrumb"},"inLanguage":"pt-BR","potentialAction":[{"@type":"ReadAction","target":["https:\/\/blogs.funiber.org\/pt\/gerontologia\/2015\/08\/15\/funiber-apresentacao-do-livro-branco-do-parkinson-na-espanha"]}]},{"@type":"BreadcrumbList","@id":"https:\/\/blogs.funiber.org\/pt\/gerontologia\/2015\/08\/15\/funiber-apresentacao-do-livro-branco-do-parkinson-na-espanha#breadcrumb","itemListElement":[{"@type":"ListItem","position":1,"name":"In\u00edcio","item":"https:\/\/blogs.funiber.org\/pt"},{"@type":"ListItem","position":2,"name":"Apresenta\u00e7\u00e3o do Livro Branco do Parkinson na Espanha"}]},{"@type":"WebSite","@id":"https:\/\/blogs.funiber.org\/pt\/#website","url":"https:\/\/blogs.funiber.org\/pt\/","name":"FuniBlogs - FUNIBER","description":"","publisher":{"@id":"https:\/\/blogs.funiber.org\/pt\/#organization"},"potentialAction":[{"@type":"SearchAction","target":{"@type":"EntryPoint","urlTemplate":"https:\/\/blogs.funiber.org\/pt\/?s={search_term_string}"},"query-input":"required name=search_term_string"}],"inLanguage":"pt-BR"},{"@type":"Organization","@id":"https:\/\/blogs.funiber.org\/pt\/#organization","name":"FuniBlogs - FUNIBER","url":"https:\/\/blogs.funiber.org\/pt\/","logo":{"@type":"ImageObject","inLanguage":"pt-BR","@id":"https:\/\/blogs.funiber.org\/pt\/#\/schema\/logo\/image\/","url":"https:\/\/www.funiber.blog\/pt\/wp-content\/uploads\/2022\/02\/logo-funiber-pt-br-v-dos.svg","contentUrl":"https:\/\/www.funiber.blog\/pt\/wp-content\/uploads\/2022\/02\/logo-funiber-pt-br-v-dos.svg","width":1,"height":1,"caption":"FuniBlogs - FUNIBER"},"image":{"@id":"https:\/\/blogs.funiber.org\/pt\/#\/schema\/logo\/image\/"},"sameAs":["https:\/\/www.facebook.com\/funiber","https:\/\/twitter.com\/FUNIBER","https:\/\/www.instagram.com\/funiber_becas","https:\/\/www.youtube.com\/user\/funiber","https:\/\/www.linkedin.com\/company\/funiber"]},{"@type":"Person","@id":"https:\/\/blogs.funiber.org\/pt\/#\/schema\/person\/a1eaaa5e57eac866a8c5946946bcf80d","name":"Michelle","image":{"@type":"ImageObject","inLanguage":"pt-BR","@id":"https:\/\/blogs.funiber.org\/pt\/#\/schema\/person\/image\/","url":"https:\/\/secure.gravatar.com\/avatar\/5e87041f7609dc50493cf216754fece1?s=96&d=mm&r=g","contentUrl":"https:\/\/secure.gravatar.com\/avatar\/5e87041f7609dc50493cf216754fece1?s=96&d=mm&r=g","caption":"Michelle"},"url":"https:\/\/www.funiber.blog\/pt\/author\/michelle-moreira"}]}},"jetpack_featured_media_url":"https:\/\/www.funiber.blog\/pt\/wp-content\/uploads\/2015\/08\/funiber-parkinson1.jpg","jetpack_shortlink":"https:\/\/wp.me\/p7ee1t-1XD","jetpack_sharing_enabled":true,"_links":{"self":[{"href":"https:\/\/www.funiber.blog\/pt\/wp-json\/wp\/v2\/posts\/7541"}],"collection":[{"href":"https:\/\/www.funiber.blog\/pt\/wp-json\/wp\/v2\/posts"}],"about":[{"href":"https:\/\/www.funiber.blog\/pt\/wp-json\/wp\/v2\/types\/post"}],"author":[{"embeddable":true,"href":"https:\/\/www.funiber.blog\/pt\/wp-json\/wp\/v2\/users\/10"}],"replies":[{"embeddable":true,"href":"https:\/\/www.funiber.blog\/pt\/wp-json\/wp\/v2\/comments?post=7541"}],"version-history":[{"count":1,"href":"https:\/\/www.funiber.blog\/pt\/wp-json\/wp\/v2\/posts\/7541\/revisions"}],"predecessor-version":[{"id":7543,"href":"https:\/\/www.funiber.blog\/pt\/wp-json\/wp\/v2\/posts\/7541\/revisions\/7543"}],"wp:featuredmedia":[{"embeddable":true,"href":"https:\/\/www.funiber.blog\/pt\/wp-json\/wp\/v2\/media\/7542"}],"wp:attachment":[{"href":"https:\/\/www.funiber.blog\/pt\/wp-json\/wp\/v2\/media?parent=7541"}],"wp:term":[{"taxonomy":"category","embeddable":true,"href":"https:\/\/www.funiber.blog\/pt\/wp-json\/wp\/v2\/categories?post=7541"},{"taxonomy":"post_tag","embeddable":true,"href":"https:\/\/www.funiber.blog\/pt\/wp-json\/wp\/v2\/tags?post=7541"}],"curies":[{"name":"wp","href":"https:\/\/api.w.org\/{rel}","templated":true}]}}