{"id":7545,"date":"2015-08-15T08:59:52","date_gmt":"2015-08-15T08:59:52","guid":{"rendered":"http:\/\/blogs.funiber.org\/pt\/?p=7545"},"modified":"2015-08-18T10:03:11","modified_gmt":"2015-08-18T10:03:11","slug":"funiber-questoes-eticas-da-demencia","status":"publish","type":"post","link":"https:\/\/www.funiber.blog\/pt\/gerontologia\/2015\/08\/15\/funiber-questoes-eticas-da-demencia","title":{"rendered":"Quest\u00f5es \u00e9ticas da dem\u00eancia"},"content":{"rendered":"<p>O tratamento de pacientes nas primeiras etapas de desenvolvimento da dem\u00eancia n\u00e3o envolve apenas o enfermo, mas tamb\u00e9m a informa\u00e7\u00e3o que dele se obt\u00e9m. <a href=\"http:\/\/rebeccaannjohnson.weebly.com\/\" target=\"_blank\">Rebecca A. Johnson<\/a> e Jason Karlawish apresentaram um estudo no qual levantam <strong>quest\u00f5es \u00e9ticas relacionadas aos tratamentos para combater a dem\u00eancia<\/strong>.<!--more--><\/p>\n<p>Os pesquisadores abordam tr\u00eas quest\u00f5es como eixos principais a considerar ao realizar tratamentos de dem\u00eancia:<\/p>\n<p>&#8211; A presen\u00e7a de categorias de <strong>pacientes com risco de dem\u00eancia<\/strong>, mas fora do ambiente cl\u00ednico. Abordando quest\u00f5es sobre as medidas preventivas, o risco de divulga\u00e7\u00e3o de informa\u00e7\u00f5es relacionadas \u00e0 sua doen\u00e7a e combatendo o estigma e a discrimina\u00e7\u00e3o.<\/p>\n<p>\u2013 Apesar dos esfor\u00e7os para prevenir a dem\u00eancia, as pesquisas que procuram aliviar os sintomas da dem\u00eancia necessitam de prote\u00e7\u00f5es para <strong>recrutar de forma \u00e9tica as pessoas com dem\u00eancia.<\/strong><\/p>\n<p>\u2013 As <strong>pessoas que participam de pesquisas e atividades de preven\u00e7\u00e3o precisam continuar suas vidas <\/strong>com a dem\u00eancia<strong>.<\/strong><\/p>\n<p>A partir destes questionamentos surgem dois grandes temas: como expandir os limites da dem\u00eancia? Como, no caso do Alzheimer, quando <strong>h\u00e1 aus\u00eancia de sintomas, mas com risco, gerando novos problemas \u00e9ticos<\/strong>. Um dos caminhos poderia ser uma aproxima\u00e7\u00e3o integrando as \u00e9ticas da dem\u00eancia, que podem incluir dados relacionados aos termos \u00e9ticos no projeto das pesquisas da dem\u00eancia.<\/p>\n<p>O outro ponto a considerar nesta linha \u00e9 a incorpora\u00e7\u00e3o de quest\u00f5es de uma perspectiva interdisciplinar, incluindo perguntas sobre a sa\u00fade nos contratos de seguro para prestar cuidados de longa dura\u00e7\u00e3o. Estas perguntas podem contemplar temas como voto e carteira de motorista, e at\u00e9 abordar quest\u00f5es relacionadas ao trabalho, onde se deve considerar a necessidade de gerar<strong> um equil\u00edbrio na autoridade dos empregadores para obter for\u00e7a de trabalho saud\u00e1vel e produtiva, em contraste com o direito dos empregados para evitar a discrimina\u00e7\u00e3o em fun\u00e7\u00e3o dos riscos de dem\u00eancia dos idosos.<\/strong><\/p>\n<p>O estudo foi publicado em: International Psychogeriatrics.<\/p>\n<p>Fonte:<br \/>\n<a href=\"http:\/\/jnls.cup.org\/abstract.do?componentId=9766202&amp;jid=IPG&amp;iid=209920#.VYM21flVhVJ\">http:\/\/jnls.cup.org\/abstract.do?componentId=9766202&amp;jid=IPG&amp;iid=209920#.VYM21flVhVJ<\/a><\/p>\n<p>Foto: Todos os direitos reservados.<\/p>\n","protected":false},"excerpt":{"rendered":"<p>O tratamento de pacientes nas primeiras etapas de desenvolvimento da dem\u00eancia n\u00e3o envolve apenas o enfermo, mas tamb\u00e9m a informa\u00e7\u00e3o que dele se obt\u00e9m. Rebecca A. Johnson e Jason Karlawish apresentaram um estudo no qual levantam quest\u00f5es \u00e9ticas relacionadas aos tratamentos para combater a dem\u00eancia.<\/p>\n","protected":false},"author":10,"featured_media":7546,"comment_status":"closed","ping_status":"closed","sticky":false,"template":"","format":"standard","meta":{"jetpack_post_was_ever_published":false,"_jetpack_newsletter_access":"","_jetpack_newsletter_tier_id":0,"footnotes":"","jetpack_publicize_message":"","jetpack_is_tweetstorm":false,"jetpack_publicize_feature_enabled":true,"jetpack_social_post_already_shared":false,"jetpack_social_options":{"image_generator_settings":{"template":"highway","enabled":false}}},"categories":[1],"tags":[228,733,408,100,712,248,267,671,641,255],"jetpack_publicize_connections":[],"yoast_head":"<!-- This site is optimized with the Yoast SEO plugin v21.7 - https:\/\/yoast.com\/wordpress\/plugins\/seo\/ -->\n<title>Quest\u00f5es \u00e9ticas da dem\u00eancia - FuniBlogs - FUNIBER<\/title>\n<meta name=\"description\" content=\"A partir de estudo, pesquisadores levantam quest\u00f5es \u00e9ticas relacionadas aos tratamentos para combater a dem\u00eancia.\" \/>\n<meta name=\"robots\" content=\"noindex, nofollow\" \/>\n<meta property=\"og:locale\" content=\"pt_BR\" \/>\n<meta property=\"og:type\" content=\"article\" \/>\n<meta property=\"og:title\" content=\"Quest\u00f5es \u00e9ticas da dem\u00eancia - FuniBlogs - FUNIBER\" \/>\n<meta property=\"og:description\" content=\"A partir de estudo, pesquisadores levantam quest\u00f5es \u00e9ticas relacionadas aos tratamentos para combater a dem\u00eancia.\" \/>\n<meta property=\"og:url\" content=\"https:\/\/blogs.funiber.org\/pt\/gerontologia\/2015\/08\/15\/funiber-questoes-eticas-da-demencia\" \/>\n<meta property=\"og:site_name\" content=\"FuniBlogs - FUNIBER\" \/>\n<meta property=\"article:publisher\" content=\"https:\/\/www.facebook.com\/funiber\" \/>\n<meta property=\"article:published_time\" content=\"2015-08-15T08:59:52+00:00\" \/>\n<meta property=\"article:modified_time\" content=\"2015-08-18T10:03:11+00:00\" \/>\n<meta property=\"og:image\" content=\"https:\/\/blogs.funiber.org\/pt\/wp-content\/uploads\/2015\/08\/iStock_000018327867_Peque\u00f1o.jpg\" \/>\n\t<meta property=\"og:image:width\" content=\"672\" \/>\n\t<meta property=\"og:image:height\" content=\"448\" \/>\n\t<meta property=\"og:image:type\" content=\"image\/jpeg\" \/>\n<meta name=\"author\" content=\"Michelle\" \/>\n<meta name=\"twitter:card\" content=\"summary_large_image\" \/>\n<meta name=\"twitter:creator\" content=\"@FUNIBER\" \/>\n<meta name=\"twitter:site\" content=\"@FUNIBER\" \/>\n<meta name=\"twitter:label1\" content=\"Escrito por\" \/>\n\t<meta name=\"twitter:data1\" content=\"Michelle\" \/>\n\t<meta name=\"twitter:label2\" content=\"Est. tempo de leitura\" \/>\n\t<meta name=\"twitter:data2\" content=\"2 minutos\" \/>\n<script type=\"application\/ld+json\" class=\"yoast-schema-graph\">{\"@context\":\"https:\/\/schema.org\",\"@graph\":[{\"@type\":\"Article\",\"@id\":\"https:\/\/blogs.funiber.org\/pt\/gerontologia\/2015\/08\/15\/funiber-questoes-eticas-da-demencia#article\",\"isPartOf\":{\"@id\":\"https:\/\/blogs.funiber.org\/pt\/gerontologia\/2015\/08\/15\/funiber-questoes-eticas-da-demencia\"},\"author\":{\"name\":\"Michelle\",\"@id\":\"https:\/\/blogs.funiber.org\/pt\/#\/schema\/person\/a1eaaa5e57eac866a8c5946946bcf80d\"},\"headline\":\"Quest\u00f5es \u00e9ticas da dem\u00eancia\",\"datePublished\":\"2015-08-15T08:59:52+00:00\",\"dateModified\":\"2015-08-18T10:03:11+00:00\",\"mainEntityOfPage\":{\"@id\":\"https:\/\/blogs.funiber.org\/pt\/gerontologia\/2015\/08\/15\/funiber-questoes-eticas-da-demencia\"},\"wordCount\":363,\"publisher\":{\"@id\":\"https:\/\/blogs.funiber.org\/pt\/#organization\"},\"keywords\":[\"Cuidados\",\"Dem\u00eancia\",\"Educa\u00e7\u00e3o a Dist\u00e2ncia\",\"Envelhecimento\",\"\u00c9tica\",\"Funiber\",\"Idosos\",\"mestrado\",\"Opini\u00e3o FUNIBER\",\"Opini\u00f5es Funiber\"],\"articleSection\":[\"Gerontologia\"],\"inLanguage\":\"pt-BR\"},{\"@type\":\"WebPage\",\"@id\":\"https:\/\/blogs.funiber.org\/pt\/gerontologia\/2015\/08\/15\/funiber-questoes-eticas-da-demencia\",\"url\":\"https:\/\/blogs.funiber.org\/pt\/gerontologia\/2015\/08\/15\/funiber-questoes-eticas-da-demencia\",\"name\":\"Quest\u00f5es \u00e9ticas da dem\u00eancia - FuniBlogs - FUNIBER\",\"isPartOf\":{\"@id\":\"https:\/\/blogs.funiber.org\/pt\/#website\"},\"datePublished\":\"2015-08-15T08:59:52+00:00\",\"dateModified\":\"2015-08-18T10:03:11+00:00\",\"description\":\"A partir de estudo, pesquisadores levantam quest\u00f5es \u00e9ticas relacionadas aos tratamentos para combater a dem\u00eancia.\",\"breadcrumb\":{\"@id\":\"https:\/\/blogs.funiber.org\/pt\/gerontologia\/2015\/08\/15\/funiber-questoes-eticas-da-demencia#breadcrumb\"},\"inLanguage\":\"pt-BR\",\"potentialAction\":[{\"@type\":\"ReadAction\",\"target\":[\"https:\/\/blogs.funiber.org\/pt\/gerontologia\/2015\/08\/15\/funiber-questoes-eticas-da-demencia\"]}]},{\"@type\":\"BreadcrumbList\",\"@id\":\"https:\/\/blogs.funiber.org\/pt\/gerontologia\/2015\/08\/15\/funiber-questoes-eticas-da-demencia#breadcrumb\",\"itemListElement\":[{\"@type\":\"ListItem\",\"position\":1,\"name\":\"In\u00edcio\",\"item\":\"https:\/\/blogs.funiber.org\/pt\"},{\"@type\":\"ListItem\",\"position\":2,\"name\":\"Quest\u00f5es \u00e9ticas da dem\u00eancia\"}]},{\"@type\":\"WebSite\",\"@id\":\"https:\/\/blogs.funiber.org\/pt\/#website\",\"url\":\"https:\/\/blogs.funiber.org\/pt\/\",\"name\":\"FuniBlogs - FUNIBER\",\"description\":\"\",\"publisher\":{\"@id\":\"https:\/\/blogs.funiber.org\/pt\/#organization\"},\"potentialAction\":[{\"@type\":\"SearchAction\",\"target\":{\"@type\":\"EntryPoint\",\"urlTemplate\":\"https:\/\/blogs.funiber.org\/pt\/?s={search_term_string}\"},\"query-input\":\"required name=search_term_string\"}],\"inLanguage\":\"pt-BR\"},{\"@type\":\"Organization\",\"@id\":\"https:\/\/blogs.funiber.org\/pt\/#organization\",\"name\":\"FuniBlogs - FUNIBER\",\"url\":\"https:\/\/blogs.funiber.org\/pt\/\",\"logo\":{\"@type\":\"ImageObject\",\"inLanguage\":\"pt-BR\",\"@id\":\"https:\/\/blogs.funiber.org\/pt\/#\/schema\/logo\/image\/\",\"url\":\"https:\/\/www.funiber.blog\/pt\/wp-content\/uploads\/2022\/02\/logo-funiber-pt-br-v-dos.svg\",\"contentUrl\":\"https:\/\/www.funiber.blog\/pt\/wp-content\/uploads\/2022\/02\/logo-funiber-pt-br-v-dos.svg\",\"width\":1,\"height\":1,\"caption\":\"FuniBlogs - FUNIBER\"},\"image\":{\"@id\":\"https:\/\/blogs.funiber.org\/pt\/#\/schema\/logo\/image\/\"},\"sameAs\":[\"https:\/\/www.facebook.com\/funiber\",\"https:\/\/twitter.com\/FUNIBER\",\"https:\/\/www.instagram.com\/funiber_becas\",\"https:\/\/www.youtube.com\/user\/funiber\",\"https:\/\/www.linkedin.com\/company\/funiber\"]},{\"@type\":\"Person\",\"@id\":\"https:\/\/blogs.funiber.org\/pt\/#\/schema\/person\/a1eaaa5e57eac866a8c5946946bcf80d\",\"name\":\"Michelle\",\"image\":{\"@type\":\"ImageObject\",\"inLanguage\":\"pt-BR\",\"@id\":\"https:\/\/blogs.funiber.org\/pt\/#\/schema\/person\/image\/\",\"url\":\"https:\/\/secure.gravatar.com\/avatar\/5e87041f7609dc50493cf216754fece1?s=96&d=mm&r=g\",\"contentUrl\":\"https:\/\/secure.gravatar.com\/avatar\/5e87041f7609dc50493cf216754fece1?s=96&d=mm&r=g\",\"caption\":\"Michelle\"},\"url\":\"https:\/\/www.funiber.blog\/pt\/author\/michelle-moreira\"}]}<\/script>\n<!-- \/ Yoast SEO plugin. -->","yoast_head_json":{"title":"Quest\u00f5es \u00e9ticas da dem\u00eancia - FuniBlogs - FUNIBER","description":"A partir de estudo, pesquisadores levantam quest\u00f5es \u00e9ticas relacionadas aos tratamentos para combater a dem\u00eancia.","robots":{"index":"noindex","follow":"nofollow"},"og_locale":"pt_BR","og_type":"article","og_title":"Quest\u00f5es \u00e9ticas da dem\u00eancia - FuniBlogs - FUNIBER","og_description":"A partir de estudo, pesquisadores levantam quest\u00f5es \u00e9ticas relacionadas aos tratamentos para combater a dem\u00eancia.","og_url":"https:\/\/blogs.funiber.org\/pt\/gerontologia\/2015\/08\/15\/funiber-questoes-eticas-da-demencia","og_site_name":"FuniBlogs - FUNIBER","article_publisher":"https:\/\/www.facebook.com\/funiber","article_published_time":"2015-08-15T08:59:52+00:00","article_modified_time":"2015-08-18T10:03:11+00:00","og_image":[{"width":672,"height":448,"url":"https:\/\/blogs.funiber.org\/pt\/wp-content\/uploads\/2015\/08\/iStock_000018327867_Peque\u00f1o.jpg","type":"image\/jpeg"}],"author":"Michelle","twitter_card":"summary_large_image","twitter_creator":"@FUNIBER","twitter_site":"@FUNIBER","twitter_misc":{"Escrito por":"Michelle","Est. tempo de leitura":"2 minutos"},"schema":{"@context":"https:\/\/schema.org","@graph":[{"@type":"Article","@id":"https:\/\/blogs.funiber.org\/pt\/gerontologia\/2015\/08\/15\/funiber-questoes-eticas-da-demencia#article","isPartOf":{"@id":"https:\/\/blogs.funiber.org\/pt\/gerontologia\/2015\/08\/15\/funiber-questoes-eticas-da-demencia"},"author":{"name":"Michelle","@id":"https:\/\/blogs.funiber.org\/pt\/#\/schema\/person\/a1eaaa5e57eac866a8c5946946bcf80d"},"headline":"Quest\u00f5es \u00e9ticas da dem\u00eancia","datePublished":"2015-08-15T08:59:52+00:00","dateModified":"2015-08-18T10:03:11+00:00","mainEntityOfPage":{"@id":"https:\/\/blogs.funiber.org\/pt\/gerontologia\/2015\/08\/15\/funiber-questoes-eticas-da-demencia"},"wordCount":363,"publisher":{"@id":"https:\/\/blogs.funiber.org\/pt\/#organization"},"keywords":["Cuidados","Dem\u00eancia","Educa\u00e7\u00e3o a Dist\u00e2ncia","Envelhecimento","\u00c9tica","Funiber","Idosos","mestrado","Opini\u00e3o FUNIBER","Opini\u00f5es Funiber"],"articleSection":["Gerontologia"],"inLanguage":"pt-BR"},{"@type":"WebPage","@id":"https:\/\/blogs.funiber.org\/pt\/gerontologia\/2015\/08\/15\/funiber-questoes-eticas-da-demencia","url":"https:\/\/blogs.funiber.org\/pt\/gerontologia\/2015\/08\/15\/funiber-questoes-eticas-da-demencia","name":"Quest\u00f5es \u00e9ticas da dem\u00eancia - FuniBlogs - FUNIBER","isPartOf":{"@id":"https:\/\/blogs.funiber.org\/pt\/#website"},"datePublished":"2015-08-15T08:59:52+00:00","dateModified":"2015-08-18T10:03:11+00:00","description":"A partir de estudo, pesquisadores levantam quest\u00f5es \u00e9ticas relacionadas aos tratamentos para combater a dem\u00eancia.","breadcrumb":{"@id":"https:\/\/blogs.funiber.org\/pt\/gerontologia\/2015\/08\/15\/funiber-questoes-eticas-da-demencia#breadcrumb"},"inLanguage":"pt-BR","potentialAction":[{"@type":"ReadAction","target":["https:\/\/blogs.funiber.org\/pt\/gerontologia\/2015\/08\/15\/funiber-questoes-eticas-da-demencia"]}]},{"@type":"BreadcrumbList","@id":"https:\/\/blogs.funiber.org\/pt\/gerontologia\/2015\/08\/15\/funiber-questoes-eticas-da-demencia#breadcrumb","itemListElement":[{"@type":"ListItem","position":1,"name":"In\u00edcio","item":"https:\/\/blogs.funiber.org\/pt"},{"@type":"ListItem","position":2,"name":"Quest\u00f5es \u00e9ticas da dem\u00eancia"}]},{"@type":"WebSite","@id":"https:\/\/blogs.funiber.org\/pt\/#website","url":"https:\/\/blogs.funiber.org\/pt\/","name":"FuniBlogs - FUNIBER","description":"","publisher":{"@id":"https:\/\/blogs.funiber.org\/pt\/#organization"},"potentialAction":[{"@type":"SearchAction","target":{"@type":"EntryPoint","urlTemplate":"https:\/\/blogs.funiber.org\/pt\/?s={search_term_string}"},"query-input":"required name=search_term_string"}],"inLanguage":"pt-BR"},{"@type":"Organization","@id":"https:\/\/blogs.funiber.org\/pt\/#organization","name":"FuniBlogs - FUNIBER","url":"https:\/\/blogs.funiber.org\/pt\/","logo":{"@type":"ImageObject","inLanguage":"pt-BR","@id":"https:\/\/blogs.funiber.org\/pt\/#\/schema\/logo\/image\/","url":"https:\/\/www.funiber.blog\/pt\/wp-content\/uploads\/2022\/02\/logo-funiber-pt-br-v-dos.svg","contentUrl":"https:\/\/www.funiber.blog\/pt\/wp-content\/uploads\/2022\/02\/logo-funiber-pt-br-v-dos.svg","width":1,"height":1,"caption":"FuniBlogs - FUNIBER"},"image":{"@id":"https:\/\/blogs.funiber.org\/pt\/#\/schema\/logo\/image\/"},"sameAs":["https:\/\/www.facebook.com\/funiber","https:\/\/twitter.com\/FUNIBER","https:\/\/www.instagram.com\/funiber_becas","https:\/\/www.youtube.com\/user\/funiber","https:\/\/www.linkedin.com\/company\/funiber"]},{"@type":"Person","@id":"https:\/\/blogs.funiber.org\/pt\/#\/schema\/person\/a1eaaa5e57eac866a8c5946946bcf80d","name":"Michelle","image":{"@type":"ImageObject","inLanguage":"pt-BR","@id":"https:\/\/blogs.funiber.org\/pt\/#\/schema\/person\/image\/","url":"https:\/\/secure.gravatar.com\/avatar\/5e87041f7609dc50493cf216754fece1?s=96&d=mm&r=g","contentUrl":"https:\/\/secure.gravatar.com\/avatar\/5e87041f7609dc50493cf216754fece1?s=96&d=mm&r=g","caption":"Michelle"},"url":"https:\/\/www.funiber.blog\/pt\/author\/michelle-moreira"}]}},"jetpack_featured_media_url":"https:\/\/www.funiber.blog\/pt\/wp-content\/uploads\/2015\/08\/iStock_000018327867_Peque\u00f1o.jpg","jetpack_shortlink":"https:\/\/wp.me\/p7ee1t-1XH","jetpack_sharing_enabled":true,"_links":{"self":[{"href":"https:\/\/www.funiber.blog\/pt\/wp-json\/wp\/v2\/posts\/7545"}],"collection":[{"href":"https:\/\/www.funiber.blog\/pt\/wp-json\/wp\/v2\/posts"}],"about":[{"href":"https:\/\/www.funiber.blog\/pt\/wp-json\/wp\/v2\/types\/post"}],"author":[{"embeddable":true,"href":"https:\/\/www.funiber.blog\/pt\/wp-json\/wp\/v2\/users\/10"}],"replies":[{"embeddable":true,"href":"https:\/\/www.funiber.blog\/pt\/wp-json\/wp\/v2\/comments?post=7545"}],"version-history":[{"count":1,"href":"https:\/\/www.funiber.blog\/pt\/wp-json\/wp\/v2\/posts\/7545\/revisions"}],"predecessor-version":[{"id":7547,"href":"https:\/\/www.funiber.blog\/pt\/wp-json\/wp\/v2\/posts\/7545\/revisions\/7547"}],"wp:featuredmedia":[{"embeddable":true,"href":"https:\/\/www.funiber.blog\/pt\/wp-json\/wp\/v2\/media\/7546"}],"wp:attachment":[{"href":"https:\/\/www.funiber.blog\/pt\/wp-json\/wp\/v2\/media?parent=7545"}],"wp:term":[{"taxonomy":"category","embeddable":true,"href":"https:\/\/www.funiber.blog\/pt\/wp-json\/wp\/v2\/categories?post=7545"},{"taxonomy":"post_tag","embeddable":true,"href":"https:\/\/www.funiber.blog\/pt\/wp-json\/wp\/v2\/tags?post=7545"}],"curies":[{"name":"wp","href":"https:\/\/api.w.org\/{rel}","templated":true}]}}