{"id":7579,"date":"2015-08-21T10:51:27","date_gmt":"2015-08-21T10:51:27","guid":{"rendered":"http:\/\/blogs.funiber.org\/pt\/?p=7579"},"modified":"2015-08-20T11:00:05","modified_gmt":"2015-08-20T11:00:05","slug":"congresso-na-argentina-debate-teoria-social","status":"publish","type":"post","link":"https:\/\/www.funiber.blog\/pt\/formacao-professores\/2015\/08\/21\/congresso-na-argentina-debate-teoria-social","title":{"rendered":"Congresso na Argentina debate Teoria Social"},"content":{"rendered":"<p>Termina hoje o<strong> I Congresso Latino-americano de Teoria Social<\/strong> que vem acontecendo em Buenos Aires, na Argentina, entre os dias 19 e 21 de agosto. O encontro ressalta o lugar importante que ocupa hoje a teoria social como eixo central no exerc\u00edcio e desenvolvimento dos estudos humanit\u00e1rios.<!--more--><\/p>\n<p>A partir da diversidade de perspectivas te\u00f3ricas e de pesquisa, pode-se compreender a constru\u00e7\u00e3o do saber e das pr\u00e1ticas cient\u00edficas como um campo heterog\u00eaneo, formado por discursos, pautas culturais e comunit\u00e1rias diversas.<\/p>\n<p>A programa\u00e7\u00e3o do<strong> I Congresso Latino-americano de Teoria Social<\/strong> estabelece como espa\u00e7o de di\u00e1logo o interc\u00e2mbio plural de pontos de vistas, de diferentes tradi\u00e7\u00f5es e estilos de pensamento e pesquisas.<\/p>\n<p>Na quarta, dia 19, algumas propostas como as mesas redondas debateram temas relacionados ao estudo das Ci\u00eancias Sociais a partir de te\u00f3ricos importantes como Heidegger, Marx, Pierre Bordieu, Norbert Elias e Habermas. Tamb\u00e9m foram analisadas tem\u00e1ticas centrais dos estudos sociais como g\u00eanero, divis\u00e3o do trabalho, sociologia da pobreza, poder e espa\u00e7os participativos de gest\u00e3o p\u00fablica.<\/p>\n<p>Na quinta, dia 20, as mesas redondas e pain\u00e9is debateram quest\u00f5es importantes sobre a metodologia de pesquisa nas Ci\u00eancias Sociais, o uso de ferramentas, a filosofia e a leitura e formula\u00e7\u00e3o de teorias sociais.<\/p>\n<p>A programa\u00e7\u00e3o se encerra hoje com temas voltados para o contexto Latino-americano e aportes te\u00f3ricos cl\u00e1ssicos como a Fenomenologia, a Teoria Feminista e os escritos de Michael Foucault.<\/p>\n<p>A <a href=\"http:\/\/www.funiber.org.br\" target=\"_blank\">FUNIBER<\/a> incentiva a participa\u00e7\u00e3o dos alunos em congressos, semin\u00e1rios e jornadas que possam ampliar o debate e ampliar o conhecimento em sua \u00e1rea de estudo.<\/p>\n<p>Fonte: <a href=\"http:\/\/fnbr.es\/1f9\">http:\/\/fnbr.es\/1f9<\/a><\/p>\n<p>Foto: Dominio P\u00fablico\/Pixabay<\/p>\n","protected":false},"excerpt":{"rendered":"<p>Termina hoje o I Congresso Latino-americano de Teoria Social que vem acontecendo em Buenos Aires, na Argentina, entre os dias 19 e 21 de agosto. O encontro ressalta o lugar importante que ocupa hoje a teoria social como eixo central no exerc\u00edcio e desenvolvimento dos estudos humanit\u00e1rios.<\/p>\n","protected":false},"author":10,"featured_media":7580,"comment_status":"closed","ping_status":"closed","sticky":false,"template":"","format":"standard","meta":{"jetpack_post_was_ever_published":false,"_jetpack_newsletter_access":"","_jetpack_newsletter_tier_id":0,"footnotes":"","jetpack_publicize_message":"","jetpack_is_tweetstorm":false,"jetpack_publicize_feature_enabled":true,"jetpack_social_post_already_shared":false,"jetpack_social_options":{"image_generator_settings":{"template":"highway","enabled":false}}},"categories":[5],"tags":[251,285,408,248,671,641,255,752],"jetpack_publicize_connections":[],"yoast_head":"<!-- This site is optimized with the Yoast SEO plugin v21.7 - https:\/\/yoast.com\/wordpress\/plugins\/seo\/ -->\n<title>Congresso na Argentina debate Teoria Social - FuniBlogs - FUNIBER<\/title>\n<meta name=\"description\" content=\"Congresso na Argentina debate perspectivas, metodologia e conceitos da teoria social\" \/>\n<meta name=\"robots\" content=\"noindex, nofollow\" \/>\n<meta property=\"og:locale\" content=\"pt_BR\" \/>\n<meta property=\"og:type\" content=\"article\" \/>\n<meta property=\"og:title\" content=\"Congresso na Argentina debate Teoria Social - FuniBlogs - FUNIBER\" \/>\n<meta property=\"og:description\" content=\"Congresso na Argentina debate perspectivas, metodologia e conceitos da teoria social\" \/>\n<meta property=\"og:url\" content=\"https:\/\/blogs.funiber.org\/pt\/formacao-professores\/2015\/08\/21\/congresso-na-argentina-debate-teoria-social\" \/>\n<meta property=\"og:site_name\" content=\"FuniBlogs - FUNIBER\" \/>\n<meta property=\"article:publisher\" content=\"https:\/\/www.facebook.com\/funiber\" \/>\n<meta property=\"article:published_time\" content=\"2015-08-21T10:51:27+00:00\" \/>\n<meta property=\"article:modified_time\" content=\"2015-08-20T11:00:05+00:00\" \/>\n<meta property=\"og:image\" content=\"https:\/\/blogs.funiber.org\/pt\/wp-content\/uploads\/2015\/08\/social-media-550766_640.jpg\" \/>\n\t<meta property=\"og:image:width\" content=\"640\" \/>\n\t<meta property=\"og:image:height\" content=\"452\" \/>\n\t<meta property=\"og:image:type\" content=\"image\/jpeg\" \/>\n<meta name=\"author\" content=\"Michelle\" \/>\n<meta name=\"twitter:card\" content=\"summary_large_image\" \/>\n<meta name=\"twitter:creator\" content=\"@FUNIBER\" \/>\n<meta name=\"twitter:site\" content=\"@FUNIBER\" \/>\n<meta name=\"twitter:label1\" content=\"Escrito por\" \/>\n\t<meta name=\"twitter:data1\" content=\"Michelle\" \/>\n\t<meta name=\"twitter:label2\" content=\"Est. tempo de leitura\" \/>\n\t<meta name=\"twitter:data2\" content=\"1 minuto\" \/>\n<script type=\"application\/ld+json\" class=\"yoast-schema-graph\">{\"@context\":\"https:\/\/schema.org\",\"@graph\":[{\"@type\":\"Article\",\"@id\":\"https:\/\/blogs.funiber.org\/pt\/formacao-professores\/2015\/08\/21\/congresso-na-argentina-debate-teoria-social#article\",\"isPartOf\":{\"@id\":\"https:\/\/blogs.funiber.org\/pt\/formacao-professores\/2015\/08\/21\/congresso-na-argentina-debate-teoria-social\"},\"author\":{\"name\":\"Michelle\",\"@id\":\"https:\/\/blogs.funiber.org\/pt\/#\/schema\/person\/a1eaaa5e57eac866a8c5946946bcf80d\"},\"headline\":\"Congresso na Argentina debate Teoria Social\",\"datePublished\":\"2015-08-21T10:51:27+00:00\",\"dateModified\":\"2015-08-20T11:00:05+00:00\",\"mainEntityOfPage\":{\"@id\":\"https:\/\/blogs.funiber.org\/pt\/formacao-professores\/2015\/08\/21\/congresso-na-argentina-debate-teoria-social\"},\"wordCount\":295,\"publisher\":{\"@id\":\"https:\/\/blogs.funiber.org\/pt\/#organization\"},\"keywords\":[\"Congresso\",\"Educa\u00e7\u00e3o\",\"Educa\u00e7\u00e3o a Dist\u00e2ncia\",\"Funiber\",\"mestrado\",\"Opini\u00e3o FUNIBER\",\"Opini\u00f5es Funiber\",\"Teoria Social\"],\"articleSection\":[\"Educa\u00e7\u00e3o,\u00a0Forma\u00e7\u00e3o Professores\"],\"inLanguage\":\"pt-BR\"},{\"@type\":\"WebPage\",\"@id\":\"https:\/\/blogs.funiber.org\/pt\/formacao-professores\/2015\/08\/21\/congresso-na-argentina-debate-teoria-social\",\"url\":\"https:\/\/blogs.funiber.org\/pt\/formacao-professores\/2015\/08\/21\/congresso-na-argentina-debate-teoria-social\",\"name\":\"Congresso na Argentina debate Teoria Social - FuniBlogs - FUNIBER\",\"isPartOf\":{\"@id\":\"https:\/\/blogs.funiber.org\/pt\/#website\"},\"datePublished\":\"2015-08-21T10:51:27+00:00\",\"dateModified\":\"2015-08-20T11:00:05+00:00\",\"description\":\"Congresso na Argentina debate perspectivas, metodologia e conceitos da teoria social\",\"breadcrumb\":{\"@id\":\"https:\/\/blogs.funiber.org\/pt\/formacao-professores\/2015\/08\/21\/congresso-na-argentina-debate-teoria-social#breadcrumb\"},\"inLanguage\":\"pt-BR\",\"potentialAction\":[{\"@type\":\"ReadAction\",\"target\":[\"https:\/\/blogs.funiber.org\/pt\/formacao-professores\/2015\/08\/21\/congresso-na-argentina-debate-teoria-social\"]}]},{\"@type\":\"BreadcrumbList\",\"@id\":\"https:\/\/blogs.funiber.org\/pt\/formacao-professores\/2015\/08\/21\/congresso-na-argentina-debate-teoria-social#breadcrumb\",\"itemListElement\":[{\"@type\":\"ListItem\",\"position\":1,\"name\":\"In\u00edcio\",\"item\":\"https:\/\/blogs.funiber.org\/pt\"},{\"@type\":\"ListItem\",\"position\":2,\"name\":\"Congresso na Argentina debate Teoria Social\"}]},{\"@type\":\"WebSite\",\"@id\":\"https:\/\/blogs.funiber.org\/pt\/#website\",\"url\":\"https:\/\/blogs.funiber.org\/pt\/\",\"name\":\"FuniBlogs - FUNIBER\",\"description\":\"\",\"publisher\":{\"@id\":\"https:\/\/blogs.funiber.org\/pt\/#organization\"},\"potentialAction\":[{\"@type\":\"SearchAction\",\"target\":{\"@type\":\"EntryPoint\",\"urlTemplate\":\"https:\/\/blogs.funiber.org\/pt\/?s={search_term_string}\"},\"query-input\":\"required name=search_term_string\"}],\"inLanguage\":\"pt-BR\"},{\"@type\":\"Organization\",\"@id\":\"https:\/\/blogs.funiber.org\/pt\/#organization\",\"name\":\"FuniBlogs - FUNIBER\",\"url\":\"https:\/\/blogs.funiber.org\/pt\/\",\"logo\":{\"@type\":\"ImageObject\",\"inLanguage\":\"pt-BR\",\"@id\":\"https:\/\/blogs.funiber.org\/pt\/#\/schema\/logo\/image\/\",\"url\":\"https:\/\/www.funiber.blog\/pt\/wp-content\/uploads\/2022\/02\/logo-funiber-pt-br-v-dos.svg\",\"contentUrl\":\"https:\/\/www.funiber.blog\/pt\/wp-content\/uploads\/2022\/02\/logo-funiber-pt-br-v-dos.svg\",\"width\":1,\"height\":1,\"caption\":\"FuniBlogs - FUNIBER\"},\"image\":{\"@id\":\"https:\/\/blogs.funiber.org\/pt\/#\/schema\/logo\/image\/\"},\"sameAs\":[\"https:\/\/www.facebook.com\/funiber\",\"https:\/\/twitter.com\/FUNIBER\",\"https:\/\/www.instagram.com\/funiber_becas\",\"https:\/\/www.youtube.com\/user\/funiber\",\"https:\/\/www.linkedin.com\/company\/funiber\"]},{\"@type\":\"Person\",\"@id\":\"https:\/\/blogs.funiber.org\/pt\/#\/schema\/person\/a1eaaa5e57eac866a8c5946946bcf80d\",\"name\":\"Michelle\",\"image\":{\"@type\":\"ImageObject\",\"inLanguage\":\"pt-BR\",\"@id\":\"https:\/\/blogs.funiber.org\/pt\/#\/schema\/person\/image\/\",\"url\":\"https:\/\/secure.gravatar.com\/avatar\/5e87041f7609dc50493cf216754fece1?s=96&d=mm&r=g\",\"contentUrl\":\"https:\/\/secure.gravatar.com\/avatar\/5e87041f7609dc50493cf216754fece1?s=96&d=mm&r=g\",\"caption\":\"Michelle\"},\"url\":\"https:\/\/www.funiber.blog\/pt\/author\/michelle-moreira\"}]}<\/script>\n<!-- \/ Yoast SEO plugin. -->","yoast_head_json":{"title":"Congresso na Argentina debate Teoria Social - FuniBlogs - FUNIBER","description":"Congresso na Argentina debate perspectivas, metodologia e conceitos da teoria social","robots":{"index":"noindex","follow":"nofollow"},"og_locale":"pt_BR","og_type":"article","og_title":"Congresso na Argentina debate Teoria Social - FuniBlogs - FUNIBER","og_description":"Congresso na Argentina debate perspectivas, metodologia e conceitos da teoria social","og_url":"https:\/\/blogs.funiber.org\/pt\/formacao-professores\/2015\/08\/21\/congresso-na-argentina-debate-teoria-social","og_site_name":"FuniBlogs - FUNIBER","article_publisher":"https:\/\/www.facebook.com\/funiber","article_published_time":"2015-08-21T10:51:27+00:00","article_modified_time":"2015-08-20T11:00:05+00:00","og_image":[{"width":640,"height":452,"url":"https:\/\/blogs.funiber.org\/pt\/wp-content\/uploads\/2015\/08\/social-media-550766_640.jpg","type":"image\/jpeg"}],"author":"Michelle","twitter_card":"summary_large_image","twitter_creator":"@FUNIBER","twitter_site":"@FUNIBER","twitter_misc":{"Escrito por":"Michelle","Est. tempo de leitura":"1 minuto"},"schema":{"@context":"https:\/\/schema.org","@graph":[{"@type":"Article","@id":"https:\/\/blogs.funiber.org\/pt\/formacao-professores\/2015\/08\/21\/congresso-na-argentina-debate-teoria-social#article","isPartOf":{"@id":"https:\/\/blogs.funiber.org\/pt\/formacao-professores\/2015\/08\/21\/congresso-na-argentina-debate-teoria-social"},"author":{"name":"Michelle","@id":"https:\/\/blogs.funiber.org\/pt\/#\/schema\/person\/a1eaaa5e57eac866a8c5946946bcf80d"},"headline":"Congresso na Argentina debate Teoria Social","datePublished":"2015-08-21T10:51:27+00:00","dateModified":"2015-08-20T11:00:05+00:00","mainEntityOfPage":{"@id":"https:\/\/blogs.funiber.org\/pt\/formacao-professores\/2015\/08\/21\/congresso-na-argentina-debate-teoria-social"},"wordCount":295,"publisher":{"@id":"https:\/\/blogs.funiber.org\/pt\/#organization"},"keywords":["Congresso","Educa\u00e7\u00e3o","Educa\u00e7\u00e3o a Dist\u00e2ncia","Funiber","mestrado","Opini\u00e3o FUNIBER","Opini\u00f5es Funiber","Teoria Social"],"articleSection":["Educa\u00e7\u00e3o,\u00a0Forma\u00e7\u00e3o Professores"],"inLanguage":"pt-BR"},{"@type":"WebPage","@id":"https:\/\/blogs.funiber.org\/pt\/formacao-professores\/2015\/08\/21\/congresso-na-argentina-debate-teoria-social","url":"https:\/\/blogs.funiber.org\/pt\/formacao-professores\/2015\/08\/21\/congresso-na-argentina-debate-teoria-social","name":"Congresso na Argentina debate Teoria Social - FuniBlogs - FUNIBER","isPartOf":{"@id":"https:\/\/blogs.funiber.org\/pt\/#website"},"datePublished":"2015-08-21T10:51:27+00:00","dateModified":"2015-08-20T11:00:05+00:00","description":"Congresso na Argentina debate perspectivas, metodologia e conceitos da teoria social","breadcrumb":{"@id":"https:\/\/blogs.funiber.org\/pt\/formacao-professores\/2015\/08\/21\/congresso-na-argentina-debate-teoria-social#breadcrumb"},"inLanguage":"pt-BR","potentialAction":[{"@type":"ReadAction","target":["https:\/\/blogs.funiber.org\/pt\/formacao-professores\/2015\/08\/21\/congresso-na-argentina-debate-teoria-social"]}]},{"@type":"BreadcrumbList","@id":"https:\/\/blogs.funiber.org\/pt\/formacao-professores\/2015\/08\/21\/congresso-na-argentina-debate-teoria-social#breadcrumb","itemListElement":[{"@type":"ListItem","position":1,"name":"In\u00edcio","item":"https:\/\/blogs.funiber.org\/pt"},{"@type":"ListItem","position":2,"name":"Congresso na Argentina debate Teoria Social"}]},{"@type":"WebSite","@id":"https:\/\/blogs.funiber.org\/pt\/#website","url":"https:\/\/blogs.funiber.org\/pt\/","name":"FuniBlogs - FUNIBER","description":"","publisher":{"@id":"https:\/\/blogs.funiber.org\/pt\/#organization"},"potentialAction":[{"@type":"SearchAction","target":{"@type":"EntryPoint","urlTemplate":"https:\/\/blogs.funiber.org\/pt\/?s={search_term_string}"},"query-input":"required name=search_term_string"}],"inLanguage":"pt-BR"},{"@type":"Organization","@id":"https:\/\/blogs.funiber.org\/pt\/#organization","name":"FuniBlogs - FUNIBER","url":"https:\/\/blogs.funiber.org\/pt\/","logo":{"@type":"ImageObject","inLanguage":"pt-BR","@id":"https:\/\/blogs.funiber.org\/pt\/#\/schema\/logo\/image\/","url":"https:\/\/www.funiber.blog\/pt\/wp-content\/uploads\/2022\/02\/logo-funiber-pt-br-v-dos.svg","contentUrl":"https:\/\/www.funiber.blog\/pt\/wp-content\/uploads\/2022\/02\/logo-funiber-pt-br-v-dos.svg","width":1,"height":1,"caption":"FuniBlogs - FUNIBER"},"image":{"@id":"https:\/\/blogs.funiber.org\/pt\/#\/schema\/logo\/image\/"},"sameAs":["https:\/\/www.facebook.com\/funiber","https:\/\/twitter.com\/FUNIBER","https:\/\/www.instagram.com\/funiber_becas","https:\/\/www.youtube.com\/user\/funiber","https:\/\/www.linkedin.com\/company\/funiber"]},{"@type":"Person","@id":"https:\/\/blogs.funiber.org\/pt\/#\/schema\/person\/a1eaaa5e57eac866a8c5946946bcf80d","name":"Michelle","image":{"@type":"ImageObject","inLanguage":"pt-BR","@id":"https:\/\/blogs.funiber.org\/pt\/#\/schema\/person\/image\/","url":"https:\/\/secure.gravatar.com\/avatar\/5e87041f7609dc50493cf216754fece1?s=96&d=mm&r=g","contentUrl":"https:\/\/secure.gravatar.com\/avatar\/5e87041f7609dc50493cf216754fece1?s=96&d=mm&r=g","caption":"Michelle"},"url":"https:\/\/www.funiber.blog\/pt\/author\/michelle-moreira"}]}},"jetpack_featured_media_url":"https:\/\/www.funiber.blog\/pt\/wp-content\/uploads\/2015\/08\/social-media-550766_640.jpg","jetpack_shortlink":"https:\/\/wp.me\/p7ee1t-1Yf","jetpack_sharing_enabled":true,"_links":{"self":[{"href":"https:\/\/www.funiber.blog\/pt\/wp-json\/wp\/v2\/posts\/7579"}],"collection":[{"href":"https:\/\/www.funiber.blog\/pt\/wp-json\/wp\/v2\/posts"}],"about":[{"href":"https:\/\/www.funiber.blog\/pt\/wp-json\/wp\/v2\/types\/post"}],"author":[{"embeddable":true,"href":"https:\/\/www.funiber.blog\/pt\/wp-json\/wp\/v2\/users\/10"}],"replies":[{"embeddable":true,"href":"https:\/\/www.funiber.blog\/pt\/wp-json\/wp\/v2\/comments?post=7579"}],"version-history":[{"count":3,"href":"https:\/\/www.funiber.blog\/pt\/wp-json\/wp\/v2\/posts\/7579\/revisions"}],"predecessor-version":[{"id":7583,"href":"https:\/\/www.funiber.blog\/pt\/wp-json\/wp\/v2\/posts\/7579\/revisions\/7583"}],"wp:featuredmedia":[{"embeddable":true,"href":"https:\/\/www.funiber.blog\/pt\/wp-json\/wp\/v2\/media\/7580"}],"wp:attachment":[{"href":"https:\/\/www.funiber.blog\/pt\/wp-json\/wp\/v2\/media?parent=7579"}],"wp:term":[{"taxonomy":"category","embeddable":true,"href":"https:\/\/www.funiber.blog\/pt\/wp-json\/wp\/v2\/categories?post=7579"},{"taxonomy":"post_tag","embeddable":true,"href":"https:\/\/www.funiber.blog\/pt\/wp-json\/wp\/v2\/tags?post=7579"}],"curies":[{"name":"wp","href":"https:\/\/api.w.org\/{rel}","templated":true}]}}