{"id":7637,"date":"2015-09-08T14:22:26","date_gmt":"2015-09-08T14:22:26","guid":{"rendered":"http:\/\/blogs.funiber.org\/pt\/?p=7637"},"modified":"2015-09-08T14:22:26","modified_gmt":"2015-09-08T14:22:26","slug":"funiber-colaboracao-social-para-combater-o-aquecimento-global","status":"publish","type":"post","link":"https:\/\/www.funiber.blog\/pt\/meio-ambiente\/2015\/09\/08\/funiber-colaboracao-social-para-combater-o-aquecimento-global","title":{"rendered":"Colabora\u00e7\u00e3o social para combater o aquecimento global"},"content":{"rendered":"<p>Enfrentar o aquecimento global requer uma enorme e complexa rede de contatos que podem promover informa\u00e7\u00e3o, recursos e propostas para solucionar um problema que cresce em ritmo exponencial. Os cientistas do <a href=\"https:\/\/www.pik-potsdam.de\/\">Postdam Institute for Climate Impact Research<\/a>\u00a0(PIK, em alem\u00e3o) realizaram uma pesquisa para aperfei\u00e7oar a <strong>forma\u00e7\u00e3o de redes de colabora\u00e7\u00e3o que permitam combater as mudan\u00e7as clim\u00e1ticas<\/strong> e identificou que <strong>formar grupos de colabora\u00e7\u00e3o de modo acelerado pode afetar, a longo prazo, os projetos que necessitam de colabora\u00e7\u00e3o intensiva<\/strong>.<!--more--><\/p>\n<p>A pesquisa, publicada na revista Scientific Reports, indica que um n\u00edvel \u00f3timo de colabora\u00e7\u00e3o entre as pessoas \u00e9 mais fact\u00edvel <strong>\u201csomente quando as redes de pessoas se adaptam lentamente \u00e0 estrutura de uma nova coaliz\u00e3o. Se a rede de pessoas se consolida mais r\u00e1pido que a coaliza\u00e7\u00e3o, ent\u00e3o a fragmenta\u00e7\u00e3o pode evitar que se formem coaliz\u00f5es em grande escala&#8221;<\/strong>.<\/p>\n<p>O autor do estudo, Sabine Auer, do PIK, indica que &#8220;a coopera\u00e7\u00e3o \u00e9 cr\u00edtica quando se trata de gerir recursos comuns&#8221;. Auer considera que \u00e9 necess\u00e1ria uma transi\u00e7\u00e3o para uma economia com baixo consumo de carbono, mas uma mudan\u00e7a requer que muitos pa\u00edses e organiza\u00e7\u00f5es entrem em acordo sobre o uso de recursos comuns, como a atmosfera.<\/p>\n<p><strong>A coordena\u00e7\u00e3o entre grandes grupos de pessoas \u00e9 vital para desenvolver estrat\u00e9gias que nos permitam solucionar o aquecimento global gradualmente, no entanto, para estabelecer organiza\u00e7\u00f5es de sucesso, \u00e9 necess\u00e1rio conhecer a din\u00e2mica da colabora\u00e7\u00e3o entre pessoas.<\/strong><\/p>\n<p>Auer indica que \u00e9 necess\u00e1rio que se estabele\u00e7a, lentamente, um la\u00e7o de confian\u00e7a entre os membros de uma coaliz\u00e3o, e explica com um exemplo: &#8220;imagine um campo utilizado por muitos fazendeiros, estabelecendo um acordo comum sobre o uso deste recurso renov\u00e1vel de forma sustent\u00e1vel, seria poss\u00edvel utiliz\u00e1-lo para o benef\u00edcio de todos a longo prazo, para atingir uma coaliza\u00e7\u00e3o que gere confian\u00e7a. Esta seria a melhor op\u00e7\u00e3o, no entanto, nosso estudo mostra que se alguns fazendeiros formam uma coaliz\u00e3o rapidamente, antes de estabelecer toda a rede, isso poderia alienar os fazendeiros que ainda n\u00e3o fazem parte da coaliz\u00e3o, podendo causar rupturas nos la\u00e7os que permitiriam a participa\u00e7\u00e3o destes\u201d.<\/p>\n<p><strong>Manter boas rela\u00e7\u00f5es com os concorrentes<\/strong><\/p>\n<p>Jobst Heitzig, coautor do estudo, indicou que uma colabora\u00e7\u00e3o total \u00e9 mais prov\u00e1vel quando uma rede de conhecidos se adapta lentamente \u00e0 estrutura da coaliz\u00e3o, e ressalta: \u201ca velocidade relativa das mudan\u00e7as na retroalimenta\u00e7\u00e3o de ciclos sociais, aparentemente, \u00e9 crucial para os processos de transforma\u00e7\u00e3o&#8221;.<\/p>\n<p>Heitzig indica que sua equipe de trabalho proporciona uma aproxima\u00e7\u00e3o metodol\u00f3gica para a an\u00e1lise de ambientes socioecon\u00f4micos em que a colabora\u00e7\u00e3o promete vantagens econ\u00f4micas ou sociais, e indicou que \u201ceste \u00e9 um importante passo para um melhor entendimento dos mecanismos de colabora\u00e7\u00e3o\u201d. O pesquisador ressaltou que h\u00e1 uma mensagem que se pode extrair do estudo: \u201c<strong>manter boas rela\u00e7\u00f5es com nossos concorrentes, de forma que eles possam se tornar nossos s\u00f3cios mais adiante&#8221;<\/strong>.<\/p>\n<p>O estudo foi realizado utilizando m\u00e9todos de f\u00edsica estat\u00edstica, apresentou J\u00fcrgen Kurths, diretor do departamento de Pesquisa Interdisciplinar de Conceitos e M\u00e9todos do PIK. O estudo foi realizado como parte do projeto COPAN (Coevolutionary Pathways), que busca desenvolver <strong>modelos conceituais nos quais se pode consolidar os subsistemas naturais e socioecon\u00f4micos que influenciam os sistemas terrestres e as rela\u00e7\u00f5es entre eles<\/strong>. \u201cA forma\u00e7\u00e3o e desintegra\u00e7\u00e3o de coaliz\u00f5es e a apari\u00e7\u00e3o de transi\u00e7\u00f5es \u00e9 um desafio maior para a modelagem de dados, mas nosso estudo deu mais um passo para um novo n\u00edvel de complexidade\u201d, afirmou Kurths.<\/p>\n<p>Os alunos dos <strong><a href=\"http:\/\/www.funiber.org.br\/areas-de-conhecimento\/meio-ambiente-e-desenvolvimento-sustentavel\/\" target=\"_blank\">mestrados da \u00e1rea de\u00a0Meio Ambiente<\/a><\/strong>\u00a0da <a href=\"http:\/\/www.funiber.org.br\" target=\"_blank\"><strong>FUNIBER<\/strong> <\/a>podem gerenciar projetos que permitem contatar diferentes grupos sociais para desenvolver, em conjunto, atividades para mitigar o aquecimento global.<\/p>\n<p>Fonte: <a href=\"http:\/\/www.nature.com\/articles\/srep13386\" target=\"_blank\">Nota de imprensa PIK<\/a><\/p>\n<p>Foto CC Flickr:\u00a0<a href=\"https:\/\/www.flickr.com\/photos\/66770481@N02\/6741178639\/sizes\/m\/\">CECAR<\/a><\/p>\n","protected":false},"excerpt":{"rendered":"<p>Enfrentar o aquecimento global requer uma enorme e complexa rede de contatos que podem promover informa\u00e7\u00e3o, recursos e propostas para solucionar um problema que cresce em ritmo exponencial. Os cientistas do Postdam Institute for Climate Impact Research\u00a0(PIK, em alem\u00e3o) realizaram uma pesquisa para aperfei\u00e7oar a forma\u00e7\u00e3o de redes de colabora\u00e7\u00e3o que permitam combater as mudan\u00e7as [&hellip;]<\/p>\n","protected":false},"author":16,"featured_media":7638,"comment_status":"closed","ping_status":"closed","sticky":false,"template":"","format":"standard","meta":{"jetpack_post_was_ever_published":false,"_jetpack_newsletter_access":"","_jetpack_newsletter_tier_id":0,"footnotes":"","jetpack_publicize_message":"","jetpack_is_tweetstorm":false,"jetpack_publicize_feature_enabled":true,"jetpack_social_post_already_shared":false,"jetpack_social_options":{"image_generator_settings":{"template":"highway","enabled":false}}},"categories":[2],"tags":[105,285,408,248,141,255],"jetpack_publicize_connections":[],"yoast_head":"<!-- This site is optimized with the Yoast SEO plugin v21.7 - https:\/\/yoast.com\/wordpress\/plugins\/seo\/ -->\n<title>Colabora\u00e7\u00e3o social para combater o aquecimento global - FuniBlogs - FUNIBER<\/title>\n<meta name=\"description\" content=\"Cientistas indicam que colabora\u00e7\u00e3o social \u00e9 fundamental para combater o aquecimento global.\" \/>\n<meta name=\"robots\" content=\"index, follow, max-snippet:-1, max-image-preview:large, max-video-preview:-1\" \/>\n<link rel=\"canonical\" href=\"https:\/\/blogs.funiber.org\/pt\/meio-ambiente\/2015\/09\/08\/funiber-colaboracao-social-para-combater-o-aquecimento-global\" \/>\n<meta property=\"og:locale\" content=\"pt_BR\" \/>\n<meta property=\"og:type\" content=\"article\" \/>\n<meta property=\"og:title\" content=\"Colabora\u00e7\u00e3o social para combater o aquecimento global - FuniBlogs - FUNIBER\" \/>\n<meta property=\"og:description\" content=\"Cientistas indicam que colabora\u00e7\u00e3o social \u00e9 fundamental para combater o aquecimento global.\" \/>\n<meta property=\"og:url\" content=\"https:\/\/blogs.funiber.org\/pt\/meio-ambiente\/2015\/09\/08\/funiber-colaboracao-social-para-combater-o-aquecimento-global\" \/>\n<meta property=\"og:site_name\" content=\"FuniBlogs - FUNIBER\" \/>\n<meta property=\"article:publisher\" content=\"https:\/\/www.facebook.com\/funiber\" \/>\n<meta property=\"article:published_time\" content=\"2015-09-08T14:22:26+00:00\" \/>\n<meta property=\"og:image\" content=\"https:\/\/blogs.funiber.org\/pt\/wp-content\/uploads\/2015\/09\/reunion-cambio-climatico.jpg\" \/>\n\t<meta property=\"og:image:width\" content=\"500\" \/>\n\t<meta property=\"og:image:height\" content=\"333\" \/>\n\t<meta property=\"og:image:type\" content=\"image\/jpeg\" \/>\n<meta name=\"author\" content=\"Mariana Dornelles\" \/>\n<meta name=\"twitter:card\" content=\"summary_large_image\" \/>\n<meta name=\"twitter:creator\" content=\"@FUNIBER\" \/>\n<meta name=\"twitter:site\" content=\"@FUNIBER\" \/>\n<meta name=\"twitter:label1\" content=\"Escrito por\" \/>\n\t<meta name=\"twitter:data1\" content=\"Mariana Dornelles\" \/>\n\t<meta name=\"twitter:label2\" content=\"Est. tempo de leitura\" \/>\n\t<meta name=\"twitter:data2\" content=\"3 minutos\" \/>\n<script type=\"application\/ld+json\" class=\"yoast-schema-graph\">{\"@context\":\"https:\/\/schema.org\",\"@graph\":[{\"@type\":\"Article\",\"@id\":\"https:\/\/blogs.funiber.org\/pt\/meio-ambiente\/2015\/09\/08\/funiber-colaboracao-social-para-combater-o-aquecimento-global#article\",\"isPartOf\":{\"@id\":\"https:\/\/blogs.funiber.org\/pt\/meio-ambiente\/2015\/09\/08\/funiber-colaboracao-social-para-combater-o-aquecimento-global\"},\"author\":{\"name\":\"Mariana Dornelles\",\"@id\":\"https:\/\/blogs.funiber.org\/pt\/#\/schema\/person\/cebedd0aef5286687ce641276452c76d\"},\"headline\":\"Colabora\u00e7\u00e3o social para combater o aquecimento global\",\"datePublished\":\"2015-09-08T14:22:26+00:00\",\"dateModified\":\"2015-09-08T14:22:26+00:00\",\"mainEntityOfPage\":{\"@id\":\"https:\/\/blogs.funiber.org\/pt\/meio-ambiente\/2015\/09\/08\/funiber-colaboracao-social-para-combater-o-aquecimento-global\"},\"wordCount\":670,\"publisher\":{\"@id\":\"https:\/\/blogs.funiber.org\/pt\/#organization\"},\"keywords\":[\"Aquecimento Global\",\"Educa\u00e7\u00e3o\",\"Educa\u00e7\u00e3o a Dist\u00e2ncia\",\"Funiber\",\"Mudan\u00e7as clim\u00e1ticas\",\"Opini\u00f5es Funiber\"],\"articleSection\":[\"Meio Ambiente\"],\"inLanguage\":\"pt-BR\"},{\"@type\":\"WebPage\",\"@id\":\"https:\/\/blogs.funiber.org\/pt\/meio-ambiente\/2015\/09\/08\/funiber-colaboracao-social-para-combater-o-aquecimento-global\",\"url\":\"https:\/\/blogs.funiber.org\/pt\/meio-ambiente\/2015\/09\/08\/funiber-colaboracao-social-para-combater-o-aquecimento-global\",\"name\":\"Colabora\u00e7\u00e3o social para combater o aquecimento global - FuniBlogs - FUNIBER\",\"isPartOf\":{\"@id\":\"https:\/\/blogs.funiber.org\/pt\/#website\"},\"datePublished\":\"2015-09-08T14:22:26+00:00\",\"dateModified\":\"2015-09-08T14:22:26+00:00\",\"description\":\"Cientistas indicam que colabora\u00e7\u00e3o social \u00e9 fundamental para combater o aquecimento global.\",\"breadcrumb\":{\"@id\":\"https:\/\/blogs.funiber.org\/pt\/meio-ambiente\/2015\/09\/08\/funiber-colaboracao-social-para-combater-o-aquecimento-global#breadcrumb\"},\"inLanguage\":\"pt-BR\",\"potentialAction\":[{\"@type\":\"ReadAction\",\"target\":[\"https:\/\/blogs.funiber.org\/pt\/meio-ambiente\/2015\/09\/08\/funiber-colaboracao-social-para-combater-o-aquecimento-global\"]}]},{\"@type\":\"BreadcrumbList\",\"@id\":\"https:\/\/blogs.funiber.org\/pt\/meio-ambiente\/2015\/09\/08\/funiber-colaboracao-social-para-combater-o-aquecimento-global#breadcrumb\",\"itemListElement\":[{\"@type\":\"ListItem\",\"position\":1,\"name\":\"In\u00edcio\",\"item\":\"https:\/\/blogs.funiber.org\/pt\"},{\"@type\":\"ListItem\",\"position\":2,\"name\":\"Colabora\u00e7\u00e3o social para combater o aquecimento global\"}]},{\"@type\":\"WebSite\",\"@id\":\"https:\/\/blogs.funiber.org\/pt\/#website\",\"url\":\"https:\/\/blogs.funiber.org\/pt\/\",\"name\":\"FuniBlogs - FUNIBER\",\"description\":\"\",\"publisher\":{\"@id\":\"https:\/\/blogs.funiber.org\/pt\/#organization\"},\"potentialAction\":[{\"@type\":\"SearchAction\",\"target\":{\"@type\":\"EntryPoint\",\"urlTemplate\":\"https:\/\/blogs.funiber.org\/pt\/?s={search_term_string}\"},\"query-input\":\"required name=search_term_string\"}],\"inLanguage\":\"pt-BR\"},{\"@type\":\"Organization\",\"@id\":\"https:\/\/blogs.funiber.org\/pt\/#organization\",\"name\":\"FuniBlogs - FUNIBER\",\"url\":\"https:\/\/blogs.funiber.org\/pt\/\",\"logo\":{\"@type\":\"ImageObject\",\"inLanguage\":\"pt-BR\",\"@id\":\"https:\/\/blogs.funiber.org\/pt\/#\/schema\/logo\/image\/\",\"url\":\"https:\/\/www.funiber.blog\/pt\/wp-content\/uploads\/2022\/02\/logo-funiber-pt-br-v-dos.svg\",\"contentUrl\":\"https:\/\/www.funiber.blog\/pt\/wp-content\/uploads\/2022\/02\/logo-funiber-pt-br-v-dos.svg\",\"width\":1,\"height\":1,\"caption\":\"FuniBlogs - FUNIBER\"},\"image\":{\"@id\":\"https:\/\/blogs.funiber.org\/pt\/#\/schema\/logo\/image\/\"},\"sameAs\":[\"https:\/\/www.facebook.com\/funiber\",\"https:\/\/twitter.com\/FUNIBER\",\"https:\/\/www.instagram.com\/funiber_becas\",\"https:\/\/www.youtube.com\/user\/funiber\",\"https:\/\/www.linkedin.com\/company\/funiber\"]},{\"@type\":\"Person\",\"@id\":\"https:\/\/blogs.funiber.org\/pt\/#\/schema\/person\/cebedd0aef5286687ce641276452c76d\",\"name\":\"Mariana Dornelles\",\"image\":{\"@type\":\"ImageObject\",\"inLanguage\":\"pt-BR\",\"@id\":\"https:\/\/blogs.funiber.org\/pt\/#\/schema\/person\/image\/\",\"url\":\"https:\/\/secure.gravatar.com\/avatar\/2fbaa65ea908e82807b005c351db3c9d?s=96&d=mm&r=g\",\"contentUrl\":\"https:\/\/secure.gravatar.com\/avatar\/2fbaa65ea908e82807b005c351db3c9d?s=96&d=mm&r=g\",\"caption\":\"Mariana Dornelles\"},\"url\":\"https:\/\/www.funiber.blog\/pt\/author\/mariana-dornelles\"}]}<\/script>\n<!-- \/ Yoast SEO plugin. -->","yoast_head_json":{"title":"Colabora\u00e7\u00e3o social para combater o aquecimento global - FuniBlogs - FUNIBER","description":"Cientistas indicam que colabora\u00e7\u00e3o social \u00e9 fundamental para combater o aquecimento global.","robots":{"index":"index","follow":"follow","max-snippet":"max-snippet:-1","max-image-preview":"max-image-preview:large","max-video-preview":"max-video-preview:-1"},"canonical":"https:\/\/blogs.funiber.org\/pt\/meio-ambiente\/2015\/09\/08\/funiber-colaboracao-social-para-combater-o-aquecimento-global","og_locale":"pt_BR","og_type":"article","og_title":"Colabora\u00e7\u00e3o social para combater o aquecimento global - FuniBlogs - FUNIBER","og_description":"Cientistas indicam que colabora\u00e7\u00e3o social \u00e9 fundamental para combater o aquecimento global.","og_url":"https:\/\/blogs.funiber.org\/pt\/meio-ambiente\/2015\/09\/08\/funiber-colaboracao-social-para-combater-o-aquecimento-global","og_site_name":"FuniBlogs - FUNIBER","article_publisher":"https:\/\/www.facebook.com\/funiber","article_published_time":"2015-09-08T14:22:26+00:00","og_image":[{"width":500,"height":333,"url":"https:\/\/blogs.funiber.org\/pt\/wp-content\/uploads\/2015\/09\/reunion-cambio-climatico.jpg","type":"image\/jpeg"}],"author":"Mariana Dornelles","twitter_card":"summary_large_image","twitter_creator":"@FUNIBER","twitter_site":"@FUNIBER","twitter_misc":{"Escrito por":"Mariana Dornelles","Est. tempo de leitura":"3 minutos"},"schema":{"@context":"https:\/\/schema.org","@graph":[{"@type":"Article","@id":"https:\/\/blogs.funiber.org\/pt\/meio-ambiente\/2015\/09\/08\/funiber-colaboracao-social-para-combater-o-aquecimento-global#article","isPartOf":{"@id":"https:\/\/blogs.funiber.org\/pt\/meio-ambiente\/2015\/09\/08\/funiber-colaboracao-social-para-combater-o-aquecimento-global"},"author":{"name":"Mariana Dornelles","@id":"https:\/\/blogs.funiber.org\/pt\/#\/schema\/person\/cebedd0aef5286687ce641276452c76d"},"headline":"Colabora\u00e7\u00e3o social para combater o aquecimento global","datePublished":"2015-09-08T14:22:26+00:00","dateModified":"2015-09-08T14:22:26+00:00","mainEntityOfPage":{"@id":"https:\/\/blogs.funiber.org\/pt\/meio-ambiente\/2015\/09\/08\/funiber-colaboracao-social-para-combater-o-aquecimento-global"},"wordCount":670,"publisher":{"@id":"https:\/\/blogs.funiber.org\/pt\/#organization"},"keywords":["Aquecimento Global","Educa\u00e7\u00e3o","Educa\u00e7\u00e3o a Dist\u00e2ncia","Funiber","Mudan\u00e7as clim\u00e1ticas","Opini\u00f5es Funiber"],"articleSection":["Meio Ambiente"],"inLanguage":"pt-BR"},{"@type":"WebPage","@id":"https:\/\/blogs.funiber.org\/pt\/meio-ambiente\/2015\/09\/08\/funiber-colaboracao-social-para-combater-o-aquecimento-global","url":"https:\/\/blogs.funiber.org\/pt\/meio-ambiente\/2015\/09\/08\/funiber-colaboracao-social-para-combater-o-aquecimento-global","name":"Colabora\u00e7\u00e3o social para combater o aquecimento global - FuniBlogs - FUNIBER","isPartOf":{"@id":"https:\/\/blogs.funiber.org\/pt\/#website"},"datePublished":"2015-09-08T14:22:26+00:00","dateModified":"2015-09-08T14:22:26+00:00","description":"Cientistas indicam que colabora\u00e7\u00e3o social \u00e9 fundamental para combater o aquecimento global.","breadcrumb":{"@id":"https:\/\/blogs.funiber.org\/pt\/meio-ambiente\/2015\/09\/08\/funiber-colaboracao-social-para-combater-o-aquecimento-global#breadcrumb"},"inLanguage":"pt-BR","potentialAction":[{"@type":"ReadAction","target":["https:\/\/blogs.funiber.org\/pt\/meio-ambiente\/2015\/09\/08\/funiber-colaboracao-social-para-combater-o-aquecimento-global"]}]},{"@type":"BreadcrumbList","@id":"https:\/\/blogs.funiber.org\/pt\/meio-ambiente\/2015\/09\/08\/funiber-colaboracao-social-para-combater-o-aquecimento-global#breadcrumb","itemListElement":[{"@type":"ListItem","position":1,"name":"In\u00edcio","item":"https:\/\/blogs.funiber.org\/pt"},{"@type":"ListItem","position":2,"name":"Colabora\u00e7\u00e3o social para combater o aquecimento global"}]},{"@type":"WebSite","@id":"https:\/\/blogs.funiber.org\/pt\/#website","url":"https:\/\/blogs.funiber.org\/pt\/","name":"FuniBlogs - FUNIBER","description":"","publisher":{"@id":"https:\/\/blogs.funiber.org\/pt\/#organization"},"potentialAction":[{"@type":"SearchAction","target":{"@type":"EntryPoint","urlTemplate":"https:\/\/blogs.funiber.org\/pt\/?s={search_term_string}"},"query-input":"required name=search_term_string"}],"inLanguage":"pt-BR"},{"@type":"Organization","@id":"https:\/\/blogs.funiber.org\/pt\/#organization","name":"FuniBlogs - FUNIBER","url":"https:\/\/blogs.funiber.org\/pt\/","logo":{"@type":"ImageObject","inLanguage":"pt-BR","@id":"https:\/\/blogs.funiber.org\/pt\/#\/schema\/logo\/image\/","url":"https:\/\/www.funiber.blog\/pt\/wp-content\/uploads\/2022\/02\/logo-funiber-pt-br-v-dos.svg","contentUrl":"https:\/\/www.funiber.blog\/pt\/wp-content\/uploads\/2022\/02\/logo-funiber-pt-br-v-dos.svg","width":1,"height":1,"caption":"FuniBlogs - FUNIBER"},"image":{"@id":"https:\/\/blogs.funiber.org\/pt\/#\/schema\/logo\/image\/"},"sameAs":["https:\/\/www.facebook.com\/funiber","https:\/\/twitter.com\/FUNIBER","https:\/\/www.instagram.com\/funiber_becas","https:\/\/www.youtube.com\/user\/funiber","https:\/\/www.linkedin.com\/company\/funiber"]},{"@type":"Person","@id":"https:\/\/blogs.funiber.org\/pt\/#\/schema\/person\/cebedd0aef5286687ce641276452c76d","name":"Mariana Dornelles","image":{"@type":"ImageObject","inLanguage":"pt-BR","@id":"https:\/\/blogs.funiber.org\/pt\/#\/schema\/person\/image\/","url":"https:\/\/secure.gravatar.com\/avatar\/2fbaa65ea908e82807b005c351db3c9d?s=96&d=mm&r=g","contentUrl":"https:\/\/secure.gravatar.com\/avatar\/2fbaa65ea908e82807b005c351db3c9d?s=96&d=mm&r=g","caption":"Mariana Dornelles"},"url":"https:\/\/www.funiber.blog\/pt\/author\/mariana-dornelles"}]}},"jetpack_featured_media_url":"https:\/\/www.funiber.blog\/pt\/wp-content\/uploads\/2015\/09\/reunion-cambio-climatico.jpg","jetpack_shortlink":"https:\/\/wp.me\/p7ee1t-1Zb","jetpack_sharing_enabled":true,"_links":{"self":[{"href":"https:\/\/www.funiber.blog\/pt\/wp-json\/wp\/v2\/posts\/7637"}],"collection":[{"href":"https:\/\/www.funiber.blog\/pt\/wp-json\/wp\/v2\/posts"}],"about":[{"href":"https:\/\/www.funiber.blog\/pt\/wp-json\/wp\/v2\/types\/post"}],"author":[{"embeddable":true,"href":"https:\/\/www.funiber.blog\/pt\/wp-json\/wp\/v2\/users\/16"}],"replies":[{"embeddable":true,"href":"https:\/\/www.funiber.blog\/pt\/wp-json\/wp\/v2\/comments?post=7637"}],"version-history":[{"count":1,"href":"https:\/\/www.funiber.blog\/pt\/wp-json\/wp\/v2\/posts\/7637\/revisions"}],"predecessor-version":[{"id":7639,"href":"https:\/\/www.funiber.blog\/pt\/wp-json\/wp\/v2\/posts\/7637\/revisions\/7639"}],"wp:featuredmedia":[{"embeddable":true,"href":"https:\/\/www.funiber.blog\/pt\/wp-json\/wp\/v2\/media\/7638"}],"wp:attachment":[{"href":"https:\/\/www.funiber.blog\/pt\/wp-json\/wp\/v2\/media?parent=7637"}],"wp:term":[{"taxonomy":"category","embeddable":true,"href":"https:\/\/www.funiber.blog\/pt\/wp-json\/wp\/v2\/categories?post=7637"},{"taxonomy":"post_tag","embeddable":true,"href":"https:\/\/www.funiber.blog\/pt\/wp-json\/wp\/v2\/tags?post=7637"}],"curies":[{"name":"wp","href":"https:\/\/api.w.org\/{rel}","templated":true}]}}