{"id":7664,"date":"2015-09-10T07:05:33","date_gmt":"2015-09-10T07:05:33","guid":{"rendered":"http:\/\/blogs.funiber.org\/pt\/?p=7664"},"modified":"2015-09-10T07:05:33","modified_gmt":"2015-09-10T07:05:33","slug":"funiber-terapia-para-cuidadores-de-pessoas-com-deficiencias","status":"publish","type":"post","link":"https:\/\/www.funiber.blog\/pt\/gerontologia\/2015\/09\/10\/funiber-terapia-para-cuidadores-de-pessoas-com-deficiencias","title":{"rendered":"Terapia para cuidadores de pessoas com defici\u00eancias"},"content":{"rendered":"<p>As pessoas que dedicam parte de sua vida aos <strong>cuidados de uma pessoa com algum tipo de debilidade geralmente apresentam problemas de sa\u00fade, tanto a n\u00edvel f\u00edsico como emocional<\/strong>, sendo a <strong>depress\u00e3o e a ansiedade<\/strong> as enfermidades que podem desencadear outros males na vida de quem presta esta assist\u00eancia. <!--more-->As pesquisas assinalam que, al\u00e9m dos cuidadores de pessoas mais velhas com enfermidades mentais <strong>serem, com frequ\u00eancia, familiares<\/strong>, \u00e9 importante que estas pessoas recebam apoio psicol\u00f3gico para que possam desenvolver sua vida de forma saud\u00e1vel.<\/p>\n<p>Desde os anos 70 se utilizam <strong>interven\u00e7\u00f5es psicoterap\u00eauticas cognitivo-comportamentais (TCC)<\/strong> para conseguir reduzir o mal-estar emocional ocasionado no cuidador, especialmente em casos de depress\u00e3o.<\/p>\n<p>A <strong>terapia TCC<\/strong> aplica-se no caso de pessoas que cuidam de pacientes com debilidades para obter tr\u00eas objetivos: <strong>reduzir ou modificar pensamentos aversivos<\/strong> (como a culpa por dedicar tempo aos cuidados de n\u00f3s mesmos), <strong>ajudar na adapta\u00e7\u00e3o de situa\u00e7\u00f5es do cuidado de uma pessoa com debilidade mental <\/strong>e ajudar \u00e0s pessoas que prestam esta assist\u00eancia a <strong>incrementar a frequ\u00eancia de atividades agrad\u00e1veis em sua vida<\/strong>.<\/p>\n<p>O cuidado de pessoas com defici\u00eancias por parte de familiares \u00e9 um caso especialmente complicado no momento de avaliar os efeitos psicol\u00f3gicos, pois as pessoas enfrentam situa\u00e7\u00f5es que dificilmente ser\u00e3o modificadas, nas quais se desenvolvem emo\u00e7\u00f5es e ideias que ser\u00e3o refor\u00e7adas diariamente, pela proximidade com o idoso e o v\u00ednculo familiar existente.<\/p>\n<p>Com a terapia psicol\u00f3gica almeja-se <strong>desenvolver nos cuidadores a capacidade de aceita\u00e7\u00e3o de todas as situa\u00e7\u00f5es que n\u00e3o poder\u00e3o mudar<\/strong>, gerando nas pessoas a tend\u00eancia ativa a experimentar experi\u00eancias internas sem tentar tomar nenhuma medida.<\/p>\n<p>Os que prestam assist\u00eancia e n\u00e3o conseguem aceitar a situa\u00e7\u00e3o que enfrentam precisam desenvolver um <strong>impedimento da experi\u00eancia<\/strong>, que se caracteriza por tentar exercer controle ou evitar contato com experi\u00eancias internas negativas, que acarretam sensa\u00e7\u00f5es de mal-estar tanto a n\u00edvel f\u00edsico como emocional, ou ocasionam o uso de <strong>estrat\u00e9gias de confronta\u00e7\u00e3o aversivas<\/strong>. Neste processo os cuidadores <strong>tentam eliminar seu mal-estar em curto prazo, mas n\u00e3o consideram a vantagem de metas e objetivos relacionados com seus valores pessoais<\/strong>.<\/p>\n<p>No caso de pessoas que desenvolvem o impedimento experiencial aplica-se uma <strong>terapia de aceita\u00e7\u00e3o e compromisso (ACT)<\/strong>. Este tipo de terapia procura que a pessoa aceite as experi\u00eancias internas aversivas, desenvolva uma vis\u00e3o clara e um s\u00f3lido compromisso com os valores pessoais do cuidador a fim de gerar a\u00e7\u00f5es alinhadas com estes valores para obter melhor qualidade de vida.<\/p>\n<p><strong>Terapia para cuidadores<\/strong><\/p>\n<p>A equipe de pesquisadores trabalhou para brindar 8 sess\u00f5es de <strong>terapia ACT e TCC com o objetivo de reduzir os efeitos da depress\u00e3o e ansiedade<\/strong> nos cuidadores de pessoas com debilidades.<\/p>\n<p>Nesta pesquisa, a <strong>terapia cognitivo-comportamental (TCC)<\/strong> esteve orientada a treinar os participantes para desenvolver \u201chabilidades de detec\u00e7\u00e3o e mudan\u00e7a de pensamentos aversivos por outros mais adaptativos, estrat\u00e9gias para aumentar a realiza\u00e7\u00e3o de atividades agrad\u00e1veis e outras ferramentas comportamentais dirigidas a melhorar seu bem-estar\u201d.<\/p>\n<p>Na terapia de aceita\u00e7\u00e3o e compromisso trabalhou-se para obter a aceita\u00e7\u00e3o de eventos internos aversivos e as circunst\u00e2ncias que os ativam, o desenvolvimento de cursos de a\u00e7\u00e3o com significado e alinhados com os valores do cuidador, e o passo \u00e0 a\u00e7\u00e3o incrementando o compromisso com os pr\u00f3prios valores.<\/p>\n<p>Depois da experi\u00eancia, identificou-se que <strong>ambas as interven\u00e7\u00f5es (ACT e TCC) atingiram resultados superiores em compara\u00e7\u00e3o com o grupo de controle<\/strong> no momento de reduzir os sintomas de depress\u00e3o ou ansiedade. Estas terapias proporcionam aos cuidadores ferramentas para lutar com as dif\u00edceis situa\u00e7\u00f5es que devem enfrentar.<\/p>\n<p>Este trabalho de pesquisa, realizado por Andr\u00e9s Losada Baltar, Mar\u00eda M\u00e1rquez, Rosa Romero Moreno e Laura Galego-Alberto Mart\u00edn, <strong>recebeu em 2014 o Pr\u00eamio Rafael Burgaleta, outorgado pelo Col\u00e9gio Oficial de Psic\u00f3logos de Madri<\/strong>.<\/p>\n<p>Os profissionais da Sa\u00fade t\u00eam um enorme campo de a\u00e7\u00e3o em \u00e1reas relacionadas \u00e0 Gerontologia em um mundo no qual a popula\u00e7\u00e3o idosa cresce de forma significativa. As <strong><a href=\"http:\/\/www.funiber.org.br\/areas-de-conhecimento\/saude-e-nutricao\/gerontologia\/\" target=\"_blank\">Especializa\u00e7\u00f5es e Mestrados em Gerontologia<\/a><\/strong>\u00a0da\u00a0<strong><a href=\"http:\/\/www.funiber.org.br\/\" target=\"_blank\">FUNIBER<\/a><\/strong>\u00a0ampliam esta vis\u00e3o.<\/p>\n<p>Fonte: <a href=\"http:\/\/fnbr.es\/1gj\">http:\/\/fnbr.es\/1gj<\/a><\/p>\n<p>Fotografia: Creative Commons:\u00a0<a href=\"https:\/\/www.flickr.com\/photos\/qnr\/2427598156\/sizes\/m\/\">QNR<\/a><\/p>\n","protected":false},"excerpt":{"rendered":"<p>As pessoas que dedicam parte de sua vida aos cuidados de uma pessoa com algum tipo de debilidade geralmente apresentam problemas de sa\u00fade, tanto a n\u00edvel f\u00edsico como emocional, sendo a depress\u00e3o e a ansiedade as enfermidades que podem desencadear outros males na vida de quem presta esta assist\u00eancia.<\/p>\n","protected":false},"author":16,"featured_media":7665,"comment_status":"closed","ping_status":"closed","sticky":false,"template":"","format":"standard","meta":{"jetpack_post_was_ever_published":false,"_jetpack_newsletter_access":"","_jetpack_newsletter_tier_id":0,"footnotes":"","jetpack_publicize_message":"","jetpack_is_tweetstorm":false,"jetpack_publicize_feature_enabled":true,"jetpack_social_post_already_shared":false,"jetpack_social_options":{"image_generator_settings":{"template":"highway","enabled":false}}},"categories":[1],"tags":[766,285,408,248,641,255],"jetpack_publicize_connections":[],"yoast_head":"<!-- This site is optimized with the Yoast SEO plugin v21.7 - https:\/\/yoast.com\/wordpress\/plugins\/seo\/ -->\n<title>Terapia para cuidadores de pessoas com defici\u00eancias - FuniBlogs - FUNIBER<\/title>\n<meta name=\"description\" content=\"Terapias para cuidadores de pessoas com defici\u00eancias.\" \/>\n<meta name=\"robots\" content=\"noindex, nofollow\" \/>\n<meta property=\"og:locale\" content=\"pt_BR\" \/>\n<meta property=\"og:type\" content=\"article\" \/>\n<meta property=\"og:title\" content=\"Terapia para cuidadores de pessoas com defici\u00eancias - FuniBlogs - FUNIBER\" \/>\n<meta property=\"og:description\" content=\"Terapias para cuidadores de pessoas com defici\u00eancias.\" \/>\n<meta property=\"og:url\" content=\"https:\/\/blogs.funiber.org\/pt\/gerontologia\/2015\/09\/10\/funiber-terapia-para-cuidadores-de-pessoas-com-deficiencias\" \/>\n<meta property=\"og:site_name\" content=\"FuniBlogs - FUNIBER\" \/>\n<meta property=\"article:publisher\" content=\"https:\/\/www.facebook.com\/funiber\" \/>\n<meta property=\"article:published_time\" content=\"2015-09-10T07:05:33+00:00\" \/>\n<meta property=\"og:image\" content=\"https:\/\/blogs.funiber.org\/pt\/wp-content\/uploads\/2015\/09\/cuidadores-demencia.jpg\" \/>\n\t<meta property=\"og:image:width\" content=\"500\" \/>\n\t<meta property=\"og:image:height\" content=\"334\" \/>\n\t<meta property=\"og:image:type\" content=\"image\/jpeg\" \/>\n<meta name=\"author\" content=\"Mariana Dornelles\" \/>\n<meta name=\"twitter:card\" content=\"summary_large_image\" \/>\n<meta name=\"twitter:creator\" content=\"@FUNIBER\" \/>\n<meta name=\"twitter:site\" content=\"@FUNIBER\" \/>\n<meta name=\"twitter:label1\" content=\"Escrito por\" \/>\n\t<meta name=\"twitter:data1\" content=\"Mariana Dornelles\" \/>\n\t<meta name=\"twitter:label2\" content=\"Est. tempo de leitura\" \/>\n\t<meta name=\"twitter:data2\" content=\"4 minutos\" \/>\n<script type=\"application\/ld+json\" class=\"yoast-schema-graph\">{\"@context\":\"https:\/\/schema.org\",\"@graph\":[{\"@type\":\"Article\",\"@id\":\"https:\/\/blogs.funiber.org\/pt\/gerontologia\/2015\/09\/10\/funiber-terapia-para-cuidadores-de-pessoas-com-deficiencias#article\",\"isPartOf\":{\"@id\":\"https:\/\/blogs.funiber.org\/pt\/gerontologia\/2015\/09\/10\/funiber-terapia-para-cuidadores-de-pessoas-com-deficiencias\"},\"author\":{\"name\":\"Mariana Dornelles\",\"@id\":\"https:\/\/blogs.funiber.org\/pt\/#\/schema\/person\/cebedd0aef5286687ce641276452c76d\"},\"headline\":\"Terapia para cuidadores de pessoas com defici\u00eancias\",\"datePublished\":\"2015-09-10T07:05:33+00:00\",\"dateModified\":\"2015-09-10T07:05:33+00:00\",\"mainEntityOfPage\":{\"@id\":\"https:\/\/blogs.funiber.org\/pt\/gerontologia\/2015\/09\/10\/funiber-terapia-para-cuidadores-de-pessoas-com-deficiencias\"},\"wordCount\":730,\"publisher\":{\"@id\":\"https:\/\/blogs.funiber.org\/pt\/#organization\"},\"keywords\":[\"Cuidadores\",\"Educa\u00e7\u00e3o\",\"Educa\u00e7\u00e3o a Dist\u00e2ncia\",\"Funiber\",\"Opini\u00e3o FUNIBER\",\"Opini\u00f5es Funiber\"],\"articleSection\":[\"Gerontologia\"],\"inLanguage\":\"pt-BR\"},{\"@type\":\"WebPage\",\"@id\":\"https:\/\/blogs.funiber.org\/pt\/gerontologia\/2015\/09\/10\/funiber-terapia-para-cuidadores-de-pessoas-com-deficiencias\",\"url\":\"https:\/\/blogs.funiber.org\/pt\/gerontologia\/2015\/09\/10\/funiber-terapia-para-cuidadores-de-pessoas-com-deficiencias\",\"name\":\"Terapia para cuidadores de pessoas com defici\u00eancias - FuniBlogs - FUNIBER\",\"isPartOf\":{\"@id\":\"https:\/\/blogs.funiber.org\/pt\/#website\"},\"datePublished\":\"2015-09-10T07:05:33+00:00\",\"dateModified\":\"2015-09-10T07:05:33+00:00\",\"description\":\"Terapias para cuidadores de pessoas com defici\u00eancias.\",\"breadcrumb\":{\"@id\":\"https:\/\/blogs.funiber.org\/pt\/gerontologia\/2015\/09\/10\/funiber-terapia-para-cuidadores-de-pessoas-com-deficiencias#breadcrumb\"},\"inLanguage\":\"pt-BR\",\"potentialAction\":[{\"@type\":\"ReadAction\",\"target\":[\"https:\/\/blogs.funiber.org\/pt\/gerontologia\/2015\/09\/10\/funiber-terapia-para-cuidadores-de-pessoas-com-deficiencias\"]}]},{\"@type\":\"BreadcrumbList\",\"@id\":\"https:\/\/blogs.funiber.org\/pt\/gerontologia\/2015\/09\/10\/funiber-terapia-para-cuidadores-de-pessoas-com-deficiencias#breadcrumb\",\"itemListElement\":[{\"@type\":\"ListItem\",\"position\":1,\"name\":\"In\u00edcio\",\"item\":\"https:\/\/blogs.funiber.org\/pt\"},{\"@type\":\"ListItem\",\"position\":2,\"name\":\"Terapia para cuidadores de pessoas com defici\u00eancias\"}]},{\"@type\":\"WebSite\",\"@id\":\"https:\/\/blogs.funiber.org\/pt\/#website\",\"url\":\"https:\/\/blogs.funiber.org\/pt\/\",\"name\":\"FuniBlogs - FUNIBER\",\"description\":\"\",\"publisher\":{\"@id\":\"https:\/\/blogs.funiber.org\/pt\/#organization\"},\"potentialAction\":[{\"@type\":\"SearchAction\",\"target\":{\"@type\":\"EntryPoint\",\"urlTemplate\":\"https:\/\/blogs.funiber.org\/pt\/?s={search_term_string}\"},\"query-input\":\"required name=search_term_string\"}],\"inLanguage\":\"pt-BR\"},{\"@type\":\"Organization\",\"@id\":\"https:\/\/blogs.funiber.org\/pt\/#organization\",\"name\":\"FuniBlogs - FUNIBER\",\"url\":\"https:\/\/blogs.funiber.org\/pt\/\",\"logo\":{\"@type\":\"ImageObject\",\"inLanguage\":\"pt-BR\",\"@id\":\"https:\/\/blogs.funiber.org\/pt\/#\/schema\/logo\/image\/\",\"url\":\"https:\/\/www.funiber.blog\/pt\/wp-content\/uploads\/2022\/02\/logo-funiber-pt-br-v-dos.svg\",\"contentUrl\":\"https:\/\/www.funiber.blog\/pt\/wp-content\/uploads\/2022\/02\/logo-funiber-pt-br-v-dos.svg\",\"width\":1,\"height\":1,\"caption\":\"FuniBlogs - FUNIBER\"},\"image\":{\"@id\":\"https:\/\/blogs.funiber.org\/pt\/#\/schema\/logo\/image\/\"},\"sameAs\":[\"https:\/\/www.facebook.com\/funiber\",\"https:\/\/twitter.com\/FUNIBER\",\"https:\/\/www.instagram.com\/funiber_becas\",\"https:\/\/www.youtube.com\/user\/funiber\",\"https:\/\/www.linkedin.com\/company\/funiber\"]},{\"@type\":\"Person\",\"@id\":\"https:\/\/blogs.funiber.org\/pt\/#\/schema\/person\/cebedd0aef5286687ce641276452c76d\",\"name\":\"Mariana Dornelles\",\"image\":{\"@type\":\"ImageObject\",\"inLanguage\":\"pt-BR\",\"@id\":\"https:\/\/blogs.funiber.org\/pt\/#\/schema\/person\/image\/\",\"url\":\"https:\/\/secure.gravatar.com\/avatar\/2fbaa65ea908e82807b005c351db3c9d?s=96&d=mm&r=g\",\"contentUrl\":\"https:\/\/secure.gravatar.com\/avatar\/2fbaa65ea908e82807b005c351db3c9d?s=96&d=mm&r=g\",\"caption\":\"Mariana Dornelles\"},\"url\":\"https:\/\/www.funiber.blog\/pt\/author\/mariana-dornelles\"}]}<\/script>\n<!-- \/ Yoast SEO plugin. -->","yoast_head_json":{"title":"Terapia para cuidadores de pessoas com defici\u00eancias - FuniBlogs - FUNIBER","description":"Terapias para cuidadores de pessoas com defici\u00eancias.","robots":{"index":"noindex","follow":"nofollow"},"og_locale":"pt_BR","og_type":"article","og_title":"Terapia para cuidadores de pessoas com defici\u00eancias - FuniBlogs - FUNIBER","og_description":"Terapias para cuidadores de pessoas com defici\u00eancias.","og_url":"https:\/\/blogs.funiber.org\/pt\/gerontologia\/2015\/09\/10\/funiber-terapia-para-cuidadores-de-pessoas-com-deficiencias","og_site_name":"FuniBlogs - FUNIBER","article_publisher":"https:\/\/www.facebook.com\/funiber","article_published_time":"2015-09-10T07:05:33+00:00","og_image":[{"width":500,"height":334,"url":"https:\/\/blogs.funiber.org\/pt\/wp-content\/uploads\/2015\/09\/cuidadores-demencia.jpg","type":"image\/jpeg"}],"author":"Mariana Dornelles","twitter_card":"summary_large_image","twitter_creator":"@FUNIBER","twitter_site":"@FUNIBER","twitter_misc":{"Escrito por":"Mariana Dornelles","Est. tempo de leitura":"4 minutos"},"schema":{"@context":"https:\/\/schema.org","@graph":[{"@type":"Article","@id":"https:\/\/blogs.funiber.org\/pt\/gerontologia\/2015\/09\/10\/funiber-terapia-para-cuidadores-de-pessoas-com-deficiencias#article","isPartOf":{"@id":"https:\/\/blogs.funiber.org\/pt\/gerontologia\/2015\/09\/10\/funiber-terapia-para-cuidadores-de-pessoas-com-deficiencias"},"author":{"name":"Mariana Dornelles","@id":"https:\/\/blogs.funiber.org\/pt\/#\/schema\/person\/cebedd0aef5286687ce641276452c76d"},"headline":"Terapia para cuidadores de pessoas com defici\u00eancias","datePublished":"2015-09-10T07:05:33+00:00","dateModified":"2015-09-10T07:05:33+00:00","mainEntityOfPage":{"@id":"https:\/\/blogs.funiber.org\/pt\/gerontologia\/2015\/09\/10\/funiber-terapia-para-cuidadores-de-pessoas-com-deficiencias"},"wordCount":730,"publisher":{"@id":"https:\/\/blogs.funiber.org\/pt\/#organization"},"keywords":["Cuidadores","Educa\u00e7\u00e3o","Educa\u00e7\u00e3o a Dist\u00e2ncia","Funiber","Opini\u00e3o FUNIBER","Opini\u00f5es Funiber"],"articleSection":["Gerontologia"],"inLanguage":"pt-BR"},{"@type":"WebPage","@id":"https:\/\/blogs.funiber.org\/pt\/gerontologia\/2015\/09\/10\/funiber-terapia-para-cuidadores-de-pessoas-com-deficiencias","url":"https:\/\/blogs.funiber.org\/pt\/gerontologia\/2015\/09\/10\/funiber-terapia-para-cuidadores-de-pessoas-com-deficiencias","name":"Terapia para cuidadores de pessoas com defici\u00eancias - FuniBlogs - FUNIBER","isPartOf":{"@id":"https:\/\/blogs.funiber.org\/pt\/#website"},"datePublished":"2015-09-10T07:05:33+00:00","dateModified":"2015-09-10T07:05:33+00:00","description":"Terapias para cuidadores de pessoas com defici\u00eancias.","breadcrumb":{"@id":"https:\/\/blogs.funiber.org\/pt\/gerontologia\/2015\/09\/10\/funiber-terapia-para-cuidadores-de-pessoas-com-deficiencias#breadcrumb"},"inLanguage":"pt-BR","potentialAction":[{"@type":"ReadAction","target":["https:\/\/blogs.funiber.org\/pt\/gerontologia\/2015\/09\/10\/funiber-terapia-para-cuidadores-de-pessoas-com-deficiencias"]}]},{"@type":"BreadcrumbList","@id":"https:\/\/blogs.funiber.org\/pt\/gerontologia\/2015\/09\/10\/funiber-terapia-para-cuidadores-de-pessoas-com-deficiencias#breadcrumb","itemListElement":[{"@type":"ListItem","position":1,"name":"In\u00edcio","item":"https:\/\/blogs.funiber.org\/pt"},{"@type":"ListItem","position":2,"name":"Terapia para cuidadores de pessoas com defici\u00eancias"}]},{"@type":"WebSite","@id":"https:\/\/blogs.funiber.org\/pt\/#website","url":"https:\/\/blogs.funiber.org\/pt\/","name":"FuniBlogs - FUNIBER","description":"","publisher":{"@id":"https:\/\/blogs.funiber.org\/pt\/#organization"},"potentialAction":[{"@type":"SearchAction","target":{"@type":"EntryPoint","urlTemplate":"https:\/\/blogs.funiber.org\/pt\/?s={search_term_string}"},"query-input":"required name=search_term_string"}],"inLanguage":"pt-BR"},{"@type":"Organization","@id":"https:\/\/blogs.funiber.org\/pt\/#organization","name":"FuniBlogs - FUNIBER","url":"https:\/\/blogs.funiber.org\/pt\/","logo":{"@type":"ImageObject","inLanguage":"pt-BR","@id":"https:\/\/blogs.funiber.org\/pt\/#\/schema\/logo\/image\/","url":"https:\/\/www.funiber.blog\/pt\/wp-content\/uploads\/2022\/02\/logo-funiber-pt-br-v-dos.svg","contentUrl":"https:\/\/www.funiber.blog\/pt\/wp-content\/uploads\/2022\/02\/logo-funiber-pt-br-v-dos.svg","width":1,"height":1,"caption":"FuniBlogs - FUNIBER"},"image":{"@id":"https:\/\/blogs.funiber.org\/pt\/#\/schema\/logo\/image\/"},"sameAs":["https:\/\/www.facebook.com\/funiber","https:\/\/twitter.com\/FUNIBER","https:\/\/www.instagram.com\/funiber_becas","https:\/\/www.youtube.com\/user\/funiber","https:\/\/www.linkedin.com\/company\/funiber"]},{"@type":"Person","@id":"https:\/\/blogs.funiber.org\/pt\/#\/schema\/person\/cebedd0aef5286687ce641276452c76d","name":"Mariana Dornelles","image":{"@type":"ImageObject","inLanguage":"pt-BR","@id":"https:\/\/blogs.funiber.org\/pt\/#\/schema\/person\/image\/","url":"https:\/\/secure.gravatar.com\/avatar\/2fbaa65ea908e82807b005c351db3c9d?s=96&d=mm&r=g","contentUrl":"https:\/\/secure.gravatar.com\/avatar\/2fbaa65ea908e82807b005c351db3c9d?s=96&d=mm&r=g","caption":"Mariana Dornelles"},"url":"https:\/\/www.funiber.blog\/pt\/author\/mariana-dornelles"}]}},"jetpack_featured_media_url":"https:\/\/www.funiber.blog\/pt\/wp-content\/uploads\/2015\/09\/cuidadores-demencia.jpg","jetpack_shortlink":"https:\/\/wp.me\/p7ee1t-1ZC","jetpack_sharing_enabled":true,"_links":{"self":[{"href":"https:\/\/www.funiber.blog\/pt\/wp-json\/wp\/v2\/posts\/7664"}],"collection":[{"href":"https:\/\/www.funiber.blog\/pt\/wp-json\/wp\/v2\/posts"}],"about":[{"href":"https:\/\/www.funiber.blog\/pt\/wp-json\/wp\/v2\/types\/post"}],"author":[{"embeddable":true,"href":"https:\/\/www.funiber.blog\/pt\/wp-json\/wp\/v2\/users\/16"}],"replies":[{"embeddable":true,"href":"https:\/\/www.funiber.blog\/pt\/wp-json\/wp\/v2\/comments?post=7664"}],"version-history":[{"count":1,"href":"https:\/\/www.funiber.blog\/pt\/wp-json\/wp\/v2\/posts\/7664\/revisions"}],"predecessor-version":[{"id":7666,"href":"https:\/\/www.funiber.blog\/pt\/wp-json\/wp\/v2\/posts\/7664\/revisions\/7666"}],"wp:featuredmedia":[{"embeddable":true,"href":"https:\/\/www.funiber.blog\/pt\/wp-json\/wp\/v2\/media\/7665"}],"wp:attachment":[{"href":"https:\/\/www.funiber.blog\/pt\/wp-json\/wp\/v2\/media?parent=7664"}],"wp:term":[{"taxonomy":"category","embeddable":true,"href":"https:\/\/www.funiber.blog\/pt\/wp-json\/wp\/v2\/categories?post=7664"},{"taxonomy":"post_tag","embeddable":true,"href":"https:\/\/www.funiber.blog\/pt\/wp-json\/wp\/v2\/tags?post=7664"}],"curies":[{"name":"wp","href":"https:\/\/api.w.org\/{rel}","templated":true}]}}