{"id":7667,"date":"2015-09-10T07:05:21","date_gmt":"2015-09-10T07:05:21","guid":{"rendered":"http:\/\/blogs.funiber.org\/pt\/?p=7667"},"modified":"2015-09-10T07:05:21","modified_gmt":"2015-09-10T07:05:21","slug":"funiber-colombia-equador-e-peru-se-preparam-para-enfrentar-o-fenomeno-el-nino","status":"publish","type":"post","link":"https:\/\/www.funiber.blog\/pt\/meio-ambiente\/2015\/09\/10\/funiber-colombia-equador-e-peru-se-preparam-para-enfrentar-o-fenomeno-el-nino","title":{"rendered":"Col\u00f4mbia, Equador e Peru se preparam para enfrentar o Fen\u00f4meno El Ni\u00f1o"},"content":{"rendered":"<p>Todos os progn\u00f3sticos indicam que <strong>o Fen\u00f4meno El Ni\u00f1o ter\u00e1 um impacto moderado ou severo em pa\u00edses como Col\u00f4mbia, Equador e Peru<\/strong>, causando grandes inunda\u00e7\u00f5es em algumas regi\u00f5es e secas em outras. Os governos desses pa\u00edses v\u00eam, em alguns casos, preparando-se desde 2014 para reduzir os desastres naturais associados ao El Ni\u00f1o.<!--more--><\/p>\n<p>A <strong>Col\u00f4mbia <\/strong>enfrentar\u00e1 secas e os munic\u00edpios desse pa\u00eds publicaram e ativaram a<strong> execu\u00e7\u00e3o de 562 planos de conting\u00eancia <\/strong>para atender as emerg\u00eancias que poder\u00e3o aparecer. O ministro do meio ambiente, Gabriel Vallejo L\u00f3pez, reconheceu que o <strong>El Ni\u00f1o se encontra em uma fase \u201cincipiente\u201d e recomendou aos cidad\u00e3os poupar \u00e1gua e energia. <\/strong><\/p>\n<p>A imprensa local informou que o Plano Nacional de Conting\u00eancia envolveria uma lista de 207 mil pessoas para atender emerg\u00eancias, designando mais de 29 mil leitos de hospitais para atender emerg\u00eancias, e investindo mais de <strong>92 bilh\u00f5es de pesos <\/strong>colombianos para estabelecer medidas preventivas nos \u00faltimos seis meses.<\/p>\n<p>No Equador, o presidente Rafael Correa disse que h\u00e1 50% de probabilidade que o fen\u00f4meno El Ni\u00f1o se apresente na regi\u00e3o e determinou recursos para permitir apoio econ\u00f4mico aos agricultores e \u00e0 reconstru\u00e7\u00e3o de estradas. Por sua vez, a Secretaria Nacional de Gest\u00e3o de Risco disse que <strong>j\u00e1 se vem trabalhando por dois anos para capacitar a popula\u00e7\u00e3o a enfrentar os desastres naturais que o El Ni\u00f1o poderia produzir. <\/strong><\/p>\n<p>No Equador, durante o fen\u00f4meno El Ni\u00f1o, a popula\u00e7\u00e3o enfrentar\u00e1 <strong>chuvas de grande intensidade, afetando as barragens e o fluxo dos rios. <\/strong><\/p>\n<p>No Peru, o Centro Nacional de Estimativa, Preven\u00e7\u00e3o e Redu\u00e7\u00e3o de Riscos de Desastres (CENEPRED, sigla em espanhol), apresentou em abril deste ano o documento \u201c<a href=\"http:\/\/fnbr.es\/1fx\">Cen\u00e1rio de riscos para a temporada de chuvas 2015 \u2013 2016<\/a>\u201c, no qual se detalham todos os poss\u00edveis desastres que poderiam ocorrer no Peru em consequ\u00eancia do Fen\u00f4meno El Ni\u00f1o. Todavia, n\u00e3o se apresentou um plano de conting\u00eancia nacional, porque se optou que cada munic\u00edpio elaborasse seu plano. Informou-se que o <strong>CENEPRED proporcionou aos Governos Regionais e Locais acesso ao Sistema de Informa\u00e7\u00e3o para a Gest\u00e3o de Risco e Desastres, SIGRID EL NI\u00d1O. <\/strong><\/p>\n<p>Por sua vez, o ministro de Agricultura e Risco, Juan Manuel Benites, disse que o Peru conta com um fundo de conting\u00eancia de <strong>400 milh\u00f5es de d\u00f3lares para reduzir o impacto dos desastres naturais que poderia ocasionar o Fen\u00f4meno El Ni\u00f1o<\/strong>, um fundo que, nas palavras do ministro, &#8220;serviria para atender as emerg\u00eancias e executar as constru\u00e7\u00f5es&#8221;.<\/p>\n<p>O CENPRED apresentou, al\u00e9m disso, o <a href=\"http:\/\/cenepred.gob.pe\/dgp\/manual-de-evaluacion-de-riesgos-fenomenos-naturales-v2\/\"><strong>Manual de Avalia\u00e7\u00e3o de Riscos dos Fen\u00f4menos Naturais<\/strong><\/a>, um documento que servir\u00e1 de orienta\u00e7\u00e3o \u00e0s autoridades dos munic\u00edpios para avaliar os riscos da pr\u00f3xima temporada de chuvas.<\/p>\n<p>Os alunos da \u00e1rea de\u00a0<a href=\"http:\/\/www.funiber.org.br\/areas-de-conhecimento\/meio-ambiente-e-desenvolvimento-sustentavel\/\" target=\"_blank\"><strong>Meio Ambiente<\/strong><\/a><strong>\u00a0<\/strong>da<a href=\"http:\/\/www.funiber.org.br\/\" target=\"_blank\">\u00a0<strong>FUNIBER<\/strong><strong>\u00a0<\/strong><\/a>adquirem os conhecimentos que permitem elaborar planos para reduzir os efeitos dos desastres naturais.<\/p>\n<p>Fontes:\u00a0<a href=\"http:\/\/fnbr.es\/1fu\">http:\/\/fnbr.es\/1fu<\/a>,\u00a0<a href=\"http:\/\/fnbr.es\/1fv\">http:\/\/fnbr.es\/1fv<\/a>,\u00a0<a href=\"http:\/\/fnbr.es\/1fw\">http:\/\/fnbr.es\/1fw<\/a>,\u00a0<a href=\"http:\/\/fnbr.es\/1fx\">http:\/\/fnbr.es\/1fx<\/a><br \/>\nFoto:\u00a0<a href=\"http:\/\/www.elnino.noaa.gov\/\" target=\"_blank\">NOAA<\/a><\/p>\n","protected":false},"excerpt":{"rendered":"<p>Todos os progn\u00f3sticos indicam que o Fen\u00f4meno El Ni\u00f1o ter\u00e1 um impacto moderado ou severo em pa\u00edses como Col\u00f4mbia, Equador e Peru, causando grandes inunda\u00e7\u00f5es em algumas regi\u00f5es e secas em outras. Os governos desses pa\u00edses v\u00eam, em alguns casos, preparando-se desde 2014 para reduzir os desastres naturais associados ao El Ni\u00f1o.<\/p>\n","protected":false},"author":16,"featured_media":7670,"comment_status":"closed","ping_status":"closed","sticky":false,"template":"","format":"standard","meta":{"jetpack_post_was_ever_published":false,"_jetpack_newsletter_access":"","_jetpack_newsletter_tier_id":0,"footnotes":"","jetpack_publicize_message":"","jetpack_is_tweetstorm":false,"jetpack_publicize_feature_enabled":true,"jetpack_social_post_already_shared":false,"jetpack_social_options":{"image_generator_settings":{"template":"highway","enabled":false}}},"categories":[2],"tags":[285,408,248,835,641,255],"jetpack_publicize_connections":[],"yoast_head":"<!-- This site is optimized with the Yoast SEO plugin v21.7 - https:\/\/yoast.com\/wordpress\/plugins\/seo\/ -->\n<title>Col\u00f4mbia, Equador e Peru se preparam para enfrentar o Fen\u00f4meno El Ni\u00f1o - FuniBlogs - FUNIBER<\/title>\n<meta name=\"description\" content=\"Pa\u00edses se preparam para enfrentar o El Ni\u00f1o\" \/>\n<meta name=\"robots\" content=\"noindex, nofollow\" \/>\n<meta property=\"og:locale\" content=\"pt_BR\" \/>\n<meta property=\"og:type\" content=\"article\" \/>\n<meta property=\"og:title\" content=\"Col\u00f4mbia, Equador e Peru se preparam para enfrentar o Fen\u00f4meno El Ni\u00f1o - FuniBlogs - FUNIBER\" \/>\n<meta property=\"og:description\" content=\"Pa\u00edses se preparam para enfrentar o El Ni\u00f1o\" \/>\n<meta property=\"og:url\" content=\"https:\/\/blogs.funiber.org\/pt\/meio-ambiente\/2015\/09\/10\/funiber-colombia-equador-e-peru-se-preparam-para-enfrentar-o-fenomeno-el-nino\" \/>\n<meta property=\"og:site_name\" content=\"FuniBlogs - FUNIBER\" \/>\n<meta property=\"article:publisher\" content=\"https:\/\/www.facebook.com\/funiber\" \/>\n<meta property=\"article:published_time\" content=\"2015-09-10T07:05:21+00:00\" \/>\n<meta property=\"og:image\" content=\"https:\/\/blogs.funiber.org\/pt\/wp-content\/uploads\/2015\/09\/El-Ni\u00f1o.jpg\" \/>\n\t<meta property=\"og:image:width\" content=\"550\" \/>\n\t<meta property=\"og:image:height\" content=\"400\" \/>\n\t<meta property=\"og:image:type\" content=\"image\/jpeg\" \/>\n<meta name=\"author\" content=\"Mariana Dornelles\" \/>\n<meta name=\"twitter:card\" content=\"summary_large_image\" \/>\n<meta name=\"twitter:creator\" content=\"@FUNIBER\" \/>\n<meta name=\"twitter:site\" content=\"@FUNIBER\" \/>\n<meta name=\"twitter:label1\" content=\"Escrito por\" \/>\n\t<meta name=\"twitter:data1\" content=\"Mariana Dornelles\" \/>\n\t<meta name=\"twitter:label2\" content=\"Est. tempo de leitura\" \/>\n\t<meta name=\"twitter:data2\" content=\"3 minutos\" \/>\n<script type=\"application\/ld+json\" class=\"yoast-schema-graph\">{\"@context\":\"https:\/\/schema.org\",\"@graph\":[{\"@type\":\"Article\",\"@id\":\"https:\/\/blogs.funiber.org\/pt\/meio-ambiente\/2015\/09\/10\/funiber-colombia-equador-e-peru-se-preparam-para-enfrentar-o-fenomeno-el-nino#article\",\"isPartOf\":{\"@id\":\"https:\/\/blogs.funiber.org\/pt\/meio-ambiente\/2015\/09\/10\/funiber-colombia-equador-e-peru-se-preparam-para-enfrentar-o-fenomeno-el-nino\"},\"author\":{\"name\":\"Mariana Dornelles\",\"@id\":\"https:\/\/blogs.funiber.org\/pt\/#\/schema\/person\/cebedd0aef5286687ce641276452c76d\"},\"headline\":\"Col\u00f4mbia, Equador e Peru se preparam para enfrentar o Fen\u00f4meno El Ni\u00f1o\",\"datePublished\":\"2015-09-10T07:05:21+00:00\",\"dateModified\":\"2015-09-10T07:05:21+00:00\",\"mainEntityOfPage\":{\"@id\":\"https:\/\/blogs.funiber.org\/pt\/meio-ambiente\/2015\/09\/10\/funiber-colombia-equador-e-peru-se-preparam-para-enfrentar-o-fenomeno-el-nino\"},\"wordCount\":539,\"publisher\":{\"@id\":\"https:\/\/blogs.funiber.org\/pt\/#organization\"},\"keywords\":[\"Educa\u00e7\u00e3o\",\"Educa\u00e7\u00e3o a Dist\u00e2ncia\",\"Funiber\",\"Meio Ambiente\",\"Opini\u00e3o FUNIBER\",\"Opini\u00f5es Funiber\"],\"articleSection\":[\"Meio Ambiente\"],\"inLanguage\":\"pt-BR\"},{\"@type\":\"WebPage\",\"@id\":\"https:\/\/blogs.funiber.org\/pt\/meio-ambiente\/2015\/09\/10\/funiber-colombia-equador-e-peru-se-preparam-para-enfrentar-o-fenomeno-el-nino\",\"url\":\"https:\/\/blogs.funiber.org\/pt\/meio-ambiente\/2015\/09\/10\/funiber-colombia-equador-e-peru-se-preparam-para-enfrentar-o-fenomeno-el-nino\",\"name\":\"Col\u00f4mbia, Equador e Peru se preparam para enfrentar o Fen\u00f4meno El Ni\u00f1o - FuniBlogs - FUNIBER\",\"isPartOf\":{\"@id\":\"https:\/\/blogs.funiber.org\/pt\/#website\"},\"datePublished\":\"2015-09-10T07:05:21+00:00\",\"dateModified\":\"2015-09-10T07:05:21+00:00\",\"description\":\"Pa\u00edses se preparam para enfrentar o El Ni\u00f1o\",\"breadcrumb\":{\"@id\":\"https:\/\/blogs.funiber.org\/pt\/meio-ambiente\/2015\/09\/10\/funiber-colombia-equador-e-peru-se-preparam-para-enfrentar-o-fenomeno-el-nino#breadcrumb\"},\"inLanguage\":\"pt-BR\",\"potentialAction\":[{\"@type\":\"ReadAction\",\"target\":[\"https:\/\/blogs.funiber.org\/pt\/meio-ambiente\/2015\/09\/10\/funiber-colombia-equador-e-peru-se-preparam-para-enfrentar-o-fenomeno-el-nino\"]}]},{\"@type\":\"BreadcrumbList\",\"@id\":\"https:\/\/blogs.funiber.org\/pt\/meio-ambiente\/2015\/09\/10\/funiber-colombia-equador-e-peru-se-preparam-para-enfrentar-o-fenomeno-el-nino#breadcrumb\",\"itemListElement\":[{\"@type\":\"ListItem\",\"position\":1,\"name\":\"In\u00edcio\",\"item\":\"https:\/\/blogs.funiber.org\/pt\"},{\"@type\":\"ListItem\",\"position\":2,\"name\":\"Col\u00f4mbia, Equador e Peru se preparam para enfrentar o Fen\u00f4meno El Ni\u00f1o\"}]},{\"@type\":\"WebSite\",\"@id\":\"https:\/\/blogs.funiber.org\/pt\/#website\",\"url\":\"https:\/\/blogs.funiber.org\/pt\/\",\"name\":\"FuniBlogs - FUNIBER\",\"description\":\"\",\"publisher\":{\"@id\":\"https:\/\/blogs.funiber.org\/pt\/#organization\"},\"potentialAction\":[{\"@type\":\"SearchAction\",\"target\":{\"@type\":\"EntryPoint\",\"urlTemplate\":\"https:\/\/blogs.funiber.org\/pt\/?s={search_term_string}\"},\"query-input\":\"required name=search_term_string\"}],\"inLanguage\":\"pt-BR\"},{\"@type\":\"Organization\",\"@id\":\"https:\/\/blogs.funiber.org\/pt\/#organization\",\"name\":\"FuniBlogs - FUNIBER\",\"url\":\"https:\/\/blogs.funiber.org\/pt\/\",\"logo\":{\"@type\":\"ImageObject\",\"inLanguage\":\"pt-BR\",\"@id\":\"https:\/\/blogs.funiber.org\/pt\/#\/schema\/logo\/image\/\",\"url\":\"https:\/\/www.funiber.blog\/pt\/wp-content\/uploads\/2022\/02\/logo-funiber-pt-br-v-dos.svg\",\"contentUrl\":\"https:\/\/www.funiber.blog\/pt\/wp-content\/uploads\/2022\/02\/logo-funiber-pt-br-v-dos.svg\",\"width\":1,\"height\":1,\"caption\":\"FuniBlogs - FUNIBER\"},\"image\":{\"@id\":\"https:\/\/blogs.funiber.org\/pt\/#\/schema\/logo\/image\/\"},\"sameAs\":[\"https:\/\/www.facebook.com\/funiber\",\"https:\/\/twitter.com\/FUNIBER\",\"https:\/\/www.instagram.com\/funiber_becas\",\"https:\/\/www.youtube.com\/user\/funiber\",\"https:\/\/www.linkedin.com\/company\/funiber\"]},{\"@type\":\"Person\",\"@id\":\"https:\/\/blogs.funiber.org\/pt\/#\/schema\/person\/cebedd0aef5286687ce641276452c76d\",\"name\":\"Mariana Dornelles\",\"image\":{\"@type\":\"ImageObject\",\"inLanguage\":\"pt-BR\",\"@id\":\"https:\/\/blogs.funiber.org\/pt\/#\/schema\/person\/image\/\",\"url\":\"https:\/\/secure.gravatar.com\/avatar\/2fbaa65ea908e82807b005c351db3c9d?s=96&d=mm&r=g\",\"contentUrl\":\"https:\/\/secure.gravatar.com\/avatar\/2fbaa65ea908e82807b005c351db3c9d?s=96&d=mm&r=g\",\"caption\":\"Mariana Dornelles\"},\"url\":\"https:\/\/www.funiber.blog\/pt\/author\/mariana-dornelles\"}]}<\/script>\n<!-- \/ Yoast SEO plugin. -->","yoast_head_json":{"title":"Col\u00f4mbia, Equador e Peru se preparam para enfrentar o Fen\u00f4meno El Ni\u00f1o - FuniBlogs - FUNIBER","description":"Pa\u00edses se preparam para enfrentar o El Ni\u00f1o","robots":{"index":"noindex","follow":"nofollow"},"og_locale":"pt_BR","og_type":"article","og_title":"Col\u00f4mbia, Equador e Peru se preparam para enfrentar o Fen\u00f4meno El Ni\u00f1o - FuniBlogs - FUNIBER","og_description":"Pa\u00edses se preparam para enfrentar o El Ni\u00f1o","og_url":"https:\/\/blogs.funiber.org\/pt\/meio-ambiente\/2015\/09\/10\/funiber-colombia-equador-e-peru-se-preparam-para-enfrentar-o-fenomeno-el-nino","og_site_name":"FuniBlogs - FUNIBER","article_publisher":"https:\/\/www.facebook.com\/funiber","article_published_time":"2015-09-10T07:05:21+00:00","og_image":[{"width":550,"height":400,"url":"https:\/\/blogs.funiber.org\/pt\/wp-content\/uploads\/2015\/09\/El-Ni\u00f1o.jpg","type":"image\/jpeg"}],"author":"Mariana Dornelles","twitter_card":"summary_large_image","twitter_creator":"@FUNIBER","twitter_site":"@FUNIBER","twitter_misc":{"Escrito por":"Mariana Dornelles","Est. tempo de leitura":"3 minutos"},"schema":{"@context":"https:\/\/schema.org","@graph":[{"@type":"Article","@id":"https:\/\/blogs.funiber.org\/pt\/meio-ambiente\/2015\/09\/10\/funiber-colombia-equador-e-peru-se-preparam-para-enfrentar-o-fenomeno-el-nino#article","isPartOf":{"@id":"https:\/\/blogs.funiber.org\/pt\/meio-ambiente\/2015\/09\/10\/funiber-colombia-equador-e-peru-se-preparam-para-enfrentar-o-fenomeno-el-nino"},"author":{"name":"Mariana Dornelles","@id":"https:\/\/blogs.funiber.org\/pt\/#\/schema\/person\/cebedd0aef5286687ce641276452c76d"},"headline":"Col\u00f4mbia, Equador e Peru se preparam para enfrentar o Fen\u00f4meno El Ni\u00f1o","datePublished":"2015-09-10T07:05:21+00:00","dateModified":"2015-09-10T07:05:21+00:00","mainEntityOfPage":{"@id":"https:\/\/blogs.funiber.org\/pt\/meio-ambiente\/2015\/09\/10\/funiber-colombia-equador-e-peru-se-preparam-para-enfrentar-o-fenomeno-el-nino"},"wordCount":539,"publisher":{"@id":"https:\/\/blogs.funiber.org\/pt\/#organization"},"keywords":["Educa\u00e7\u00e3o","Educa\u00e7\u00e3o a Dist\u00e2ncia","Funiber","Meio Ambiente","Opini\u00e3o FUNIBER","Opini\u00f5es Funiber"],"articleSection":["Meio Ambiente"],"inLanguage":"pt-BR"},{"@type":"WebPage","@id":"https:\/\/blogs.funiber.org\/pt\/meio-ambiente\/2015\/09\/10\/funiber-colombia-equador-e-peru-se-preparam-para-enfrentar-o-fenomeno-el-nino","url":"https:\/\/blogs.funiber.org\/pt\/meio-ambiente\/2015\/09\/10\/funiber-colombia-equador-e-peru-se-preparam-para-enfrentar-o-fenomeno-el-nino","name":"Col\u00f4mbia, Equador e Peru se preparam para enfrentar o Fen\u00f4meno El Ni\u00f1o - FuniBlogs - FUNIBER","isPartOf":{"@id":"https:\/\/blogs.funiber.org\/pt\/#website"},"datePublished":"2015-09-10T07:05:21+00:00","dateModified":"2015-09-10T07:05:21+00:00","description":"Pa\u00edses se preparam para enfrentar o El Ni\u00f1o","breadcrumb":{"@id":"https:\/\/blogs.funiber.org\/pt\/meio-ambiente\/2015\/09\/10\/funiber-colombia-equador-e-peru-se-preparam-para-enfrentar-o-fenomeno-el-nino#breadcrumb"},"inLanguage":"pt-BR","potentialAction":[{"@type":"ReadAction","target":["https:\/\/blogs.funiber.org\/pt\/meio-ambiente\/2015\/09\/10\/funiber-colombia-equador-e-peru-se-preparam-para-enfrentar-o-fenomeno-el-nino"]}]},{"@type":"BreadcrumbList","@id":"https:\/\/blogs.funiber.org\/pt\/meio-ambiente\/2015\/09\/10\/funiber-colombia-equador-e-peru-se-preparam-para-enfrentar-o-fenomeno-el-nino#breadcrumb","itemListElement":[{"@type":"ListItem","position":1,"name":"In\u00edcio","item":"https:\/\/blogs.funiber.org\/pt"},{"@type":"ListItem","position":2,"name":"Col\u00f4mbia, Equador e Peru se preparam para enfrentar o Fen\u00f4meno El Ni\u00f1o"}]},{"@type":"WebSite","@id":"https:\/\/blogs.funiber.org\/pt\/#website","url":"https:\/\/blogs.funiber.org\/pt\/","name":"FuniBlogs - FUNIBER","description":"","publisher":{"@id":"https:\/\/blogs.funiber.org\/pt\/#organization"},"potentialAction":[{"@type":"SearchAction","target":{"@type":"EntryPoint","urlTemplate":"https:\/\/blogs.funiber.org\/pt\/?s={search_term_string}"},"query-input":"required name=search_term_string"}],"inLanguage":"pt-BR"},{"@type":"Organization","@id":"https:\/\/blogs.funiber.org\/pt\/#organization","name":"FuniBlogs - FUNIBER","url":"https:\/\/blogs.funiber.org\/pt\/","logo":{"@type":"ImageObject","inLanguage":"pt-BR","@id":"https:\/\/blogs.funiber.org\/pt\/#\/schema\/logo\/image\/","url":"https:\/\/www.funiber.blog\/pt\/wp-content\/uploads\/2022\/02\/logo-funiber-pt-br-v-dos.svg","contentUrl":"https:\/\/www.funiber.blog\/pt\/wp-content\/uploads\/2022\/02\/logo-funiber-pt-br-v-dos.svg","width":1,"height":1,"caption":"FuniBlogs - FUNIBER"},"image":{"@id":"https:\/\/blogs.funiber.org\/pt\/#\/schema\/logo\/image\/"},"sameAs":["https:\/\/www.facebook.com\/funiber","https:\/\/twitter.com\/FUNIBER","https:\/\/www.instagram.com\/funiber_becas","https:\/\/www.youtube.com\/user\/funiber","https:\/\/www.linkedin.com\/company\/funiber"]},{"@type":"Person","@id":"https:\/\/blogs.funiber.org\/pt\/#\/schema\/person\/cebedd0aef5286687ce641276452c76d","name":"Mariana Dornelles","image":{"@type":"ImageObject","inLanguage":"pt-BR","@id":"https:\/\/blogs.funiber.org\/pt\/#\/schema\/person\/image\/","url":"https:\/\/secure.gravatar.com\/avatar\/2fbaa65ea908e82807b005c351db3c9d?s=96&d=mm&r=g","contentUrl":"https:\/\/secure.gravatar.com\/avatar\/2fbaa65ea908e82807b005c351db3c9d?s=96&d=mm&r=g","caption":"Mariana Dornelles"},"url":"https:\/\/www.funiber.blog\/pt\/author\/mariana-dornelles"}]}},"jetpack_featured_media_url":"https:\/\/www.funiber.blog\/pt\/wp-content\/uploads\/2015\/09\/El-Ni\u00f1o.jpg","jetpack_shortlink":"https:\/\/wp.me\/p7ee1t-1ZF","jetpack_sharing_enabled":true,"_links":{"self":[{"href":"https:\/\/www.funiber.blog\/pt\/wp-json\/wp\/v2\/posts\/7667"}],"collection":[{"href":"https:\/\/www.funiber.blog\/pt\/wp-json\/wp\/v2\/posts"}],"about":[{"href":"https:\/\/www.funiber.blog\/pt\/wp-json\/wp\/v2\/types\/post"}],"author":[{"embeddable":true,"href":"https:\/\/www.funiber.blog\/pt\/wp-json\/wp\/v2\/users\/16"}],"replies":[{"embeddable":true,"href":"https:\/\/www.funiber.blog\/pt\/wp-json\/wp\/v2\/comments?post=7667"}],"version-history":[{"count":2,"href":"https:\/\/www.funiber.blog\/pt\/wp-json\/wp\/v2\/posts\/7667\/revisions"}],"predecessor-version":[{"id":7669,"href":"https:\/\/www.funiber.blog\/pt\/wp-json\/wp\/v2\/posts\/7667\/revisions\/7669"}],"wp:featuredmedia":[{"embeddable":true,"href":"https:\/\/www.funiber.blog\/pt\/wp-json\/wp\/v2\/media\/7670"}],"wp:attachment":[{"href":"https:\/\/www.funiber.blog\/pt\/wp-json\/wp\/v2\/media?parent=7667"}],"wp:term":[{"taxonomy":"category","embeddable":true,"href":"https:\/\/www.funiber.blog\/pt\/wp-json\/wp\/v2\/categories?post=7667"},{"taxonomy":"post_tag","embeddable":true,"href":"https:\/\/www.funiber.blog\/pt\/wp-json\/wp\/v2\/tags?post=7667"}],"curies":[{"name":"wp","href":"https:\/\/api.w.org\/{rel}","templated":true}]}}