{"id":7678,"date":"2015-09-10T08:25:05","date_gmt":"2015-09-10T08:25:05","guid":{"rendered":"http:\/\/blogs.funiber.org\/pt\/?p=7678"},"modified":"2015-09-10T13:38:30","modified_gmt":"2015-09-10T13:38:30","slug":"funiber-congresso-no-sudoeste-goiano-debate-direito-a-educacao","status":"publish","type":"post","link":"https:\/\/www.funiber.blog\/pt\/formacao-professores\/2015\/09\/10\/funiber-congresso-no-sudoeste-goiano-debate-direito-a-educacao","title":{"rendered":"Congresso no sudoeste goiano debate direito \u00e0 educa\u00e7\u00e3o"},"content":{"rendered":"<p>Entre os dias 22 e 24 de setembro ser\u00e1 realizado, no campus de Jata\u00ed da Universidade Federal de Goi\u00e1s, o <strong>XXVIII Congresso de Educa\u00e7\u00e3o do Sudoeste Goiano<\/strong>.<\/p>\n<p>Este ano o tema central do evento\u00a0ser\u00e1 o <strong>direito \u00e0 educa\u00e7\u00e3o, <\/strong>no que se refere \u00e0<strong> equidade <\/strong>e \u00e0<strong> igualdade<\/strong>, com foco na forma\u00e7\u00e3o de professores. <!--more-->Pretende-se analisar a legisla\u00e7\u00e3o brasileira que trata do direito \u00e0 educa\u00e7\u00e3o e problematizar a realiza\u00e7\u00e3o de suas expectativas, considerando o hist\u00f3rico da reconhecimento deste direito nas normativas nacionais.<\/p>\n<p>O congresso, com <a href=\"https:\/\/conade.jatai.ufg.br\/p\/4713-modalidades-e-valores\" target=\"_blank\">inscri\u00e7\u00f5es abertas<\/a>, est\u00e1 estruturado em palestras, minicursos, sess\u00f5es de apresenta\u00e7\u00e3o de trabalhos nos formatos comunica\u00e7\u00e3o oral e exposi\u00e7\u00e3o de p\u00f4ster, a partir dos seguintes eixos tem\u00e1ticos:<\/p>\n<p>Eixo 01. Fundamentos da Educa\u00e7\u00e3o<\/p>\n<p>Eixo 02. Pol\u00edticas, Gest\u00e3o e Forma\u00e7\u00e3o Docente<\/p>\n<p>Eixo 03. Teorias e Pr\u00e1ticas Pedag\u00f3gicas em Educa\u00e7\u00e3o<\/p>\n<p>Eixo 04: Educa\u00e7\u00e3o, Diversidade, Cultura e Inclus\u00e3o<\/p>\n<p>Eixo 05: Cultura e Processos Educacionais<\/p>\n<p>A <a href=\"www.funiber.org.br\" target=\"_blank\"><strong>FUNIBER <\/strong><\/a>incentiva a participa\u00e7\u00e3o dos alunos em congressos, semin\u00e1rios e jornadas que possam ampliar o debate e ampliar o conhecimento na \u00e1rea de <strong><a href=\"http:\/\/www.funiber.org.br\/areas-de-conhecimento\/formacao-de-professores\/\" target=\"_blank\">Forma\u00e7\u00e3o de Professores<\/a>.<\/strong><\/p>\n<p>Fonte:\u00a0<a href=\"http:\/\/fnbr.es\/1h9\" target=\"_blank\">http:\/\/fnbr.es\/1h9<\/a><\/p>\n<p>Foto: <a href=\"https:\/\/www.flickr.com\/photos\/universoproducao\/20941292042\/\" target=\"_blank\">Universo Produ\u00e7\u00e3o<\/a><\/p>\n","protected":false},"excerpt":{"rendered":"<p>Entre os dias 22 e 24 de setembro ser\u00e1 realizado, no campus de Jata\u00ed da Universidade Federal de Goi\u00e1s, o XXVIII Congresso de Educa\u00e7\u00e3o do Sudoeste Goiano. Este ano o tema central do evento\u00a0ser\u00e1 o direito \u00e0 educa\u00e7\u00e3o, no que se refere \u00e0 equidade e \u00e0 igualdade, com foco na forma\u00e7\u00e3o de professores.<\/p>\n","protected":false},"author":16,"featured_media":7681,"comment_status":"closed","ping_status":"closed","sticky":false,"template":"","format":"standard","meta":{"jetpack_post_was_ever_published":false,"_jetpack_newsletter_access":"","_jetpack_newsletter_tier_id":0,"footnotes":"","jetpack_publicize_message":"","jetpack_is_tweetstorm":false,"jetpack_publicize_feature_enabled":true,"jetpack_social_post_already_shared":false,"jetpack_social_options":{"image_generator_settings":{"template":"highway","enabled":false}}},"categories":[5],"tags":[251,371,285,408,248,641,255],"jetpack_publicize_connections":[],"yoast_head":"<!-- This site is optimized with the Yoast SEO plugin v21.7 - https:\/\/yoast.com\/wordpress\/plugins\/seo\/ -->\n<title>Congresso no sudoeste goiano debate direito \u00e0 educa\u00e7\u00e3o - FuniBlogs - FUNIBER<\/title>\n<meta name=\"description\" content=\"Congresso no sudoeste goiano debate a equidade e a igualdade a partir do direito \u00e0 educa\u00e7\u00e3o.\" \/>\n<meta name=\"robots\" content=\"noindex, nofollow\" \/>\n<meta property=\"og:locale\" content=\"pt_BR\" \/>\n<meta property=\"og:type\" content=\"article\" \/>\n<meta property=\"og:title\" content=\"Congresso no sudoeste goiano debate direito \u00e0 educa\u00e7\u00e3o - FuniBlogs - FUNIBER\" \/>\n<meta property=\"og:description\" content=\"Congresso no sudoeste goiano debate a equidade e a igualdade a partir do direito \u00e0 educa\u00e7\u00e3o.\" \/>\n<meta property=\"og:url\" content=\"https:\/\/blogs.funiber.org\/pt\/formacao-professores\/2015\/09\/10\/funiber-congresso-no-sudoeste-goiano-debate-direito-a-educacao\" \/>\n<meta property=\"og:site_name\" content=\"FuniBlogs - FUNIBER\" \/>\n<meta property=\"article:publisher\" content=\"https:\/\/www.facebook.com\/funiber\" \/>\n<meta property=\"article:published_time\" content=\"2015-09-10T08:25:05+00:00\" \/>\n<meta property=\"article:modified_time\" content=\"2015-09-10T13:38:30+00:00\" \/>\n<meta property=\"og:image\" content=\"https:\/\/blogs.funiber.org\/pt\/wp-content\/uploads\/2015\/09\/20941292042_9bb1358779_z.jpg\" \/>\n\t<meta property=\"og:image:width\" content=\"640\" \/>\n\t<meta property=\"og:image:height\" content=\"427\" \/>\n\t<meta property=\"og:image:type\" content=\"image\/jpeg\" \/>\n<meta name=\"author\" content=\"Mariana Dornelles\" \/>\n<meta name=\"twitter:card\" content=\"summary_large_image\" \/>\n<meta name=\"twitter:creator\" content=\"@FUNIBER\" \/>\n<meta name=\"twitter:site\" content=\"@FUNIBER\" \/>\n<meta name=\"twitter:label1\" content=\"Escrito por\" \/>\n\t<meta name=\"twitter:data1\" content=\"Mariana Dornelles\" \/>\n\t<meta name=\"twitter:label2\" content=\"Est. tempo de leitura\" \/>\n\t<meta name=\"twitter:data2\" content=\"1 minuto\" \/>\n<script type=\"application\/ld+json\" class=\"yoast-schema-graph\">{\"@context\":\"https:\/\/schema.org\",\"@graph\":[{\"@type\":\"Article\",\"@id\":\"https:\/\/blogs.funiber.org\/pt\/formacao-professores\/2015\/09\/10\/funiber-congresso-no-sudoeste-goiano-debate-direito-a-educacao#article\",\"isPartOf\":{\"@id\":\"https:\/\/blogs.funiber.org\/pt\/formacao-professores\/2015\/09\/10\/funiber-congresso-no-sudoeste-goiano-debate-direito-a-educacao\"},\"author\":{\"name\":\"Mariana Dornelles\",\"@id\":\"https:\/\/blogs.funiber.org\/pt\/#\/schema\/person\/cebedd0aef5286687ce641276452c76d\"},\"headline\":\"Congresso no sudoeste goiano debate direito \u00e0 educa\u00e7\u00e3o\",\"datePublished\":\"2015-09-10T08:25:05+00:00\",\"dateModified\":\"2015-09-10T13:38:30+00:00\",\"mainEntityOfPage\":{\"@id\":\"https:\/\/blogs.funiber.org\/pt\/formacao-professores\/2015\/09\/10\/funiber-congresso-no-sudoeste-goiano-debate-direito-a-educacao\"},\"wordCount\":204,\"publisher\":{\"@id\":\"https:\/\/blogs.funiber.org\/pt\/#organization\"},\"keywords\":[\"Congresso\",\"Direitos\",\"Educa\u00e7\u00e3o\",\"Educa\u00e7\u00e3o a Dist\u00e2ncia\",\"Funiber\",\"Opini\u00e3o FUNIBER\",\"Opini\u00f5es Funiber\"],\"articleSection\":[\"Educa\u00e7\u00e3o,\u00a0Forma\u00e7\u00e3o Professores\"],\"inLanguage\":\"pt-BR\"},{\"@type\":\"WebPage\",\"@id\":\"https:\/\/blogs.funiber.org\/pt\/formacao-professores\/2015\/09\/10\/funiber-congresso-no-sudoeste-goiano-debate-direito-a-educacao\",\"url\":\"https:\/\/blogs.funiber.org\/pt\/formacao-professores\/2015\/09\/10\/funiber-congresso-no-sudoeste-goiano-debate-direito-a-educacao\",\"name\":\"Congresso no sudoeste goiano debate direito \u00e0 educa\u00e7\u00e3o - FuniBlogs - FUNIBER\",\"isPartOf\":{\"@id\":\"https:\/\/blogs.funiber.org\/pt\/#website\"},\"datePublished\":\"2015-09-10T08:25:05+00:00\",\"dateModified\":\"2015-09-10T13:38:30+00:00\",\"description\":\"Congresso no sudoeste goiano debate a equidade e a igualdade a partir do direito \u00e0 educa\u00e7\u00e3o.\",\"breadcrumb\":{\"@id\":\"https:\/\/blogs.funiber.org\/pt\/formacao-professores\/2015\/09\/10\/funiber-congresso-no-sudoeste-goiano-debate-direito-a-educacao#breadcrumb\"},\"inLanguage\":\"pt-BR\",\"potentialAction\":[{\"@type\":\"ReadAction\",\"target\":[\"https:\/\/blogs.funiber.org\/pt\/formacao-professores\/2015\/09\/10\/funiber-congresso-no-sudoeste-goiano-debate-direito-a-educacao\"]}]},{\"@type\":\"BreadcrumbList\",\"@id\":\"https:\/\/blogs.funiber.org\/pt\/formacao-professores\/2015\/09\/10\/funiber-congresso-no-sudoeste-goiano-debate-direito-a-educacao#breadcrumb\",\"itemListElement\":[{\"@type\":\"ListItem\",\"position\":1,\"name\":\"In\u00edcio\",\"item\":\"https:\/\/blogs.funiber.org\/pt\"},{\"@type\":\"ListItem\",\"position\":2,\"name\":\"Congresso no sudoeste goiano debate direito \u00e0 educa\u00e7\u00e3o\"}]},{\"@type\":\"WebSite\",\"@id\":\"https:\/\/blogs.funiber.org\/pt\/#website\",\"url\":\"https:\/\/blogs.funiber.org\/pt\/\",\"name\":\"FuniBlogs - FUNIBER\",\"description\":\"\",\"publisher\":{\"@id\":\"https:\/\/blogs.funiber.org\/pt\/#organization\"},\"potentialAction\":[{\"@type\":\"SearchAction\",\"target\":{\"@type\":\"EntryPoint\",\"urlTemplate\":\"https:\/\/blogs.funiber.org\/pt\/?s={search_term_string}\"},\"query-input\":\"required name=search_term_string\"}],\"inLanguage\":\"pt-BR\"},{\"@type\":\"Organization\",\"@id\":\"https:\/\/blogs.funiber.org\/pt\/#organization\",\"name\":\"FuniBlogs - FUNIBER\",\"url\":\"https:\/\/blogs.funiber.org\/pt\/\",\"logo\":{\"@type\":\"ImageObject\",\"inLanguage\":\"pt-BR\",\"@id\":\"https:\/\/blogs.funiber.org\/pt\/#\/schema\/logo\/image\/\",\"url\":\"https:\/\/www.funiber.blog\/pt\/wp-content\/uploads\/2022\/02\/logo-funiber-pt-br-v-dos.svg\",\"contentUrl\":\"https:\/\/www.funiber.blog\/pt\/wp-content\/uploads\/2022\/02\/logo-funiber-pt-br-v-dos.svg\",\"width\":1,\"height\":1,\"caption\":\"FuniBlogs - FUNIBER\"},\"image\":{\"@id\":\"https:\/\/blogs.funiber.org\/pt\/#\/schema\/logo\/image\/\"},\"sameAs\":[\"https:\/\/www.facebook.com\/funiber\",\"https:\/\/twitter.com\/FUNIBER\",\"https:\/\/www.instagram.com\/funiber_becas\",\"https:\/\/www.youtube.com\/user\/funiber\",\"https:\/\/www.linkedin.com\/company\/funiber\"]},{\"@type\":\"Person\",\"@id\":\"https:\/\/blogs.funiber.org\/pt\/#\/schema\/person\/cebedd0aef5286687ce641276452c76d\",\"name\":\"Mariana Dornelles\",\"image\":{\"@type\":\"ImageObject\",\"inLanguage\":\"pt-BR\",\"@id\":\"https:\/\/blogs.funiber.org\/pt\/#\/schema\/person\/image\/\",\"url\":\"https:\/\/secure.gravatar.com\/avatar\/2fbaa65ea908e82807b005c351db3c9d?s=96&d=mm&r=g\",\"contentUrl\":\"https:\/\/secure.gravatar.com\/avatar\/2fbaa65ea908e82807b005c351db3c9d?s=96&d=mm&r=g\",\"caption\":\"Mariana Dornelles\"},\"url\":\"https:\/\/www.funiber.blog\/pt\/author\/mariana-dornelles\"}]}<\/script>\n<!-- \/ Yoast SEO plugin. -->","yoast_head_json":{"title":"Congresso no sudoeste goiano debate direito \u00e0 educa\u00e7\u00e3o - FuniBlogs - FUNIBER","description":"Congresso no sudoeste goiano debate a equidade e a igualdade a partir do direito \u00e0 educa\u00e7\u00e3o.","robots":{"index":"noindex","follow":"nofollow"},"og_locale":"pt_BR","og_type":"article","og_title":"Congresso no sudoeste goiano debate direito \u00e0 educa\u00e7\u00e3o - FuniBlogs - FUNIBER","og_description":"Congresso no sudoeste goiano debate a equidade e a igualdade a partir do direito \u00e0 educa\u00e7\u00e3o.","og_url":"https:\/\/blogs.funiber.org\/pt\/formacao-professores\/2015\/09\/10\/funiber-congresso-no-sudoeste-goiano-debate-direito-a-educacao","og_site_name":"FuniBlogs - FUNIBER","article_publisher":"https:\/\/www.facebook.com\/funiber","article_published_time":"2015-09-10T08:25:05+00:00","article_modified_time":"2015-09-10T13:38:30+00:00","og_image":[{"width":640,"height":427,"url":"https:\/\/blogs.funiber.org\/pt\/wp-content\/uploads\/2015\/09\/20941292042_9bb1358779_z.jpg","type":"image\/jpeg"}],"author":"Mariana Dornelles","twitter_card":"summary_large_image","twitter_creator":"@FUNIBER","twitter_site":"@FUNIBER","twitter_misc":{"Escrito por":"Mariana Dornelles","Est. tempo de leitura":"1 minuto"},"schema":{"@context":"https:\/\/schema.org","@graph":[{"@type":"Article","@id":"https:\/\/blogs.funiber.org\/pt\/formacao-professores\/2015\/09\/10\/funiber-congresso-no-sudoeste-goiano-debate-direito-a-educacao#article","isPartOf":{"@id":"https:\/\/blogs.funiber.org\/pt\/formacao-professores\/2015\/09\/10\/funiber-congresso-no-sudoeste-goiano-debate-direito-a-educacao"},"author":{"name":"Mariana Dornelles","@id":"https:\/\/blogs.funiber.org\/pt\/#\/schema\/person\/cebedd0aef5286687ce641276452c76d"},"headline":"Congresso no sudoeste goiano debate direito \u00e0 educa\u00e7\u00e3o","datePublished":"2015-09-10T08:25:05+00:00","dateModified":"2015-09-10T13:38:30+00:00","mainEntityOfPage":{"@id":"https:\/\/blogs.funiber.org\/pt\/formacao-professores\/2015\/09\/10\/funiber-congresso-no-sudoeste-goiano-debate-direito-a-educacao"},"wordCount":204,"publisher":{"@id":"https:\/\/blogs.funiber.org\/pt\/#organization"},"keywords":["Congresso","Direitos","Educa\u00e7\u00e3o","Educa\u00e7\u00e3o a Dist\u00e2ncia","Funiber","Opini\u00e3o FUNIBER","Opini\u00f5es Funiber"],"articleSection":["Educa\u00e7\u00e3o,\u00a0Forma\u00e7\u00e3o Professores"],"inLanguage":"pt-BR"},{"@type":"WebPage","@id":"https:\/\/blogs.funiber.org\/pt\/formacao-professores\/2015\/09\/10\/funiber-congresso-no-sudoeste-goiano-debate-direito-a-educacao","url":"https:\/\/blogs.funiber.org\/pt\/formacao-professores\/2015\/09\/10\/funiber-congresso-no-sudoeste-goiano-debate-direito-a-educacao","name":"Congresso no sudoeste goiano debate direito \u00e0 educa\u00e7\u00e3o - FuniBlogs - FUNIBER","isPartOf":{"@id":"https:\/\/blogs.funiber.org\/pt\/#website"},"datePublished":"2015-09-10T08:25:05+00:00","dateModified":"2015-09-10T13:38:30+00:00","description":"Congresso no sudoeste goiano debate a equidade e a igualdade a partir do direito \u00e0 educa\u00e7\u00e3o.","breadcrumb":{"@id":"https:\/\/blogs.funiber.org\/pt\/formacao-professores\/2015\/09\/10\/funiber-congresso-no-sudoeste-goiano-debate-direito-a-educacao#breadcrumb"},"inLanguage":"pt-BR","potentialAction":[{"@type":"ReadAction","target":["https:\/\/blogs.funiber.org\/pt\/formacao-professores\/2015\/09\/10\/funiber-congresso-no-sudoeste-goiano-debate-direito-a-educacao"]}]},{"@type":"BreadcrumbList","@id":"https:\/\/blogs.funiber.org\/pt\/formacao-professores\/2015\/09\/10\/funiber-congresso-no-sudoeste-goiano-debate-direito-a-educacao#breadcrumb","itemListElement":[{"@type":"ListItem","position":1,"name":"In\u00edcio","item":"https:\/\/blogs.funiber.org\/pt"},{"@type":"ListItem","position":2,"name":"Congresso no sudoeste goiano debate direito \u00e0 educa\u00e7\u00e3o"}]},{"@type":"WebSite","@id":"https:\/\/blogs.funiber.org\/pt\/#website","url":"https:\/\/blogs.funiber.org\/pt\/","name":"FuniBlogs - FUNIBER","description":"","publisher":{"@id":"https:\/\/blogs.funiber.org\/pt\/#organization"},"potentialAction":[{"@type":"SearchAction","target":{"@type":"EntryPoint","urlTemplate":"https:\/\/blogs.funiber.org\/pt\/?s={search_term_string}"},"query-input":"required name=search_term_string"}],"inLanguage":"pt-BR"},{"@type":"Organization","@id":"https:\/\/blogs.funiber.org\/pt\/#organization","name":"FuniBlogs - FUNIBER","url":"https:\/\/blogs.funiber.org\/pt\/","logo":{"@type":"ImageObject","inLanguage":"pt-BR","@id":"https:\/\/blogs.funiber.org\/pt\/#\/schema\/logo\/image\/","url":"https:\/\/www.funiber.blog\/pt\/wp-content\/uploads\/2022\/02\/logo-funiber-pt-br-v-dos.svg","contentUrl":"https:\/\/www.funiber.blog\/pt\/wp-content\/uploads\/2022\/02\/logo-funiber-pt-br-v-dos.svg","width":1,"height":1,"caption":"FuniBlogs - FUNIBER"},"image":{"@id":"https:\/\/blogs.funiber.org\/pt\/#\/schema\/logo\/image\/"},"sameAs":["https:\/\/www.facebook.com\/funiber","https:\/\/twitter.com\/FUNIBER","https:\/\/www.instagram.com\/funiber_becas","https:\/\/www.youtube.com\/user\/funiber","https:\/\/www.linkedin.com\/company\/funiber"]},{"@type":"Person","@id":"https:\/\/blogs.funiber.org\/pt\/#\/schema\/person\/cebedd0aef5286687ce641276452c76d","name":"Mariana Dornelles","image":{"@type":"ImageObject","inLanguage":"pt-BR","@id":"https:\/\/blogs.funiber.org\/pt\/#\/schema\/person\/image\/","url":"https:\/\/secure.gravatar.com\/avatar\/2fbaa65ea908e82807b005c351db3c9d?s=96&d=mm&r=g","contentUrl":"https:\/\/secure.gravatar.com\/avatar\/2fbaa65ea908e82807b005c351db3c9d?s=96&d=mm&r=g","caption":"Mariana Dornelles"},"url":"https:\/\/www.funiber.blog\/pt\/author\/mariana-dornelles"}]}},"jetpack_featured_media_url":"https:\/\/www.funiber.blog\/pt\/wp-content\/uploads\/2015\/09\/20941292042_9bb1358779_z.jpg","jetpack_shortlink":"https:\/\/wp.me\/p7ee1t-1ZQ","jetpack_sharing_enabled":true,"_links":{"self":[{"href":"https:\/\/www.funiber.blog\/pt\/wp-json\/wp\/v2\/posts\/7678"}],"collection":[{"href":"https:\/\/www.funiber.blog\/pt\/wp-json\/wp\/v2\/posts"}],"about":[{"href":"https:\/\/www.funiber.blog\/pt\/wp-json\/wp\/v2\/types\/post"}],"author":[{"embeddable":true,"href":"https:\/\/www.funiber.blog\/pt\/wp-json\/wp\/v2\/users\/16"}],"replies":[{"embeddable":true,"href":"https:\/\/www.funiber.blog\/pt\/wp-json\/wp\/v2\/comments?post=7678"}],"version-history":[{"count":5,"href":"https:\/\/www.funiber.blog\/pt\/wp-json\/wp\/v2\/posts\/7678\/revisions"}],"predecessor-version":[{"id":7684,"href":"https:\/\/www.funiber.blog\/pt\/wp-json\/wp\/v2\/posts\/7678\/revisions\/7684"}],"wp:featuredmedia":[{"embeddable":true,"href":"https:\/\/www.funiber.blog\/pt\/wp-json\/wp\/v2\/media\/7681"}],"wp:attachment":[{"href":"https:\/\/www.funiber.blog\/pt\/wp-json\/wp\/v2\/media?parent=7678"}],"wp:term":[{"taxonomy":"category","embeddable":true,"href":"https:\/\/www.funiber.blog\/pt\/wp-json\/wp\/v2\/categories?post=7678"},{"taxonomy":"post_tag","embeddable":true,"href":"https:\/\/www.funiber.blog\/pt\/wp-json\/wp\/v2\/tags?post=7678"}],"curies":[{"name":"wp","href":"https:\/\/api.w.org\/{rel}","templated":true}]}}