{"id":7708,"date":"2015-09-14T07:29:12","date_gmt":"2015-09-14T07:29:12","guid":{"rendered":"http:\/\/blogs.funiber.org\/pt\/?p=7708"},"modified":"2015-09-14T07:29:12","modified_gmt":"2015-09-14T07:29:12","slug":"chamada-para-envio-de-resumos-para-simposio-sobre-o-clima","status":"publish","type":"post","link":"https:\/\/www.funiber.blog\/pt\/meio-ambiente\/2015\/09\/14\/chamada-para-envio-de-resumos-para-simposio-sobre-o-clima","title":{"rendered":"Chamada para envio de resumos para Simp\u00f3sio sobre o Clima"},"content":{"rendered":"<p>A <strong>Sociedade Italiana para as Ci\u00eancias do Clima<\/strong> anunciou que iniciou a chamada para envio de resumos para participar do <a href=\"http:\/\/www.rome2015.it\/\">Simp\u00f3sio Cient\u00edfico sobre o Clima Roma 2015<\/a>,\u00a0que se realizar\u00e1 nos dias <strong>19 e 20 de novembro deste ano<\/strong>. O evento contar\u00e1 com a colabora\u00e7\u00e3o da<a href=\"https:\/\/www.fao.org.br\/\" target=\"_blank\">\u00a0<strong>Organiza\u00e7\u00e3o das Na\u00e7\u00f5es Unidas para a Alimenta\u00e7\u00e3o e a Agricultura (FAO)<\/strong><\/a>, entidade que proporcionar\u00e1 sua experi\u00eancia para assegurar que as conclus\u00f5es das confer\u00eancias (que ser\u00e3o de exclusiva responsabilidade dos organizadores) sejam relevantes para os pa\u00edses que procuram solu\u00e7\u00f5es em torno de seguran\u00e7a alimentar, gest\u00e3o sustent\u00e1vel de recursos naturais e desenvolvimento rural.<!--more--><\/p>\n<p>A confer\u00eancia tem como objetivo atrair <strong>cientistas, pesquisadores e atores pol\u00edticos envolvidos na cria\u00e7\u00e3o de normas para que compartilhem informa\u00e7\u00e3o sobre os impactos principais das mudan\u00e7as clim\u00e1ticas<\/strong>, e destacar as a\u00e7\u00f5es, <strong>pol\u00edticas de adapta\u00e7\u00e3o e atividades de mitiga\u00e7\u00e3o<\/strong> que podem ser estabelecidas, com foco no desenvolvimento da<a href=\"http:\/\/www.cop21.gouv.fr\/es\"> <strong>Confer\u00eancia das Na\u00e7\u00f5es Unidas sobre a Mudan\u00e7a Clim\u00e1tica, COP21<\/strong><\/a><strong>,<\/strong> que ocorrer\u00e1 em Paris em dezembro deste ano.<\/p>\n<p>Os organizadores destacam que os objetivos da confer\u00eancia s\u00e3o: ressaltar os resultados obtidos pela comunidade cient\u00edfica no campo da <strong>pesquisa do clima e desenvolvimento de pol\u00edticas<\/strong>; proporcionar conhecimento cient\u00edfico que d\u00ea suporte a tomada de decis\u00f5es apoiadas em evid\u00eancias, para o desenvolvimento de <strong>estrat\u00e9gias de adapta\u00e7\u00e3o e mitiga\u00e7\u00e3o com v\u00ednculos espec\u00edficos em temas como seguran\u00e7a alimentar e metas de crescimento dos pa\u00edses em desenvolvimento<\/strong>; explorar <strong>perspectivas para determinar as necessidades em torno das mudan\u00e7as clim\u00e1ticas<\/strong>; e gerar um espa\u00e7o para o interc\u00e2mbio de ideias e experi\u00eancias para a comunidade cient\u00edfica.<\/p>\n<p>O evento \u00e9 de especial interesse para os pesquisadores, especialistas e profissionais que trabalham em \u00e1reas relacionadas \u00e0 preserva\u00e7\u00e3o do meio ambiente, preven\u00e7\u00e3o da contamina\u00e7\u00e3o, mitiga\u00e7\u00e3o de desastres naturais e, em especial, para os estudantes dos<a href=\"http:\/\/www.funiber.org.br\/areas-de-conhecimento\/meio-ambiente-e-desenvolvimento-sustentavel\/\" target=\"_blank\">\u00a0<strong>Mestrados e Especializa\u00e7\u00f5es na \u00e1rea de Meio Ambiente<\/strong>\u00a0<\/a>oferecidos pela\u00a0<a href=\"http:\/\/www.funiber.org.br\/\" target=\"_blank\"><strong>FUNIBER<\/strong><\/a><strong>.<\/strong><\/p>\n<p><strong>Temas principais<\/strong><\/p>\n<p>O simp\u00f3sio que se realizar\u00e1 em Roma prop\u00f5e como principais temas de discuss\u00e3o:<\/p>\n<p>\u2013 Pesquisa sobre a f\u00edsica e din\u00e2mica dos processos de mudan\u00e7a clim\u00e1tica<\/p>\n<p>\u2013 Mudan\u00e7as nos oceanos e no clima, visando a COP21<\/p>\n<p>\u2013 \u00c1gua, energia, alimenta\u00e7\u00e3o e seus v\u00ednculos com a agricultura<\/p>\n<p>\u2013 Mudan\u00e7a clim\u00e1tica e o futuro do sistema de terras e biodiversidade<\/p>\n<p>\u2013 A\u00e7\u00f5es de resposta frente \u00e0s mudan\u00e7as clim\u00e1ticas<\/p>\n<p>\u2013 Metas e a\u00e7\u00f5es nacionais propostas para limitar as emiss\u00f5es de poluentes nas economias desenvolvidas e nos pa\u00edses em vias de desenvolvimento.<\/p>\n<p>Os organizadores solicitam que os interessados enviem um resumo das pesquisas realizadas em torno dos temas propostos com uma extens\u00e3o m\u00e1xima de<strong> 300 palavras, em ingl\u00eas, at\u00e9 20 de setembro de 2015. <\/strong>Para tal, devem fazer download e completar o <a href=\"http:\/\/www.rome2015.it\/templates\/\">formato na p\u00e1gina web do evento<\/a>\u00a0e indicar se sua apresenta\u00e7\u00e3o ser\u00e1 oral ou expositiva. Os autores de trabalhos aceitos ser\u00e3o comunicados at\u00e9 15 de outubro.<\/p>\n<p>Os interessados podem obter mais informa\u00e7\u00f5es sobre o evento na p\u00e1gina web:\u00a0<a href=\"http:\/\/www.rome2015.it\/\">www.rome2015.it<\/a><\/p>\n<p>Fonte:\u00a0<a href=\"http:\/\/fnbr.es\/1hm\" target=\"_blank\">http:\/\/fnbr.es\/1hm<\/a><\/p>\n","protected":false},"excerpt":{"rendered":"<p>A Sociedade Italiana para as Ci\u00eancias do Clima anunciou que iniciou a chamada para envio de resumos para participar do Simp\u00f3sio Cient\u00edfico sobre o Clima Roma 2015,\u00a0que se realizar\u00e1 nos dias 19 e 20 de novembro deste ano. O evento contar\u00e1 com a colabora\u00e7\u00e3o da\u00a0Organiza\u00e7\u00e3o das Na\u00e7\u00f5es Unidas para a Alimenta\u00e7\u00e3o e a Agricultura (FAO), [&hellip;]<\/p>\n","protected":false},"author":16,"featured_media":7710,"comment_status":"closed","ping_status":"closed","sticky":false,"template":"","format":"standard","meta":{"jetpack_post_was_ever_published":false,"_jetpack_newsletter_access":"","_jetpack_newsletter_tier_id":0,"footnotes":"","jetpack_publicize_message":"","jetpack_is_tweetstorm":false,"jetpack_publicize_feature_enabled":true,"jetpack_social_post_already_shared":false,"jetpack_social_options":{"image_generator_settings":{"template":"highway","enabled":false}}},"categories":[2],"tags":[316,251,285,408,248,671,398,641,255],"jetpack_publicize_connections":[],"yoast_head":"<!-- This site is optimized with the Yoast SEO plugin v21.7 - https:\/\/yoast.com\/wordpress\/plugins\/seo\/ -->\n<title>Chamada para envio de resumos para Simp\u00f3sio sobre o Clima - FuniBlogs - FUNIBER<\/title>\n<meta name=\"description\" content=\"Simp\u00f3sio sobre o clima na It\u00e1lia.\" \/>\n<meta name=\"robots\" content=\"index, follow, max-snippet:-1, max-image-preview:large, max-video-preview:-1\" \/>\n<link rel=\"canonical\" href=\"https:\/\/blogs.funiber.org\/pt\/meio-ambiente\/2015\/09\/14\/chamada-para-envio-de-resumos-para-simposio-sobre-o-clima\" \/>\n<meta property=\"og:locale\" content=\"pt_BR\" \/>\n<meta property=\"og:type\" content=\"article\" \/>\n<meta property=\"og:title\" content=\"Chamada para envio de resumos para Simp\u00f3sio sobre o Clima - FuniBlogs - FUNIBER\" \/>\n<meta property=\"og:description\" content=\"Simp\u00f3sio sobre o clima na It\u00e1lia.\" \/>\n<meta property=\"og:url\" content=\"https:\/\/blogs.funiber.org\/pt\/meio-ambiente\/2015\/09\/14\/chamada-para-envio-de-resumos-para-simposio-sobre-o-clima\" \/>\n<meta property=\"og:site_name\" content=\"FuniBlogs - FUNIBER\" \/>\n<meta property=\"article:publisher\" content=\"https:\/\/www.facebook.com\/funiber\" \/>\n<meta property=\"article:published_time\" content=\"2015-09-14T07:29:12+00:00\" \/>\n<meta property=\"og:image\" content=\"https:\/\/blogs.funiber.org\/pt\/wp-content\/uploads\/2015\/09\/funiber-confer\u00eancia.jpg\" \/>\n\t<meta property=\"og:image:width\" content=\"550\" \/>\n\t<meta property=\"og:image:height\" content=\"400\" \/>\n\t<meta property=\"og:image:type\" content=\"image\/jpeg\" \/>\n<meta name=\"author\" content=\"Mariana Dornelles\" \/>\n<meta name=\"twitter:card\" content=\"summary_large_image\" \/>\n<meta name=\"twitter:creator\" content=\"@FUNIBER\" \/>\n<meta name=\"twitter:site\" content=\"@FUNIBER\" \/>\n<meta name=\"twitter:label1\" content=\"Escrito por\" \/>\n\t<meta name=\"twitter:data1\" content=\"Mariana Dornelles\" \/>\n\t<meta name=\"twitter:label2\" content=\"Est. tempo de leitura\" \/>\n\t<meta name=\"twitter:data2\" content=\"3 minutos\" \/>\n<script type=\"application\/ld+json\" class=\"yoast-schema-graph\">{\"@context\":\"https:\/\/schema.org\",\"@graph\":[{\"@type\":\"Article\",\"@id\":\"https:\/\/blogs.funiber.org\/pt\/meio-ambiente\/2015\/09\/14\/chamada-para-envio-de-resumos-para-simposio-sobre-o-clima#article\",\"isPartOf\":{\"@id\":\"https:\/\/blogs.funiber.org\/pt\/meio-ambiente\/2015\/09\/14\/chamada-para-envio-de-resumos-para-simposio-sobre-o-clima\"},\"author\":{\"name\":\"Mariana Dornelles\",\"@id\":\"https:\/\/blogs.funiber.org\/pt\/#\/schema\/person\/cebedd0aef5286687ce641276452c76d\"},\"headline\":\"Chamada para envio de resumos para Simp\u00f3sio sobre o Clima\",\"datePublished\":\"2015-09-14T07:29:12+00:00\",\"dateModified\":\"2015-09-14T07:29:12+00:00\",\"mainEntityOfPage\":{\"@id\":\"https:\/\/blogs.funiber.org\/pt\/meio-ambiente\/2015\/09\/14\/chamada-para-envio-de-resumos-para-simposio-sobre-o-clima\"},\"wordCount\":550,\"publisher\":{\"@id\":\"https:\/\/blogs.funiber.org\/pt\/#organization\"},\"keywords\":[\"Clima\",\"Congresso\",\"Educa\u00e7\u00e3o\",\"Educa\u00e7\u00e3o a Dist\u00e2ncia\",\"Funiber\",\"mestrado\",\"Mudan\u00e7a Clim\u00e1tica\",\"Opini\u00e3o FUNIBER\",\"Opini\u00f5es Funiber\"],\"articleSection\":[\"Meio Ambiente\"],\"inLanguage\":\"pt-BR\"},{\"@type\":\"WebPage\",\"@id\":\"https:\/\/blogs.funiber.org\/pt\/meio-ambiente\/2015\/09\/14\/chamada-para-envio-de-resumos-para-simposio-sobre-o-clima\",\"url\":\"https:\/\/blogs.funiber.org\/pt\/meio-ambiente\/2015\/09\/14\/chamada-para-envio-de-resumos-para-simposio-sobre-o-clima\",\"name\":\"Chamada para envio de resumos para Simp\u00f3sio sobre o Clima - FuniBlogs - FUNIBER\",\"isPartOf\":{\"@id\":\"https:\/\/blogs.funiber.org\/pt\/#website\"},\"datePublished\":\"2015-09-14T07:29:12+00:00\",\"dateModified\":\"2015-09-14T07:29:12+00:00\",\"description\":\"Simp\u00f3sio sobre o clima na It\u00e1lia.\",\"breadcrumb\":{\"@id\":\"https:\/\/blogs.funiber.org\/pt\/meio-ambiente\/2015\/09\/14\/chamada-para-envio-de-resumos-para-simposio-sobre-o-clima#breadcrumb\"},\"inLanguage\":\"pt-BR\",\"potentialAction\":[{\"@type\":\"ReadAction\",\"target\":[\"https:\/\/blogs.funiber.org\/pt\/meio-ambiente\/2015\/09\/14\/chamada-para-envio-de-resumos-para-simposio-sobre-o-clima\"]}]},{\"@type\":\"BreadcrumbList\",\"@id\":\"https:\/\/blogs.funiber.org\/pt\/meio-ambiente\/2015\/09\/14\/chamada-para-envio-de-resumos-para-simposio-sobre-o-clima#breadcrumb\",\"itemListElement\":[{\"@type\":\"ListItem\",\"position\":1,\"name\":\"In\u00edcio\",\"item\":\"https:\/\/blogs.funiber.org\/pt\"},{\"@type\":\"ListItem\",\"position\":2,\"name\":\"Chamada para envio de resumos para Simp\u00f3sio sobre o Clima\"}]},{\"@type\":\"WebSite\",\"@id\":\"https:\/\/blogs.funiber.org\/pt\/#website\",\"url\":\"https:\/\/blogs.funiber.org\/pt\/\",\"name\":\"FuniBlogs - FUNIBER\",\"description\":\"\",\"publisher\":{\"@id\":\"https:\/\/blogs.funiber.org\/pt\/#organization\"},\"potentialAction\":[{\"@type\":\"SearchAction\",\"target\":{\"@type\":\"EntryPoint\",\"urlTemplate\":\"https:\/\/blogs.funiber.org\/pt\/?s={search_term_string}\"},\"query-input\":\"required name=search_term_string\"}],\"inLanguage\":\"pt-BR\"},{\"@type\":\"Organization\",\"@id\":\"https:\/\/blogs.funiber.org\/pt\/#organization\",\"name\":\"FuniBlogs - FUNIBER\",\"url\":\"https:\/\/blogs.funiber.org\/pt\/\",\"logo\":{\"@type\":\"ImageObject\",\"inLanguage\":\"pt-BR\",\"@id\":\"https:\/\/blogs.funiber.org\/pt\/#\/schema\/logo\/image\/\",\"url\":\"https:\/\/www.funiber.blog\/pt\/wp-content\/uploads\/2022\/02\/logo-funiber-pt-br-v-dos.svg\",\"contentUrl\":\"https:\/\/www.funiber.blog\/pt\/wp-content\/uploads\/2022\/02\/logo-funiber-pt-br-v-dos.svg\",\"width\":1,\"height\":1,\"caption\":\"FuniBlogs - FUNIBER\"},\"image\":{\"@id\":\"https:\/\/blogs.funiber.org\/pt\/#\/schema\/logo\/image\/\"},\"sameAs\":[\"https:\/\/www.facebook.com\/funiber\",\"https:\/\/twitter.com\/FUNIBER\",\"https:\/\/www.instagram.com\/funiber_becas\",\"https:\/\/www.youtube.com\/user\/funiber\",\"https:\/\/www.linkedin.com\/company\/funiber\"]},{\"@type\":\"Person\",\"@id\":\"https:\/\/blogs.funiber.org\/pt\/#\/schema\/person\/cebedd0aef5286687ce641276452c76d\",\"name\":\"Mariana Dornelles\",\"image\":{\"@type\":\"ImageObject\",\"inLanguage\":\"pt-BR\",\"@id\":\"https:\/\/blogs.funiber.org\/pt\/#\/schema\/person\/image\/\",\"url\":\"https:\/\/secure.gravatar.com\/avatar\/2fbaa65ea908e82807b005c351db3c9d?s=96&d=mm&r=g\",\"contentUrl\":\"https:\/\/secure.gravatar.com\/avatar\/2fbaa65ea908e82807b005c351db3c9d?s=96&d=mm&r=g\",\"caption\":\"Mariana Dornelles\"},\"url\":\"https:\/\/www.funiber.blog\/pt\/author\/mariana-dornelles\"}]}<\/script>\n<!-- \/ Yoast SEO plugin. -->","yoast_head_json":{"title":"Chamada para envio de resumos para Simp\u00f3sio sobre o Clima - FuniBlogs - FUNIBER","description":"Simp\u00f3sio sobre o clima na It\u00e1lia.","robots":{"index":"index","follow":"follow","max-snippet":"max-snippet:-1","max-image-preview":"max-image-preview:large","max-video-preview":"max-video-preview:-1"},"canonical":"https:\/\/blogs.funiber.org\/pt\/meio-ambiente\/2015\/09\/14\/chamada-para-envio-de-resumos-para-simposio-sobre-o-clima","og_locale":"pt_BR","og_type":"article","og_title":"Chamada para envio de resumos para Simp\u00f3sio sobre o Clima - FuniBlogs - FUNIBER","og_description":"Simp\u00f3sio sobre o clima na It\u00e1lia.","og_url":"https:\/\/blogs.funiber.org\/pt\/meio-ambiente\/2015\/09\/14\/chamada-para-envio-de-resumos-para-simposio-sobre-o-clima","og_site_name":"FuniBlogs - FUNIBER","article_publisher":"https:\/\/www.facebook.com\/funiber","article_published_time":"2015-09-14T07:29:12+00:00","og_image":[{"width":550,"height":400,"url":"https:\/\/blogs.funiber.org\/pt\/wp-content\/uploads\/2015\/09\/funiber-confer\u00eancia.jpg","type":"image\/jpeg"}],"author":"Mariana Dornelles","twitter_card":"summary_large_image","twitter_creator":"@FUNIBER","twitter_site":"@FUNIBER","twitter_misc":{"Escrito por":"Mariana Dornelles","Est. tempo de leitura":"3 minutos"},"schema":{"@context":"https:\/\/schema.org","@graph":[{"@type":"Article","@id":"https:\/\/blogs.funiber.org\/pt\/meio-ambiente\/2015\/09\/14\/chamada-para-envio-de-resumos-para-simposio-sobre-o-clima#article","isPartOf":{"@id":"https:\/\/blogs.funiber.org\/pt\/meio-ambiente\/2015\/09\/14\/chamada-para-envio-de-resumos-para-simposio-sobre-o-clima"},"author":{"name":"Mariana Dornelles","@id":"https:\/\/blogs.funiber.org\/pt\/#\/schema\/person\/cebedd0aef5286687ce641276452c76d"},"headline":"Chamada para envio de resumos para Simp\u00f3sio sobre o Clima","datePublished":"2015-09-14T07:29:12+00:00","dateModified":"2015-09-14T07:29:12+00:00","mainEntityOfPage":{"@id":"https:\/\/blogs.funiber.org\/pt\/meio-ambiente\/2015\/09\/14\/chamada-para-envio-de-resumos-para-simposio-sobre-o-clima"},"wordCount":550,"publisher":{"@id":"https:\/\/blogs.funiber.org\/pt\/#organization"},"keywords":["Clima","Congresso","Educa\u00e7\u00e3o","Educa\u00e7\u00e3o a Dist\u00e2ncia","Funiber","mestrado","Mudan\u00e7a Clim\u00e1tica","Opini\u00e3o FUNIBER","Opini\u00f5es Funiber"],"articleSection":["Meio Ambiente"],"inLanguage":"pt-BR"},{"@type":"WebPage","@id":"https:\/\/blogs.funiber.org\/pt\/meio-ambiente\/2015\/09\/14\/chamada-para-envio-de-resumos-para-simposio-sobre-o-clima","url":"https:\/\/blogs.funiber.org\/pt\/meio-ambiente\/2015\/09\/14\/chamada-para-envio-de-resumos-para-simposio-sobre-o-clima","name":"Chamada para envio de resumos para Simp\u00f3sio sobre o Clima - FuniBlogs - FUNIBER","isPartOf":{"@id":"https:\/\/blogs.funiber.org\/pt\/#website"},"datePublished":"2015-09-14T07:29:12+00:00","dateModified":"2015-09-14T07:29:12+00:00","description":"Simp\u00f3sio sobre o clima na It\u00e1lia.","breadcrumb":{"@id":"https:\/\/blogs.funiber.org\/pt\/meio-ambiente\/2015\/09\/14\/chamada-para-envio-de-resumos-para-simposio-sobre-o-clima#breadcrumb"},"inLanguage":"pt-BR","potentialAction":[{"@type":"ReadAction","target":["https:\/\/blogs.funiber.org\/pt\/meio-ambiente\/2015\/09\/14\/chamada-para-envio-de-resumos-para-simposio-sobre-o-clima"]}]},{"@type":"BreadcrumbList","@id":"https:\/\/blogs.funiber.org\/pt\/meio-ambiente\/2015\/09\/14\/chamada-para-envio-de-resumos-para-simposio-sobre-o-clima#breadcrumb","itemListElement":[{"@type":"ListItem","position":1,"name":"In\u00edcio","item":"https:\/\/blogs.funiber.org\/pt"},{"@type":"ListItem","position":2,"name":"Chamada para envio de resumos para Simp\u00f3sio sobre o Clima"}]},{"@type":"WebSite","@id":"https:\/\/blogs.funiber.org\/pt\/#website","url":"https:\/\/blogs.funiber.org\/pt\/","name":"FuniBlogs - FUNIBER","description":"","publisher":{"@id":"https:\/\/blogs.funiber.org\/pt\/#organization"},"potentialAction":[{"@type":"SearchAction","target":{"@type":"EntryPoint","urlTemplate":"https:\/\/blogs.funiber.org\/pt\/?s={search_term_string}"},"query-input":"required name=search_term_string"}],"inLanguage":"pt-BR"},{"@type":"Organization","@id":"https:\/\/blogs.funiber.org\/pt\/#organization","name":"FuniBlogs - FUNIBER","url":"https:\/\/blogs.funiber.org\/pt\/","logo":{"@type":"ImageObject","inLanguage":"pt-BR","@id":"https:\/\/blogs.funiber.org\/pt\/#\/schema\/logo\/image\/","url":"https:\/\/www.funiber.blog\/pt\/wp-content\/uploads\/2022\/02\/logo-funiber-pt-br-v-dos.svg","contentUrl":"https:\/\/www.funiber.blog\/pt\/wp-content\/uploads\/2022\/02\/logo-funiber-pt-br-v-dos.svg","width":1,"height":1,"caption":"FuniBlogs - FUNIBER"},"image":{"@id":"https:\/\/blogs.funiber.org\/pt\/#\/schema\/logo\/image\/"},"sameAs":["https:\/\/www.facebook.com\/funiber","https:\/\/twitter.com\/FUNIBER","https:\/\/www.instagram.com\/funiber_becas","https:\/\/www.youtube.com\/user\/funiber","https:\/\/www.linkedin.com\/company\/funiber"]},{"@type":"Person","@id":"https:\/\/blogs.funiber.org\/pt\/#\/schema\/person\/cebedd0aef5286687ce641276452c76d","name":"Mariana Dornelles","image":{"@type":"ImageObject","inLanguage":"pt-BR","@id":"https:\/\/blogs.funiber.org\/pt\/#\/schema\/person\/image\/","url":"https:\/\/secure.gravatar.com\/avatar\/2fbaa65ea908e82807b005c351db3c9d?s=96&d=mm&r=g","contentUrl":"https:\/\/secure.gravatar.com\/avatar\/2fbaa65ea908e82807b005c351db3c9d?s=96&d=mm&r=g","caption":"Mariana Dornelles"},"url":"https:\/\/www.funiber.blog\/pt\/author\/mariana-dornelles"}]}},"jetpack_featured_media_url":"https:\/\/www.funiber.blog\/pt\/wp-content\/uploads\/2015\/09\/funiber-confer\u00eancia.jpg","jetpack_shortlink":"https:\/\/wp.me\/p7ee1t-20k","jetpack_sharing_enabled":true,"_links":{"self":[{"href":"https:\/\/www.funiber.blog\/pt\/wp-json\/wp\/v2\/posts\/7708"}],"collection":[{"href":"https:\/\/www.funiber.blog\/pt\/wp-json\/wp\/v2\/posts"}],"about":[{"href":"https:\/\/www.funiber.blog\/pt\/wp-json\/wp\/v2\/types\/post"}],"author":[{"embeddable":true,"href":"https:\/\/www.funiber.blog\/pt\/wp-json\/wp\/v2\/users\/16"}],"replies":[{"embeddable":true,"href":"https:\/\/www.funiber.blog\/pt\/wp-json\/wp\/v2\/comments?post=7708"}],"version-history":[{"count":2,"href":"https:\/\/www.funiber.blog\/pt\/wp-json\/wp\/v2\/posts\/7708\/revisions"}],"predecessor-version":[{"id":7711,"href":"https:\/\/www.funiber.blog\/pt\/wp-json\/wp\/v2\/posts\/7708\/revisions\/7711"}],"wp:featuredmedia":[{"embeddable":true,"href":"https:\/\/www.funiber.blog\/pt\/wp-json\/wp\/v2\/media\/7710"}],"wp:attachment":[{"href":"https:\/\/www.funiber.blog\/pt\/wp-json\/wp\/v2\/media?parent=7708"}],"wp:term":[{"taxonomy":"category","embeddable":true,"href":"https:\/\/www.funiber.blog\/pt\/wp-json\/wp\/v2\/categories?post=7708"},{"taxonomy":"post_tag","embeddable":true,"href":"https:\/\/www.funiber.blog\/pt\/wp-json\/wp\/v2\/tags?post=7708"}],"curies":[{"name":"wp","href":"https:\/\/api.w.org\/{rel}","templated":true}]}}