{"id":7712,"date":"2015-09-14T08:31:37","date_gmt":"2015-09-14T08:31:37","guid":{"rendered":"http:\/\/blogs.funiber.org\/pt\/?p=7712"},"modified":"2015-09-14T08:31:37","modified_gmt":"2015-09-14T08:31:37","slug":"funiber-a-importancia-da-formacao-continuada-2","status":"publish","type":"post","link":"https:\/\/www.funiber.blog\/pt\/formacao-professores\/2015\/09\/14\/funiber-a-importancia-da-formacao-continuada-2","title":{"rendered":"A import\u00e2ncia da forma\u00e7\u00e3o continuada"},"content":{"rendered":"<p>Uma s\u00f3lida forma\u00e7\u00e3o inicial \u00e9 de fundamental import\u00e2ncia para que os primeiros contatos entre os docentes e a sala de aula seja satisfat\u00f3rio. No entanto, a realidade atual exige desses profissionais uma renova\u00e7\u00e3o constante para que possam questionar suas bases formativas iniciais e repensar, frequentemente, sua pr\u00e1tica di\u00e1ria.<!--more--><\/p>\n<p>Esta foi a conclus\u00e3o do estudo realizado por quatro pesquisadoras \u2013 da Universidade Federal do Piau\u00ed (UFPI), da Universidade Federal de Pernambuco e da Universidade do Porto \u2013, com o objetivo de identificar <strong>como os professores<\/strong> da Rede Municipal de Ensino de Teresina (PI) <strong>investem em seus processos de desenvolvimento profissional<\/strong>, com especial \u00eanfase na forma\u00e7\u00e3o continuada.<\/p>\n<p>O estudo foi realizado com professores das escolas Municipais Benjamim Soares de Carvalho e M\u00e1rio Covas, que lecionam do 1\u00ba\u00a0ao 5\u00ba\u00a0ano e que foram formados em Pedagogia pelo conv\u00eanio entre a UFPI e a Prefeitura Municipal de Teresina.<\/p>\n<p>Os resultados mostraram que, para atender \u00e0 complexidade e \u00e0 diversidade das situa\u00e7\u00f5es em sala, o educador deve possuir uma<strong> forma\u00e7\u00e3o inicial s\u00f3lida e de boa qualidade mas que deve ser complementada posteriormente<\/strong>, com a inten\u00e7\u00e3o de preparar os docentes para acompanhar as mudan\u00e7as da sociedade atual e a contribuir para o desenvolvimento de sua autonomia intelectual e profissional.<\/p>\n<p>Nesse contexto, a forma\u00e7\u00e3o continuada mostra-se uma necessidade e, ao mesmo tempo, um grande desafio, j\u00e1 que o educador deve estar constantemente atualizado por meio da participa\u00e7\u00e3o em eventos, cursos e atividades de forma\u00e7\u00e3o, e melhorando sua capacidade de reflex\u00e3o e constru\u00e7\u00e3o de saberes de forma cont\u00ednua, para aplic\u00e1-los nas mais variadas disciplinas.<\/p>\n<p>O estudo mostrou ainda que o melhoramento da atua\u00e7\u00e3o docente \u00e9 aspirado n\u00e3o s\u00f3 pelos educadores, mas tamb\u00e9m pelos representantes governamentais, que veem os investimentos na forma\u00e7\u00e3o continuada como o meio mais f\u00e1cil de alcan\u00e7ar a qualidade no ensino p\u00fablico.<\/p>\n<p>A <b><a href=\"http:\/\/www.funiber.org.br\" target=\"_blank\">FUNIBER <\/a><\/b>tamb\u00e9m valoriza a forma\u00e7\u00e3o continuada dos profissionais da Educa\u00e7\u00e3o. Por isso, oferece, por meio de seu <b><a href=\"http:\/\/www.funiber.org.br\/areas-de-conhecimento\/formacao-de-professores\/mestrado-em-educacao\/\" target=\"_blank\">Mestrado<\/a><\/b>, uma oportunidade para os docentes desenvolverem as habilidades necess\u00e1rias para enfrentar as complexidades do sistena\u00a0educativo atual.<\/p>\n<p>Fonte: <a href=\"http:\/\/fnbr.es\/1ha\" target=\"_blank\">http:\/\/fnbr.es\/1ha<\/a><\/p>\n<p>Foto: Alguns direitos reservados <a href=\"https:\/\/www.flickr.com\/photos\/98500884@N03\/11733141434\/in\/photolist-iSPqaY-iSPo43-iSNBAK-iSR9eN-iSPeDN-iSPdzy-iSNsvF-iSNpQk-iSP6RU-iSP5id-iSP3db-iSLVEX-iSLTvM-iSNVhY-iSQJqL-iSLM8M-iSN5Vg-iSLGet-iSLDtD-iSMXmi-ePp5j-rkcEi3-uE4c6Y-uE3psf-uwZ9ir-ufbkTu-aftHfQ-ekNyL4-uE2DLs-eifb9E-dXmgX5-dXmo6j-eaS6qX-dXfswx-pVpz4A-dXm8BW-pgdEan-eifcSf-eif8kQ-qcYx6c-9Z6W1x-raAdfE-dXfqNT-dXfzS6-eifnT3-ei9wZx-ei9vR2-ei9vgM-ucoypj-eqnv4v\" target=\"_blank\">Encuentros para profesores<\/a><\/p>\n","protected":false},"excerpt":{"rendered":"<p>Uma s\u00f3lida forma\u00e7\u00e3o inicial \u00e9 de fundamental import\u00e2ncia para que os primeiros contatos entre os docentes e a sala de aula seja satisfat\u00f3rio. No entanto, a realidade atual exige desses profissionais uma renova\u00e7\u00e3o constante para que possam questionar suas bases formativas iniciais e repensar, frequentemente, sua pr\u00e1tica di\u00e1ria.<\/p>\n","protected":false},"author":16,"featured_media":7714,"comment_status":"closed","ping_status":"closed","sticky":false,"template":"","format":"standard","meta":{"jetpack_post_was_ever_published":false,"_jetpack_newsletter_access":"","_jetpack_newsletter_tier_id":0,"footnotes":"","jetpack_publicize_message":"","jetpack_is_tweetstorm":false,"jetpack_publicize_feature_enabled":true,"jetpack_social_post_already_shared":false,"jetpack_social_options":{"image_generator_settings":{"template":"highway","enabled":false}}},"categories":[5],"tags":[285,408,504,686,248,671,641,255,642],"jetpack_publicize_connections":[],"yoast_head":"<!-- This site is optimized with the Yoast SEO plugin v21.7 - https:\/\/yoast.com\/wordpress\/plugins\/seo\/ -->\n<title>A import\u00e2ncia da forma\u00e7\u00e3o continuada - FuniBlogs - FUNIBER<\/title>\n<meta name=\"description\" content=\"Estudo revela a import\u00e2ncia da forma\u00e7\u00e3o continuada.\" \/>\n<meta name=\"robots\" content=\"noindex, nofollow\" \/>\n<meta property=\"og:locale\" content=\"pt_BR\" \/>\n<meta property=\"og:type\" content=\"article\" \/>\n<meta property=\"og:title\" content=\"A import\u00e2ncia da forma\u00e7\u00e3o continuada - FuniBlogs - FUNIBER\" \/>\n<meta property=\"og:description\" content=\"Estudo revela a import\u00e2ncia da forma\u00e7\u00e3o continuada.\" \/>\n<meta property=\"og:url\" content=\"https:\/\/blogs.funiber.org\/pt\/formacao-professores\/2015\/09\/14\/funiber-a-importancia-da-formacao-continuada-2\" \/>\n<meta property=\"og:site_name\" content=\"FuniBlogs - FUNIBER\" \/>\n<meta property=\"article:publisher\" content=\"https:\/\/www.facebook.com\/funiber\" \/>\n<meta property=\"article:published_time\" content=\"2015-09-14T08:31:37+00:00\" \/>\n<meta property=\"og:image\" content=\"https:\/\/blogs.funiber.org\/pt\/wp-content\/uploads\/2015\/09\/11733141434_e61e663c6c_z.jpg\" \/>\n\t<meta property=\"og:image:width\" content=\"640\" \/>\n\t<meta property=\"og:image:height\" content=\"360\" \/>\n\t<meta property=\"og:image:type\" content=\"image\/jpeg\" \/>\n<meta name=\"author\" content=\"Mariana Dornelles\" \/>\n<meta name=\"twitter:card\" content=\"summary_large_image\" \/>\n<meta name=\"twitter:creator\" content=\"@FUNIBER\" \/>\n<meta name=\"twitter:site\" content=\"@FUNIBER\" \/>\n<meta name=\"twitter:label1\" content=\"Escrito por\" \/>\n\t<meta name=\"twitter:data1\" content=\"Mariana Dornelles\" \/>\n\t<meta name=\"twitter:label2\" content=\"Est. tempo de leitura\" \/>\n\t<meta name=\"twitter:data2\" content=\"2 minutos\" \/>\n<script type=\"application\/ld+json\" class=\"yoast-schema-graph\">{\"@context\":\"https:\/\/schema.org\",\"@graph\":[{\"@type\":\"Article\",\"@id\":\"https:\/\/blogs.funiber.org\/pt\/formacao-professores\/2015\/09\/14\/funiber-a-importancia-da-formacao-continuada-2#article\",\"isPartOf\":{\"@id\":\"https:\/\/blogs.funiber.org\/pt\/formacao-professores\/2015\/09\/14\/funiber-a-importancia-da-formacao-continuada-2\"},\"author\":{\"name\":\"Mariana Dornelles\",\"@id\":\"https:\/\/blogs.funiber.org\/pt\/#\/schema\/person\/cebedd0aef5286687ce641276452c76d\"},\"headline\":\"A import\u00e2ncia da forma\u00e7\u00e3o continuada\",\"datePublished\":\"2015-09-14T08:31:37+00:00\",\"dateModified\":\"2015-09-14T08:31:37+00:00\",\"mainEntityOfPage\":{\"@id\":\"https:\/\/blogs.funiber.org\/pt\/formacao-professores\/2015\/09\/14\/funiber-a-importancia-da-formacao-continuada-2\"},\"wordCount\":378,\"publisher\":{\"@id\":\"https:\/\/blogs.funiber.org\/pt\/#organization\"},\"keywords\":[\"Educa\u00e7\u00e3o\",\"Educa\u00e7\u00e3o a Dist\u00e2ncia\",\"Forma\u00e7\u00e3o\",\"Forma\u00e7\u00e3o de Professores\",\"Funiber\",\"mestrado\",\"Opini\u00e3o FUNIBER\",\"Opini\u00f5es Funiber\",\"Professores\"],\"articleSection\":[\"Educa\u00e7\u00e3o,\u00a0Forma\u00e7\u00e3o Professores\"],\"inLanguage\":\"pt-BR\"},{\"@type\":\"WebPage\",\"@id\":\"https:\/\/blogs.funiber.org\/pt\/formacao-professores\/2015\/09\/14\/funiber-a-importancia-da-formacao-continuada-2\",\"url\":\"https:\/\/blogs.funiber.org\/pt\/formacao-professores\/2015\/09\/14\/funiber-a-importancia-da-formacao-continuada-2\",\"name\":\"A import\u00e2ncia da forma\u00e7\u00e3o continuada - FuniBlogs - FUNIBER\",\"isPartOf\":{\"@id\":\"https:\/\/blogs.funiber.org\/pt\/#website\"},\"datePublished\":\"2015-09-14T08:31:37+00:00\",\"dateModified\":\"2015-09-14T08:31:37+00:00\",\"description\":\"Estudo revela a import\u00e2ncia da forma\u00e7\u00e3o continuada.\",\"breadcrumb\":{\"@id\":\"https:\/\/blogs.funiber.org\/pt\/formacao-professores\/2015\/09\/14\/funiber-a-importancia-da-formacao-continuada-2#breadcrumb\"},\"inLanguage\":\"pt-BR\",\"potentialAction\":[{\"@type\":\"ReadAction\",\"target\":[\"https:\/\/blogs.funiber.org\/pt\/formacao-professores\/2015\/09\/14\/funiber-a-importancia-da-formacao-continuada-2\"]}]},{\"@type\":\"BreadcrumbList\",\"@id\":\"https:\/\/blogs.funiber.org\/pt\/formacao-professores\/2015\/09\/14\/funiber-a-importancia-da-formacao-continuada-2#breadcrumb\",\"itemListElement\":[{\"@type\":\"ListItem\",\"position\":1,\"name\":\"In\u00edcio\",\"item\":\"https:\/\/blogs.funiber.org\/pt\"},{\"@type\":\"ListItem\",\"position\":2,\"name\":\"A import\u00e2ncia da forma\u00e7\u00e3o continuada\"}]},{\"@type\":\"WebSite\",\"@id\":\"https:\/\/blogs.funiber.org\/pt\/#website\",\"url\":\"https:\/\/blogs.funiber.org\/pt\/\",\"name\":\"FuniBlogs - FUNIBER\",\"description\":\"\",\"publisher\":{\"@id\":\"https:\/\/blogs.funiber.org\/pt\/#organization\"},\"potentialAction\":[{\"@type\":\"SearchAction\",\"target\":{\"@type\":\"EntryPoint\",\"urlTemplate\":\"https:\/\/blogs.funiber.org\/pt\/?s={search_term_string}\"},\"query-input\":\"required name=search_term_string\"}],\"inLanguage\":\"pt-BR\"},{\"@type\":\"Organization\",\"@id\":\"https:\/\/blogs.funiber.org\/pt\/#organization\",\"name\":\"FuniBlogs - FUNIBER\",\"url\":\"https:\/\/blogs.funiber.org\/pt\/\",\"logo\":{\"@type\":\"ImageObject\",\"inLanguage\":\"pt-BR\",\"@id\":\"https:\/\/blogs.funiber.org\/pt\/#\/schema\/logo\/image\/\",\"url\":\"https:\/\/www.funiber.blog\/pt\/wp-content\/uploads\/2022\/02\/logo-funiber-pt-br-v-dos.svg\",\"contentUrl\":\"https:\/\/www.funiber.blog\/pt\/wp-content\/uploads\/2022\/02\/logo-funiber-pt-br-v-dos.svg\",\"width\":1,\"height\":1,\"caption\":\"FuniBlogs - FUNIBER\"},\"image\":{\"@id\":\"https:\/\/blogs.funiber.org\/pt\/#\/schema\/logo\/image\/\"},\"sameAs\":[\"https:\/\/www.facebook.com\/funiber\",\"https:\/\/twitter.com\/FUNIBER\",\"https:\/\/www.instagram.com\/funiber_becas\",\"https:\/\/www.youtube.com\/user\/funiber\",\"https:\/\/www.linkedin.com\/company\/funiber\"]},{\"@type\":\"Person\",\"@id\":\"https:\/\/blogs.funiber.org\/pt\/#\/schema\/person\/cebedd0aef5286687ce641276452c76d\",\"name\":\"Mariana Dornelles\",\"image\":{\"@type\":\"ImageObject\",\"inLanguage\":\"pt-BR\",\"@id\":\"https:\/\/blogs.funiber.org\/pt\/#\/schema\/person\/image\/\",\"url\":\"https:\/\/secure.gravatar.com\/avatar\/2fbaa65ea908e82807b005c351db3c9d?s=96&d=mm&r=g\",\"contentUrl\":\"https:\/\/secure.gravatar.com\/avatar\/2fbaa65ea908e82807b005c351db3c9d?s=96&d=mm&r=g\",\"caption\":\"Mariana Dornelles\"},\"url\":\"https:\/\/www.funiber.blog\/pt\/author\/mariana-dornelles\"}]}<\/script>\n<!-- \/ Yoast SEO plugin. -->","yoast_head_json":{"title":"A import\u00e2ncia da forma\u00e7\u00e3o continuada - FuniBlogs - FUNIBER","description":"Estudo revela a import\u00e2ncia da forma\u00e7\u00e3o continuada.","robots":{"index":"noindex","follow":"nofollow"},"og_locale":"pt_BR","og_type":"article","og_title":"A import\u00e2ncia da forma\u00e7\u00e3o continuada - FuniBlogs - FUNIBER","og_description":"Estudo revela a import\u00e2ncia da forma\u00e7\u00e3o continuada.","og_url":"https:\/\/blogs.funiber.org\/pt\/formacao-professores\/2015\/09\/14\/funiber-a-importancia-da-formacao-continuada-2","og_site_name":"FuniBlogs - FUNIBER","article_publisher":"https:\/\/www.facebook.com\/funiber","article_published_time":"2015-09-14T08:31:37+00:00","og_image":[{"width":640,"height":360,"url":"https:\/\/blogs.funiber.org\/pt\/wp-content\/uploads\/2015\/09\/11733141434_e61e663c6c_z.jpg","type":"image\/jpeg"}],"author":"Mariana Dornelles","twitter_card":"summary_large_image","twitter_creator":"@FUNIBER","twitter_site":"@FUNIBER","twitter_misc":{"Escrito por":"Mariana Dornelles","Est. tempo de leitura":"2 minutos"},"schema":{"@context":"https:\/\/schema.org","@graph":[{"@type":"Article","@id":"https:\/\/blogs.funiber.org\/pt\/formacao-professores\/2015\/09\/14\/funiber-a-importancia-da-formacao-continuada-2#article","isPartOf":{"@id":"https:\/\/blogs.funiber.org\/pt\/formacao-professores\/2015\/09\/14\/funiber-a-importancia-da-formacao-continuada-2"},"author":{"name":"Mariana Dornelles","@id":"https:\/\/blogs.funiber.org\/pt\/#\/schema\/person\/cebedd0aef5286687ce641276452c76d"},"headline":"A import\u00e2ncia da forma\u00e7\u00e3o continuada","datePublished":"2015-09-14T08:31:37+00:00","dateModified":"2015-09-14T08:31:37+00:00","mainEntityOfPage":{"@id":"https:\/\/blogs.funiber.org\/pt\/formacao-professores\/2015\/09\/14\/funiber-a-importancia-da-formacao-continuada-2"},"wordCount":378,"publisher":{"@id":"https:\/\/blogs.funiber.org\/pt\/#organization"},"keywords":["Educa\u00e7\u00e3o","Educa\u00e7\u00e3o a Dist\u00e2ncia","Forma\u00e7\u00e3o","Forma\u00e7\u00e3o de Professores","Funiber","mestrado","Opini\u00e3o FUNIBER","Opini\u00f5es Funiber","Professores"],"articleSection":["Educa\u00e7\u00e3o,\u00a0Forma\u00e7\u00e3o Professores"],"inLanguage":"pt-BR"},{"@type":"WebPage","@id":"https:\/\/blogs.funiber.org\/pt\/formacao-professores\/2015\/09\/14\/funiber-a-importancia-da-formacao-continuada-2","url":"https:\/\/blogs.funiber.org\/pt\/formacao-professores\/2015\/09\/14\/funiber-a-importancia-da-formacao-continuada-2","name":"A import\u00e2ncia da forma\u00e7\u00e3o continuada - FuniBlogs - FUNIBER","isPartOf":{"@id":"https:\/\/blogs.funiber.org\/pt\/#website"},"datePublished":"2015-09-14T08:31:37+00:00","dateModified":"2015-09-14T08:31:37+00:00","description":"Estudo revela a import\u00e2ncia da forma\u00e7\u00e3o continuada.","breadcrumb":{"@id":"https:\/\/blogs.funiber.org\/pt\/formacao-professores\/2015\/09\/14\/funiber-a-importancia-da-formacao-continuada-2#breadcrumb"},"inLanguage":"pt-BR","potentialAction":[{"@type":"ReadAction","target":["https:\/\/blogs.funiber.org\/pt\/formacao-professores\/2015\/09\/14\/funiber-a-importancia-da-formacao-continuada-2"]}]},{"@type":"BreadcrumbList","@id":"https:\/\/blogs.funiber.org\/pt\/formacao-professores\/2015\/09\/14\/funiber-a-importancia-da-formacao-continuada-2#breadcrumb","itemListElement":[{"@type":"ListItem","position":1,"name":"In\u00edcio","item":"https:\/\/blogs.funiber.org\/pt"},{"@type":"ListItem","position":2,"name":"A import\u00e2ncia da forma\u00e7\u00e3o continuada"}]},{"@type":"WebSite","@id":"https:\/\/blogs.funiber.org\/pt\/#website","url":"https:\/\/blogs.funiber.org\/pt\/","name":"FuniBlogs - FUNIBER","description":"","publisher":{"@id":"https:\/\/blogs.funiber.org\/pt\/#organization"},"potentialAction":[{"@type":"SearchAction","target":{"@type":"EntryPoint","urlTemplate":"https:\/\/blogs.funiber.org\/pt\/?s={search_term_string}"},"query-input":"required name=search_term_string"}],"inLanguage":"pt-BR"},{"@type":"Organization","@id":"https:\/\/blogs.funiber.org\/pt\/#organization","name":"FuniBlogs - FUNIBER","url":"https:\/\/blogs.funiber.org\/pt\/","logo":{"@type":"ImageObject","inLanguage":"pt-BR","@id":"https:\/\/blogs.funiber.org\/pt\/#\/schema\/logo\/image\/","url":"https:\/\/www.funiber.blog\/pt\/wp-content\/uploads\/2022\/02\/logo-funiber-pt-br-v-dos.svg","contentUrl":"https:\/\/www.funiber.blog\/pt\/wp-content\/uploads\/2022\/02\/logo-funiber-pt-br-v-dos.svg","width":1,"height":1,"caption":"FuniBlogs - FUNIBER"},"image":{"@id":"https:\/\/blogs.funiber.org\/pt\/#\/schema\/logo\/image\/"},"sameAs":["https:\/\/www.facebook.com\/funiber","https:\/\/twitter.com\/FUNIBER","https:\/\/www.instagram.com\/funiber_becas","https:\/\/www.youtube.com\/user\/funiber","https:\/\/www.linkedin.com\/company\/funiber"]},{"@type":"Person","@id":"https:\/\/blogs.funiber.org\/pt\/#\/schema\/person\/cebedd0aef5286687ce641276452c76d","name":"Mariana Dornelles","image":{"@type":"ImageObject","inLanguage":"pt-BR","@id":"https:\/\/blogs.funiber.org\/pt\/#\/schema\/person\/image\/","url":"https:\/\/secure.gravatar.com\/avatar\/2fbaa65ea908e82807b005c351db3c9d?s=96&d=mm&r=g","contentUrl":"https:\/\/secure.gravatar.com\/avatar\/2fbaa65ea908e82807b005c351db3c9d?s=96&d=mm&r=g","caption":"Mariana Dornelles"},"url":"https:\/\/www.funiber.blog\/pt\/author\/mariana-dornelles"}]}},"jetpack_featured_media_url":"https:\/\/www.funiber.blog\/pt\/wp-content\/uploads\/2015\/09\/11733141434_e61e663c6c_z.jpg","jetpack_shortlink":"https:\/\/wp.me\/p7ee1t-20o","jetpack_sharing_enabled":true,"_links":{"self":[{"href":"https:\/\/www.funiber.blog\/pt\/wp-json\/wp\/v2\/posts\/7712"}],"collection":[{"href":"https:\/\/www.funiber.blog\/pt\/wp-json\/wp\/v2\/posts"}],"about":[{"href":"https:\/\/www.funiber.blog\/pt\/wp-json\/wp\/v2\/types\/post"}],"author":[{"embeddable":true,"href":"https:\/\/www.funiber.blog\/pt\/wp-json\/wp\/v2\/users\/16"}],"replies":[{"embeddable":true,"href":"https:\/\/www.funiber.blog\/pt\/wp-json\/wp\/v2\/comments?post=7712"}],"version-history":[{"count":2,"href":"https:\/\/www.funiber.blog\/pt\/wp-json\/wp\/v2\/posts\/7712\/revisions"}],"predecessor-version":[{"id":7715,"href":"https:\/\/www.funiber.blog\/pt\/wp-json\/wp\/v2\/posts\/7712\/revisions\/7715"}],"wp:featuredmedia":[{"embeddable":true,"href":"https:\/\/www.funiber.blog\/pt\/wp-json\/wp\/v2\/media\/7714"}],"wp:attachment":[{"href":"https:\/\/www.funiber.blog\/pt\/wp-json\/wp\/v2\/media?parent=7712"}],"wp:term":[{"taxonomy":"category","embeddable":true,"href":"https:\/\/www.funiber.blog\/pt\/wp-json\/wp\/v2\/categories?post=7712"},{"taxonomy":"post_tag","embeddable":true,"href":"https:\/\/www.funiber.blog\/pt\/wp-json\/wp\/v2\/tags?post=7712"}],"curies":[{"name":"wp","href":"https:\/\/api.w.org\/{rel}","templated":true}]}}