{"id":7776,"date":"2015-09-17T08:27:01","date_gmt":"2015-09-17T08:27:01","guid":{"rendered":"http:\/\/blogs.funiber.org\/pt\/?p=7776"},"modified":"2015-09-17T08:37:00","modified_gmt":"2015-09-17T08:37:00","slug":"funiber-chamda-para-envio-de-trabalhos-para-conferencia-sobre-arte-e-tecnologia","status":"publish","type":"post","link":"https:\/\/www.funiber.blog\/pt\/tecnologias-tic\/2015\/09\/17\/funiber-chamda-para-envio-de-trabalhos-para-conferencia-sobre-arte-e-tecnologia","title":{"rendered":"Chamada para envio de trabalhos para confer\u00eancia sobre arte e tecnologia"},"content":{"rendered":"<p>Arte e tecnologia s\u00e3o \u00e2mbitos muitas vezes tratados de forma separada, mas h\u00e1 propostas que buscam o contr\u00e1rio. \u00c9 o caso da <a href=\"http:\/\/www.technarte.org\/es\/\" target=\"_blank\">Technarte<\/a>, uma confer\u00eancia anual realizada pela <a href=\"http:\/\/www.innovalia.org\/es\/\" target=\"_blank\">Associa\u00e7\u00e3o Innovalia<\/a> em colabora\u00e7\u00e3o com a <a href=\"http:\/\/www.cbt.es\/es\/index.php\" target=\"_blank\">CBT Comunica\u00e7\u00e3o e Multim\u00eddia<\/a>, que mostra as mais inovadoras disciplinas art\u00edsticas que utilizam a tecnologia como meio de cria\u00e7\u00e3o.<!--more--><\/p>\n<p>O objetivo principal da confer\u00eancia \u00e9 apresentar os desenvolvimentos tecnol\u00f3gicos que <strong>facilitam \u00e0 arte moderna sua express\u00e3o plena<\/strong>, al\u00e9m de ser um espa\u00e7o de debate e reflex\u00e3o sobre a <strong>converg\u00eancia existente entre a tecnologia e a arte.<\/strong> De acordo com os organizadores, a rela\u00e7\u00e3o entre arte e tecnologia beneficia ambas as partes: <strong>enquanto as inova\u00e7\u00f5es tecnol\u00f3gicas mais avan\u00e7adas abrem infinitas possibilidades aos artistas, a comunidade tecnol\u00f3gica utiliza a criatividade dos artistas como inspira\u00e7\u00e3o para novos projetos<\/strong>.<\/p>\n<p>A uni\u00e3o entre arte e tecnologia, acrescentam ainda, impulsa o <strong>surgimento de novas disciplinas e campos de explora\u00e7\u00e3o art\u00edsticos<\/strong>, como o <a href=\"http:\/\/www.lpcvisual.com.br\/nanoarte\/\" target=\"_blank\">Nanoarte<\/a>, a impress\u00e3o em 3D, as instala\u00e7\u00f5es interativas, a arte e a rob\u00f3tica, a Bioarte, o 3D imersivo, o Mobile Art, os materiais inteligentes ou a hiper-realidade. A <strong><a href=\"http:\/\/www.funiber.org.br\" target=\"_blank\">FUNIBER<\/a><\/strong>, por meio de suas <a href=\"http:\/\/www.funiber.org.br\/areas-de-conhecimento\/tecnologias-da-informacao\/\" target=\"_blank\">Especializa\u00e7\u00f5es em Tecnologia<\/a>, pode ser uma aliada no desenvolvimento de inova\u00e7\u00f5es tecnol\u00f3gicas nesse setor.<\/p>\n<p>A pr\u00f3xima edi\u00e7\u00e3o da confer\u00eancia Technarte ser\u00e1 realizada em Bilbao, nos dias 19 e 20 de maio de 2016, e contar\u00e1 com a participa\u00e7\u00e3o de artistas e tecn\u00f3logos internacionais. <strong>O prazo de <a href=\"http:\/\/www.technarte.org\/es\/convocatoria-de-ponencias\/\" target=\"_blank\">recep\u00e7\u00e3o de trabalhos<\/a> j\u00e1 come\u00e7ou e est\u00e1 aberto at\u00e9 o dia 15 de outubro<\/strong>. De todos os inscritos, somente 13 ser\u00e3o selecionados e receber\u00e3o ajuda para hospedagem e passagem.<\/p>\n<p>Fonte: <a href=\"http:\/\/fnbr.es\/1ie\" target=\"_blank\">http:\/\/fnbr.es\/1ie<\/a><\/p>\n<p>Foto: Alguns direitos reservados <a href=\"https:\/\/www.flickr.com\/photos\/arselectronica\/20954715939\/\" target=\"_blank\">Ars Electronica<\/a><\/p>\n","protected":false},"excerpt":{"rendered":"<p>Arte e tecnologia s\u00e3o \u00e2mbitos muitas vezes tratados de forma separada, mas h\u00e1 propostas que buscam o contr\u00e1rio. \u00c9 o caso da Technarte, uma confer\u00eancia anual realizada pela Associa\u00e7\u00e3o Innovalia em colabora\u00e7\u00e3o com a CBT Comunica\u00e7\u00e3o e Multim\u00eddia, que mostra as mais inovadoras disciplinas art\u00edsticas que utilizam a tecnologia como meio de cria\u00e7\u00e3o.<\/p>\n","protected":false},"author":16,"featured_media":7778,"comment_status":"closed","ping_status":"closed","sticky":false,"template":"","format":"standard","meta":{"jetpack_post_was_ever_published":false,"_jetpack_newsletter_access":"","_jetpack_newsletter_tier_id":0,"footnotes":"","jetpack_publicize_message":"","jetpack_is_tweetstorm":false,"jetpack_publicize_feature_enabled":true,"jetpack_social_post_already_shared":false,"jetpack_social_options":{"image_generator_settings":{"template":"highway","enabled":false}}},"categories":[6],"tags":[603,285,408,248,180,641,255,26],"jetpack_publicize_connections":[],"yoast_head":"<!-- This site is optimized with the Yoast SEO plugin v21.7 - https:\/\/yoast.com\/wordpress\/plugins\/seo\/ -->\n<title>Chamada para envio de trabalhos para confer\u00eancia sobre arte e tecnologia - FuniBlogs - FUNIBER<\/title>\n<meta name=\"description\" content=\"Confer\u00eancia em Bilbao sobre arte e tecnologia.\" \/>\n<meta name=\"robots\" content=\"noindex, nofollow\" \/>\n<meta property=\"og:locale\" content=\"pt_BR\" \/>\n<meta property=\"og:type\" content=\"article\" \/>\n<meta property=\"og:title\" content=\"Chamada para envio de trabalhos para confer\u00eancia sobre arte e tecnologia - FuniBlogs - FUNIBER\" \/>\n<meta property=\"og:description\" content=\"Confer\u00eancia em Bilbao sobre arte e tecnologia.\" \/>\n<meta property=\"og:url\" content=\"https:\/\/blogs.funiber.org\/pt\/tecnologias-tic\/2015\/09\/17\/funiber-chamda-para-envio-de-trabalhos-para-conferencia-sobre-arte-e-tecnologia\" \/>\n<meta property=\"og:site_name\" content=\"FuniBlogs - FUNIBER\" \/>\n<meta property=\"article:publisher\" content=\"https:\/\/www.facebook.com\/funiber\" \/>\n<meta property=\"article:published_time\" content=\"2015-09-17T08:27:01+00:00\" \/>\n<meta property=\"article:modified_time\" content=\"2015-09-17T08:37:00+00:00\" \/>\n<meta property=\"og:image\" content=\"https:\/\/blogs.funiber.org\/pt\/wp-content\/uploads\/2015\/09\/funiber-arte-tecnologia.jpg\" \/>\n\t<meta property=\"og:image:width\" content=\"640\" \/>\n\t<meta property=\"og:image:height\" content=\"427\" \/>\n\t<meta property=\"og:image:type\" content=\"image\/jpeg\" \/>\n<meta name=\"author\" content=\"Mariana Dornelles\" \/>\n<meta name=\"twitter:card\" content=\"summary_large_image\" \/>\n<meta name=\"twitter:creator\" content=\"@FUNIBER\" \/>\n<meta name=\"twitter:site\" content=\"@FUNIBER\" \/>\n<meta name=\"twitter:label1\" content=\"Escrito por\" \/>\n\t<meta name=\"twitter:data1\" content=\"Mariana Dornelles\" \/>\n\t<meta name=\"twitter:label2\" content=\"Est. tempo de leitura\" \/>\n\t<meta name=\"twitter:data2\" content=\"2 minutos\" \/>\n<script type=\"application\/ld+json\" class=\"yoast-schema-graph\">{\"@context\":\"https:\/\/schema.org\",\"@graph\":[{\"@type\":\"Article\",\"@id\":\"https:\/\/blogs.funiber.org\/pt\/tecnologias-tic\/2015\/09\/17\/funiber-chamda-para-envio-de-trabalhos-para-conferencia-sobre-arte-e-tecnologia#article\",\"isPartOf\":{\"@id\":\"https:\/\/blogs.funiber.org\/pt\/tecnologias-tic\/2015\/09\/17\/funiber-chamda-para-envio-de-trabalhos-para-conferencia-sobre-arte-e-tecnologia\"},\"author\":{\"name\":\"Mariana Dornelles\",\"@id\":\"https:\/\/blogs.funiber.org\/pt\/#\/schema\/person\/cebedd0aef5286687ce641276452c76d\"},\"headline\":\"Chamada para envio de trabalhos para confer\u00eancia sobre arte e tecnologia\",\"datePublished\":\"2015-09-17T08:27:01+00:00\",\"dateModified\":\"2015-09-17T08:37:00+00:00\",\"mainEntityOfPage\":{\"@id\":\"https:\/\/blogs.funiber.org\/pt\/tecnologias-tic\/2015\/09\/17\/funiber-chamda-para-envio-de-trabalhos-para-conferencia-sobre-arte-e-tecnologia\"},\"wordCount\":313,\"publisher\":{\"@id\":\"https:\/\/blogs.funiber.org\/pt\/#organization\"},\"keywords\":[\"Arte\",\"Educa\u00e7\u00e3o\",\"Educa\u00e7\u00e3o a Dist\u00e2ncia\",\"Funiber\",\"Inova\u00e7\u00e3o\",\"Opini\u00e3o FUNIBER\",\"Opini\u00f5es Funiber\",\"tecnologia\"],\"articleSection\":[\"Tecnologias TIC\"],\"inLanguage\":\"pt-BR\"},{\"@type\":\"WebPage\",\"@id\":\"https:\/\/blogs.funiber.org\/pt\/tecnologias-tic\/2015\/09\/17\/funiber-chamda-para-envio-de-trabalhos-para-conferencia-sobre-arte-e-tecnologia\",\"url\":\"https:\/\/blogs.funiber.org\/pt\/tecnologias-tic\/2015\/09\/17\/funiber-chamda-para-envio-de-trabalhos-para-conferencia-sobre-arte-e-tecnologia\",\"name\":\"Chamada para envio de trabalhos para confer\u00eancia sobre arte e tecnologia - FuniBlogs - FUNIBER\",\"isPartOf\":{\"@id\":\"https:\/\/blogs.funiber.org\/pt\/#website\"},\"datePublished\":\"2015-09-17T08:27:01+00:00\",\"dateModified\":\"2015-09-17T08:37:00+00:00\",\"description\":\"Confer\u00eancia em Bilbao sobre arte e tecnologia.\",\"breadcrumb\":{\"@id\":\"https:\/\/blogs.funiber.org\/pt\/tecnologias-tic\/2015\/09\/17\/funiber-chamda-para-envio-de-trabalhos-para-conferencia-sobre-arte-e-tecnologia#breadcrumb\"},\"inLanguage\":\"pt-BR\",\"potentialAction\":[{\"@type\":\"ReadAction\",\"target\":[\"https:\/\/blogs.funiber.org\/pt\/tecnologias-tic\/2015\/09\/17\/funiber-chamda-para-envio-de-trabalhos-para-conferencia-sobre-arte-e-tecnologia\"]}]},{\"@type\":\"BreadcrumbList\",\"@id\":\"https:\/\/blogs.funiber.org\/pt\/tecnologias-tic\/2015\/09\/17\/funiber-chamda-para-envio-de-trabalhos-para-conferencia-sobre-arte-e-tecnologia#breadcrumb\",\"itemListElement\":[{\"@type\":\"ListItem\",\"position\":1,\"name\":\"In\u00edcio\",\"item\":\"https:\/\/blogs.funiber.org\/pt\"},{\"@type\":\"ListItem\",\"position\":2,\"name\":\"Chamada para envio de trabalhos para confer\u00eancia sobre arte e tecnologia\"}]},{\"@type\":\"WebSite\",\"@id\":\"https:\/\/blogs.funiber.org\/pt\/#website\",\"url\":\"https:\/\/blogs.funiber.org\/pt\/\",\"name\":\"FuniBlogs - FUNIBER\",\"description\":\"\",\"publisher\":{\"@id\":\"https:\/\/blogs.funiber.org\/pt\/#organization\"},\"potentialAction\":[{\"@type\":\"SearchAction\",\"target\":{\"@type\":\"EntryPoint\",\"urlTemplate\":\"https:\/\/blogs.funiber.org\/pt\/?s={search_term_string}\"},\"query-input\":\"required name=search_term_string\"}],\"inLanguage\":\"pt-BR\"},{\"@type\":\"Organization\",\"@id\":\"https:\/\/blogs.funiber.org\/pt\/#organization\",\"name\":\"FuniBlogs - FUNIBER\",\"url\":\"https:\/\/blogs.funiber.org\/pt\/\",\"logo\":{\"@type\":\"ImageObject\",\"inLanguage\":\"pt-BR\",\"@id\":\"https:\/\/blogs.funiber.org\/pt\/#\/schema\/logo\/image\/\",\"url\":\"https:\/\/www.funiber.blog\/pt\/wp-content\/uploads\/2022\/02\/logo-funiber-pt-br-v-dos.svg\",\"contentUrl\":\"https:\/\/www.funiber.blog\/pt\/wp-content\/uploads\/2022\/02\/logo-funiber-pt-br-v-dos.svg\",\"width\":1,\"height\":1,\"caption\":\"FuniBlogs - FUNIBER\"},\"image\":{\"@id\":\"https:\/\/blogs.funiber.org\/pt\/#\/schema\/logo\/image\/\"},\"sameAs\":[\"https:\/\/www.facebook.com\/funiber\",\"https:\/\/twitter.com\/FUNIBER\",\"https:\/\/www.instagram.com\/funiber_becas\",\"https:\/\/www.youtube.com\/user\/funiber\",\"https:\/\/www.linkedin.com\/company\/funiber\"]},{\"@type\":\"Person\",\"@id\":\"https:\/\/blogs.funiber.org\/pt\/#\/schema\/person\/cebedd0aef5286687ce641276452c76d\",\"name\":\"Mariana Dornelles\",\"image\":{\"@type\":\"ImageObject\",\"inLanguage\":\"pt-BR\",\"@id\":\"https:\/\/blogs.funiber.org\/pt\/#\/schema\/person\/image\/\",\"url\":\"https:\/\/secure.gravatar.com\/avatar\/2fbaa65ea908e82807b005c351db3c9d?s=96&d=mm&r=g\",\"contentUrl\":\"https:\/\/secure.gravatar.com\/avatar\/2fbaa65ea908e82807b005c351db3c9d?s=96&d=mm&r=g\",\"caption\":\"Mariana Dornelles\"},\"url\":\"https:\/\/www.funiber.blog\/pt\/author\/mariana-dornelles\"}]}<\/script>\n<!-- \/ Yoast SEO plugin. -->","yoast_head_json":{"title":"Chamada para envio de trabalhos para confer\u00eancia sobre arte e tecnologia - FuniBlogs - FUNIBER","description":"Confer\u00eancia em Bilbao sobre arte e tecnologia.","robots":{"index":"noindex","follow":"nofollow"},"og_locale":"pt_BR","og_type":"article","og_title":"Chamada para envio de trabalhos para confer\u00eancia sobre arte e tecnologia - FuniBlogs - FUNIBER","og_description":"Confer\u00eancia em Bilbao sobre arte e tecnologia.","og_url":"https:\/\/blogs.funiber.org\/pt\/tecnologias-tic\/2015\/09\/17\/funiber-chamda-para-envio-de-trabalhos-para-conferencia-sobre-arte-e-tecnologia","og_site_name":"FuniBlogs - FUNIBER","article_publisher":"https:\/\/www.facebook.com\/funiber","article_published_time":"2015-09-17T08:27:01+00:00","article_modified_time":"2015-09-17T08:37:00+00:00","og_image":[{"width":640,"height":427,"url":"https:\/\/blogs.funiber.org\/pt\/wp-content\/uploads\/2015\/09\/funiber-arte-tecnologia.jpg","type":"image\/jpeg"}],"author":"Mariana Dornelles","twitter_card":"summary_large_image","twitter_creator":"@FUNIBER","twitter_site":"@FUNIBER","twitter_misc":{"Escrito por":"Mariana Dornelles","Est. tempo de leitura":"2 minutos"},"schema":{"@context":"https:\/\/schema.org","@graph":[{"@type":"Article","@id":"https:\/\/blogs.funiber.org\/pt\/tecnologias-tic\/2015\/09\/17\/funiber-chamda-para-envio-de-trabalhos-para-conferencia-sobre-arte-e-tecnologia#article","isPartOf":{"@id":"https:\/\/blogs.funiber.org\/pt\/tecnologias-tic\/2015\/09\/17\/funiber-chamda-para-envio-de-trabalhos-para-conferencia-sobre-arte-e-tecnologia"},"author":{"name":"Mariana Dornelles","@id":"https:\/\/blogs.funiber.org\/pt\/#\/schema\/person\/cebedd0aef5286687ce641276452c76d"},"headline":"Chamada para envio de trabalhos para confer\u00eancia sobre arte e tecnologia","datePublished":"2015-09-17T08:27:01+00:00","dateModified":"2015-09-17T08:37:00+00:00","mainEntityOfPage":{"@id":"https:\/\/blogs.funiber.org\/pt\/tecnologias-tic\/2015\/09\/17\/funiber-chamda-para-envio-de-trabalhos-para-conferencia-sobre-arte-e-tecnologia"},"wordCount":313,"publisher":{"@id":"https:\/\/blogs.funiber.org\/pt\/#organization"},"keywords":["Arte","Educa\u00e7\u00e3o","Educa\u00e7\u00e3o a Dist\u00e2ncia","Funiber","Inova\u00e7\u00e3o","Opini\u00e3o FUNIBER","Opini\u00f5es Funiber","tecnologia"],"articleSection":["Tecnologias TIC"],"inLanguage":"pt-BR"},{"@type":"WebPage","@id":"https:\/\/blogs.funiber.org\/pt\/tecnologias-tic\/2015\/09\/17\/funiber-chamda-para-envio-de-trabalhos-para-conferencia-sobre-arte-e-tecnologia","url":"https:\/\/blogs.funiber.org\/pt\/tecnologias-tic\/2015\/09\/17\/funiber-chamda-para-envio-de-trabalhos-para-conferencia-sobre-arte-e-tecnologia","name":"Chamada para envio de trabalhos para confer\u00eancia sobre arte e tecnologia - FuniBlogs - FUNIBER","isPartOf":{"@id":"https:\/\/blogs.funiber.org\/pt\/#website"},"datePublished":"2015-09-17T08:27:01+00:00","dateModified":"2015-09-17T08:37:00+00:00","description":"Confer\u00eancia em Bilbao sobre arte e tecnologia.","breadcrumb":{"@id":"https:\/\/blogs.funiber.org\/pt\/tecnologias-tic\/2015\/09\/17\/funiber-chamda-para-envio-de-trabalhos-para-conferencia-sobre-arte-e-tecnologia#breadcrumb"},"inLanguage":"pt-BR","potentialAction":[{"@type":"ReadAction","target":["https:\/\/blogs.funiber.org\/pt\/tecnologias-tic\/2015\/09\/17\/funiber-chamda-para-envio-de-trabalhos-para-conferencia-sobre-arte-e-tecnologia"]}]},{"@type":"BreadcrumbList","@id":"https:\/\/blogs.funiber.org\/pt\/tecnologias-tic\/2015\/09\/17\/funiber-chamda-para-envio-de-trabalhos-para-conferencia-sobre-arte-e-tecnologia#breadcrumb","itemListElement":[{"@type":"ListItem","position":1,"name":"In\u00edcio","item":"https:\/\/blogs.funiber.org\/pt"},{"@type":"ListItem","position":2,"name":"Chamada para envio de trabalhos para confer\u00eancia sobre arte e tecnologia"}]},{"@type":"WebSite","@id":"https:\/\/blogs.funiber.org\/pt\/#website","url":"https:\/\/blogs.funiber.org\/pt\/","name":"FuniBlogs - FUNIBER","description":"","publisher":{"@id":"https:\/\/blogs.funiber.org\/pt\/#organization"},"potentialAction":[{"@type":"SearchAction","target":{"@type":"EntryPoint","urlTemplate":"https:\/\/blogs.funiber.org\/pt\/?s={search_term_string}"},"query-input":"required name=search_term_string"}],"inLanguage":"pt-BR"},{"@type":"Organization","@id":"https:\/\/blogs.funiber.org\/pt\/#organization","name":"FuniBlogs - FUNIBER","url":"https:\/\/blogs.funiber.org\/pt\/","logo":{"@type":"ImageObject","inLanguage":"pt-BR","@id":"https:\/\/blogs.funiber.org\/pt\/#\/schema\/logo\/image\/","url":"https:\/\/www.funiber.blog\/pt\/wp-content\/uploads\/2022\/02\/logo-funiber-pt-br-v-dos.svg","contentUrl":"https:\/\/www.funiber.blog\/pt\/wp-content\/uploads\/2022\/02\/logo-funiber-pt-br-v-dos.svg","width":1,"height":1,"caption":"FuniBlogs - FUNIBER"},"image":{"@id":"https:\/\/blogs.funiber.org\/pt\/#\/schema\/logo\/image\/"},"sameAs":["https:\/\/www.facebook.com\/funiber","https:\/\/twitter.com\/FUNIBER","https:\/\/www.instagram.com\/funiber_becas","https:\/\/www.youtube.com\/user\/funiber","https:\/\/www.linkedin.com\/company\/funiber"]},{"@type":"Person","@id":"https:\/\/blogs.funiber.org\/pt\/#\/schema\/person\/cebedd0aef5286687ce641276452c76d","name":"Mariana Dornelles","image":{"@type":"ImageObject","inLanguage":"pt-BR","@id":"https:\/\/blogs.funiber.org\/pt\/#\/schema\/person\/image\/","url":"https:\/\/secure.gravatar.com\/avatar\/2fbaa65ea908e82807b005c351db3c9d?s=96&d=mm&r=g","contentUrl":"https:\/\/secure.gravatar.com\/avatar\/2fbaa65ea908e82807b005c351db3c9d?s=96&d=mm&r=g","caption":"Mariana Dornelles"},"url":"https:\/\/www.funiber.blog\/pt\/author\/mariana-dornelles"}]}},"jetpack_featured_media_url":"https:\/\/www.funiber.blog\/pt\/wp-content\/uploads\/2015\/09\/funiber-arte-tecnologia.jpg","jetpack_shortlink":"https:\/\/wp.me\/p7ee1t-21q","jetpack_sharing_enabled":true,"_links":{"self":[{"href":"https:\/\/www.funiber.blog\/pt\/wp-json\/wp\/v2\/posts\/7776"}],"collection":[{"href":"https:\/\/www.funiber.blog\/pt\/wp-json\/wp\/v2\/posts"}],"about":[{"href":"https:\/\/www.funiber.blog\/pt\/wp-json\/wp\/v2\/types\/post"}],"author":[{"embeddable":true,"href":"https:\/\/www.funiber.blog\/pt\/wp-json\/wp\/v2\/users\/16"}],"replies":[{"embeddable":true,"href":"https:\/\/www.funiber.blog\/pt\/wp-json\/wp\/v2\/comments?post=7776"}],"version-history":[{"count":6,"href":"https:\/\/www.funiber.blog\/pt\/wp-json\/wp\/v2\/posts\/7776\/revisions"}],"predecessor-version":[{"id":7783,"href":"https:\/\/www.funiber.blog\/pt\/wp-json\/wp\/v2\/posts\/7776\/revisions\/7783"}],"wp:featuredmedia":[{"embeddable":true,"href":"https:\/\/www.funiber.blog\/pt\/wp-json\/wp\/v2\/media\/7778"}],"wp:attachment":[{"href":"https:\/\/www.funiber.blog\/pt\/wp-json\/wp\/v2\/media?parent=7776"}],"wp:term":[{"taxonomy":"category","embeddable":true,"href":"https:\/\/www.funiber.blog\/pt\/wp-json\/wp\/v2\/categories?post=7776"},{"taxonomy":"post_tag","embeddable":true,"href":"https:\/\/www.funiber.blog\/pt\/wp-json\/wp\/v2\/tags?post=7776"}],"curies":[{"name":"wp","href":"https:\/\/api.w.org\/{rel}","templated":true}]}}