{"id":7824,"date":"2015-09-21T12:48:36","date_gmt":"2015-09-21T12:48:36","guid":{"rendered":"http:\/\/blogs.funiber.org\/pt\/?p=7824"},"modified":"2015-09-21T12:48:36","modified_gmt":"2015-09-21T12:48:36","slug":"funiber-estimulacao-magnetica-transcraniana-para-tratar-a-depressao","status":"publish","type":"post","link":"https:\/\/www.funiber.blog\/pt\/gerontologia\/2015\/09\/21\/funiber-estimulacao-magnetica-transcraniana-para-tratar-a-depressao","title":{"rendered":"Estimula\u00e7\u00e3o magn\u00e9tica transcraniana para tratar a depress\u00e3o"},"content":{"rendered":"<p>Pessoas da terceira idade podem desenvolver depress\u00e3o em diversos n\u00edveis. Pesquisadores do Reino Unido indicaram que a <strong>estimula\u00e7\u00e3o magn\u00e9tica transcraniana (EMT) pode ser um tratamento alternativo \u00e0 terapia eletroconvulsiva (TEC) como recurso em casos de depress\u00e3o.<\/strong> A EMT consiste na aplica\u00e7\u00e3o de um pulso magn\u00e9tico na parte frontal cerebral de pacientes depressivos, conseguindo \u201creiniciar o c\u00e9rebro\u201d. Contudo, ainda n\u00e3o se conseguiu entender como funciona a terapia exatamente, raz\u00e3o pela qual se recomenda realizar mais pesquisas em torno destes tipos de tratamentos.<!--more--><\/p>\n<p>Um novo estudo demonstrou que os pulsos eletromagn\u00e9ticos alcan\u00e7am mudan\u00e7as bioqu\u00edmicas e de conectividade no c\u00e9rebro. Os cientistas da Universidade de Nottingham aplicaram disparos guiados de imagens de resson\u00e2ncia magn\u00e9tica (IRM) de pulsos magn\u00e9ticos no c\u00f3rtex pr\u00e9-frontal dorsolateral do c\u00e9rebro de 27 pessoas saud\u00e1veis.<\/p>\n<p>De acordo com <strong>Sarina Iwabuchi, pesquisadora principal desta pesquisa, uma sess\u00e3o de EMT pode modificar a conectividade da rede cerebral, em especial na \u00e1rea da \u00ednsula anterior direita, zona que resulta primordial em casos de depress\u00e3o.<\/strong> Al\u00e9m disso, identificou-se que a terapia com a EMT modificava as concentra\u00e7\u00f5es de alguns neurotransmissores como o GABA, que tamb\u00e9m tem influ\u00eancia no desenvolvimento de transtornos depressivos.<\/p>\n<p>Iwabuchi indica que \u00e9 necess\u00e1rio realizar mais estudos e aplicar a EMT em pessoas depressivas em <strong>ensaios cl\u00ednicos que permitam ver as mudan\u00e7as que o tratamento ocasiona,<\/strong> e desta forma poderiam desenvolver-se tratamentos personalizados para a depress\u00e3o. Os profissionais que se formam no <strong><a href=\"http:\/\/www.funiber.org.br\/areas-de-conhecimento\/saude-e-nutricao\/gerontologia\/mestrado-em-gerontologia-social\/\" target=\"_blank\">Mestrado em Gerontologia<\/a><\/strong> da <a href=\"http:\/\/www.funiber.org.br\" target=\"_blank\"><strong>FUNIBER<\/strong> <\/a>recebem conhecimentos que permitem abordar os estados depressivos que pessoas da terceira idade poderiam desenvolver, bem como as recomenda\u00e7\u00f5es necess\u00e1rias para melhorar a qualidade de vida destas pessoas.<\/p>\n<p>Fonte:\u00a0<a href=\"http:\/\/fnbr.es\/1iz\" target=\"_blank\">http:\/\/fnbr.es\/1iz<\/a><\/p>\n<p>Fotografia: Creative Commons:\u00a0<a href=\"https:\/\/www.flickr.com\/photos\/flamephoenix1991\/8376271918\/sizes\/m\/\" target=\"_blank\">_DJ_<\/a><\/p>\n","protected":false},"excerpt":{"rendered":"<p>Pessoas da terceira idade podem desenvolver depress\u00e3o em diversos n\u00edveis. Pesquisadores do Reino Unido indicaram que a estimula\u00e7\u00e3o magn\u00e9tica transcraniana (EMT) pode ser um tratamento alternativo \u00e0 terapia eletroconvulsiva (TEC) como recurso em casos de depress\u00e3o. A EMT consiste na aplica\u00e7\u00e3o de um pulso magn\u00e9tico na parte frontal cerebral de pacientes depressivos, conseguindo \u201creiniciar o [&hellip;]<\/p>\n","protected":false},"author":16,"featured_media":7825,"comment_status":"closed","ping_status":"closed","sticky":false,"template":"","format":"standard","meta":{"jetpack_post_was_ever_published":false,"_jetpack_newsletter_access":"","_jetpack_newsletter_tier_id":0,"footnotes":"","jetpack_publicize_message":"","jetpack_is_tweetstorm":false,"jetpack_publicize_feature_enabled":true,"jetpack_social_post_already_shared":false,"jetpack_social_options":{"image_generator_settings":{"template":"highway","enabled":false}}},"categories":[1],"tags":[122,285,408,248,267,671,641,255,113],"jetpack_publicize_connections":[],"yoast_head":"<!-- This site is optimized with the Yoast SEO plugin v21.7 - https:\/\/yoast.com\/wordpress\/plugins\/seo\/ -->\n<title>Estimula\u00e7\u00e3o magn\u00e9tica transcraniana para tratar a depress\u00e3o - FuniBlogs - FUNIBER<\/title>\n<meta name=\"description\" content=\"Estudo aponta a estimula\u00e7\u00e3o magn\u00e9tica transcraniana para tratar a depress\u00e3o.\" \/>\n<meta name=\"robots\" content=\"noindex, nofollow\" \/>\n<meta property=\"og:locale\" content=\"pt_BR\" \/>\n<meta property=\"og:type\" content=\"article\" \/>\n<meta property=\"og:title\" content=\"Estimula\u00e7\u00e3o magn\u00e9tica transcraniana para tratar a depress\u00e3o - FuniBlogs - FUNIBER\" \/>\n<meta property=\"og:description\" content=\"Estudo aponta a estimula\u00e7\u00e3o magn\u00e9tica transcraniana para tratar a depress\u00e3o.\" \/>\n<meta property=\"og:url\" content=\"https:\/\/blogs.funiber.org\/pt\/gerontologia\/2015\/09\/21\/funiber-estimulacao-magnetica-transcraniana-para-tratar-a-depressao\" \/>\n<meta property=\"og:site_name\" content=\"FuniBlogs - FUNIBER\" \/>\n<meta property=\"article:publisher\" content=\"https:\/\/www.facebook.com\/funiber\" \/>\n<meta property=\"article:published_time\" content=\"2015-09-21T12:48:36+00:00\" \/>\n<meta property=\"og:image\" content=\"https:\/\/blogs.funiber.org\/pt\/wp-content\/uploads\/2015\/09\/funiber-c\u00e9rebro.jpg\" \/>\n\t<meta property=\"og:image:width\" content=\"500\" \/>\n\t<meta property=\"og:image:height\" content=\"400\" \/>\n\t<meta property=\"og:image:type\" content=\"image\/jpeg\" \/>\n<meta name=\"author\" content=\"Mariana Dornelles\" \/>\n<meta name=\"twitter:card\" content=\"summary_large_image\" \/>\n<meta name=\"twitter:creator\" content=\"@FUNIBER\" \/>\n<meta name=\"twitter:site\" content=\"@FUNIBER\" \/>\n<meta name=\"twitter:label1\" content=\"Escrito por\" \/>\n\t<meta name=\"twitter:data1\" content=\"Mariana Dornelles\" \/>\n\t<meta name=\"twitter:label2\" content=\"Est. tempo de leitura\" \/>\n\t<meta name=\"twitter:data2\" content=\"2 minutos\" \/>\n<script type=\"application\/ld+json\" class=\"yoast-schema-graph\">{\"@context\":\"https:\/\/schema.org\",\"@graph\":[{\"@type\":\"Article\",\"@id\":\"https:\/\/blogs.funiber.org\/pt\/gerontologia\/2015\/09\/21\/funiber-estimulacao-magnetica-transcraniana-para-tratar-a-depressao#article\",\"isPartOf\":{\"@id\":\"https:\/\/blogs.funiber.org\/pt\/gerontologia\/2015\/09\/21\/funiber-estimulacao-magnetica-transcraniana-para-tratar-a-depressao\"},\"author\":{\"name\":\"Mariana Dornelles\",\"@id\":\"https:\/\/blogs.funiber.org\/pt\/#\/schema\/person\/cebedd0aef5286687ce641276452c76d\"},\"headline\":\"Estimula\u00e7\u00e3o magn\u00e9tica transcraniana para tratar a depress\u00e3o\",\"datePublished\":\"2015-09-21T12:48:36+00:00\",\"dateModified\":\"2015-09-21T12:48:36+00:00\",\"mainEntityOfPage\":{\"@id\":\"https:\/\/blogs.funiber.org\/pt\/gerontologia\/2015\/09\/21\/funiber-estimulacao-magnetica-transcraniana-para-tratar-a-depressao\"},\"wordCount\":314,\"publisher\":{\"@id\":\"https:\/\/blogs.funiber.org\/pt\/#organization\"},\"keywords\":[\"Doen\u00e7as\",\"Educa\u00e7\u00e3o\",\"Educa\u00e7\u00e3o a Dist\u00e2ncia\",\"Funiber\",\"Idosos\",\"mestrado\",\"Opini\u00e3o FUNIBER\",\"Opini\u00f5es Funiber\",\"Sa\u00fade\"],\"articleSection\":[\"Gerontologia\"],\"inLanguage\":\"pt-BR\"},{\"@type\":\"WebPage\",\"@id\":\"https:\/\/blogs.funiber.org\/pt\/gerontologia\/2015\/09\/21\/funiber-estimulacao-magnetica-transcraniana-para-tratar-a-depressao\",\"url\":\"https:\/\/blogs.funiber.org\/pt\/gerontologia\/2015\/09\/21\/funiber-estimulacao-magnetica-transcraniana-para-tratar-a-depressao\",\"name\":\"Estimula\u00e7\u00e3o magn\u00e9tica transcraniana para tratar a depress\u00e3o - FuniBlogs - FUNIBER\",\"isPartOf\":{\"@id\":\"https:\/\/blogs.funiber.org\/pt\/#website\"},\"datePublished\":\"2015-09-21T12:48:36+00:00\",\"dateModified\":\"2015-09-21T12:48:36+00:00\",\"description\":\"Estudo aponta a estimula\u00e7\u00e3o magn\u00e9tica transcraniana para tratar a depress\u00e3o.\",\"breadcrumb\":{\"@id\":\"https:\/\/blogs.funiber.org\/pt\/gerontologia\/2015\/09\/21\/funiber-estimulacao-magnetica-transcraniana-para-tratar-a-depressao#breadcrumb\"},\"inLanguage\":\"pt-BR\",\"potentialAction\":[{\"@type\":\"ReadAction\",\"target\":[\"https:\/\/blogs.funiber.org\/pt\/gerontologia\/2015\/09\/21\/funiber-estimulacao-magnetica-transcraniana-para-tratar-a-depressao\"]}]},{\"@type\":\"BreadcrumbList\",\"@id\":\"https:\/\/blogs.funiber.org\/pt\/gerontologia\/2015\/09\/21\/funiber-estimulacao-magnetica-transcraniana-para-tratar-a-depressao#breadcrumb\",\"itemListElement\":[{\"@type\":\"ListItem\",\"position\":1,\"name\":\"In\u00edcio\",\"item\":\"https:\/\/blogs.funiber.org\/pt\"},{\"@type\":\"ListItem\",\"position\":2,\"name\":\"Estimula\u00e7\u00e3o magn\u00e9tica transcraniana para tratar a depress\u00e3o\"}]},{\"@type\":\"WebSite\",\"@id\":\"https:\/\/blogs.funiber.org\/pt\/#website\",\"url\":\"https:\/\/blogs.funiber.org\/pt\/\",\"name\":\"FuniBlogs - FUNIBER\",\"description\":\"\",\"publisher\":{\"@id\":\"https:\/\/blogs.funiber.org\/pt\/#organization\"},\"potentialAction\":[{\"@type\":\"SearchAction\",\"target\":{\"@type\":\"EntryPoint\",\"urlTemplate\":\"https:\/\/blogs.funiber.org\/pt\/?s={search_term_string}\"},\"query-input\":\"required name=search_term_string\"}],\"inLanguage\":\"pt-BR\"},{\"@type\":\"Organization\",\"@id\":\"https:\/\/blogs.funiber.org\/pt\/#organization\",\"name\":\"FuniBlogs - FUNIBER\",\"url\":\"https:\/\/blogs.funiber.org\/pt\/\",\"logo\":{\"@type\":\"ImageObject\",\"inLanguage\":\"pt-BR\",\"@id\":\"https:\/\/blogs.funiber.org\/pt\/#\/schema\/logo\/image\/\",\"url\":\"https:\/\/www.funiber.blog\/pt\/wp-content\/uploads\/2022\/02\/logo-funiber-pt-br-v-dos.svg\",\"contentUrl\":\"https:\/\/www.funiber.blog\/pt\/wp-content\/uploads\/2022\/02\/logo-funiber-pt-br-v-dos.svg\",\"width\":1,\"height\":1,\"caption\":\"FuniBlogs - FUNIBER\"},\"image\":{\"@id\":\"https:\/\/blogs.funiber.org\/pt\/#\/schema\/logo\/image\/\"},\"sameAs\":[\"https:\/\/www.facebook.com\/funiber\",\"https:\/\/twitter.com\/FUNIBER\",\"https:\/\/www.instagram.com\/funiber_becas\",\"https:\/\/www.youtube.com\/user\/funiber\",\"https:\/\/www.linkedin.com\/company\/funiber\"]},{\"@type\":\"Person\",\"@id\":\"https:\/\/blogs.funiber.org\/pt\/#\/schema\/person\/cebedd0aef5286687ce641276452c76d\",\"name\":\"Mariana Dornelles\",\"image\":{\"@type\":\"ImageObject\",\"inLanguage\":\"pt-BR\",\"@id\":\"https:\/\/blogs.funiber.org\/pt\/#\/schema\/person\/image\/\",\"url\":\"https:\/\/secure.gravatar.com\/avatar\/2fbaa65ea908e82807b005c351db3c9d?s=96&d=mm&r=g\",\"contentUrl\":\"https:\/\/secure.gravatar.com\/avatar\/2fbaa65ea908e82807b005c351db3c9d?s=96&d=mm&r=g\",\"caption\":\"Mariana Dornelles\"},\"url\":\"https:\/\/www.funiber.blog\/pt\/author\/mariana-dornelles\"}]}<\/script>\n<!-- \/ Yoast SEO plugin. -->","yoast_head_json":{"title":"Estimula\u00e7\u00e3o magn\u00e9tica transcraniana para tratar a depress\u00e3o - FuniBlogs - FUNIBER","description":"Estudo aponta a estimula\u00e7\u00e3o magn\u00e9tica transcraniana para tratar a depress\u00e3o.","robots":{"index":"noindex","follow":"nofollow"},"og_locale":"pt_BR","og_type":"article","og_title":"Estimula\u00e7\u00e3o magn\u00e9tica transcraniana para tratar a depress\u00e3o - FuniBlogs - FUNIBER","og_description":"Estudo aponta a estimula\u00e7\u00e3o magn\u00e9tica transcraniana para tratar a depress\u00e3o.","og_url":"https:\/\/blogs.funiber.org\/pt\/gerontologia\/2015\/09\/21\/funiber-estimulacao-magnetica-transcraniana-para-tratar-a-depressao","og_site_name":"FuniBlogs - FUNIBER","article_publisher":"https:\/\/www.facebook.com\/funiber","article_published_time":"2015-09-21T12:48:36+00:00","og_image":[{"width":500,"height":400,"url":"https:\/\/blogs.funiber.org\/pt\/wp-content\/uploads\/2015\/09\/funiber-c\u00e9rebro.jpg","type":"image\/jpeg"}],"author":"Mariana Dornelles","twitter_card":"summary_large_image","twitter_creator":"@FUNIBER","twitter_site":"@FUNIBER","twitter_misc":{"Escrito por":"Mariana Dornelles","Est. tempo de leitura":"2 minutos"},"schema":{"@context":"https:\/\/schema.org","@graph":[{"@type":"Article","@id":"https:\/\/blogs.funiber.org\/pt\/gerontologia\/2015\/09\/21\/funiber-estimulacao-magnetica-transcraniana-para-tratar-a-depressao#article","isPartOf":{"@id":"https:\/\/blogs.funiber.org\/pt\/gerontologia\/2015\/09\/21\/funiber-estimulacao-magnetica-transcraniana-para-tratar-a-depressao"},"author":{"name":"Mariana Dornelles","@id":"https:\/\/blogs.funiber.org\/pt\/#\/schema\/person\/cebedd0aef5286687ce641276452c76d"},"headline":"Estimula\u00e7\u00e3o magn\u00e9tica transcraniana para tratar a depress\u00e3o","datePublished":"2015-09-21T12:48:36+00:00","dateModified":"2015-09-21T12:48:36+00:00","mainEntityOfPage":{"@id":"https:\/\/blogs.funiber.org\/pt\/gerontologia\/2015\/09\/21\/funiber-estimulacao-magnetica-transcraniana-para-tratar-a-depressao"},"wordCount":314,"publisher":{"@id":"https:\/\/blogs.funiber.org\/pt\/#organization"},"keywords":["Doen\u00e7as","Educa\u00e7\u00e3o","Educa\u00e7\u00e3o a Dist\u00e2ncia","Funiber","Idosos","mestrado","Opini\u00e3o FUNIBER","Opini\u00f5es Funiber","Sa\u00fade"],"articleSection":["Gerontologia"],"inLanguage":"pt-BR"},{"@type":"WebPage","@id":"https:\/\/blogs.funiber.org\/pt\/gerontologia\/2015\/09\/21\/funiber-estimulacao-magnetica-transcraniana-para-tratar-a-depressao","url":"https:\/\/blogs.funiber.org\/pt\/gerontologia\/2015\/09\/21\/funiber-estimulacao-magnetica-transcraniana-para-tratar-a-depressao","name":"Estimula\u00e7\u00e3o magn\u00e9tica transcraniana para tratar a depress\u00e3o - FuniBlogs - FUNIBER","isPartOf":{"@id":"https:\/\/blogs.funiber.org\/pt\/#website"},"datePublished":"2015-09-21T12:48:36+00:00","dateModified":"2015-09-21T12:48:36+00:00","description":"Estudo aponta a estimula\u00e7\u00e3o magn\u00e9tica transcraniana para tratar a depress\u00e3o.","breadcrumb":{"@id":"https:\/\/blogs.funiber.org\/pt\/gerontologia\/2015\/09\/21\/funiber-estimulacao-magnetica-transcraniana-para-tratar-a-depressao#breadcrumb"},"inLanguage":"pt-BR","potentialAction":[{"@type":"ReadAction","target":["https:\/\/blogs.funiber.org\/pt\/gerontologia\/2015\/09\/21\/funiber-estimulacao-magnetica-transcraniana-para-tratar-a-depressao"]}]},{"@type":"BreadcrumbList","@id":"https:\/\/blogs.funiber.org\/pt\/gerontologia\/2015\/09\/21\/funiber-estimulacao-magnetica-transcraniana-para-tratar-a-depressao#breadcrumb","itemListElement":[{"@type":"ListItem","position":1,"name":"In\u00edcio","item":"https:\/\/blogs.funiber.org\/pt"},{"@type":"ListItem","position":2,"name":"Estimula\u00e7\u00e3o magn\u00e9tica transcraniana para tratar a depress\u00e3o"}]},{"@type":"WebSite","@id":"https:\/\/blogs.funiber.org\/pt\/#website","url":"https:\/\/blogs.funiber.org\/pt\/","name":"FuniBlogs - FUNIBER","description":"","publisher":{"@id":"https:\/\/blogs.funiber.org\/pt\/#organization"},"potentialAction":[{"@type":"SearchAction","target":{"@type":"EntryPoint","urlTemplate":"https:\/\/blogs.funiber.org\/pt\/?s={search_term_string}"},"query-input":"required name=search_term_string"}],"inLanguage":"pt-BR"},{"@type":"Organization","@id":"https:\/\/blogs.funiber.org\/pt\/#organization","name":"FuniBlogs - FUNIBER","url":"https:\/\/blogs.funiber.org\/pt\/","logo":{"@type":"ImageObject","inLanguage":"pt-BR","@id":"https:\/\/blogs.funiber.org\/pt\/#\/schema\/logo\/image\/","url":"https:\/\/www.funiber.blog\/pt\/wp-content\/uploads\/2022\/02\/logo-funiber-pt-br-v-dos.svg","contentUrl":"https:\/\/www.funiber.blog\/pt\/wp-content\/uploads\/2022\/02\/logo-funiber-pt-br-v-dos.svg","width":1,"height":1,"caption":"FuniBlogs - FUNIBER"},"image":{"@id":"https:\/\/blogs.funiber.org\/pt\/#\/schema\/logo\/image\/"},"sameAs":["https:\/\/www.facebook.com\/funiber","https:\/\/twitter.com\/FUNIBER","https:\/\/www.instagram.com\/funiber_becas","https:\/\/www.youtube.com\/user\/funiber","https:\/\/www.linkedin.com\/company\/funiber"]},{"@type":"Person","@id":"https:\/\/blogs.funiber.org\/pt\/#\/schema\/person\/cebedd0aef5286687ce641276452c76d","name":"Mariana Dornelles","image":{"@type":"ImageObject","inLanguage":"pt-BR","@id":"https:\/\/blogs.funiber.org\/pt\/#\/schema\/person\/image\/","url":"https:\/\/secure.gravatar.com\/avatar\/2fbaa65ea908e82807b005c351db3c9d?s=96&d=mm&r=g","contentUrl":"https:\/\/secure.gravatar.com\/avatar\/2fbaa65ea908e82807b005c351db3c9d?s=96&d=mm&r=g","caption":"Mariana Dornelles"},"url":"https:\/\/www.funiber.blog\/pt\/author\/mariana-dornelles"}]}},"jetpack_featured_media_url":"https:\/\/www.funiber.blog\/pt\/wp-content\/uploads\/2015\/09\/funiber-c\u00e9rebro.jpg","jetpack_shortlink":"https:\/\/wp.me\/p7ee1t-22c","jetpack_sharing_enabled":true,"_links":{"self":[{"href":"https:\/\/www.funiber.blog\/pt\/wp-json\/wp\/v2\/posts\/7824"}],"collection":[{"href":"https:\/\/www.funiber.blog\/pt\/wp-json\/wp\/v2\/posts"}],"about":[{"href":"https:\/\/www.funiber.blog\/pt\/wp-json\/wp\/v2\/types\/post"}],"author":[{"embeddable":true,"href":"https:\/\/www.funiber.blog\/pt\/wp-json\/wp\/v2\/users\/16"}],"replies":[{"embeddable":true,"href":"https:\/\/www.funiber.blog\/pt\/wp-json\/wp\/v2\/comments?post=7824"}],"version-history":[{"count":2,"href":"https:\/\/www.funiber.blog\/pt\/wp-json\/wp\/v2\/posts\/7824\/revisions"}],"predecessor-version":[{"id":7827,"href":"https:\/\/www.funiber.blog\/pt\/wp-json\/wp\/v2\/posts\/7824\/revisions\/7827"}],"wp:featuredmedia":[{"embeddable":true,"href":"https:\/\/www.funiber.blog\/pt\/wp-json\/wp\/v2\/media\/7825"}],"wp:attachment":[{"href":"https:\/\/www.funiber.blog\/pt\/wp-json\/wp\/v2\/media?parent=7824"}],"wp:term":[{"taxonomy":"category","embeddable":true,"href":"https:\/\/www.funiber.blog\/pt\/wp-json\/wp\/v2\/categories?post=7824"},{"taxonomy":"post_tag","embeddable":true,"href":"https:\/\/www.funiber.blog\/pt\/wp-json\/wp\/v2\/tags?post=7824"}],"curies":[{"name":"wp","href":"https:\/\/api.w.org\/{rel}","templated":true}]}}