{"id":7856,"date":"2015-09-28T07:07:39","date_gmt":"2015-09-28T07:07:39","guid":{"rendered":"http:\/\/blogs.funiber.org\/pt\/?p=7856"},"modified":"2015-09-28T07:07:39","modified_gmt":"2015-09-28T07:07:39","slug":"funiber-opinioes-funiber-ann-rodriguez-e-lina-pulgarin-em-entrevista-sobre-o-fenomeno-el-nino","status":"publish","type":"post","link":"https:\/\/www.funiber.blog\/pt\/meio-ambiente\/2015\/09\/28\/funiber-opinioes-funiber-ann-rodriguez-e-lina-pulgarin-em-entrevista-sobre-o-fenomeno-el-nino","title":{"rendered":"Opini\u00f5es Funiber: Ann Rodr\u00edguez e Lina Pulgar\u00edn em entrevista sobre o fen\u00f4meno El Ni\u00f1o"},"content":{"rendered":"<p>O fen\u00f4meno <em>El Ni\u00f1o<\/em> chegou para ficar por uma temporada. Alguns pa\u00edses da Am\u00e9rica do Sul est\u00e3o se preparando para lidar com secas ou inunda\u00e7\u00f5es de diversas intensidades que podem ocorrer a partir do m\u00eas de outubro. <strong>Ann Rodr\u00edguez <\/strong>e<strong> Lina Pulgar\u00edn,<\/strong> professoras da \u00e1rea de<a href=\"http:\/\/www.funiber.org.br\/areas-de-conhecimento\/meio-ambiente-e-desenvolvimento-sustentavel\/\" target=\"_blank\">\u00a0<strong>Meio Ambiente<\/strong><\/a>\u00a0da\u00a0<strong><a href=\"http:\/\/www.funiber.org.br\/\" target=\"_blank\">FUNIBER<\/a><\/strong>,\u00a0nos apresentam uma an\u00e1lise do poss\u00edvel impacto dos desastres naturais que se originariam como consequ\u00eancia do fen\u00f4meno <em>El Ni\u00f1o<\/em>.<!--more--><\/p>\n<p>Rodr\u00edguez e Pulgar\u00edn explicam que o <em>El Ni\u00f1o<\/em> se manifesta com a mudan\u00e7a de padr\u00f5es no movimento das correntes marinhas, que originam uma <strong>\u201csuperposi\u00e7\u00e3o de correntes de \u00e1guas quentes sobre \u00e1guas frias caracter\u00edsticas da corrente de Humboldt\u201d.<\/strong> Registrou-se um <strong>aumento na temperatura de 1\u00b0C<\/strong> na zona leste e central do Oceano Pac\u00edfico equatorial, al\u00e9m da presen\u00e7a cont\u00ednua de ventos significativos no oeste do Pac\u00edfico equatorial que <strong>refor\u00e7am os progn\u00f3sticos da presen\u00e7a do <em>El Ni\u00f1o<\/em>.<\/strong><\/p>\n<p>De acordo com os dados proporcionados pelo\u00a0<a href=\"http:\/\/www.ncep.noaa.gov\/newsletter\/\" target=\"_blank\">Centro de Predi\u00e7\u00f5es Clim\u00e1ticas NCEP\/NWS<\/a>\u00a0e o Instituto Internacional de Investiga\u00e7\u00e3o do Clima e Sociedade dos Estados Unidos, confirmou-se a <strong>presen\u00e7a do fen\u00f4meno <em>El Ni\u00f1o<\/em> com 90% de certeza para o hemisf\u00e9rio norte<\/strong> durante o inverno de 2015, enquanto as probabilidades descendem a 80% no hemisf\u00e9rio Sul, por\u00e9m com possibilidade de que esta anormalidade clim\u00e1tica permane\u00e7a at\u00e9 a primavera de 2016.<\/p>\n<p>De acordo \u00e0s professoras da <strong>FUNIBER<\/strong>, os progn\u00f3sticos apontam um <strong>incremento de precipita\u00e7\u00f5es no hemisf\u00e9rio norte para o outono-inverno de 2016.<\/strong> Ademais, poderia ocorrer uma temporada de furac\u00f5es acima dos padr\u00f5es no Atl\u00e2ntico e na zona de furac\u00f5es do leste e centro do Pac\u00edfico. Na Am\u00e9rica Latina a temperatura pode elevar-se em 3\u00b0C durante o inverno, <strong>com intensas chuvas no norte da Am\u00e9rica do Sul.<\/strong> A anomalia afetaria os pa\u00edses da costa oeste da Am\u00e9rica do Sul, podendo afetar tamb\u00e9m regi\u00f5es do Brasil, Col\u00f4mbia e Venezuela.<\/p>\n<p><strong>\u00a0<\/strong><strong>Desastre econ\u00f3mico<\/strong><\/p>\n<p>O aumento da temperatura do oceano, as inunda\u00e7\u00f5es e secas associadas \u00e0 presen\u00e7a do fen\u00f4meno <em>El Ni\u00f1o<\/em> teriam um impacto significativo na economia de alguns pa\u00edses da Am\u00e9rica do Sul. Rodr\u00edguez e Pulgar\u00edn ressaltam que o <strong>impacto socioecon\u00f4mico<\/strong> pode ser dram\u00e1tico para algumas regi\u00f5es e setores econ\u00f4micos como:<\/p>\n<ul>\n<li>Agricultura: As varia\u00e7\u00f5es nos rendimentos dos diferentes cultivos dependem de fatores tecnol\u00f3gicos, econ\u00f4micos e naturais, especialmente, clim\u00e1ticos.<\/li>\n<li>Setor pesqueiro.<\/li>\n<li>Transporte fluvial por diferen\u00e7as de n\u00edveis e correntes.<\/li>\n<li>Transporte terrestre.<\/li>\n<li>Setor hidroenerg\u00e9tico.<\/li>\n<li>Abastecimento de \u00e1gua para consumo.<\/li>\n<li>Sa\u00fade.<\/li>\n<\/ul>\n<p>Frente ao <strong>iminente risco<\/strong>, as popula\u00e7\u00f5es de regi\u00f5es que podem ser afetadas pelos desastres naturais devem <strong>adotar algumas medidas para minimizar os efeitos do <em>El Ni\u00f1o<\/em>.<\/strong> Neste ponto Rodr\u00edguez e Pulgar\u00edn recomendam:<\/p>\n<ul>\n<li>Monitorar as bacias hidrogr\u00e1ficas para detectar a tempo a escassez de \u00e1gua e ter fontes alternativas identificadas de \u00e1gua.<\/li>\n<li>Procurar o uso eficiente e a economia da \u00e1gua no contexto residencial bem como em todos os setores econ\u00f4micos (industrial, agr\u00edcola, tur\u00edstico, comercial, servi\u00e7os p\u00fablicos, etc.).<\/li>\n<li>Nas zonas de maior vulnerabilidade \u00e9 necess\u00e1rio ter sistemas eficientes de vigil\u00e2ncia e controle de inc\u00eandios.<\/li>\n<li>Manter ativos os sistemas de vigil\u00e2ncia de sa\u00fade ante as enfermidades que se incrementam como consequ\u00eancia do fen\u00f4meno.<\/li>\n<li>Nos setores agr\u00edcola e pecu\u00e1rio, \u00e9 necess\u00e1rio determinar m\u00e9todos alternativos para dar sombra aos cultivos e aos animais.<\/li>\n<\/ul>\n<p>Em diversas oportunidades os cientistas advertiram que como consequ\u00eancia do aquecimento global se incrementar\u00e1 a frequ\u00eancia e intensidade de desastres naturais em todo o planeta. Rodr\u00edguez e Pulgar\u00edn indicam que a estrat\u00e9gia de mitiga\u00e7\u00e3o adotada no Conv\u00eanio Marco da Conven\u00e7\u00e3o sobre Mudan\u00e7as Clim\u00e1ticas das Na\u00e7\u00f5es Unidas (UNFCCC) aponta <strong>\u00e0 estabilidade das concentra\u00e7\u00f5es m\u00e9dias de gases de efeito estufa (GEI) at\u00e9 alcan\u00e7ar \u201c\u2026 um n\u00edvel que previna uma interfer\u00eancia perigosa com o sistema clim\u00e1tico\u201d.<\/strong><\/p>\n<p>As professoras da Especializa\u00e7\u00e3o em <strong><a href=\"http:\/\/www.funiber.org.br\/areas-de-conhecimento\/meio-ambiente-e-desenvolvimento-sustentavel\/\" target=\"_blank\">Meio Ambiente da FUNIBER<\/a><\/strong>\u00a0indicam que para <strong>estabilizar as concentra\u00e7\u00f5es de gases de efeito estufa podem-se adotar algumas medidas<\/strong> como: desenvolver e utilizar tecnologias para reduzir o consumo de energia no \u00e2mbito residencial e industrial, substituir as fontes de energia f\u00f3ssil por energia renov\u00e1vel, utilizar tecnologia para diminuir os res\u00edduos no \u00e2mbito industrial, aumentar os sumidouros de carbono, incrementar o florestamento e reflorestamento desenvolvendo ao mesmo tempo estrat\u00e9gias para reduzir o desmatamento e utilizar cultivos que proporcionem maior fixa\u00e7\u00e3o de carbono. As recomenda\u00e7\u00f5es indicam ainda melhorar a efici\u00eancia na gera\u00e7\u00e3o de energia (cogera\u00e7\u00e3o, biog\u00e1s, valoriza\u00e7\u00e3o de res\u00edduos, etc.) e por otimizar o uso de energia com novas propostas de arquitetura bioclim\u00e1tica, meios de transporte sem emiss\u00f5es, etc.<\/p>\n","protected":false},"excerpt":{"rendered":"<p>O fen\u00f4meno El Ni\u00f1o chegou para ficar por uma temporada. Alguns pa\u00edses da Am\u00e9rica do Sul est\u00e3o se preparando para lidar com secas ou inunda\u00e7\u00f5es de diversas intensidades que podem ocorrer a partir do m\u00eas de outubro. Ann Rodr\u00edguez e Lina Pulgar\u00edn, professoras da \u00e1rea de\u00a0Meio Ambiente\u00a0da\u00a0FUNIBER,\u00a0nos apresentam uma an\u00e1lise do poss\u00edvel impacto dos desastres [&hellip;]<\/p>\n","protected":false},"author":16,"featured_media":7858,"comment_status":"closed","ping_status":"closed","sticky":false,"template":"","format":"standard","meta":{"jetpack_post_was_ever_published":false,"_jetpack_newsletter_access":"","_jetpack_newsletter_tier_id":0,"footnotes":"","jetpack_publicize_message":"","jetpack_is_tweetstorm":false,"jetpack_publicize_feature_enabled":true,"jetpack_social_post_already_shared":false,"jetpack_social_options":{"image_generator_settings":{"template":"highway","enabled":false}}},"categories":[2],"tags":[105,285,408,248,835,641,255,84],"jetpack_publicize_connections":[],"yoast_head":"<!-- This site is optimized with the Yoast SEO plugin v21.7 - https:\/\/yoast.com\/wordpress\/plugins\/seo\/ -->\n<title>Opini\u00f5es Funiber: Ann Rodr\u00edguez e Lina Pulgar\u00edn em entrevista sobre o fen\u00f4meno El Ni\u00f1o - FuniBlogs - FUNIBER<\/title>\n<meta name=\"description\" content=\"Entrevistas com professoras da FUNIBER sobre o fen\u00f4meno El Ni\u00f1o.\" \/>\n<meta name=\"robots\" content=\"noindex, nofollow\" \/>\n<meta property=\"og:locale\" content=\"pt_BR\" \/>\n<meta property=\"og:type\" content=\"article\" \/>\n<meta property=\"og:title\" content=\"Opini\u00f5es Funiber: Ann Rodr\u00edguez e Lina Pulgar\u00edn em entrevista sobre o fen\u00f4meno El Ni\u00f1o - FuniBlogs - FUNIBER\" \/>\n<meta property=\"og:description\" content=\"Entrevistas com professoras da FUNIBER sobre o fen\u00f4meno El Ni\u00f1o.\" \/>\n<meta property=\"og:url\" content=\"https:\/\/blogs.funiber.org\/pt\/meio-ambiente\/2015\/09\/28\/funiber-opinioes-funiber-ann-rodriguez-e-lina-pulgarin-em-entrevista-sobre-o-fenomeno-el-nino\" \/>\n<meta property=\"og:site_name\" content=\"FuniBlogs - FUNIBER\" \/>\n<meta property=\"article:publisher\" content=\"https:\/\/www.facebook.com\/funiber\" \/>\n<meta property=\"article:published_time\" content=\"2015-09-28T07:07:39+00:00\" \/>\n<meta property=\"og:image\" content=\"https:\/\/blogs.funiber.org\/pt\/wp-content\/uploads\/2015\/09\/Rodriguez_Pulgarin_FUNIBER.jpg\" \/>\n\t<meta property=\"og:image:width\" content=\"573\" \/>\n\t<meta property=\"og:image:height\" content=\"417\" \/>\n\t<meta property=\"og:image:type\" content=\"image\/jpeg\" \/>\n<meta name=\"author\" content=\"Mariana Dornelles\" \/>\n<meta name=\"twitter:card\" content=\"summary_large_image\" \/>\n<meta name=\"twitter:creator\" content=\"@FUNIBER\" \/>\n<meta name=\"twitter:site\" content=\"@FUNIBER\" \/>\n<meta name=\"twitter:label1\" content=\"Escrito por\" \/>\n\t<meta name=\"twitter:data1\" content=\"Mariana Dornelles\" \/>\n\t<meta name=\"twitter:label2\" content=\"Est. tempo de leitura\" \/>\n\t<meta name=\"twitter:data2\" content=\"4 minutos\" \/>\n<script type=\"application\/ld+json\" class=\"yoast-schema-graph\">{\"@context\":\"https:\/\/schema.org\",\"@graph\":[{\"@type\":\"Article\",\"@id\":\"https:\/\/blogs.funiber.org\/pt\/meio-ambiente\/2015\/09\/28\/funiber-opinioes-funiber-ann-rodriguez-e-lina-pulgarin-em-entrevista-sobre-o-fenomeno-el-nino#article\",\"isPartOf\":{\"@id\":\"https:\/\/blogs.funiber.org\/pt\/meio-ambiente\/2015\/09\/28\/funiber-opinioes-funiber-ann-rodriguez-e-lina-pulgarin-em-entrevista-sobre-o-fenomeno-el-nino\"},\"author\":{\"name\":\"Mariana Dornelles\",\"@id\":\"https:\/\/blogs.funiber.org\/pt\/#\/schema\/person\/cebedd0aef5286687ce641276452c76d\"},\"headline\":\"Opini\u00f5es Funiber: Ann Rodr\u00edguez e Lina Pulgar\u00edn em entrevista sobre o fen\u00f4meno El Ni\u00f1o\",\"datePublished\":\"2015-09-28T07:07:39+00:00\",\"dateModified\":\"2015-09-28T07:07:39+00:00\",\"mainEntityOfPage\":{\"@id\":\"https:\/\/blogs.funiber.org\/pt\/meio-ambiente\/2015\/09\/28\/funiber-opinioes-funiber-ann-rodriguez-e-lina-pulgarin-em-entrevista-sobre-o-fenomeno-el-nino\"},\"wordCount\":850,\"publisher\":{\"@id\":\"https:\/\/blogs.funiber.org\/pt\/#organization\"},\"keywords\":[\"Aquecimento Global\",\"Educa\u00e7\u00e3o\",\"Educa\u00e7\u00e3o a Dist\u00e2ncia\",\"Funiber\",\"Meio Ambiente\",\"Opini\u00e3o FUNIBER\",\"Opini\u00f5es Funiber\",\"Sustentabilidade\"],\"articleSection\":[\"Meio Ambiente\"],\"inLanguage\":\"pt-BR\"},{\"@type\":\"WebPage\",\"@id\":\"https:\/\/blogs.funiber.org\/pt\/meio-ambiente\/2015\/09\/28\/funiber-opinioes-funiber-ann-rodriguez-e-lina-pulgarin-em-entrevista-sobre-o-fenomeno-el-nino\",\"url\":\"https:\/\/blogs.funiber.org\/pt\/meio-ambiente\/2015\/09\/28\/funiber-opinioes-funiber-ann-rodriguez-e-lina-pulgarin-em-entrevista-sobre-o-fenomeno-el-nino\",\"name\":\"Opini\u00f5es Funiber: Ann Rodr\u00edguez e Lina Pulgar\u00edn em entrevista sobre o fen\u00f4meno El Ni\u00f1o - FuniBlogs - FUNIBER\",\"isPartOf\":{\"@id\":\"https:\/\/blogs.funiber.org\/pt\/#website\"},\"datePublished\":\"2015-09-28T07:07:39+00:00\",\"dateModified\":\"2015-09-28T07:07:39+00:00\",\"description\":\"Entrevistas com professoras da FUNIBER sobre o fen\u00f4meno El Ni\u00f1o.\",\"breadcrumb\":{\"@id\":\"https:\/\/blogs.funiber.org\/pt\/meio-ambiente\/2015\/09\/28\/funiber-opinioes-funiber-ann-rodriguez-e-lina-pulgarin-em-entrevista-sobre-o-fenomeno-el-nino#breadcrumb\"},\"inLanguage\":\"pt-BR\",\"potentialAction\":[{\"@type\":\"ReadAction\",\"target\":[\"https:\/\/blogs.funiber.org\/pt\/meio-ambiente\/2015\/09\/28\/funiber-opinioes-funiber-ann-rodriguez-e-lina-pulgarin-em-entrevista-sobre-o-fenomeno-el-nino\"]}]},{\"@type\":\"BreadcrumbList\",\"@id\":\"https:\/\/blogs.funiber.org\/pt\/meio-ambiente\/2015\/09\/28\/funiber-opinioes-funiber-ann-rodriguez-e-lina-pulgarin-em-entrevista-sobre-o-fenomeno-el-nino#breadcrumb\",\"itemListElement\":[{\"@type\":\"ListItem\",\"position\":1,\"name\":\"In\u00edcio\",\"item\":\"https:\/\/blogs.funiber.org\/pt\"},{\"@type\":\"ListItem\",\"position\":2,\"name\":\"Opini\u00f5es Funiber: Ann Rodr\u00edguez e Lina Pulgar\u00edn em entrevista sobre o fen\u00f4meno El Ni\u00f1o\"}]},{\"@type\":\"WebSite\",\"@id\":\"https:\/\/blogs.funiber.org\/pt\/#website\",\"url\":\"https:\/\/blogs.funiber.org\/pt\/\",\"name\":\"FuniBlogs - FUNIBER\",\"description\":\"\",\"publisher\":{\"@id\":\"https:\/\/blogs.funiber.org\/pt\/#organization\"},\"potentialAction\":[{\"@type\":\"SearchAction\",\"target\":{\"@type\":\"EntryPoint\",\"urlTemplate\":\"https:\/\/blogs.funiber.org\/pt\/?s={search_term_string}\"},\"query-input\":\"required name=search_term_string\"}],\"inLanguage\":\"pt-BR\"},{\"@type\":\"Organization\",\"@id\":\"https:\/\/blogs.funiber.org\/pt\/#organization\",\"name\":\"FuniBlogs - FUNIBER\",\"url\":\"https:\/\/blogs.funiber.org\/pt\/\",\"logo\":{\"@type\":\"ImageObject\",\"inLanguage\":\"pt-BR\",\"@id\":\"https:\/\/blogs.funiber.org\/pt\/#\/schema\/logo\/image\/\",\"url\":\"https:\/\/www.funiber.blog\/pt\/wp-content\/uploads\/2022\/02\/logo-funiber-pt-br-v-dos.svg\",\"contentUrl\":\"https:\/\/www.funiber.blog\/pt\/wp-content\/uploads\/2022\/02\/logo-funiber-pt-br-v-dos.svg\",\"width\":1,\"height\":1,\"caption\":\"FuniBlogs - FUNIBER\"},\"image\":{\"@id\":\"https:\/\/blogs.funiber.org\/pt\/#\/schema\/logo\/image\/\"},\"sameAs\":[\"https:\/\/www.facebook.com\/funiber\",\"https:\/\/twitter.com\/FUNIBER\",\"https:\/\/www.instagram.com\/funiber_becas\",\"https:\/\/www.youtube.com\/user\/funiber\",\"https:\/\/www.linkedin.com\/company\/funiber\"]},{\"@type\":\"Person\",\"@id\":\"https:\/\/blogs.funiber.org\/pt\/#\/schema\/person\/cebedd0aef5286687ce641276452c76d\",\"name\":\"Mariana Dornelles\",\"image\":{\"@type\":\"ImageObject\",\"inLanguage\":\"pt-BR\",\"@id\":\"https:\/\/blogs.funiber.org\/pt\/#\/schema\/person\/image\/\",\"url\":\"https:\/\/secure.gravatar.com\/avatar\/2fbaa65ea908e82807b005c351db3c9d?s=96&d=mm&r=g\",\"contentUrl\":\"https:\/\/secure.gravatar.com\/avatar\/2fbaa65ea908e82807b005c351db3c9d?s=96&d=mm&r=g\",\"caption\":\"Mariana Dornelles\"},\"url\":\"https:\/\/www.funiber.blog\/pt\/author\/mariana-dornelles\"}]}<\/script>\n<!-- \/ Yoast SEO plugin. -->","yoast_head_json":{"title":"Opini\u00f5es Funiber: Ann Rodr\u00edguez e Lina Pulgar\u00edn em entrevista sobre o fen\u00f4meno El Ni\u00f1o - FuniBlogs - FUNIBER","description":"Entrevistas com professoras da FUNIBER sobre o fen\u00f4meno El Ni\u00f1o.","robots":{"index":"noindex","follow":"nofollow"},"og_locale":"pt_BR","og_type":"article","og_title":"Opini\u00f5es Funiber: Ann Rodr\u00edguez e Lina Pulgar\u00edn em entrevista sobre o fen\u00f4meno El Ni\u00f1o - FuniBlogs - FUNIBER","og_description":"Entrevistas com professoras da FUNIBER sobre o fen\u00f4meno El Ni\u00f1o.","og_url":"https:\/\/blogs.funiber.org\/pt\/meio-ambiente\/2015\/09\/28\/funiber-opinioes-funiber-ann-rodriguez-e-lina-pulgarin-em-entrevista-sobre-o-fenomeno-el-nino","og_site_name":"FuniBlogs - FUNIBER","article_publisher":"https:\/\/www.facebook.com\/funiber","article_published_time":"2015-09-28T07:07:39+00:00","og_image":[{"width":573,"height":417,"url":"https:\/\/blogs.funiber.org\/pt\/wp-content\/uploads\/2015\/09\/Rodriguez_Pulgarin_FUNIBER.jpg","type":"image\/jpeg"}],"author":"Mariana Dornelles","twitter_card":"summary_large_image","twitter_creator":"@FUNIBER","twitter_site":"@FUNIBER","twitter_misc":{"Escrito por":"Mariana Dornelles","Est. tempo de leitura":"4 minutos"},"schema":{"@context":"https:\/\/schema.org","@graph":[{"@type":"Article","@id":"https:\/\/blogs.funiber.org\/pt\/meio-ambiente\/2015\/09\/28\/funiber-opinioes-funiber-ann-rodriguez-e-lina-pulgarin-em-entrevista-sobre-o-fenomeno-el-nino#article","isPartOf":{"@id":"https:\/\/blogs.funiber.org\/pt\/meio-ambiente\/2015\/09\/28\/funiber-opinioes-funiber-ann-rodriguez-e-lina-pulgarin-em-entrevista-sobre-o-fenomeno-el-nino"},"author":{"name":"Mariana Dornelles","@id":"https:\/\/blogs.funiber.org\/pt\/#\/schema\/person\/cebedd0aef5286687ce641276452c76d"},"headline":"Opini\u00f5es Funiber: Ann Rodr\u00edguez e Lina Pulgar\u00edn em entrevista sobre o fen\u00f4meno El Ni\u00f1o","datePublished":"2015-09-28T07:07:39+00:00","dateModified":"2015-09-28T07:07:39+00:00","mainEntityOfPage":{"@id":"https:\/\/blogs.funiber.org\/pt\/meio-ambiente\/2015\/09\/28\/funiber-opinioes-funiber-ann-rodriguez-e-lina-pulgarin-em-entrevista-sobre-o-fenomeno-el-nino"},"wordCount":850,"publisher":{"@id":"https:\/\/blogs.funiber.org\/pt\/#organization"},"keywords":["Aquecimento Global","Educa\u00e7\u00e3o","Educa\u00e7\u00e3o a Dist\u00e2ncia","Funiber","Meio Ambiente","Opini\u00e3o FUNIBER","Opini\u00f5es Funiber","Sustentabilidade"],"articleSection":["Meio Ambiente"],"inLanguage":"pt-BR"},{"@type":"WebPage","@id":"https:\/\/blogs.funiber.org\/pt\/meio-ambiente\/2015\/09\/28\/funiber-opinioes-funiber-ann-rodriguez-e-lina-pulgarin-em-entrevista-sobre-o-fenomeno-el-nino","url":"https:\/\/blogs.funiber.org\/pt\/meio-ambiente\/2015\/09\/28\/funiber-opinioes-funiber-ann-rodriguez-e-lina-pulgarin-em-entrevista-sobre-o-fenomeno-el-nino","name":"Opini\u00f5es Funiber: Ann Rodr\u00edguez e Lina Pulgar\u00edn em entrevista sobre o fen\u00f4meno El Ni\u00f1o - FuniBlogs - FUNIBER","isPartOf":{"@id":"https:\/\/blogs.funiber.org\/pt\/#website"},"datePublished":"2015-09-28T07:07:39+00:00","dateModified":"2015-09-28T07:07:39+00:00","description":"Entrevistas com professoras da FUNIBER sobre o fen\u00f4meno El Ni\u00f1o.","breadcrumb":{"@id":"https:\/\/blogs.funiber.org\/pt\/meio-ambiente\/2015\/09\/28\/funiber-opinioes-funiber-ann-rodriguez-e-lina-pulgarin-em-entrevista-sobre-o-fenomeno-el-nino#breadcrumb"},"inLanguage":"pt-BR","potentialAction":[{"@type":"ReadAction","target":["https:\/\/blogs.funiber.org\/pt\/meio-ambiente\/2015\/09\/28\/funiber-opinioes-funiber-ann-rodriguez-e-lina-pulgarin-em-entrevista-sobre-o-fenomeno-el-nino"]}]},{"@type":"BreadcrumbList","@id":"https:\/\/blogs.funiber.org\/pt\/meio-ambiente\/2015\/09\/28\/funiber-opinioes-funiber-ann-rodriguez-e-lina-pulgarin-em-entrevista-sobre-o-fenomeno-el-nino#breadcrumb","itemListElement":[{"@type":"ListItem","position":1,"name":"In\u00edcio","item":"https:\/\/blogs.funiber.org\/pt"},{"@type":"ListItem","position":2,"name":"Opini\u00f5es Funiber: Ann Rodr\u00edguez e Lina Pulgar\u00edn em entrevista sobre o fen\u00f4meno El Ni\u00f1o"}]},{"@type":"WebSite","@id":"https:\/\/blogs.funiber.org\/pt\/#website","url":"https:\/\/blogs.funiber.org\/pt\/","name":"FuniBlogs - FUNIBER","description":"","publisher":{"@id":"https:\/\/blogs.funiber.org\/pt\/#organization"},"potentialAction":[{"@type":"SearchAction","target":{"@type":"EntryPoint","urlTemplate":"https:\/\/blogs.funiber.org\/pt\/?s={search_term_string}"},"query-input":"required name=search_term_string"}],"inLanguage":"pt-BR"},{"@type":"Organization","@id":"https:\/\/blogs.funiber.org\/pt\/#organization","name":"FuniBlogs - FUNIBER","url":"https:\/\/blogs.funiber.org\/pt\/","logo":{"@type":"ImageObject","inLanguage":"pt-BR","@id":"https:\/\/blogs.funiber.org\/pt\/#\/schema\/logo\/image\/","url":"https:\/\/www.funiber.blog\/pt\/wp-content\/uploads\/2022\/02\/logo-funiber-pt-br-v-dos.svg","contentUrl":"https:\/\/www.funiber.blog\/pt\/wp-content\/uploads\/2022\/02\/logo-funiber-pt-br-v-dos.svg","width":1,"height":1,"caption":"FuniBlogs - FUNIBER"},"image":{"@id":"https:\/\/blogs.funiber.org\/pt\/#\/schema\/logo\/image\/"},"sameAs":["https:\/\/www.facebook.com\/funiber","https:\/\/twitter.com\/FUNIBER","https:\/\/www.instagram.com\/funiber_becas","https:\/\/www.youtube.com\/user\/funiber","https:\/\/www.linkedin.com\/company\/funiber"]},{"@type":"Person","@id":"https:\/\/blogs.funiber.org\/pt\/#\/schema\/person\/cebedd0aef5286687ce641276452c76d","name":"Mariana Dornelles","image":{"@type":"ImageObject","inLanguage":"pt-BR","@id":"https:\/\/blogs.funiber.org\/pt\/#\/schema\/person\/image\/","url":"https:\/\/secure.gravatar.com\/avatar\/2fbaa65ea908e82807b005c351db3c9d?s=96&d=mm&r=g","contentUrl":"https:\/\/secure.gravatar.com\/avatar\/2fbaa65ea908e82807b005c351db3c9d?s=96&d=mm&r=g","caption":"Mariana Dornelles"},"url":"https:\/\/www.funiber.blog\/pt\/author\/mariana-dornelles"}]}},"jetpack_featured_media_url":"https:\/\/www.funiber.blog\/pt\/wp-content\/uploads\/2015\/09\/Rodriguez_Pulgarin_FUNIBER.jpg","jetpack_shortlink":"https:\/\/wp.me\/p7ee1t-22I","jetpack_sharing_enabled":true,"_links":{"self":[{"href":"https:\/\/www.funiber.blog\/pt\/wp-json\/wp\/v2\/posts\/7856"}],"collection":[{"href":"https:\/\/www.funiber.blog\/pt\/wp-json\/wp\/v2\/posts"}],"about":[{"href":"https:\/\/www.funiber.blog\/pt\/wp-json\/wp\/v2\/types\/post"}],"author":[{"embeddable":true,"href":"https:\/\/www.funiber.blog\/pt\/wp-json\/wp\/v2\/users\/16"}],"replies":[{"embeddable":true,"href":"https:\/\/www.funiber.blog\/pt\/wp-json\/wp\/v2\/comments?post=7856"}],"version-history":[{"count":2,"href":"https:\/\/www.funiber.blog\/pt\/wp-json\/wp\/v2\/posts\/7856\/revisions"}],"predecessor-version":[{"id":7859,"href":"https:\/\/www.funiber.blog\/pt\/wp-json\/wp\/v2\/posts\/7856\/revisions\/7859"}],"wp:featuredmedia":[{"embeddable":true,"href":"https:\/\/www.funiber.blog\/pt\/wp-json\/wp\/v2\/media\/7858"}],"wp:attachment":[{"href":"https:\/\/www.funiber.blog\/pt\/wp-json\/wp\/v2\/media?parent=7856"}],"wp:term":[{"taxonomy":"category","embeddable":true,"href":"https:\/\/www.funiber.blog\/pt\/wp-json\/wp\/v2\/categories?post=7856"},{"taxonomy":"post_tag","embeddable":true,"href":"https:\/\/www.funiber.blog\/pt\/wp-json\/wp\/v2\/tags?post=7856"}],"curies":[{"name":"wp","href":"https:\/\/api.w.org\/{rel}","templated":true}]}}