{"id":7876,"date":"2015-09-28T07:34:21","date_gmt":"2015-09-28T07:34:21","guid":{"rendered":"http:\/\/blogs.funiber.org\/pt\/?p=7876"},"modified":"2015-09-28T07:36:40","modified_gmt":"2015-09-28T07:36:40","slug":"funiber-marketing-das-instituicoes-de-longa-permanencia-para-idosos","status":"publish","type":"post","link":"https:\/\/www.funiber.blog\/pt\/gerontologia\/2015\/09\/28\/funiber-marketing-das-instituicoes-de-longa-permanencia-para-idosos","title":{"rendered":"Marketing das institui\u00e7\u00f5es de longa perman\u00eancia para idosos"},"content":{"rendered":"<p>Em nosso sistema social, os idosos j\u00e1 n\u00e3o t\u00eam fun\u00e7\u00e3o relevante, n\u00e3o t\u00eam espa\u00e7o para trabalhar e manterem-se ativos. <strong>No Brasil, a popula\u00e7\u00e3o da terceira idade segue crescendo rapidamente<\/strong> e se faz necess\u00e1rio desenvolver uma estrat\u00e9gia para atender \u00e0 popula\u00e7\u00e3o idosa. Neste contexto surgem as moradias especializadas no <strong>cuidado de pessoas da terceira idade, para proporcionar uma estadia de longo prazo aos adultos mais velhos.<\/strong> Natani Carolina Silveira aborda em uma pesquisa as formas de promo\u00e7\u00e3o dos lares para anci\u00f5es no Brasil e apresenta uma vis\u00e3o mais realista.<!--more--><\/p>\n<p>Quando os idosos sentem que n\u00e3o contribuem \u00e0 sociedade, tornam-se mais dependentes, logo, a fam\u00edlia e <strong>a sociedade identificam as moradias especializadas no cuidado de idosos como o lugar no qual as pessoas da terceira idade ser\u00e3o atendidas e apoiadas por profissionais.<\/strong> Contudo, esta imagem \u00e9 falsa, e \u00e9 produto das campanhas de promo\u00e7\u00e3o realizadas pelas moradias de idosos.<\/p>\n<p>Natani Carolina Silveira realizou uma pesquisa que envolveu entrevistas a tr\u00eas lares para idosos, demonstrando que as estrat\u00e9gias de marketing e promo\u00e7\u00e3o dessas entidades se distanciam muito da realidade. Carolina indica que <strong>os lares para idosos s\u00e3o uma esp\u00e9cie de \u201cdep\u00f3sito de velhos\u201d<\/strong>, lugares onde n\u00e3o h\u00e1 uma real preocupa\u00e7\u00e3o pela individualidade das pessoas assistidas e com pouca informa\u00e7\u00e3o sobre o perfil dos idosos atendidos.<\/p>\n<p>A pesquisadora coloca que \u00e9 necess\u00e1rio fiscalizar a qualidade das moradias especializadas no cuidado de pessoas da terceira idade. <strong>Deve-se considerar que os adultos mais velhos podem desenvolver estados fr\u00e1geis tanto no contexto f\u00edsico como psicol\u00f3gico.<\/strong> Situa\u00e7\u00f5es externas, como a pobreza ou conflito familiar, ou fatores internos, como a <strong>depress\u00e3o ou ang\u00fastia, geram estados de fragilidade<\/strong> e depend\u00eancia nos idosos e refor\u00e7am a ideia que devem ser colocados em um lar especializado, mas esta op\u00e7\u00e3o deveria ser avaliada com mais cuidado.<\/p>\n<p>Os idosos podem encontrar-se em um estado de debilidade ou fragilidade causado por diversos fatores, por\u00e9m, intern\u00e1-los em um lar de cuidados de longa perman\u00eancia deveria ser apenas uma alternativa a avaliar-se. Carolina aponta que um <strong>Acompanhamento Terap\u00eautico (AT) pode ser considerado um tratamento alternativo para aliviar o sofrimento psicol\u00f3gico ou estados depressivos em pessoas da terceira idade<\/strong>, procurando reduzir a depend\u00eancia dos anci\u00f5es e proporcionar aos idosos um acompanhamento que considere o aspecto social, cultural e ps\u00edquico da pessoa.<\/p>\n<p>N\u00e3o existe uma real preocupa\u00e7\u00e3o pelo cuidado e o futuro dos anci\u00f5es<strong>, considerando que a elei\u00e7\u00e3o de um lar especializado est\u00e1 apoiada em an\u00fancios que n\u00e3o proporcionam informa\u00e7\u00e3o verdadeira sobre a aten\u00e7\u00e3o psicol\u00f3gica<\/strong> e outros tipos de tratamento que deveria proporcionar-se \u00e0s pessoas da terceira idade em uma condi\u00e7\u00e3o delicada. Al\u00e9m disso, deve-se investigar a dist\u00e2ncia que os psic\u00f3logos mant\u00eam dos lares especializados, e o pouco investimento que h\u00e1 em torno dos servi\u00e7os p\u00fablicos para o cuidado de idosos.<\/p>\n<p>No\u00a0<a href=\"http:\/\/www.funiber.org.br\/areas-de-conhecimento\/saude-e-nutricao\/gerontologia\/mestrado-em-gerontologia-social\/\" target=\"_blank\"><strong>Mestrado em Gerontologia<\/strong><\/a>\u00a0da\u00a0<a href=\"http:\/\/www.funiber.org.br\/\" target=\"_blank\"><strong>FUNIBER<\/strong><\/a>\u00a0os profissionais recebem prepara\u00e7\u00e3o que lhes permite desenvolver programas para melhorar os servi\u00e7os que oferecidos a pessoas da terceira idade.<\/p>\n<p>Fonte:\u00a0<a href=\"http:\/\/fnbr.es\/1ip\" target=\"_blank\">http:\/\/fnbr.es\/1ip<\/a><\/p>\n<p>Fotografia: Alguns direitos reservados por\u00a0<a href=\"https:\/\/www.flickr.com\/photos\/bromfordgroup\/8691893391\/sizes\/m\/\" target=\"_blank\">Bromford<\/a><\/p>\n","protected":false},"excerpt":{"rendered":"<p>Em nosso sistema social, os idosos j\u00e1 n\u00e3o t\u00eam fun\u00e7\u00e3o relevante, n\u00e3o t\u00eam espa\u00e7o para trabalhar e manterem-se ativos. No Brasil, a popula\u00e7\u00e3o da terceira idade segue crescendo rapidamente e se faz necess\u00e1rio desenvolver uma estrat\u00e9gia para atender \u00e0 popula\u00e7\u00e3o idosa. Neste contexto surgem as moradias especializadas no cuidado de pessoas da terceira idade, para [&hellip;]<\/p>\n","protected":false},"author":16,"featured_media":7878,"comment_status":"closed","ping_status":"closed","sticky":false,"template":"","format":"standard","meta":{"jetpack_post_was_ever_published":false,"_jetpack_newsletter_access":"","_jetpack_newsletter_tier_id":0,"footnotes":"","jetpack_publicize_message":"","jetpack_is_tweetstorm":false,"jetpack_publicize_feature_enabled":true,"jetpack_social_post_already_shared":false,"jetpack_social_options":{"image_generator_settings":{"template":"highway","enabled":false}}},"categories":[1],"tags":[285,408,100,248,739,267,671,641,255],"jetpack_publicize_connections":[],"yoast_head":"<!-- This site is optimized with the Yoast SEO plugin v21.7 - https:\/\/yoast.com\/wordpress\/plugins\/seo\/ -->\n<title>Marketing das institui\u00e7\u00f5es de longa perman\u00eancia para idosos - FuniBlogs - FUNIBER<\/title>\n<meta name=\"description\" content=\"Pesquisa indica incoer\u00eancia em marketing de resid\u00eancias para idosos.\" \/>\n<meta name=\"robots\" content=\"index, follow, max-snippet:-1, max-image-preview:large, max-video-preview:-1\" \/>\n<link rel=\"canonical\" href=\"https:\/\/blogs.funiber.org\/pt\/gerontologia\/2015\/09\/28\/funiber-marketing-das-instituicoes-de-longa-permanencia-para-idosos\" \/>\n<meta property=\"og:locale\" content=\"pt_BR\" \/>\n<meta property=\"og:type\" content=\"article\" \/>\n<meta property=\"og:title\" content=\"Marketing das institui\u00e7\u00f5es de longa perman\u00eancia para idosos - FuniBlogs - FUNIBER\" \/>\n<meta property=\"og:description\" content=\"Pesquisa indica incoer\u00eancia em marketing de resid\u00eancias para idosos.\" \/>\n<meta property=\"og:url\" content=\"https:\/\/blogs.funiber.org\/pt\/gerontologia\/2015\/09\/28\/funiber-marketing-das-instituicoes-de-longa-permanencia-para-idosos\" \/>\n<meta property=\"og:site_name\" content=\"FuniBlogs - FUNIBER\" \/>\n<meta property=\"article:publisher\" content=\"https:\/\/www.facebook.com\/funiber\" \/>\n<meta property=\"article:published_time\" content=\"2015-09-28T07:34:21+00:00\" \/>\n<meta property=\"article:modified_time\" content=\"2015-09-28T07:36:40+00:00\" \/>\n<meta property=\"og:image\" content=\"https:\/\/blogs.funiber.org\/pt\/wp-content\/uploads\/2015\/09\/funiber-idosos.jpg\" \/>\n\t<meta property=\"og:image:width\" content=\"500\" \/>\n\t<meta property=\"og:image:height\" content=\"333\" \/>\n\t<meta property=\"og:image:type\" content=\"image\/jpeg\" \/>\n<meta name=\"author\" content=\"Mariana Dornelles\" \/>\n<meta name=\"twitter:card\" content=\"summary_large_image\" \/>\n<meta name=\"twitter:creator\" content=\"@FUNIBER\" \/>\n<meta name=\"twitter:site\" content=\"@FUNIBER\" \/>\n<meta name=\"twitter:label1\" content=\"Escrito por\" \/>\n\t<meta name=\"twitter:data1\" content=\"Mariana Dornelles\" \/>\n\t<meta name=\"twitter:label2\" content=\"Est. tempo de leitura\" \/>\n\t<meta name=\"twitter:data2\" content=\"3 minutos\" \/>\n<script type=\"application\/ld+json\" class=\"yoast-schema-graph\">{\"@context\":\"https:\/\/schema.org\",\"@graph\":[{\"@type\":\"Article\",\"@id\":\"https:\/\/blogs.funiber.org\/pt\/gerontologia\/2015\/09\/28\/funiber-marketing-das-instituicoes-de-longa-permanencia-para-idosos#article\",\"isPartOf\":{\"@id\":\"https:\/\/blogs.funiber.org\/pt\/gerontologia\/2015\/09\/28\/funiber-marketing-das-instituicoes-de-longa-permanencia-para-idosos\"},\"author\":{\"name\":\"Mariana Dornelles\",\"@id\":\"https:\/\/blogs.funiber.org\/pt\/#\/schema\/person\/cebedd0aef5286687ce641276452c76d\"},\"headline\":\"Marketing das institui\u00e7\u00f5es de longa perman\u00eancia para idosos\",\"datePublished\":\"2015-09-28T07:34:21+00:00\",\"dateModified\":\"2015-09-28T07:36:40+00:00\",\"mainEntityOfPage\":{\"@id\":\"https:\/\/blogs.funiber.org\/pt\/gerontologia\/2015\/09\/28\/funiber-marketing-das-instituicoes-de-longa-permanencia-para-idosos\"},\"wordCount\":556,\"publisher\":{\"@id\":\"https:\/\/blogs.funiber.org\/pt\/#organization\"},\"keywords\":[\"Educa\u00e7\u00e3o\",\"Educa\u00e7\u00e3o a Dist\u00e2ncia\",\"Envelhecimento\",\"Funiber\",\"gerontologia\",\"Idosos\",\"mestrado\",\"Opini\u00e3o FUNIBER\",\"Opini\u00f5es Funiber\"],\"articleSection\":[\"Gerontologia\"],\"inLanguage\":\"pt-BR\"},{\"@type\":\"WebPage\",\"@id\":\"https:\/\/blogs.funiber.org\/pt\/gerontologia\/2015\/09\/28\/funiber-marketing-das-instituicoes-de-longa-permanencia-para-idosos\",\"url\":\"https:\/\/blogs.funiber.org\/pt\/gerontologia\/2015\/09\/28\/funiber-marketing-das-instituicoes-de-longa-permanencia-para-idosos\",\"name\":\"Marketing das institui\u00e7\u00f5es de longa perman\u00eancia para idosos - FuniBlogs - FUNIBER\",\"isPartOf\":{\"@id\":\"https:\/\/blogs.funiber.org\/pt\/#website\"},\"datePublished\":\"2015-09-28T07:34:21+00:00\",\"dateModified\":\"2015-09-28T07:36:40+00:00\",\"description\":\"Pesquisa indica incoer\u00eancia em marketing de resid\u00eancias para idosos.\",\"breadcrumb\":{\"@id\":\"https:\/\/blogs.funiber.org\/pt\/gerontologia\/2015\/09\/28\/funiber-marketing-das-instituicoes-de-longa-permanencia-para-idosos#breadcrumb\"},\"inLanguage\":\"pt-BR\",\"potentialAction\":[{\"@type\":\"ReadAction\",\"target\":[\"https:\/\/blogs.funiber.org\/pt\/gerontologia\/2015\/09\/28\/funiber-marketing-das-instituicoes-de-longa-permanencia-para-idosos\"]}]},{\"@type\":\"BreadcrumbList\",\"@id\":\"https:\/\/blogs.funiber.org\/pt\/gerontologia\/2015\/09\/28\/funiber-marketing-das-instituicoes-de-longa-permanencia-para-idosos#breadcrumb\",\"itemListElement\":[{\"@type\":\"ListItem\",\"position\":1,\"name\":\"In\u00edcio\",\"item\":\"https:\/\/blogs.funiber.org\/pt\"},{\"@type\":\"ListItem\",\"position\":2,\"name\":\"Marketing das institui\u00e7\u00f5es de longa perman\u00eancia para idosos\"}]},{\"@type\":\"WebSite\",\"@id\":\"https:\/\/blogs.funiber.org\/pt\/#website\",\"url\":\"https:\/\/blogs.funiber.org\/pt\/\",\"name\":\"FuniBlogs - FUNIBER\",\"description\":\"\",\"publisher\":{\"@id\":\"https:\/\/blogs.funiber.org\/pt\/#organization\"},\"potentialAction\":[{\"@type\":\"SearchAction\",\"target\":{\"@type\":\"EntryPoint\",\"urlTemplate\":\"https:\/\/blogs.funiber.org\/pt\/?s={search_term_string}\"},\"query-input\":\"required name=search_term_string\"}],\"inLanguage\":\"pt-BR\"},{\"@type\":\"Organization\",\"@id\":\"https:\/\/blogs.funiber.org\/pt\/#organization\",\"name\":\"FuniBlogs - FUNIBER\",\"url\":\"https:\/\/blogs.funiber.org\/pt\/\",\"logo\":{\"@type\":\"ImageObject\",\"inLanguage\":\"pt-BR\",\"@id\":\"https:\/\/blogs.funiber.org\/pt\/#\/schema\/logo\/image\/\",\"url\":\"https:\/\/www.funiber.blog\/pt\/wp-content\/uploads\/2022\/02\/logo-funiber-pt-br-v-dos.svg\",\"contentUrl\":\"https:\/\/www.funiber.blog\/pt\/wp-content\/uploads\/2022\/02\/logo-funiber-pt-br-v-dos.svg\",\"width\":1,\"height\":1,\"caption\":\"FuniBlogs - FUNIBER\"},\"image\":{\"@id\":\"https:\/\/blogs.funiber.org\/pt\/#\/schema\/logo\/image\/\"},\"sameAs\":[\"https:\/\/www.facebook.com\/funiber\",\"https:\/\/twitter.com\/FUNIBER\",\"https:\/\/www.instagram.com\/funiber_becas\",\"https:\/\/www.youtube.com\/user\/funiber\",\"https:\/\/www.linkedin.com\/company\/funiber\"]},{\"@type\":\"Person\",\"@id\":\"https:\/\/blogs.funiber.org\/pt\/#\/schema\/person\/cebedd0aef5286687ce641276452c76d\",\"name\":\"Mariana Dornelles\",\"image\":{\"@type\":\"ImageObject\",\"inLanguage\":\"pt-BR\",\"@id\":\"https:\/\/blogs.funiber.org\/pt\/#\/schema\/person\/image\/\",\"url\":\"https:\/\/secure.gravatar.com\/avatar\/2fbaa65ea908e82807b005c351db3c9d?s=96&d=mm&r=g\",\"contentUrl\":\"https:\/\/secure.gravatar.com\/avatar\/2fbaa65ea908e82807b005c351db3c9d?s=96&d=mm&r=g\",\"caption\":\"Mariana Dornelles\"},\"url\":\"https:\/\/www.funiber.blog\/pt\/author\/mariana-dornelles\"}]}<\/script>\n<!-- \/ Yoast SEO plugin. -->","yoast_head_json":{"title":"Marketing das institui\u00e7\u00f5es de longa perman\u00eancia para idosos - FuniBlogs - FUNIBER","description":"Pesquisa indica incoer\u00eancia em marketing de resid\u00eancias para idosos.","robots":{"index":"index","follow":"follow","max-snippet":"max-snippet:-1","max-image-preview":"max-image-preview:large","max-video-preview":"max-video-preview:-1"},"canonical":"https:\/\/blogs.funiber.org\/pt\/gerontologia\/2015\/09\/28\/funiber-marketing-das-instituicoes-de-longa-permanencia-para-idosos","og_locale":"pt_BR","og_type":"article","og_title":"Marketing das institui\u00e7\u00f5es de longa perman\u00eancia para idosos - FuniBlogs - FUNIBER","og_description":"Pesquisa indica incoer\u00eancia em marketing de resid\u00eancias para idosos.","og_url":"https:\/\/blogs.funiber.org\/pt\/gerontologia\/2015\/09\/28\/funiber-marketing-das-instituicoes-de-longa-permanencia-para-idosos","og_site_name":"FuniBlogs - FUNIBER","article_publisher":"https:\/\/www.facebook.com\/funiber","article_published_time":"2015-09-28T07:34:21+00:00","article_modified_time":"2015-09-28T07:36:40+00:00","og_image":[{"width":500,"height":333,"url":"https:\/\/blogs.funiber.org\/pt\/wp-content\/uploads\/2015\/09\/funiber-idosos.jpg","type":"image\/jpeg"}],"author":"Mariana Dornelles","twitter_card":"summary_large_image","twitter_creator":"@FUNIBER","twitter_site":"@FUNIBER","twitter_misc":{"Escrito por":"Mariana Dornelles","Est. tempo de leitura":"3 minutos"},"schema":{"@context":"https:\/\/schema.org","@graph":[{"@type":"Article","@id":"https:\/\/blogs.funiber.org\/pt\/gerontologia\/2015\/09\/28\/funiber-marketing-das-instituicoes-de-longa-permanencia-para-idosos#article","isPartOf":{"@id":"https:\/\/blogs.funiber.org\/pt\/gerontologia\/2015\/09\/28\/funiber-marketing-das-instituicoes-de-longa-permanencia-para-idosos"},"author":{"name":"Mariana Dornelles","@id":"https:\/\/blogs.funiber.org\/pt\/#\/schema\/person\/cebedd0aef5286687ce641276452c76d"},"headline":"Marketing das institui\u00e7\u00f5es de longa perman\u00eancia para idosos","datePublished":"2015-09-28T07:34:21+00:00","dateModified":"2015-09-28T07:36:40+00:00","mainEntityOfPage":{"@id":"https:\/\/blogs.funiber.org\/pt\/gerontologia\/2015\/09\/28\/funiber-marketing-das-instituicoes-de-longa-permanencia-para-idosos"},"wordCount":556,"publisher":{"@id":"https:\/\/blogs.funiber.org\/pt\/#organization"},"keywords":["Educa\u00e7\u00e3o","Educa\u00e7\u00e3o a Dist\u00e2ncia","Envelhecimento","Funiber","gerontologia","Idosos","mestrado","Opini\u00e3o FUNIBER","Opini\u00f5es Funiber"],"articleSection":["Gerontologia"],"inLanguage":"pt-BR"},{"@type":"WebPage","@id":"https:\/\/blogs.funiber.org\/pt\/gerontologia\/2015\/09\/28\/funiber-marketing-das-instituicoes-de-longa-permanencia-para-idosos","url":"https:\/\/blogs.funiber.org\/pt\/gerontologia\/2015\/09\/28\/funiber-marketing-das-instituicoes-de-longa-permanencia-para-idosos","name":"Marketing das institui\u00e7\u00f5es de longa perman\u00eancia para idosos - FuniBlogs - FUNIBER","isPartOf":{"@id":"https:\/\/blogs.funiber.org\/pt\/#website"},"datePublished":"2015-09-28T07:34:21+00:00","dateModified":"2015-09-28T07:36:40+00:00","description":"Pesquisa indica incoer\u00eancia em marketing de resid\u00eancias para idosos.","breadcrumb":{"@id":"https:\/\/blogs.funiber.org\/pt\/gerontologia\/2015\/09\/28\/funiber-marketing-das-instituicoes-de-longa-permanencia-para-idosos#breadcrumb"},"inLanguage":"pt-BR","potentialAction":[{"@type":"ReadAction","target":["https:\/\/blogs.funiber.org\/pt\/gerontologia\/2015\/09\/28\/funiber-marketing-das-instituicoes-de-longa-permanencia-para-idosos"]}]},{"@type":"BreadcrumbList","@id":"https:\/\/blogs.funiber.org\/pt\/gerontologia\/2015\/09\/28\/funiber-marketing-das-instituicoes-de-longa-permanencia-para-idosos#breadcrumb","itemListElement":[{"@type":"ListItem","position":1,"name":"In\u00edcio","item":"https:\/\/blogs.funiber.org\/pt"},{"@type":"ListItem","position":2,"name":"Marketing das institui\u00e7\u00f5es de longa perman\u00eancia para idosos"}]},{"@type":"WebSite","@id":"https:\/\/blogs.funiber.org\/pt\/#website","url":"https:\/\/blogs.funiber.org\/pt\/","name":"FuniBlogs - FUNIBER","description":"","publisher":{"@id":"https:\/\/blogs.funiber.org\/pt\/#organization"},"potentialAction":[{"@type":"SearchAction","target":{"@type":"EntryPoint","urlTemplate":"https:\/\/blogs.funiber.org\/pt\/?s={search_term_string}"},"query-input":"required name=search_term_string"}],"inLanguage":"pt-BR"},{"@type":"Organization","@id":"https:\/\/blogs.funiber.org\/pt\/#organization","name":"FuniBlogs - FUNIBER","url":"https:\/\/blogs.funiber.org\/pt\/","logo":{"@type":"ImageObject","inLanguage":"pt-BR","@id":"https:\/\/blogs.funiber.org\/pt\/#\/schema\/logo\/image\/","url":"https:\/\/www.funiber.blog\/pt\/wp-content\/uploads\/2022\/02\/logo-funiber-pt-br-v-dos.svg","contentUrl":"https:\/\/www.funiber.blog\/pt\/wp-content\/uploads\/2022\/02\/logo-funiber-pt-br-v-dos.svg","width":1,"height":1,"caption":"FuniBlogs - FUNIBER"},"image":{"@id":"https:\/\/blogs.funiber.org\/pt\/#\/schema\/logo\/image\/"},"sameAs":["https:\/\/www.facebook.com\/funiber","https:\/\/twitter.com\/FUNIBER","https:\/\/www.instagram.com\/funiber_becas","https:\/\/www.youtube.com\/user\/funiber","https:\/\/www.linkedin.com\/company\/funiber"]},{"@type":"Person","@id":"https:\/\/blogs.funiber.org\/pt\/#\/schema\/person\/cebedd0aef5286687ce641276452c76d","name":"Mariana Dornelles","image":{"@type":"ImageObject","inLanguage":"pt-BR","@id":"https:\/\/blogs.funiber.org\/pt\/#\/schema\/person\/image\/","url":"https:\/\/secure.gravatar.com\/avatar\/2fbaa65ea908e82807b005c351db3c9d?s=96&d=mm&r=g","contentUrl":"https:\/\/secure.gravatar.com\/avatar\/2fbaa65ea908e82807b005c351db3c9d?s=96&d=mm&r=g","caption":"Mariana Dornelles"},"url":"https:\/\/www.funiber.blog\/pt\/author\/mariana-dornelles"}]}},"jetpack_featured_media_url":"https:\/\/www.funiber.blog\/pt\/wp-content\/uploads\/2015\/09\/funiber-idosos.jpg","jetpack_shortlink":"https:\/\/wp.me\/p7ee1t-232","jetpack_sharing_enabled":true,"_links":{"self":[{"href":"https:\/\/www.funiber.blog\/pt\/wp-json\/wp\/v2\/posts\/7876"}],"collection":[{"href":"https:\/\/www.funiber.blog\/pt\/wp-json\/wp\/v2\/posts"}],"about":[{"href":"https:\/\/www.funiber.blog\/pt\/wp-json\/wp\/v2\/types\/post"}],"author":[{"embeddable":true,"href":"https:\/\/www.funiber.blog\/pt\/wp-json\/wp\/v2\/users\/16"}],"replies":[{"embeddable":true,"href":"https:\/\/www.funiber.blog\/pt\/wp-json\/wp\/v2\/comments?post=7876"}],"version-history":[{"count":3,"href":"https:\/\/www.funiber.blog\/pt\/wp-json\/wp\/v2\/posts\/7876\/revisions"}],"predecessor-version":[{"id":7880,"href":"https:\/\/www.funiber.blog\/pt\/wp-json\/wp\/v2\/posts\/7876\/revisions\/7880"}],"wp:featuredmedia":[{"embeddable":true,"href":"https:\/\/www.funiber.blog\/pt\/wp-json\/wp\/v2\/media\/7878"}],"wp:attachment":[{"href":"https:\/\/www.funiber.blog\/pt\/wp-json\/wp\/v2\/media?parent=7876"}],"wp:term":[{"taxonomy":"category","embeddable":true,"href":"https:\/\/www.funiber.blog\/pt\/wp-json\/wp\/v2\/categories?post=7876"},{"taxonomy":"post_tag","embeddable":true,"href":"https:\/\/www.funiber.blog\/pt\/wp-json\/wp\/v2\/tags?post=7876"}],"curies":[{"name":"wp","href":"https:\/\/api.w.org\/{rel}","templated":true}]}}