{"id":7883,"date":"2015-09-28T09:04:38","date_gmt":"2015-09-28T09:04:38","guid":{"rendered":"http:\/\/blogs.funiber.org\/pt\/?p=7883"},"modified":"2015-09-28T09:04:38","modified_gmt":"2015-09-28T09:04:38","slug":"funiber-encontro-sobre-educacao-e-novas-tecnologias","status":"publish","type":"post","link":"https:\/\/www.funiber.blog\/pt\/formacao-professores\/2015\/09\/28\/funiber-encontro-sobre-educacao-e-novas-tecnologias","title":{"rendered":"Encontro sobre Educa\u00e7\u00e3o e Novas Tecnologias"},"content":{"rendered":"<p>Entre os dias 24 e 26 de setembro aconteceu em Chacabuco, na Argentina, o <a href=\"http:\/\/www.edutic2015.com\/\" target=\"_blank\">VI Congresso Internacional de Educa\u00e7\u00e3o e Tecnologia (EDUTIC)<\/a>. Com o tema <em>TIC: Encontros e Tend\u00eancias Educativas<\/em>, o Congresso debateu os seguintes temas: educa\u00e7\u00e3o e sociedade da informa\u00e7\u00e3o; formatos educativos para o s\u00e9culo XXI; experi\u00eancias sobre o uso das Tecnologias da Informa\u00e7\u00e3o e da Comunica\u00e7\u00e3o (TIC) em sala de aula; experi\u00eancias de e-learning e educa\u00e7\u00e3o \u00e0 dist\u00e2ncia; e redes sociais e educa\u00e7\u00e3o.<!--more--><\/p>\n<p>O evento \u00e9 uma iniciativa do Centro de Extens\u00e3o Cultural Academias Previale e nasce com o objetivo de potencializar o uso das TIC em sala de aula, como uma estrat\u00e9gia educativa de apoio ao processo educativo centrado no aluno e no desenvolvimento de suas potencialidades.<\/p>\n<p>Na edi\u00e7\u00e3o de 2015, os organizadores quiseram fomentar o debate sobre o que significa a educa\u00e7\u00e3o do s\u00e9culo XXI no contexto das TIC. Para isso, criaram um espa\u00e7o de interc\u00e2mbio de opini\u00f5es e experi\u00eancias entre pesquisadores e educadores sobre o papel das novas tecnologias da informa\u00e7\u00e3o e a comunica\u00e7\u00e3o na sala de aula, com a inten\u00e7\u00e3o de socializar e contrastar experi\u00eancias sobre o uso das TIC para fortalecer a educa\u00e7\u00e3o.<\/p>\n<p>A mem\u00f3ria do evento, que contou com a participa\u00e7\u00e3o de profissionais e especialistas da Argentina, do M\u00e9xico, da Col\u00f4mbia, da Bol\u00edvia e do Peru, est\u00e1 <a href=\"http:\/\/www.youblisher.com\/p\/1223725-Memoria-EDUTIC-2015\/\" target=\"_blank\">dispon\u00edvel<\/a> para consulta.<\/p>\n<p>A <strong><a href=\"http:\/\/www.funiber.org.br\/\" target=\"_blank\">FUNIBER<\/a><\/strong> tamb\u00e9m acredita no potencial das <strong><a href=\"http:\/\/www.funiber.org.br\/areas-de-conhecimento\/tecnologias-da-informacao\/\" target=\"_blank\">TIC<\/a><\/strong> na Educa\u00e7\u00e3o. Por isso desenvolve um programa de <strong><a href=\"http:\/\/www.funiber.org.br\/areas-de-conhecimento\/formacao-de-professores\/mestrado-em-educacao\/\" target=\"_blank\">Mestrado em Educa\u00e7\u00e3o<\/a><\/strong>, baseado na incorpora\u00e7\u00e3o das TIC como parte essencial da forma\u00e7\u00e3o e como parte intr\u00ednseca do trabalho profissional dos educadores.<\/p>\n<p>Fonte: <a href=\"http:\/\/fnbr.es\/1k9\" target=\"_blank\">http:\/\/fnbr.es\/1k9<\/a><\/p>\n<p>Foto: Alguns direitos reservados <a href=\"https:\/\/www.flickr.com\/photos\/mdgovpics\/6685782417\/\" target=\"_blank\">Maryland GovPics<\/a><\/p>\n","protected":false},"excerpt":{"rendered":"<p>Entre os dias 24 e 26 de setembro aconteceu em Chacabuco, na Argentina, o VI Congresso Internacional de Educa\u00e7\u00e3o e Tecnologia (EDUTIC). Com o tema TIC: Encontros e Tend\u00eancias Educativas, o Congresso debateu os seguintes temas: educa\u00e7\u00e3o e sociedade da informa\u00e7\u00e3o; formatos educativos para o s\u00e9culo XXI; experi\u00eancias sobre o uso das Tecnologias da Informa\u00e7\u00e3o [&hellip;]<\/p>\n","protected":false},"author":16,"featured_media":7885,"comment_status":"closed","ping_status":"closed","sticky":false,"template":"","format":"standard","meta":{"jetpack_post_was_ever_published":false,"_jetpack_newsletter_access":"","_jetpack_newsletter_tier_id":0,"footnotes":"","jetpack_publicize_message":"","jetpack_is_tweetstorm":false,"jetpack_publicize_feature_enabled":true,"jetpack_social_post_already_shared":false,"jetpack_social_options":{"image_generator_settings":{"template":"highway","enabled":false}}},"categories":[5],"tags":[285,408,119,686,248,671,641,255,26],"jetpack_publicize_connections":[],"yoast_head":"<!-- This site is optimized with the Yoast SEO plugin v21.7 - https:\/\/yoast.com\/wordpress\/plugins\/seo\/ -->\n<title>Encontro sobre Educa\u00e7\u00e3o e Novas Tecnologias - FuniBlogs - FUNIBER<\/title>\n<meta name=\"description\" content=\"Congresso na Argentina debate sobre educa\u00e7\u00e3o e novas tecnologias.\" \/>\n<meta name=\"robots\" content=\"noindex, nofollow\" \/>\n<meta property=\"og:locale\" content=\"pt_BR\" \/>\n<meta property=\"og:type\" content=\"article\" \/>\n<meta property=\"og:title\" content=\"Encontro sobre Educa\u00e7\u00e3o e Novas Tecnologias - FuniBlogs - FUNIBER\" \/>\n<meta property=\"og:description\" content=\"Congresso na Argentina debate sobre educa\u00e7\u00e3o e novas tecnologias.\" \/>\n<meta property=\"og:url\" content=\"https:\/\/blogs.funiber.org\/pt\/formacao-professores\/2015\/09\/28\/funiber-encontro-sobre-educacao-e-novas-tecnologias\" \/>\n<meta property=\"og:site_name\" content=\"FuniBlogs - FUNIBER\" \/>\n<meta property=\"article:publisher\" content=\"https:\/\/www.facebook.com\/funiber\" \/>\n<meta property=\"article:published_time\" content=\"2015-09-28T09:04:38+00:00\" \/>\n<meta property=\"og:image\" content=\"https:\/\/blogs.funiber.org\/pt\/wp-content\/uploads\/2015\/09\/funiber-tecnologia.jpg\" \/>\n\t<meta property=\"og:image:width\" content=\"640\" \/>\n\t<meta property=\"og:image:height\" content=\"409\" \/>\n\t<meta property=\"og:image:type\" content=\"image\/jpeg\" \/>\n<meta name=\"author\" content=\"Mariana Dornelles\" \/>\n<meta name=\"twitter:card\" content=\"summary_large_image\" \/>\n<meta name=\"twitter:creator\" content=\"@FUNIBER\" \/>\n<meta name=\"twitter:site\" content=\"@FUNIBER\" \/>\n<meta name=\"twitter:label1\" content=\"Escrito por\" \/>\n\t<meta name=\"twitter:data1\" content=\"Mariana Dornelles\" \/>\n\t<meta name=\"twitter:label2\" content=\"Est. tempo de leitura\" \/>\n\t<meta name=\"twitter:data2\" content=\"2 minutos\" \/>\n<script type=\"application\/ld+json\" class=\"yoast-schema-graph\">{\"@context\":\"https:\/\/schema.org\",\"@graph\":[{\"@type\":\"Article\",\"@id\":\"https:\/\/blogs.funiber.org\/pt\/formacao-professores\/2015\/09\/28\/funiber-encontro-sobre-educacao-e-novas-tecnologias#article\",\"isPartOf\":{\"@id\":\"https:\/\/blogs.funiber.org\/pt\/formacao-professores\/2015\/09\/28\/funiber-encontro-sobre-educacao-e-novas-tecnologias\"},\"author\":{\"name\":\"Mariana Dornelles\",\"@id\":\"https:\/\/blogs.funiber.org\/pt\/#\/schema\/person\/cebedd0aef5286687ce641276452c76d\"},\"headline\":\"Encontro sobre Educa\u00e7\u00e3o e Novas Tecnologias\",\"datePublished\":\"2015-09-28T09:04:38+00:00\",\"dateModified\":\"2015-09-28T09:04:38+00:00\",\"mainEntityOfPage\":{\"@id\":\"https:\/\/blogs.funiber.org\/pt\/formacao-professores\/2015\/09\/28\/funiber-encontro-sobre-educacao-e-novas-tecnologias\"},\"wordCount\":307,\"publisher\":{\"@id\":\"https:\/\/blogs.funiber.org\/pt\/#organization\"},\"keywords\":[\"Educa\u00e7\u00e3o\",\"Educa\u00e7\u00e3o a Dist\u00e2ncia\",\"Estudos\",\"Forma\u00e7\u00e3o de Professores\",\"Funiber\",\"mestrado\",\"Opini\u00e3o FUNIBER\",\"Opini\u00f5es Funiber\",\"tecnologia\"],\"articleSection\":[\"Educa\u00e7\u00e3o,\u00a0Forma\u00e7\u00e3o Professores\"],\"inLanguage\":\"pt-BR\"},{\"@type\":\"WebPage\",\"@id\":\"https:\/\/blogs.funiber.org\/pt\/formacao-professores\/2015\/09\/28\/funiber-encontro-sobre-educacao-e-novas-tecnologias\",\"url\":\"https:\/\/blogs.funiber.org\/pt\/formacao-professores\/2015\/09\/28\/funiber-encontro-sobre-educacao-e-novas-tecnologias\",\"name\":\"Encontro sobre Educa\u00e7\u00e3o e Novas Tecnologias - FuniBlogs - FUNIBER\",\"isPartOf\":{\"@id\":\"https:\/\/blogs.funiber.org\/pt\/#website\"},\"datePublished\":\"2015-09-28T09:04:38+00:00\",\"dateModified\":\"2015-09-28T09:04:38+00:00\",\"description\":\"Congresso na Argentina debate sobre educa\u00e7\u00e3o e novas tecnologias.\",\"breadcrumb\":{\"@id\":\"https:\/\/blogs.funiber.org\/pt\/formacao-professores\/2015\/09\/28\/funiber-encontro-sobre-educacao-e-novas-tecnologias#breadcrumb\"},\"inLanguage\":\"pt-BR\",\"potentialAction\":[{\"@type\":\"ReadAction\",\"target\":[\"https:\/\/blogs.funiber.org\/pt\/formacao-professores\/2015\/09\/28\/funiber-encontro-sobre-educacao-e-novas-tecnologias\"]}]},{\"@type\":\"BreadcrumbList\",\"@id\":\"https:\/\/blogs.funiber.org\/pt\/formacao-professores\/2015\/09\/28\/funiber-encontro-sobre-educacao-e-novas-tecnologias#breadcrumb\",\"itemListElement\":[{\"@type\":\"ListItem\",\"position\":1,\"name\":\"In\u00edcio\",\"item\":\"https:\/\/blogs.funiber.org\/pt\"},{\"@type\":\"ListItem\",\"position\":2,\"name\":\"Encontro sobre Educa\u00e7\u00e3o e Novas Tecnologias\"}]},{\"@type\":\"WebSite\",\"@id\":\"https:\/\/blogs.funiber.org\/pt\/#website\",\"url\":\"https:\/\/blogs.funiber.org\/pt\/\",\"name\":\"FuniBlogs - FUNIBER\",\"description\":\"\",\"publisher\":{\"@id\":\"https:\/\/blogs.funiber.org\/pt\/#organization\"},\"potentialAction\":[{\"@type\":\"SearchAction\",\"target\":{\"@type\":\"EntryPoint\",\"urlTemplate\":\"https:\/\/blogs.funiber.org\/pt\/?s={search_term_string}\"},\"query-input\":\"required name=search_term_string\"}],\"inLanguage\":\"pt-BR\"},{\"@type\":\"Organization\",\"@id\":\"https:\/\/blogs.funiber.org\/pt\/#organization\",\"name\":\"FuniBlogs - FUNIBER\",\"url\":\"https:\/\/blogs.funiber.org\/pt\/\",\"logo\":{\"@type\":\"ImageObject\",\"inLanguage\":\"pt-BR\",\"@id\":\"https:\/\/blogs.funiber.org\/pt\/#\/schema\/logo\/image\/\",\"url\":\"https:\/\/www.funiber.blog\/pt\/wp-content\/uploads\/2022\/02\/logo-funiber-pt-br-v-dos.svg\",\"contentUrl\":\"https:\/\/www.funiber.blog\/pt\/wp-content\/uploads\/2022\/02\/logo-funiber-pt-br-v-dos.svg\",\"width\":1,\"height\":1,\"caption\":\"FuniBlogs - FUNIBER\"},\"image\":{\"@id\":\"https:\/\/blogs.funiber.org\/pt\/#\/schema\/logo\/image\/\"},\"sameAs\":[\"https:\/\/www.facebook.com\/funiber\",\"https:\/\/twitter.com\/FUNIBER\",\"https:\/\/www.instagram.com\/funiber_becas\",\"https:\/\/www.youtube.com\/user\/funiber\",\"https:\/\/www.linkedin.com\/company\/funiber\"]},{\"@type\":\"Person\",\"@id\":\"https:\/\/blogs.funiber.org\/pt\/#\/schema\/person\/cebedd0aef5286687ce641276452c76d\",\"name\":\"Mariana Dornelles\",\"image\":{\"@type\":\"ImageObject\",\"inLanguage\":\"pt-BR\",\"@id\":\"https:\/\/blogs.funiber.org\/pt\/#\/schema\/person\/image\/\",\"url\":\"https:\/\/secure.gravatar.com\/avatar\/2fbaa65ea908e82807b005c351db3c9d?s=96&d=mm&r=g\",\"contentUrl\":\"https:\/\/secure.gravatar.com\/avatar\/2fbaa65ea908e82807b005c351db3c9d?s=96&d=mm&r=g\",\"caption\":\"Mariana Dornelles\"},\"url\":\"https:\/\/www.funiber.blog\/pt\/author\/mariana-dornelles\"}]}<\/script>\n<!-- \/ Yoast SEO plugin. -->","yoast_head_json":{"title":"Encontro sobre Educa\u00e7\u00e3o e Novas Tecnologias - FuniBlogs - FUNIBER","description":"Congresso na Argentina debate sobre educa\u00e7\u00e3o e novas tecnologias.","robots":{"index":"noindex","follow":"nofollow"},"og_locale":"pt_BR","og_type":"article","og_title":"Encontro sobre Educa\u00e7\u00e3o e Novas Tecnologias - FuniBlogs - FUNIBER","og_description":"Congresso na Argentina debate sobre educa\u00e7\u00e3o e novas tecnologias.","og_url":"https:\/\/blogs.funiber.org\/pt\/formacao-professores\/2015\/09\/28\/funiber-encontro-sobre-educacao-e-novas-tecnologias","og_site_name":"FuniBlogs - FUNIBER","article_publisher":"https:\/\/www.facebook.com\/funiber","article_published_time":"2015-09-28T09:04:38+00:00","og_image":[{"width":640,"height":409,"url":"https:\/\/blogs.funiber.org\/pt\/wp-content\/uploads\/2015\/09\/funiber-tecnologia.jpg","type":"image\/jpeg"}],"author":"Mariana Dornelles","twitter_card":"summary_large_image","twitter_creator":"@FUNIBER","twitter_site":"@FUNIBER","twitter_misc":{"Escrito por":"Mariana Dornelles","Est. tempo de leitura":"2 minutos"},"schema":{"@context":"https:\/\/schema.org","@graph":[{"@type":"Article","@id":"https:\/\/blogs.funiber.org\/pt\/formacao-professores\/2015\/09\/28\/funiber-encontro-sobre-educacao-e-novas-tecnologias#article","isPartOf":{"@id":"https:\/\/blogs.funiber.org\/pt\/formacao-professores\/2015\/09\/28\/funiber-encontro-sobre-educacao-e-novas-tecnologias"},"author":{"name":"Mariana Dornelles","@id":"https:\/\/blogs.funiber.org\/pt\/#\/schema\/person\/cebedd0aef5286687ce641276452c76d"},"headline":"Encontro sobre Educa\u00e7\u00e3o e Novas Tecnologias","datePublished":"2015-09-28T09:04:38+00:00","dateModified":"2015-09-28T09:04:38+00:00","mainEntityOfPage":{"@id":"https:\/\/blogs.funiber.org\/pt\/formacao-professores\/2015\/09\/28\/funiber-encontro-sobre-educacao-e-novas-tecnologias"},"wordCount":307,"publisher":{"@id":"https:\/\/blogs.funiber.org\/pt\/#organization"},"keywords":["Educa\u00e7\u00e3o","Educa\u00e7\u00e3o a Dist\u00e2ncia","Estudos","Forma\u00e7\u00e3o de Professores","Funiber","mestrado","Opini\u00e3o FUNIBER","Opini\u00f5es Funiber","tecnologia"],"articleSection":["Educa\u00e7\u00e3o,\u00a0Forma\u00e7\u00e3o Professores"],"inLanguage":"pt-BR"},{"@type":"WebPage","@id":"https:\/\/blogs.funiber.org\/pt\/formacao-professores\/2015\/09\/28\/funiber-encontro-sobre-educacao-e-novas-tecnologias","url":"https:\/\/blogs.funiber.org\/pt\/formacao-professores\/2015\/09\/28\/funiber-encontro-sobre-educacao-e-novas-tecnologias","name":"Encontro sobre Educa\u00e7\u00e3o e Novas Tecnologias - FuniBlogs - FUNIBER","isPartOf":{"@id":"https:\/\/blogs.funiber.org\/pt\/#website"},"datePublished":"2015-09-28T09:04:38+00:00","dateModified":"2015-09-28T09:04:38+00:00","description":"Congresso na Argentina debate sobre educa\u00e7\u00e3o e novas tecnologias.","breadcrumb":{"@id":"https:\/\/blogs.funiber.org\/pt\/formacao-professores\/2015\/09\/28\/funiber-encontro-sobre-educacao-e-novas-tecnologias#breadcrumb"},"inLanguage":"pt-BR","potentialAction":[{"@type":"ReadAction","target":["https:\/\/blogs.funiber.org\/pt\/formacao-professores\/2015\/09\/28\/funiber-encontro-sobre-educacao-e-novas-tecnologias"]}]},{"@type":"BreadcrumbList","@id":"https:\/\/blogs.funiber.org\/pt\/formacao-professores\/2015\/09\/28\/funiber-encontro-sobre-educacao-e-novas-tecnologias#breadcrumb","itemListElement":[{"@type":"ListItem","position":1,"name":"In\u00edcio","item":"https:\/\/blogs.funiber.org\/pt"},{"@type":"ListItem","position":2,"name":"Encontro sobre Educa\u00e7\u00e3o e Novas Tecnologias"}]},{"@type":"WebSite","@id":"https:\/\/blogs.funiber.org\/pt\/#website","url":"https:\/\/blogs.funiber.org\/pt\/","name":"FuniBlogs - FUNIBER","description":"","publisher":{"@id":"https:\/\/blogs.funiber.org\/pt\/#organization"},"potentialAction":[{"@type":"SearchAction","target":{"@type":"EntryPoint","urlTemplate":"https:\/\/blogs.funiber.org\/pt\/?s={search_term_string}"},"query-input":"required name=search_term_string"}],"inLanguage":"pt-BR"},{"@type":"Organization","@id":"https:\/\/blogs.funiber.org\/pt\/#organization","name":"FuniBlogs - FUNIBER","url":"https:\/\/blogs.funiber.org\/pt\/","logo":{"@type":"ImageObject","inLanguage":"pt-BR","@id":"https:\/\/blogs.funiber.org\/pt\/#\/schema\/logo\/image\/","url":"https:\/\/www.funiber.blog\/pt\/wp-content\/uploads\/2022\/02\/logo-funiber-pt-br-v-dos.svg","contentUrl":"https:\/\/www.funiber.blog\/pt\/wp-content\/uploads\/2022\/02\/logo-funiber-pt-br-v-dos.svg","width":1,"height":1,"caption":"FuniBlogs - FUNIBER"},"image":{"@id":"https:\/\/blogs.funiber.org\/pt\/#\/schema\/logo\/image\/"},"sameAs":["https:\/\/www.facebook.com\/funiber","https:\/\/twitter.com\/FUNIBER","https:\/\/www.instagram.com\/funiber_becas","https:\/\/www.youtube.com\/user\/funiber","https:\/\/www.linkedin.com\/company\/funiber"]},{"@type":"Person","@id":"https:\/\/blogs.funiber.org\/pt\/#\/schema\/person\/cebedd0aef5286687ce641276452c76d","name":"Mariana Dornelles","image":{"@type":"ImageObject","inLanguage":"pt-BR","@id":"https:\/\/blogs.funiber.org\/pt\/#\/schema\/person\/image\/","url":"https:\/\/secure.gravatar.com\/avatar\/2fbaa65ea908e82807b005c351db3c9d?s=96&d=mm&r=g","contentUrl":"https:\/\/secure.gravatar.com\/avatar\/2fbaa65ea908e82807b005c351db3c9d?s=96&d=mm&r=g","caption":"Mariana Dornelles"},"url":"https:\/\/www.funiber.blog\/pt\/author\/mariana-dornelles"}]}},"jetpack_featured_media_url":"https:\/\/www.funiber.blog\/pt\/wp-content\/uploads\/2015\/09\/funiber-tecnologia.jpg","jetpack_shortlink":"https:\/\/wp.me\/p7ee1t-239","jetpack_sharing_enabled":true,"_links":{"self":[{"href":"https:\/\/www.funiber.blog\/pt\/wp-json\/wp\/v2\/posts\/7883"}],"collection":[{"href":"https:\/\/www.funiber.blog\/pt\/wp-json\/wp\/v2\/posts"}],"about":[{"href":"https:\/\/www.funiber.blog\/pt\/wp-json\/wp\/v2\/types\/post"}],"author":[{"embeddable":true,"href":"https:\/\/www.funiber.blog\/pt\/wp-json\/wp\/v2\/users\/16"}],"replies":[{"embeddable":true,"href":"https:\/\/www.funiber.blog\/pt\/wp-json\/wp\/v2\/comments?post=7883"}],"version-history":[{"count":1,"href":"https:\/\/www.funiber.blog\/pt\/wp-json\/wp\/v2\/posts\/7883\/revisions"}],"predecessor-version":[{"id":7884,"href":"https:\/\/www.funiber.blog\/pt\/wp-json\/wp\/v2\/posts\/7883\/revisions\/7884"}],"wp:featuredmedia":[{"embeddable":true,"href":"https:\/\/www.funiber.blog\/pt\/wp-json\/wp\/v2\/media\/7885"}],"wp:attachment":[{"href":"https:\/\/www.funiber.blog\/pt\/wp-json\/wp\/v2\/media?parent=7883"}],"wp:term":[{"taxonomy":"category","embeddable":true,"href":"https:\/\/www.funiber.blog\/pt\/wp-json\/wp\/v2\/categories?post=7883"},{"taxonomy":"post_tag","embeddable":true,"href":"https:\/\/www.funiber.blog\/pt\/wp-json\/wp\/v2\/tags?post=7883"}],"curies":[{"name":"wp","href":"https:\/\/api.w.org\/{rel}","templated":true}]}}