{"id":7944,"date":"2015-10-02T12:26:20","date_gmt":"2015-10-02T12:26:20","guid":{"rendered":"http:\/\/blogs.funiber.org\/pt\/?p=7944"},"modified":"2015-10-02T12:26:20","modified_gmt":"2015-10-02T12:26:20","slug":"funiber-dissertacao-percepcao-da-qualidade-de-vida-em-lares-geriatricos-no-chile","status":"publish","type":"post","link":"https:\/\/www.funiber.blog\/pt\/gerontologia\/2015\/10\/02\/funiber-dissertacao-percepcao-da-qualidade-de-vida-em-lares-geriatricos-no-chile","title":{"rendered":"Disserta\u00e7\u00e3o: Percep\u00e7\u00e3o da qualidade de vida em lares geri\u00e1tricos no Chile"},"content":{"rendered":"<p>Os avan\u00e7os obtidos por nossa sociedade em sa\u00fade, educa\u00e7\u00e3o e a cont\u00ednua melhora na qualidade de vida t\u00eam permitido que cada vez mais pessoas superem a faixa dos 65 anos. <strong>A popula\u00e7\u00e3o de pessoas idosas est\u00e1 crescendo globalmente<\/strong>, e esta mudan\u00e7a na demografia <strong>apresenta desafios para todos.<\/strong> Neste contexto, criam-se lares geri\u00e1tricos em todo o mundo como uma solu\u00e7\u00e3o para garantir o cuidado das pessoas da terceira idade.<!--more--><\/p>\n<p>Os idosos <strong>t\u00eam necessidades especiais e \u00e9 preciso analisar seus estilos de vida para garantir um ambiente onde as pessoas sintam-se c\u00f4modas.<\/strong> Andr\u00e9s Duram Jara, para obten\u00e7\u00e3o do t\u00edtulo de <strong><a href=\"http:\/\/www.funiber.org.br\/areas-de-conhecimento\/saude-e-nutricao\/gerontologia\/mestrado-em-gerontologia-social\/\" target=\"_blank\">Mestre em Gerontologia Social<\/a><\/strong>\u00a0da\u00a0<strong><a href=\"http:\/\/www.funiber.org.br\/\" target=\"_blank\">FUNIBER<\/a><\/strong>, apresentou a disserta\u00e7\u00e3o com o t\u00edtulo <strong>\u201cPercep\u00e7\u00e3o da qualidade de vida em um grupo de idosos residentes em lares alem\u00e3es em Santiago do Chile\u201d<\/strong>, e nos proporciona o acesso a toda a informa\u00e7\u00e3o de sua pesquisa nesta nota.<\/p>\n<p>Duram toma como refer\u00eancia as vari\u00e1veis estabelecidas pelo grupo WHOQOL para avaliar a qualidade de vida de um grupo de terceira idade considerando quatro dom\u00ednios: <strong>dom\u00ednio f\u00edsico, dom\u00ednio psicol\u00f3gico, dom\u00ednio das rela\u00e7\u00f5es sociais e dom\u00ednio ambiental.<\/strong> Participaram da pesquisa 31 residentes dos lares alem\u00e3es de Santiago, sendo 28 mulheres e 3 homens, com 65 anos ou mais, observando as atividades que os lares oferecem num contexto f\u00edsico cognitivo e recreativo.<\/p>\n<p>A partir dos dados levantados, conclui-se que <strong>80,6% dos pesquisados consideram que sua qualidade de vida \u00e9 boa ou muito boa,<\/strong> 16,1% indicam que \u00e9 normal, enquanto 3,2% apontam que sua qualidade de vida \u00e9 ruim. No \u00e2mbito da sa\u00fade, 71% dos pesquisados sentem-se muito satisfeitos com sua sa\u00fade, enquanto 16,1% apontam que est\u00e3o em um patamar normal, e 12,9% manifestam estar insatisfeitos com sua sa\u00fade. Quando se trata de dores, 51,6% dos pesquisados indicam que apresentam pouco ou nada de dor es suas vidas, 35,5% manifestam que s\u00e3o presentes o suficiente para ocasionar inc\u00f4modos f\u00edsicos e 12,9% apresentam n\u00edveis de dor que poderiam interferir em sua vida habitual.<\/p>\n<p>O pesquisador apresenta dados interessantes na documenta\u00e7\u00e3o que abrangem \u00e1reas como o descanso, mobilidade, atividades di\u00e1rias, n\u00edveis de fadiga, rala\u00e7\u00f5es sociais, mem\u00f3ria, dom\u00ednio psicol\u00f3gico, trabalho, autoestima, atividade sexual, seguran\u00e7a, finan\u00e7as, cuidado social e da sa\u00fade, entre outros \u00e2mbitos relevantes para o cuidado do bem-estar dos idosos.<\/p>\n<p>Com esta pesquisa, Duram estabelece um ponto de partida que poderia ser replicado por outros pesquisadores para estudar a qualidade de vida que pessoas da terceira idade t\u00eam nos asilos e casas de cuidado permanente de idosos, para determinar se lhes \u00e9 oferecido um adequado n\u00edvel de qualidade de vida.<\/p>\n<p>Fa\u00e7a download da disserta\u00e7\u00e3o em:\u00a0<a href=\"http:\/\/fnbr.es\/1hb\" target=\"_blank\">http:\/\/fnbr.es\/1hb<\/a><\/p>\n<p>Fotografia: Alguns direitos reservados por\u00a0<a href=\"https:\/\/www.flickr.com\/photos\/bromfordgroup\/8692993226\/sizes\/m\/\" target=\"_blank\">Bromford<\/a><\/p>\n","protected":false},"excerpt":{"rendered":"<p>Os avan\u00e7os obtidos por nossa sociedade em sa\u00fade, educa\u00e7\u00e3o e a cont\u00ednua melhora na qualidade de vida t\u00eam permitido que cada vez mais pessoas superem a faixa dos 65 anos. A popula\u00e7\u00e3o de pessoas idosas est\u00e1 crescendo globalmente, e esta mudan\u00e7a na demografia apresenta desafios para todos. Neste contexto, criam-se lares geri\u00e1tricos em todo o [&hellip;]<\/p>\n","protected":false},"author":16,"featured_media":7946,"comment_status":"closed","ping_status":"closed","sticky":false,"template":"","format":"standard","meta":{"jetpack_post_was_ever_published":false,"_jetpack_newsletter_access":"","_jetpack_newsletter_tier_id":0,"footnotes":"","jetpack_publicize_message":"","jetpack_is_tweetstorm":false,"jetpack_publicize_feature_enabled":true,"jetpack_social_post_already_shared":false,"jetpack_social_options":{"image_generator_settings":{"template":"highway","enabled":false}}},"categories":[1],"tags":[228,285,408,100,248,671,641,255,113],"jetpack_publicize_connections":[],"yoast_head":"<!-- This site is optimized with the Yoast SEO plugin v21.7 - https:\/\/yoast.com\/wordpress\/plugins\/seo\/ -->\n<title>Disserta\u00e7\u00e3o: Percep\u00e7\u00e3o da qualidade de vida em lares geri\u00e1tricos no Chile - FuniBlogs - FUNIBER<\/title>\n<meta name=\"description\" content=\"Estudo indica a percep\u00e7\u00e3o da qualidade de vida em lares geri\u00e1tricos do Chile.\" \/>\n<meta name=\"robots\" content=\"index, follow, max-snippet:-1, max-image-preview:large, max-video-preview:-1\" \/>\n<link rel=\"canonical\" href=\"https:\/\/blogs.funiber.org\/pt\/gerontologia\/2015\/10\/02\/funiber-dissertacao-percepcao-da-qualidade-de-vida-em-lares-geriatricos-no-chile\" \/>\n<meta property=\"og:locale\" content=\"pt_BR\" \/>\n<meta property=\"og:type\" content=\"article\" \/>\n<meta property=\"og:title\" content=\"Disserta\u00e7\u00e3o: Percep\u00e7\u00e3o da qualidade de vida em lares geri\u00e1tricos no Chile - FuniBlogs - FUNIBER\" \/>\n<meta property=\"og:description\" content=\"Estudo indica a percep\u00e7\u00e3o da qualidade de vida em lares geri\u00e1tricos do Chile.\" \/>\n<meta property=\"og:url\" content=\"https:\/\/blogs.funiber.org\/pt\/gerontologia\/2015\/10\/02\/funiber-dissertacao-percepcao-da-qualidade-de-vida-em-lares-geriatricos-no-chile\" \/>\n<meta property=\"og:site_name\" content=\"FuniBlogs - FUNIBER\" \/>\n<meta property=\"article:publisher\" content=\"https:\/\/www.facebook.com\/funiber\" \/>\n<meta property=\"article:published_time\" content=\"2015-10-02T12:26:20+00:00\" \/>\n<meta property=\"og:image\" content=\"https:\/\/blogs.funiber.org\/pt\/wp-content\/uploads\/2015\/10\/ancianos-gerontologia-funiber.jpg\" \/>\n\t<meta property=\"og:image:width\" content=\"500\" \/>\n\t<meta property=\"og:image:height\" content=\"333\" \/>\n\t<meta property=\"og:image:type\" content=\"image\/jpeg\" \/>\n<meta name=\"author\" content=\"Mariana Dornelles\" \/>\n<meta name=\"twitter:card\" content=\"summary_large_image\" \/>\n<meta name=\"twitter:creator\" content=\"@FUNIBER\" \/>\n<meta name=\"twitter:site\" content=\"@FUNIBER\" \/>\n<meta name=\"twitter:label1\" content=\"Escrito por\" \/>\n\t<meta name=\"twitter:data1\" content=\"Mariana Dornelles\" \/>\n\t<meta name=\"twitter:label2\" content=\"Est. tempo de leitura\" \/>\n\t<meta name=\"twitter:data2\" content=\"2 minutos\" \/>\n<script type=\"application\/ld+json\" class=\"yoast-schema-graph\">{\"@context\":\"https:\/\/schema.org\",\"@graph\":[{\"@type\":\"Article\",\"@id\":\"https:\/\/blogs.funiber.org\/pt\/gerontologia\/2015\/10\/02\/funiber-dissertacao-percepcao-da-qualidade-de-vida-em-lares-geriatricos-no-chile#article\",\"isPartOf\":{\"@id\":\"https:\/\/blogs.funiber.org\/pt\/gerontologia\/2015\/10\/02\/funiber-dissertacao-percepcao-da-qualidade-de-vida-em-lares-geriatricos-no-chile\"},\"author\":{\"name\":\"Mariana Dornelles\",\"@id\":\"https:\/\/blogs.funiber.org\/pt\/#\/schema\/person\/cebedd0aef5286687ce641276452c76d\"},\"headline\":\"Disserta\u00e7\u00e3o: Percep\u00e7\u00e3o da qualidade de vida em lares geri\u00e1tricos no Chile\",\"datePublished\":\"2015-10-02T12:26:20+00:00\",\"dateModified\":\"2015-10-02T12:26:20+00:00\",\"mainEntityOfPage\":{\"@id\":\"https:\/\/blogs.funiber.org\/pt\/gerontologia\/2015\/10\/02\/funiber-dissertacao-percepcao-da-qualidade-de-vida-em-lares-geriatricos-no-chile\"},\"wordCount\":480,\"publisher\":{\"@id\":\"https:\/\/blogs.funiber.org\/pt\/#organization\"},\"keywords\":[\"Cuidados\",\"Educa\u00e7\u00e3o\",\"Educa\u00e7\u00e3o a Dist\u00e2ncia\",\"Envelhecimento\",\"Funiber\",\"mestrado\",\"Opini\u00e3o FUNIBER\",\"Opini\u00f5es Funiber\",\"Sa\u00fade\"],\"articleSection\":[\"Gerontologia\"],\"inLanguage\":\"pt-BR\"},{\"@type\":\"WebPage\",\"@id\":\"https:\/\/blogs.funiber.org\/pt\/gerontologia\/2015\/10\/02\/funiber-dissertacao-percepcao-da-qualidade-de-vida-em-lares-geriatricos-no-chile\",\"url\":\"https:\/\/blogs.funiber.org\/pt\/gerontologia\/2015\/10\/02\/funiber-dissertacao-percepcao-da-qualidade-de-vida-em-lares-geriatricos-no-chile\",\"name\":\"Disserta\u00e7\u00e3o: Percep\u00e7\u00e3o da qualidade de vida em lares geri\u00e1tricos no Chile - FuniBlogs - FUNIBER\",\"isPartOf\":{\"@id\":\"https:\/\/blogs.funiber.org\/pt\/#website\"},\"datePublished\":\"2015-10-02T12:26:20+00:00\",\"dateModified\":\"2015-10-02T12:26:20+00:00\",\"description\":\"Estudo indica a percep\u00e7\u00e3o da qualidade de vida em lares geri\u00e1tricos do Chile.\",\"breadcrumb\":{\"@id\":\"https:\/\/blogs.funiber.org\/pt\/gerontologia\/2015\/10\/02\/funiber-dissertacao-percepcao-da-qualidade-de-vida-em-lares-geriatricos-no-chile#breadcrumb\"},\"inLanguage\":\"pt-BR\",\"potentialAction\":[{\"@type\":\"ReadAction\",\"target\":[\"https:\/\/blogs.funiber.org\/pt\/gerontologia\/2015\/10\/02\/funiber-dissertacao-percepcao-da-qualidade-de-vida-em-lares-geriatricos-no-chile\"]}]},{\"@type\":\"BreadcrumbList\",\"@id\":\"https:\/\/blogs.funiber.org\/pt\/gerontologia\/2015\/10\/02\/funiber-dissertacao-percepcao-da-qualidade-de-vida-em-lares-geriatricos-no-chile#breadcrumb\",\"itemListElement\":[{\"@type\":\"ListItem\",\"position\":1,\"name\":\"In\u00edcio\",\"item\":\"https:\/\/blogs.funiber.org\/pt\"},{\"@type\":\"ListItem\",\"position\":2,\"name\":\"Disserta\u00e7\u00e3o: Percep\u00e7\u00e3o da qualidade de vida em lares geri\u00e1tricos no Chile\"}]},{\"@type\":\"WebSite\",\"@id\":\"https:\/\/blogs.funiber.org\/pt\/#website\",\"url\":\"https:\/\/blogs.funiber.org\/pt\/\",\"name\":\"FuniBlogs - FUNIBER\",\"description\":\"\",\"publisher\":{\"@id\":\"https:\/\/blogs.funiber.org\/pt\/#organization\"},\"potentialAction\":[{\"@type\":\"SearchAction\",\"target\":{\"@type\":\"EntryPoint\",\"urlTemplate\":\"https:\/\/blogs.funiber.org\/pt\/?s={search_term_string}\"},\"query-input\":\"required name=search_term_string\"}],\"inLanguage\":\"pt-BR\"},{\"@type\":\"Organization\",\"@id\":\"https:\/\/blogs.funiber.org\/pt\/#organization\",\"name\":\"FuniBlogs - FUNIBER\",\"url\":\"https:\/\/blogs.funiber.org\/pt\/\",\"logo\":{\"@type\":\"ImageObject\",\"inLanguage\":\"pt-BR\",\"@id\":\"https:\/\/blogs.funiber.org\/pt\/#\/schema\/logo\/image\/\",\"url\":\"https:\/\/www.funiber.blog\/pt\/wp-content\/uploads\/2022\/02\/logo-funiber-pt-br-v-dos.svg\",\"contentUrl\":\"https:\/\/www.funiber.blog\/pt\/wp-content\/uploads\/2022\/02\/logo-funiber-pt-br-v-dos.svg\",\"width\":1,\"height\":1,\"caption\":\"FuniBlogs - FUNIBER\"},\"image\":{\"@id\":\"https:\/\/blogs.funiber.org\/pt\/#\/schema\/logo\/image\/\"},\"sameAs\":[\"https:\/\/www.facebook.com\/funiber\",\"https:\/\/twitter.com\/FUNIBER\",\"https:\/\/www.instagram.com\/funiber_becas\",\"https:\/\/www.youtube.com\/user\/funiber\",\"https:\/\/www.linkedin.com\/company\/funiber\"]},{\"@type\":\"Person\",\"@id\":\"https:\/\/blogs.funiber.org\/pt\/#\/schema\/person\/cebedd0aef5286687ce641276452c76d\",\"name\":\"Mariana Dornelles\",\"image\":{\"@type\":\"ImageObject\",\"inLanguage\":\"pt-BR\",\"@id\":\"https:\/\/blogs.funiber.org\/pt\/#\/schema\/person\/image\/\",\"url\":\"https:\/\/secure.gravatar.com\/avatar\/2fbaa65ea908e82807b005c351db3c9d?s=96&d=mm&r=g\",\"contentUrl\":\"https:\/\/secure.gravatar.com\/avatar\/2fbaa65ea908e82807b005c351db3c9d?s=96&d=mm&r=g\",\"caption\":\"Mariana Dornelles\"},\"url\":\"https:\/\/www.funiber.blog\/pt\/author\/mariana-dornelles\"}]}<\/script>\n<!-- \/ Yoast SEO plugin. -->","yoast_head_json":{"title":"Disserta\u00e7\u00e3o: Percep\u00e7\u00e3o da qualidade de vida em lares geri\u00e1tricos no Chile - FuniBlogs - FUNIBER","description":"Estudo indica a percep\u00e7\u00e3o da qualidade de vida em lares geri\u00e1tricos do Chile.","robots":{"index":"index","follow":"follow","max-snippet":"max-snippet:-1","max-image-preview":"max-image-preview:large","max-video-preview":"max-video-preview:-1"},"canonical":"https:\/\/blogs.funiber.org\/pt\/gerontologia\/2015\/10\/02\/funiber-dissertacao-percepcao-da-qualidade-de-vida-em-lares-geriatricos-no-chile","og_locale":"pt_BR","og_type":"article","og_title":"Disserta\u00e7\u00e3o: Percep\u00e7\u00e3o da qualidade de vida em lares geri\u00e1tricos no Chile - FuniBlogs - FUNIBER","og_description":"Estudo indica a percep\u00e7\u00e3o da qualidade de vida em lares geri\u00e1tricos do Chile.","og_url":"https:\/\/blogs.funiber.org\/pt\/gerontologia\/2015\/10\/02\/funiber-dissertacao-percepcao-da-qualidade-de-vida-em-lares-geriatricos-no-chile","og_site_name":"FuniBlogs - FUNIBER","article_publisher":"https:\/\/www.facebook.com\/funiber","article_published_time":"2015-10-02T12:26:20+00:00","og_image":[{"width":500,"height":333,"url":"https:\/\/blogs.funiber.org\/pt\/wp-content\/uploads\/2015\/10\/ancianos-gerontologia-funiber.jpg","type":"image\/jpeg"}],"author":"Mariana Dornelles","twitter_card":"summary_large_image","twitter_creator":"@FUNIBER","twitter_site":"@FUNIBER","twitter_misc":{"Escrito por":"Mariana Dornelles","Est. tempo de leitura":"2 minutos"},"schema":{"@context":"https:\/\/schema.org","@graph":[{"@type":"Article","@id":"https:\/\/blogs.funiber.org\/pt\/gerontologia\/2015\/10\/02\/funiber-dissertacao-percepcao-da-qualidade-de-vida-em-lares-geriatricos-no-chile#article","isPartOf":{"@id":"https:\/\/blogs.funiber.org\/pt\/gerontologia\/2015\/10\/02\/funiber-dissertacao-percepcao-da-qualidade-de-vida-em-lares-geriatricos-no-chile"},"author":{"name":"Mariana Dornelles","@id":"https:\/\/blogs.funiber.org\/pt\/#\/schema\/person\/cebedd0aef5286687ce641276452c76d"},"headline":"Disserta\u00e7\u00e3o: Percep\u00e7\u00e3o da qualidade de vida em lares geri\u00e1tricos no Chile","datePublished":"2015-10-02T12:26:20+00:00","dateModified":"2015-10-02T12:26:20+00:00","mainEntityOfPage":{"@id":"https:\/\/blogs.funiber.org\/pt\/gerontologia\/2015\/10\/02\/funiber-dissertacao-percepcao-da-qualidade-de-vida-em-lares-geriatricos-no-chile"},"wordCount":480,"publisher":{"@id":"https:\/\/blogs.funiber.org\/pt\/#organization"},"keywords":["Cuidados","Educa\u00e7\u00e3o","Educa\u00e7\u00e3o a Dist\u00e2ncia","Envelhecimento","Funiber","mestrado","Opini\u00e3o FUNIBER","Opini\u00f5es Funiber","Sa\u00fade"],"articleSection":["Gerontologia"],"inLanguage":"pt-BR"},{"@type":"WebPage","@id":"https:\/\/blogs.funiber.org\/pt\/gerontologia\/2015\/10\/02\/funiber-dissertacao-percepcao-da-qualidade-de-vida-em-lares-geriatricos-no-chile","url":"https:\/\/blogs.funiber.org\/pt\/gerontologia\/2015\/10\/02\/funiber-dissertacao-percepcao-da-qualidade-de-vida-em-lares-geriatricos-no-chile","name":"Disserta\u00e7\u00e3o: Percep\u00e7\u00e3o da qualidade de vida em lares geri\u00e1tricos no Chile - FuniBlogs - FUNIBER","isPartOf":{"@id":"https:\/\/blogs.funiber.org\/pt\/#website"},"datePublished":"2015-10-02T12:26:20+00:00","dateModified":"2015-10-02T12:26:20+00:00","description":"Estudo indica a percep\u00e7\u00e3o da qualidade de vida em lares geri\u00e1tricos do Chile.","breadcrumb":{"@id":"https:\/\/blogs.funiber.org\/pt\/gerontologia\/2015\/10\/02\/funiber-dissertacao-percepcao-da-qualidade-de-vida-em-lares-geriatricos-no-chile#breadcrumb"},"inLanguage":"pt-BR","potentialAction":[{"@type":"ReadAction","target":["https:\/\/blogs.funiber.org\/pt\/gerontologia\/2015\/10\/02\/funiber-dissertacao-percepcao-da-qualidade-de-vida-em-lares-geriatricos-no-chile"]}]},{"@type":"BreadcrumbList","@id":"https:\/\/blogs.funiber.org\/pt\/gerontologia\/2015\/10\/02\/funiber-dissertacao-percepcao-da-qualidade-de-vida-em-lares-geriatricos-no-chile#breadcrumb","itemListElement":[{"@type":"ListItem","position":1,"name":"In\u00edcio","item":"https:\/\/blogs.funiber.org\/pt"},{"@type":"ListItem","position":2,"name":"Disserta\u00e7\u00e3o: Percep\u00e7\u00e3o da qualidade de vida em lares geri\u00e1tricos no Chile"}]},{"@type":"WebSite","@id":"https:\/\/blogs.funiber.org\/pt\/#website","url":"https:\/\/blogs.funiber.org\/pt\/","name":"FuniBlogs - FUNIBER","description":"","publisher":{"@id":"https:\/\/blogs.funiber.org\/pt\/#organization"},"potentialAction":[{"@type":"SearchAction","target":{"@type":"EntryPoint","urlTemplate":"https:\/\/blogs.funiber.org\/pt\/?s={search_term_string}"},"query-input":"required name=search_term_string"}],"inLanguage":"pt-BR"},{"@type":"Organization","@id":"https:\/\/blogs.funiber.org\/pt\/#organization","name":"FuniBlogs - FUNIBER","url":"https:\/\/blogs.funiber.org\/pt\/","logo":{"@type":"ImageObject","inLanguage":"pt-BR","@id":"https:\/\/blogs.funiber.org\/pt\/#\/schema\/logo\/image\/","url":"https:\/\/www.funiber.blog\/pt\/wp-content\/uploads\/2022\/02\/logo-funiber-pt-br-v-dos.svg","contentUrl":"https:\/\/www.funiber.blog\/pt\/wp-content\/uploads\/2022\/02\/logo-funiber-pt-br-v-dos.svg","width":1,"height":1,"caption":"FuniBlogs - FUNIBER"},"image":{"@id":"https:\/\/blogs.funiber.org\/pt\/#\/schema\/logo\/image\/"},"sameAs":["https:\/\/www.facebook.com\/funiber","https:\/\/twitter.com\/FUNIBER","https:\/\/www.instagram.com\/funiber_becas","https:\/\/www.youtube.com\/user\/funiber","https:\/\/www.linkedin.com\/company\/funiber"]},{"@type":"Person","@id":"https:\/\/blogs.funiber.org\/pt\/#\/schema\/person\/cebedd0aef5286687ce641276452c76d","name":"Mariana Dornelles","image":{"@type":"ImageObject","inLanguage":"pt-BR","@id":"https:\/\/blogs.funiber.org\/pt\/#\/schema\/person\/image\/","url":"https:\/\/secure.gravatar.com\/avatar\/2fbaa65ea908e82807b005c351db3c9d?s=96&d=mm&r=g","contentUrl":"https:\/\/secure.gravatar.com\/avatar\/2fbaa65ea908e82807b005c351db3c9d?s=96&d=mm&r=g","caption":"Mariana Dornelles"},"url":"https:\/\/www.funiber.blog\/pt\/author\/mariana-dornelles"}]}},"jetpack_featured_media_url":"https:\/\/www.funiber.blog\/pt\/wp-content\/uploads\/2015\/10\/ancianos-gerontologia-funiber.jpg","jetpack_shortlink":"https:\/\/wp.me\/p7ee1t-248","jetpack_sharing_enabled":true,"_links":{"self":[{"href":"https:\/\/www.funiber.blog\/pt\/wp-json\/wp\/v2\/posts\/7944"}],"collection":[{"href":"https:\/\/www.funiber.blog\/pt\/wp-json\/wp\/v2\/posts"}],"about":[{"href":"https:\/\/www.funiber.blog\/pt\/wp-json\/wp\/v2\/types\/post"}],"author":[{"embeddable":true,"href":"https:\/\/www.funiber.blog\/pt\/wp-json\/wp\/v2\/users\/16"}],"replies":[{"embeddable":true,"href":"https:\/\/www.funiber.blog\/pt\/wp-json\/wp\/v2\/comments?post=7944"}],"version-history":[{"count":3,"href":"https:\/\/www.funiber.blog\/pt\/wp-json\/wp\/v2\/posts\/7944\/revisions"}],"predecessor-version":[{"id":7948,"href":"https:\/\/www.funiber.blog\/pt\/wp-json\/wp\/v2\/posts\/7944\/revisions\/7948"}],"wp:featuredmedia":[{"embeddable":true,"href":"https:\/\/www.funiber.blog\/pt\/wp-json\/wp\/v2\/media\/7946"}],"wp:attachment":[{"href":"https:\/\/www.funiber.blog\/pt\/wp-json\/wp\/v2\/media?parent=7944"}],"wp:term":[{"taxonomy":"category","embeddable":true,"href":"https:\/\/www.funiber.blog\/pt\/wp-json\/wp\/v2\/categories?post=7944"},{"taxonomy":"post_tag","embeddable":true,"href":"https:\/\/www.funiber.blog\/pt\/wp-json\/wp\/v2\/tags?post=7944"}],"curies":[{"name":"wp","href":"https:\/\/api.w.org\/{rel}","templated":true}]}}