{"id":7949,"date":"2015-10-02T12:49:35","date_gmt":"2015-10-02T12:49:35","guid":{"rendered":"http:\/\/blogs.funiber.org\/pt\/?p=7949"},"modified":"2015-10-02T12:53:13","modified_gmt":"2015-10-02T12:53:13","slug":"funiber-facebook-um-bilhao-de-pessoas-conectadas-no-mesmo-dia","status":"publish","type":"post","link":"https:\/\/www.funiber.blog\/pt\/tecnologias-tic\/2015\/10\/02\/funiber-facebook-um-bilhao-de-pessoas-conectadas-no-mesmo-dia","title":{"rendered":"Facebook: um bilh\u00e3o de pessoas conectadas no mesmo dia"},"content":{"rendered":"<p><strong>O <a href=\"https:\/\/www.facebook.com\/\" target=\"_blank\">Facebook<\/a> conseguiu conectar pela primeira vez um bilh\u00e3o de pessoas em um mesmo dia<\/strong>. Isso significa que, no dia 24 de agosto de 2015, uma a cada sete pessoas do mundo utilizou o Facebook em alguma momento, tanto para compartilhar coisas como para acompanhar conte\u00fados publicados por outros usu\u00e1rios.<!--more--><\/p>\n<p>Mesmo que a empresa registre normalmente um movimento elevado, de cerca de 968 milh\u00f5es de usu\u00e1rios ativos por dia, chegar a um bilh\u00e3o de pessoas conectadas em um mesmo dia \u00e9 um marco muito importante.<\/p>\n<p>Para comemor\u00e1-lo, o cofundador e CEO da empresa <a href=\"http:\/\/www.biography.com\/people\/mark-zuckerberg-507402\" target=\"_blank\">Mark Zuckerberg<\/a> publicou em seu perfil no Facebook um <a href=\"https:\/\/www.facebook.com\/zuck\/videos\/10102329253030051\/\" target=\"_blank\">v\u00eddeo<\/a> que enaltece o recorde e celebra o aumento da conectividade entre as pessoas. \u201c\u00c9 a primeira vez que alcan\u00e7amos este marco e <strong>isto \u00e9 apenas o come\u00e7o na busca por conectar todo o mundo<\/strong>. Um mundo mais conectado e aberto \u00e9 um mundo melhor. Constr\u00f3i rela\u00e7\u00f5es mais fortes com aqueles que voc\u00ea ama, uma economia com mais oportunidades e uma sociedade que refle todos os nosso valores\u201d, afirma.<\/p>\n<p>Outro motivo de comemora\u00e7\u00e3o para o grupo \u00e9 o n\u00famero que o Instagram, comprado pelo Facebook em 2012, atingiu recentemente: 400 milh\u00f5es de usu\u00e1rios, superando o Twitter, que tem 316 milh\u00f5es de contas ativas. De todos os seus usu\u00e1rios, 75% est\u00e1 fora dos Estados Unidos, sendo que os pa\u00edses que mais contribu\u00edram para o aumento nos \u00faltimos meses foram o Brasil, o Jap\u00e3o e a Indon\u00e9sia. A plataforma foi lan\u00e7ada em 2010 e registra a publica\u00e7\u00e3o de 80 milh\u00f5es de novas imagens por dia.<\/p>\n<p>Esses n\u00fameros mostram a import\u00e2ncia crescente das redes sociais e das TIC em todo o mundo. Ciente disso, a <strong><a href=\"http:\/\/www.funiber.org.br\/\" target=\"_blank\">FUNIBER<\/a><\/strong> oferece diversos cursos na <strong><a href=\"http:\/\/www.funiber.org.br\/areas-de-conhecimento\/tecnologias-da-informacao\/\" target=\"_blank\">\u00e1rea de Tecnologia<\/a><\/strong>, com a inten\u00e7\u00e3o de preparar seus alunos para uma sociedade cada vez mais conectada.<\/p>\n<p>Fontes: <a href=\"http:\/\/fnbr.es\/1kz\" target=\"_blank\">http:\/\/fnbr.es\/1kz<\/a>, <a href=\"http:\/\/fnbr.es\/1l1\" target=\"_blank\">http:\/\/fnbr.es\/1l1<\/a><\/p>\n<p>Fotografia: Alguns direitos reservados por <a href=\"https:\/\/www.flickr.com\/photos\/spencereholtaway\/3376955055\" target=\"_blank\">Spencer E Holtaway<\/a><\/p>\n","protected":false},"excerpt":{"rendered":"<p>O Facebook conseguiu conectar pela primeira vez um bilh\u00e3o de pessoas em um mesmo dia. Isso significa que, no dia 24 de agosto de 2015, uma a cada sete pessoas do mundo utilizou o Facebook em alguma momento, tanto para compartilhar coisas como para acompanhar conte\u00fados publicados por outros usu\u00e1rios.<\/p>\n","protected":false},"author":16,"featured_media":7951,"comment_status":"closed","ping_status":"closed","sticky":false,"template":"","format":"standard","meta":{"jetpack_post_was_ever_published":false,"_jetpack_newsletter_access":"","_jetpack_newsletter_tier_id":0,"footnotes":"","jetpack_publicize_message":"","jetpack_is_tweetstorm":false,"jetpack_publicize_feature_enabled":true,"jetpack_social_post_already_shared":false,"jetpack_social_options":{"image_generator_settings":{"template":"highway","enabled":false}}},"categories":[6],"tags":[285,408,248,641,255,61,26],"jetpack_publicize_connections":[],"yoast_head":"<!-- This site is optimized with the Yoast SEO plugin v21.7 - https:\/\/yoast.com\/wordpress\/plugins\/seo\/ -->\n<title>Facebook: um bilh\u00e3o de pessoas conectadas no mesmo dia - FuniBlogs - FUNIBER<\/title>\n<meta name=\"description\" content=\"Facebook registra a marca de um bilh\u00e3o de pessoas conectadas num mesmo dia.\" \/>\n<meta name=\"robots\" content=\"index, follow, max-snippet:-1, max-image-preview:large, max-video-preview:-1\" \/>\n<link rel=\"canonical\" href=\"https:\/\/blogs.funiber.org\/pt\/tecnologias-tic\/2015\/10\/02\/funiber-facebook-um-bilhao-de-pessoas-conectadas-no-mesmo-dia\" \/>\n<meta property=\"og:locale\" content=\"pt_BR\" \/>\n<meta property=\"og:type\" content=\"article\" \/>\n<meta property=\"og:title\" content=\"Facebook: um bilh\u00e3o de pessoas conectadas no mesmo dia - FuniBlogs - FUNIBER\" \/>\n<meta property=\"og:description\" content=\"Facebook registra a marca de um bilh\u00e3o de pessoas conectadas num mesmo dia.\" \/>\n<meta property=\"og:url\" content=\"https:\/\/blogs.funiber.org\/pt\/tecnologias-tic\/2015\/10\/02\/funiber-facebook-um-bilhao-de-pessoas-conectadas-no-mesmo-dia\" \/>\n<meta property=\"og:site_name\" content=\"FuniBlogs - FUNIBER\" \/>\n<meta property=\"article:publisher\" content=\"https:\/\/www.facebook.com\/funiber\" \/>\n<meta property=\"article:published_time\" content=\"2015-10-02T12:49:35+00:00\" \/>\n<meta property=\"article:modified_time\" content=\"2015-10-02T12:53:13+00:00\" \/>\n<meta property=\"og:image\" content=\"https:\/\/blogs.funiber.org\/pt\/wp-content\/uploads\/2015\/10\/funiber-facebook.jpg\" \/>\n\t<meta property=\"og:image:width\" content=\"640\" \/>\n\t<meta property=\"og:image:height\" content=\"426\" \/>\n\t<meta property=\"og:image:type\" content=\"image\/jpeg\" \/>\n<meta name=\"author\" content=\"Mariana Dornelles\" \/>\n<meta name=\"twitter:card\" content=\"summary_large_image\" \/>\n<meta name=\"twitter:creator\" content=\"@FUNIBER\" \/>\n<meta name=\"twitter:site\" content=\"@FUNIBER\" \/>\n<meta name=\"twitter:label1\" content=\"Escrito por\" \/>\n\t<meta name=\"twitter:data1\" content=\"Mariana Dornelles\" \/>\n\t<meta name=\"twitter:label2\" content=\"Est. tempo de leitura\" \/>\n\t<meta name=\"twitter:data2\" content=\"2 minutos\" \/>\n<script type=\"application\/ld+json\" class=\"yoast-schema-graph\">{\"@context\":\"https:\/\/schema.org\",\"@graph\":[{\"@type\":\"Article\",\"@id\":\"https:\/\/blogs.funiber.org\/pt\/tecnologias-tic\/2015\/10\/02\/funiber-facebook-um-bilhao-de-pessoas-conectadas-no-mesmo-dia#article\",\"isPartOf\":{\"@id\":\"https:\/\/blogs.funiber.org\/pt\/tecnologias-tic\/2015\/10\/02\/funiber-facebook-um-bilhao-de-pessoas-conectadas-no-mesmo-dia\"},\"author\":{\"name\":\"Mariana Dornelles\",\"@id\":\"https:\/\/blogs.funiber.org\/pt\/#\/schema\/person\/cebedd0aef5286687ce641276452c76d\"},\"headline\":\"Facebook: um bilh\u00e3o de pessoas conectadas no mesmo dia\",\"datePublished\":\"2015-10-02T12:49:35+00:00\",\"dateModified\":\"2015-10-02T12:53:13+00:00\",\"mainEntityOfPage\":{\"@id\":\"https:\/\/blogs.funiber.org\/pt\/tecnologias-tic\/2015\/10\/02\/funiber-facebook-um-bilhao-de-pessoas-conectadas-no-mesmo-dia\"},\"wordCount\":337,\"publisher\":{\"@id\":\"https:\/\/blogs.funiber.org\/pt\/#organization\"},\"keywords\":[\"Educa\u00e7\u00e3o\",\"Educa\u00e7\u00e3o a Dist\u00e2ncia\",\"Funiber\",\"Opini\u00e3o FUNIBER\",\"Opini\u00f5es Funiber\",\"Redes Sociais\",\"tecnologia\"],\"articleSection\":[\"Tecnologias TIC\"],\"inLanguage\":\"pt-BR\"},{\"@type\":\"WebPage\",\"@id\":\"https:\/\/blogs.funiber.org\/pt\/tecnologias-tic\/2015\/10\/02\/funiber-facebook-um-bilhao-de-pessoas-conectadas-no-mesmo-dia\",\"url\":\"https:\/\/blogs.funiber.org\/pt\/tecnologias-tic\/2015\/10\/02\/funiber-facebook-um-bilhao-de-pessoas-conectadas-no-mesmo-dia\",\"name\":\"Facebook: um bilh\u00e3o de pessoas conectadas no mesmo dia - FuniBlogs - FUNIBER\",\"isPartOf\":{\"@id\":\"https:\/\/blogs.funiber.org\/pt\/#website\"},\"datePublished\":\"2015-10-02T12:49:35+00:00\",\"dateModified\":\"2015-10-02T12:53:13+00:00\",\"description\":\"Facebook registra a marca de um bilh\u00e3o de pessoas conectadas num mesmo dia.\",\"breadcrumb\":{\"@id\":\"https:\/\/blogs.funiber.org\/pt\/tecnologias-tic\/2015\/10\/02\/funiber-facebook-um-bilhao-de-pessoas-conectadas-no-mesmo-dia#breadcrumb\"},\"inLanguage\":\"pt-BR\",\"potentialAction\":[{\"@type\":\"ReadAction\",\"target\":[\"https:\/\/blogs.funiber.org\/pt\/tecnologias-tic\/2015\/10\/02\/funiber-facebook-um-bilhao-de-pessoas-conectadas-no-mesmo-dia\"]}]},{\"@type\":\"BreadcrumbList\",\"@id\":\"https:\/\/blogs.funiber.org\/pt\/tecnologias-tic\/2015\/10\/02\/funiber-facebook-um-bilhao-de-pessoas-conectadas-no-mesmo-dia#breadcrumb\",\"itemListElement\":[{\"@type\":\"ListItem\",\"position\":1,\"name\":\"In\u00edcio\",\"item\":\"https:\/\/blogs.funiber.org\/pt\"},{\"@type\":\"ListItem\",\"position\":2,\"name\":\"Facebook: um bilh\u00e3o de pessoas conectadas no mesmo dia\"}]},{\"@type\":\"WebSite\",\"@id\":\"https:\/\/blogs.funiber.org\/pt\/#website\",\"url\":\"https:\/\/blogs.funiber.org\/pt\/\",\"name\":\"FuniBlogs - FUNIBER\",\"description\":\"\",\"publisher\":{\"@id\":\"https:\/\/blogs.funiber.org\/pt\/#organization\"},\"potentialAction\":[{\"@type\":\"SearchAction\",\"target\":{\"@type\":\"EntryPoint\",\"urlTemplate\":\"https:\/\/blogs.funiber.org\/pt\/?s={search_term_string}\"},\"query-input\":\"required name=search_term_string\"}],\"inLanguage\":\"pt-BR\"},{\"@type\":\"Organization\",\"@id\":\"https:\/\/blogs.funiber.org\/pt\/#organization\",\"name\":\"FuniBlogs - FUNIBER\",\"url\":\"https:\/\/blogs.funiber.org\/pt\/\",\"logo\":{\"@type\":\"ImageObject\",\"inLanguage\":\"pt-BR\",\"@id\":\"https:\/\/blogs.funiber.org\/pt\/#\/schema\/logo\/image\/\",\"url\":\"https:\/\/www.funiber.blog\/pt\/wp-content\/uploads\/2022\/02\/logo-funiber-pt-br-v-dos.svg\",\"contentUrl\":\"https:\/\/www.funiber.blog\/pt\/wp-content\/uploads\/2022\/02\/logo-funiber-pt-br-v-dos.svg\",\"width\":1,\"height\":1,\"caption\":\"FuniBlogs - FUNIBER\"},\"image\":{\"@id\":\"https:\/\/blogs.funiber.org\/pt\/#\/schema\/logo\/image\/\"},\"sameAs\":[\"https:\/\/www.facebook.com\/funiber\",\"https:\/\/twitter.com\/FUNIBER\",\"https:\/\/www.instagram.com\/funiber_becas\",\"https:\/\/www.youtube.com\/user\/funiber\",\"https:\/\/www.linkedin.com\/company\/funiber\"]},{\"@type\":\"Person\",\"@id\":\"https:\/\/blogs.funiber.org\/pt\/#\/schema\/person\/cebedd0aef5286687ce641276452c76d\",\"name\":\"Mariana Dornelles\",\"image\":{\"@type\":\"ImageObject\",\"inLanguage\":\"pt-BR\",\"@id\":\"https:\/\/blogs.funiber.org\/pt\/#\/schema\/person\/image\/\",\"url\":\"https:\/\/secure.gravatar.com\/avatar\/2fbaa65ea908e82807b005c351db3c9d?s=96&d=mm&r=g\",\"contentUrl\":\"https:\/\/secure.gravatar.com\/avatar\/2fbaa65ea908e82807b005c351db3c9d?s=96&d=mm&r=g\",\"caption\":\"Mariana Dornelles\"},\"url\":\"https:\/\/www.funiber.blog\/pt\/author\/mariana-dornelles\"}]}<\/script>\n<!-- \/ Yoast SEO plugin. -->","yoast_head_json":{"title":"Facebook: um bilh\u00e3o de pessoas conectadas no mesmo dia - FuniBlogs - FUNIBER","description":"Facebook registra a marca de um bilh\u00e3o de pessoas conectadas num mesmo dia.","robots":{"index":"index","follow":"follow","max-snippet":"max-snippet:-1","max-image-preview":"max-image-preview:large","max-video-preview":"max-video-preview:-1"},"canonical":"https:\/\/blogs.funiber.org\/pt\/tecnologias-tic\/2015\/10\/02\/funiber-facebook-um-bilhao-de-pessoas-conectadas-no-mesmo-dia","og_locale":"pt_BR","og_type":"article","og_title":"Facebook: um bilh\u00e3o de pessoas conectadas no mesmo dia - FuniBlogs - FUNIBER","og_description":"Facebook registra a marca de um bilh\u00e3o de pessoas conectadas num mesmo dia.","og_url":"https:\/\/blogs.funiber.org\/pt\/tecnologias-tic\/2015\/10\/02\/funiber-facebook-um-bilhao-de-pessoas-conectadas-no-mesmo-dia","og_site_name":"FuniBlogs - FUNIBER","article_publisher":"https:\/\/www.facebook.com\/funiber","article_published_time":"2015-10-02T12:49:35+00:00","article_modified_time":"2015-10-02T12:53:13+00:00","og_image":[{"width":640,"height":426,"url":"https:\/\/blogs.funiber.org\/pt\/wp-content\/uploads\/2015\/10\/funiber-facebook.jpg","type":"image\/jpeg"}],"author":"Mariana Dornelles","twitter_card":"summary_large_image","twitter_creator":"@FUNIBER","twitter_site":"@FUNIBER","twitter_misc":{"Escrito por":"Mariana Dornelles","Est. tempo de leitura":"2 minutos"},"schema":{"@context":"https:\/\/schema.org","@graph":[{"@type":"Article","@id":"https:\/\/blogs.funiber.org\/pt\/tecnologias-tic\/2015\/10\/02\/funiber-facebook-um-bilhao-de-pessoas-conectadas-no-mesmo-dia#article","isPartOf":{"@id":"https:\/\/blogs.funiber.org\/pt\/tecnologias-tic\/2015\/10\/02\/funiber-facebook-um-bilhao-de-pessoas-conectadas-no-mesmo-dia"},"author":{"name":"Mariana Dornelles","@id":"https:\/\/blogs.funiber.org\/pt\/#\/schema\/person\/cebedd0aef5286687ce641276452c76d"},"headline":"Facebook: um bilh\u00e3o de pessoas conectadas no mesmo dia","datePublished":"2015-10-02T12:49:35+00:00","dateModified":"2015-10-02T12:53:13+00:00","mainEntityOfPage":{"@id":"https:\/\/blogs.funiber.org\/pt\/tecnologias-tic\/2015\/10\/02\/funiber-facebook-um-bilhao-de-pessoas-conectadas-no-mesmo-dia"},"wordCount":337,"publisher":{"@id":"https:\/\/blogs.funiber.org\/pt\/#organization"},"keywords":["Educa\u00e7\u00e3o","Educa\u00e7\u00e3o a Dist\u00e2ncia","Funiber","Opini\u00e3o FUNIBER","Opini\u00f5es Funiber","Redes Sociais","tecnologia"],"articleSection":["Tecnologias TIC"],"inLanguage":"pt-BR"},{"@type":"WebPage","@id":"https:\/\/blogs.funiber.org\/pt\/tecnologias-tic\/2015\/10\/02\/funiber-facebook-um-bilhao-de-pessoas-conectadas-no-mesmo-dia","url":"https:\/\/blogs.funiber.org\/pt\/tecnologias-tic\/2015\/10\/02\/funiber-facebook-um-bilhao-de-pessoas-conectadas-no-mesmo-dia","name":"Facebook: um bilh\u00e3o de pessoas conectadas no mesmo dia - FuniBlogs - FUNIBER","isPartOf":{"@id":"https:\/\/blogs.funiber.org\/pt\/#website"},"datePublished":"2015-10-02T12:49:35+00:00","dateModified":"2015-10-02T12:53:13+00:00","description":"Facebook registra a marca de um bilh\u00e3o de pessoas conectadas num mesmo dia.","breadcrumb":{"@id":"https:\/\/blogs.funiber.org\/pt\/tecnologias-tic\/2015\/10\/02\/funiber-facebook-um-bilhao-de-pessoas-conectadas-no-mesmo-dia#breadcrumb"},"inLanguage":"pt-BR","potentialAction":[{"@type":"ReadAction","target":["https:\/\/blogs.funiber.org\/pt\/tecnologias-tic\/2015\/10\/02\/funiber-facebook-um-bilhao-de-pessoas-conectadas-no-mesmo-dia"]}]},{"@type":"BreadcrumbList","@id":"https:\/\/blogs.funiber.org\/pt\/tecnologias-tic\/2015\/10\/02\/funiber-facebook-um-bilhao-de-pessoas-conectadas-no-mesmo-dia#breadcrumb","itemListElement":[{"@type":"ListItem","position":1,"name":"In\u00edcio","item":"https:\/\/blogs.funiber.org\/pt"},{"@type":"ListItem","position":2,"name":"Facebook: um bilh\u00e3o de pessoas conectadas no mesmo dia"}]},{"@type":"WebSite","@id":"https:\/\/blogs.funiber.org\/pt\/#website","url":"https:\/\/blogs.funiber.org\/pt\/","name":"FuniBlogs - FUNIBER","description":"","publisher":{"@id":"https:\/\/blogs.funiber.org\/pt\/#organization"},"potentialAction":[{"@type":"SearchAction","target":{"@type":"EntryPoint","urlTemplate":"https:\/\/blogs.funiber.org\/pt\/?s={search_term_string}"},"query-input":"required name=search_term_string"}],"inLanguage":"pt-BR"},{"@type":"Organization","@id":"https:\/\/blogs.funiber.org\/pt\/#organization","name":"FuniBlogs - FUNIBER","url":"https:\/\/blogs.funiber.org\/pt\/","logo":{"@type":"ImageObject","inLanguage":"pt-BR","@id":"https:\/\/blogs.funiber.org\/pt\/#\/schema\/logo\/image\/","url":"https:\/\/www.funiber.blog\/pt\/wp-content\/uploads\/2022\/02\/logo-funiber-pt-br-v-dos.svg","contentUrl":"https:\/\/www.funiber.blog\/pt\/wp-content\/uploads\/2022\/02\/logo-funiber-pt-br-v-dos.svg","width":1,"height":1,"caption":"FuniBlogs - FUNIBER"},"image":{"@id":"https:\/\/blogs.funiber.org\/pt\/#\/schema\/logo\/image\/"},"sameAs":["https:\/\/www.facebook.com\/funiber","https:\/\/twitter.com\/FUNIBER","https:\/\/www.instagram.com\/funiber_becas","https:\/\/www.youtube.com\/user\/funiber","https:\/\/www.linkedin.com\/company\/funiber"]},{"@type":"Person","@id":"https:\/\/blogs.funiber.org\/pt\/#\/schema\/person\/cebedd0aef5286687ce641276452c76d","name":"Mariana Dornelles","image":{"@type":"ImageObject","inLanguage":"pt-BR","@id":"https:\/\/blogs.funiber.org\/pt\/#\/schema\/person\/image\/","url":"https:\/\/secure.gravatar.com\/avatar\/2fbaa65ea908e82807b005c351db3c9d?s=96&d=mm&r=g","contentUrl":"https:\/\/secure.gravatar.com\/avatar\/2fbaa65ea908e82807b005c351db3c9d?s=96&d=mm&r=g","caption":"Mariana Dornelles"},"url":"https:\/\/www.funiber.blog\/pt\/author\/mariana-dornelles"}]}},"jetpack_featured_media_url":"https:\/\/www.funiber.blog\/pt\/wp-content\/uploads\/2015\/10\/funiber-facebook.jpg","jetpack_shortlink":"https:\/\/wp.me\/p7ee1t-24d","jetpack_sharing_enabled":true,"_links":{"self":[{"href":"https:\/\/www.funiber.blog\/pt\/wp-json\/wp\/v2\/posts\/7949"}],"collection":[{"href":"https:\/\/www.funiber.blog\/pt\/wp-json\/wp\/v2\/posts"}],"about":[{"href":"https:\/\/www.funiber.blog\/pt\/wp-json\/wp\/v2\/types\/post"}],"author":[{"embeddable":true,"href":"https:\/\/www.funiber.blog\/pt\/wp-json\/wp\/v2\/users\/16"}],"replies":[{"embeddable":true,"href":"https:\/\/www.funiber.blog\/pt\/wp-json\/wp\/v2\/comments?post=7949"}],"version-history":[{"count":4,"href":"https:\/\/www.funiber.blog\/pt\/wp-json\/wp\/v2\/posts\/7949\/revisions"}],"predecessor-version":[{"id":7954,"href":"https:\/\/www.funiber.blog\/pt\/wp-json\/wp\/v2\/posts\/7949\/revisions\/7954"}],"wp:featuredmedia":[{"embeddable":true,"href":"https:\/\/www.funiber.blog\/pt\/wp-json\/wp\/v2\/media\/7951"}],"wp:attachment":[{"href":"https:\/\/www.funiber.blog\/pt\/wp-json\/wp\/v2\/media?parent=7949"}],"wp:term":[{"taxonomy":"category","embeddable":true,"href":"https:\/\/www.funiber.blog\/pt\/wp-json\/wp\/v2\/categories?post=7949"},{"taxonomy":"post_tag","embeddable":true,"href":"https:\/\/www.funiber.blog\/pt\/wp-json\/wp\/v2\/tags?post=7949"}],"curies":[{"name":"wp","href":"https:\/\/api.w.org\/{rel}","templated":true}]}}