{"id":7957,"date":"2015-10-05T13:04:14","date_gmt":"2015-10-05T13:04:14","guid":{"rendered":"http:\/\/blogs.funiber.org\/pt\/?p=7957"},"modified":"2015-10-05T13:04:14","modified_gmt":"2015-10-05T13:04:14","slug":"funiber-mexico-debate-inovacao-educativa","status":"publish","type":"post","link":"https:\/\/www.funiber.blog\/pt\/formacao-professores\/2015\/10\/05\/funiber-mexico-debate-inovacao-educativa","title":{"rendered":"M\u00e9xico debate inova\u00e7\u00e3o educativa"},"content":{"rendered":"<p>Nos \u00faltimos anos o conceito de inova\u00e7\u00e3o foi incorporado em v\u00e1rios setores da sociedade, principalmente naqueles que dependem da criatividade e da adapta\u00e7\u00e3o constante para se manterem atualizados e atrativos para os seus usu\u00e1rios.<\/p>\n<p>No contexto educativo n\u00e3o foi diferente. Atualmente pesquisadores, profissionais e institui\u00e7\u00f5es do mundo inteiro debatem e experimentam t\u00e9cnicas que pretendem estabelecer novas maneiras de entender a educa\u00e7\u00e3o e os processos de aprendizagem.<!--more--><\/p>\n<p>Para ampliar o debate sobre inova\u00e7\u00f5es na Educa\u00e7\u00e3o, o Tecnol\u00f3gico de Monterrey da Cidade do M\u00e9xico sediar\u00e1 o <strong><a href=\"http:\/\/ciie.mx\/\" target=\"_blank\">2\u00ba Congresso Internacional de Inova\u00e7\u00e3o Educativa<\/a><\/strong>, entre os dias 14 e 16 de dezembro de 2015. Com a tem\u00e1tica <strong><em><a href=\"https:\/\/www.youtube.com\/watch?t=1&amp;v=c7HyBKUg5jo\" target=\"_blank\">Transformando a educa\u00e7\u00e3o para os desafios do futuro<\/a><\/em><\/strong>, pretende mostrar aos participantes as tend\u00eancias e as pr\u00e1ticas que est\u00e3o revolucionando a educa\u00e7\u00e3o no mundo.<\/p>\n<p>O objetivo do Congresso \u00e9 fomentar e facilitar a experimenta\u00e7\u00e3o e a inova\u00e7\u00e3o entre professores, empreendedores, gestores e todos aqueles interessados em educa\u00e7\u00e3o, aproximando-os das melhores experi\u00eancias do M\u00e9xico e do mundo, por meio da participa\u00e7\u00e3o de especialistas e educadores que realizam pr\u00e1ticas de inova\u00e7\u00e3o educativa.<\/p>\n<p>Durante o evento, ser\u00e3o tratados os temas mais recentes e presentes nas novas pr\u00e1ticas educativas, tais como: <em><a href=\"https:\/\/www.youtube.com\/watch?v=Bdd_Dr7QUQ4\" target=\"_blank\">Flipped Classroom<\/a><\/em>, <a href=\"http:\/\/www.researchgate.net\/profile\/Fabio_Alves10\/publication\/269995356_A_gamificao_na_educao_um_panorama_do_fenmeno_em_ambientes_virtuais_de_aprendizagem\/links\/549daebb0cf2d6581ab64025.pdf\" target=\"_blank\">gamifica\u00e7\u00e3o<\/a>, aprendizagem baseada em compet\u00eancias, aprendizagem h\u00edbrida, aprendizagem flex\u00edvel e personalizada, aprendizagem experiencial, aprendizagem ativa, aprendizagem baseada em desafios, <a href=\"http:\/\/apliedu.xtec.cat\/wikiform\/wikiexport\/_media\/cursos\/tic\/d006\/modul_1\/conectivismo.pdf\" target=\"_blank\">conectivismo<\/a> e <em>Social Learning<\/em>, avalia\u00e7\u00e3o da aprendizagem construtiva, o novo curr\u00edculo, Open Access (pr\u00e1ticas, recursos, etc.), aprendizagem m\u00f3vel, multidisciplinar e <a href=\"http:\/\/www.ecointeligencia.com\/2013\/07\/conoces-en-que-consiste-el-movimiento-maker\/\" target=\"_blank\">movimento <em>makers<\/em><\/a>.<\/p>\n<p>Participar\u00e3o do Congresso especialistas com reconhecimento internacional, al\u00e9m de reitores de universidades e ministros da Educa\u00e7\u00e3o de diferentes pa\u00edses. O <a href=\"http:\/\/ciie.mx\/programa-general\/\" target=\"_blank\">programa<\/a> conta com confer\u00eancias sobre pr\u00e1ticas inovadoras, oficinas realizadas por empresas especialistas em tecnologia educativa, apresenta\u00e7\u00e3o de livros, uma feira de inova\u00e7\u00e3o com a presen\u00e7a de empresas e institui\u00e7\u00f5es l\u00edderes em inova\u00e7\u00e3o educativa, um processo criativo de gera\u00e7\u00e3o de ideais e eventos de networking.<\/p>\n<p>A <strong><a href=\"http:\/\/www.funiber.org.br\/\" target=\"_blank\">FUNIBER<\/a><\/strong> tamb\u00e9m aposta pela inova\u00e7\u00e3o nos processos de ensino e aprendizagem. Por meio do <strong><a href=\"http:\/\/www.funiber.org.br\/areas-de-conhecimento\/formacao-de-professores\/mestrado-em-educacao\/\" target=\"_blank\">Mestrado em Educa\u00e7\u00e3o<\/a><\/strong>, os educadores t\u00eam a poss\u00edvel de se aprofundar em temas que colaborem para a inova\u00e7\u00e3o educativa em sala de aula.<\/p>\n<p>Fonte: <a href=\"http:\/\/ciie.mx\/\" target=\"_blank\">http:\/\/ciie.mx\/<\/a><\/p>\n<p>Foto: <a href=\"https:\/\/www.jisc.ac.uk\/blog\/quick-wins-to-tackle-challenges-for-futher-education-and-skills-02-jul-2015\" target=\"_blank\">Alguns direitos reservados<\/a><\/p>\n","protected":false},"excerpt":{"rendered":"<p>Nos \u00faltimos anos o conceito de inova\u00e7\u00e3o foi incorporado em v\u00e1rios setores da sociedade, principalmente naqueles que dependem da criatividade e da adapta\u00e7\u00e3o constante para se manterem atualizados e atrativos para os seus usu\u00e1rios. No contexto educativo n\u00e3o foi diferente. Atualmente pesquisadores, profissionais e institui\u00e7\u00f5es do mundo inteiro debatem e experimentam t\u00e9cnicas que pretendem estabelecer [&hellip;]<\/p>\n","protected":false},"author":16,"featured_media":7958,"comment_status":"closed","ping_status":"closed","sticky":false,"template":"","format":"standard","meta":{"jetpack_post_was_ever_published":false,"_jetpack_newsletter_access":"","_jetpack_newsletter_tier_id":0,"footnotes":"","jetpack_publicize_message":"","jetpack_is_tweetstorm":false,"jetpack_publicize_feature_enabled":true,"jetpack_social_post_already_shared":false,"jetpack_social_options":{"image_generator_settings":{"template":"highway","enabled":false}}},"categories":[5],"tags":[251,285,408,686,248,671,641,255],"jetpack_publicize_connections":[],"yoast_head":"<!-- This site is optimized with the Yoast SEO plugin v21.7 - https:\/\/yoast.com\/wordpress\/plugins\/seo\/ -->\n<title>M\u00e9xico debate inova\u00e7\u00e3o educativa - FuniBlogs - FUNIBER<\/title>\n<meta name=\"description\" content=\"Congresso Internacional no M\u00e9xico sobre inova\u00e7\u00e3o educativa.\" \/>\n<meta name=\"robots\" content=\"index, follow, max-snippet:-1, max-image-preview:large, max-video-preview:-1\" \/>\n<link rel=\"canonical\" href=\"https:\/\/blogs.funiber.org\/pt\/formacao-professores\/2015\/10\/05\/funiber-mexico-debate-inovacao-educativa\" \/>\n<meta property=\"og:locale\" content=\"pt_BR\" \/>\n<meta property=\"og:type\" content=\"article\" \/>\n<meta property=\"og:title\" content=\"M\u00e9xico debate inova\u00e7\u00e3o educativa - FuniBlogs - FUNIBER\" \/>\n<meta property=\"og:description\" content=\"Congresso Internacional no M\u00e9xico sobre inova\u00e7\u00e3o educativa.\" \/>\n<meta property=\"og:url\" content=\"https:\/\/blogs.funiber.org\/pt\/formacao-professores\/2015\/10\/05\/funiber-mexico-debate-inovacao-educativa\" \/>\n<meta property=\"og:site_name\" content=\"FuniBlogs - FUNIBER\" \/>\n<meta property=\"article:publisher\" content=\"https:\/\/www.facebook.com\/funiber\" \/>\n<meta property=\"article:published_time\" content=\"2015-10-05T13:04:14+00:00\" \/>\n<meta property=\"og:image\" content=\"https:\/\/blogs.funiber.org\/pt\/wp-content\/uploads\/2015\/10\/college-students.jpg\" \/>\n\t<meta property=\"og:image:width\" content=\"907\" \/>\n\t<meta property=\"og:image:height\" content=\"432\" \/>\n\t<meta property=\"og:image:type\" content=\"image\/jpeg\" \/>\n<meta name=\"author\" content=\"Mariana Dornelles\" \/>\n<meta name=\"twitter:card\" content=\"summary_large_image\" \/>\n<meta name=\"twitter:creator\" content=\"@FUNIBER\" \/>\n<meta name=\"twitter:site\" content=\"@FUNIBER\" \/>\n<meta name=\"twitter:label1\" content=\"Escrito por\" \/>\n\t<meta name=\"twitter:data1\" content=\"Mariana Dornelles\" \/>\n\t<meta name=\"twitter:label2\" content=\"Est. tempo de leitura\" \/>\n\t<meta name=\"twitter:data2\" content=\"2 minutos\" \/>\n<script type=\"application\/ld+json\" class=\"yoast-schema-graph\">{\"@context\":\"https:\/\/schema.org\",\"@graph\":[{\"@type\":\"Article\",\"@id\":\"https:\/\/blogs.funiber.org\/pt\/formacao-professores\/2015\/10\/05\/funiber-mexico-debate-inovacao-educativa#article\",\"isPartOf\":{\"@id\":\"https:\/\/blogs.funiber.org\/pt\/formacao-professores\/2015\/10\/05\/funiber-mexico-debate-inovacao-educativa\"},\"author\":{\"name\":\"Mariana Dornelles\",\"@id\":\"https:\/\/blogs.funiber.org\/pt\/#\/schema\/person\/cebedd0aef5286687ce641276452c76d\"},\"headline\":\"M\u00e9xico debate inova\u00e7\u00e3o educativa\",\"datePublished\":\"2015-10-05T13:04:14+00:00\",\"dateModified\":\"2015-10-05T13:04:14+00:00\",\"mainEntityOfPage\":{\"@id\":\"https:\/\/blogs.funiber.org\/pt\/formacao-professores\/2015\/10\/05\/funiber-mexico-debate-inovacao-educativa\"},\"wordCount\":400,\"publisher\":{\"@id\":\"https:\/\/blogs.funiber.org\/pt\/#organization\"},\"keywords\":[\"Congresso\",\"Educa\u00e7\u00e3o\",\"Educa\u00e7\u00e3o a Dist\u00e2ncia\",\"Forma\u00e7\u00e3o de Professores\",\"Funiber\",\"mestrado\",\"Opini\u00e3o FUNIBER\",\"Opini\u00f5es Funiber\"],\"articleSection\":[\"Educa\u00e7\u00e3o,\u00a0Forma\u00e7\u00e3o Professores\"],\"inLanguage\":\"pt-BR\"},{\"@type\":\"WebPage\",\"@id\":\"https:\/\/blogs.funiber.org\/pt\/formacao-professores\/2015\/10\/05\/funiber-mexico-debate-inovacao-educativa\",\"url\":\"https:\/\/blogs.funiber.org\/pt\/formacao-professores\/2015\/10\/05\/funiber-mexico-debate-inovacao-educativa\",\"name\":\"M\u00e9xico debate inova\u00e7\u00e3o educativa - FuniBlogs - FUNIBER\",\"isPartOf\":{\"@id\":\"https:\/\/blogs.funiber.org\/pt\/#website\"},\"datePublished\":\"2015-10-05T13:04:14+00:00\",\"dateModified\":\"2015-10-05T13:04:14+00:00\",\"description\":\"Congresso Internacional no M\u00e9xico sobre inova\u00e7\u00e3o educativa.\",\"breadcrumb\":{\"@id\":\"https:\/\/blogs.funiber.org\/pt\/formacao-professores\/2015\/10\/05\/funiber-mexico-debate-inovacao-educativa#breadcrumb\"},\"inLanguage\":\"pt-BR\",\"potentialAction\":[{\"@type\":\"ReadAction\",\"target\":[\"https:\/\/blogs.funiber.org\/pt\/formacao-professores\/2015\/10\/05\/funiber-mexico-debate-inovacao-educativa\"]}]},{\"@type\":\"BreadcrumbList\",\"@id\":\"https:\/\/blogs.funiber.org\/pt\/formacao-professores\/2015\/10\/05\/funiber-mexico-debate-inovacao-educativa#breadcrumb\",\"itemListElement\":[{\"@type\":\"ListItem\",\"position\":1,\"name\":\"In\u00edcio\",\"item\":\"https:\/\/blogs.funiber.org\/pt\"},{\"@type\":\"ListItem\",\"position\":2,\"name\":\"M\u00e9xico debate inova\u00e7\u00e3o educativa\"}]},{\"@type\":\"WebSite\",\"@id\":\"https:\/\/blogs.funiber.org\/pt\/#website\",\"url\":\"https:\/\/blogs.funiber.org\/pt\/\",\"name\":\"FuniBlogs - FUNIBER\",\"description\":\"\",\"publisher\":{\"@id\":\"https:\/\/blogs.funiber.org\/pt\/#organization\"},\"potentialAction\":[{\"@type\":\"SearchAction\",\"target\":{\"@type\":\"EntryPoint\",\"urlTemplate\":\"https:\/\/blogs.funiber.org\/pt\/?s={search_term_string}\"},\"query-input\":\"required name=search_term_string\"}],\"inLanguage\":\"pt-BR\"},{\"@type\":\"Organization\",\"@id\":\"https:\/\/blogs.funiber.org\/pt\/#organization\",\"name\":\"FuniBlogs - FUNIBER\",\"url\":\"https:\/\/blogs.funiber.org\/pt\/\",\"logo\":{\"@type\":\"ImageObject\",\"inLanguage\":\"pt-BR\",\"@id\":\"https:\/\/blogs.funiber.org\/pt\/#\/schema\/logo\/image\/\",\"url\":\"https:\/\/www.funiber.blog\/pt\/wp-content\/uploads\/2022\/02\/logo-funiber-pt-br-v-dos.svg\",\"contentUrl\":\"https:\/\/www.funiber.blog\/pt\/wp-content\/uploads\/2022\/02\/logo-funiber-pt-br-v-dos.svg\",\"width\":1,\"height\":1,\"caption\":\"FuniBlogs - FUNIBER\"},\"image\":{\"@id\":\"https:\/\/blogs.funiber.org\/pt\/#\/schema\/logo\/image\/\"},\"sameAs\":[\"https:\/\/www.facebook.com\/funiber\",\"https:\/\/twitter.com\/FUNIBER\",\"https:\/\/www.instagram.com\/funiber_becas\",\"https:\/\/www.youtube.com\/user\/funiber\",\"https:\/\/www.linkedin.com\/company\/funiber\"]},{\"@type\":\"Person\",\"@id\":\"https:\/\/blogs.funiber.org\/pt\/#\/schema\/person\/cebedd0aef5286687ce641276452c76d\",\"name\":\"Mariana Dornelles\",\"image\":{\"@type\":\"ImageObject\",\"inLanguage\":\"pt-BR\",\"@id\":\"https:\/\/blogs.funiber.org\/pt\/#\/schema\/person\/image\/\",\"url\":\"https:\/\/secure.gravatar.com\/avatar\/2fbaa65ea908e82807b005c351db3c9d?s=96&d=mm&r=g\",\"contentUrl\":\"https:\/\/secure.gravatar.com\/avatar\/2fbaa65ea908e82807b005c351db3c9d?s=96&d=mm&r=g\",\"caption\":\"Mariana Dornelles\"},\"url\":\"https:\/\/www.funiber.blog\/pt\/author\/mariana-dornelles\"}]}<\/script>\n<!-- \/ Yoast SEO plugin. -->","yoast_head_json":{"title":"M\u00e9xico debate inova\u00e7\u00e3o educativa - FuniBlogs - FUNIBER","description":"Congresso Internacional no M\u00e9xico sobre inova\u00e7\u00e3o educativa.","robots":{"index":"index","follow":"follow","max-snippet":"max-snippet:-1","max-image-preview":"max-image-preview:large","max-video-preview":"max-video-preview:-1"},"canonical":"https:\/\/blogs.funiber.org\/pt\/formacao-professores\/2015\/10\/05\/funiber-mexico-debate-inovacao-educativa","og_locale":"pt_BR","og_type":"article","og_title":"M\u00e9xico debate inova\u00e7\u00e3o educativa - FuniBlogs - FUNIBER","og_description":"Congresso Internacional no M\u00e9xico sobre inova\u00e7\u00e3o educativa.","og_url":"https:\/\/blogs.funiber.org\/pt\/formacao-professores\/2015\/10\/05\/funiber-mexico-debate-inovacao-educativa","og_site_name":"FuniBlogs - FUNIBER","article_publisher":"https:\/\/www.facebook.com\/funiber","article_published_time":"2015-10-05T13:04:14+00:00","og_image":[{"width":907,"height":432,"url":"https:\/\/blogs.funiber.org\/pt\/wp-content\/uploads\/2015\/10\/college-students.jpg","type":"image\/jpeg"}],"author":"Mariana Dornelles","twitter_card":"summary_large_image","twitter_creator":"@FUNIBER","twitter_site":"@FUNIBER","twitter_misc":{"Escrito por":"Mariana Dornelles","Est. tempo de leitura":"2 minutos"},"schema":{"@context":"https:\/\/schema.org","@graph":[{"@type":"Article","@id":"https:\/\/blogs.funiber.org\/pt\/formacao-professores\/2015\/10\/05\/funiber-mexico-debate-inovacao-educativa#article","isPartOf":{"@id":"https:\/\/blogs.funiber.org\/pt\/formacao-professores\/2015\/10\/05\/funiber-mexico-debate-inovacao-educativa"},"author":{"name":"Mariana Dornelles","@id":"https:\/\/blogs.funiber.org\/pt\/#\/schema\/person\/cebedd0aef5286687ce641276452c76d"},"headline":"M\u00e9xico debate inova\u00e7\u00e3o educativa","datePublished":"2015-10-05T13:04:14+00:00","dateModified":"2015-10-05T13:04:14+00:00","mainEntityOfPage":{"@id":"https:\/\/blogs.funiber.org\/pt\/formacao-professores\/2015\/10\/05\/funiber-mexico-debate-inovacao-educativa"},"wordCount":400,"publisher":{"@id":"https:\/\/blogs.funiber.org\/pt\/#organization"},"keywords":["Congresso","Educa\u00e7\u00e3o","Educa\u00e7\u00e3o a Dist\u00e2ncia","Forma\u00e7\u00e3o de Professores","Funiber","mestrado","Opini\u00e3o FUNIBER","Opini\u00f5es Funiber"],"articleSection":["Educa\u00e7\u00e3o,\u00a0Forma\u00e7\u00e3o Professores"],"inLanguage":"pt-BR"},{"@type":"WebPage","@id":"https:\/\/blogs.funiber.org\/pt\/formacao-professores\/2015\/10\/05\/funiber-mexico-debate-inovacao-educativa","url":"https:\/\/blogs.funiber.org\/pt\/formacao-professores\/2015\/10\/05\/funiber-mexico-debate-inovacao-educativa","name":"M\u00e9xico debate inova\u00e7\u00e3o educativa - FuniBlogs - FUNIBER","isPartOf":{"@id":"https:\/\/blogs.funiber.org\/pt\/#website"},"datePublished":"2015-10-05T13:04:14+00:00","dateModified":"2015-10-05T13:04:14+00:00","description":"Congresso Internacional no M\u00e9xico sobre inova\u00e7\u00e3o educativa.","breadcrumb":{"@id":"https:\/\/blogs.funiber.org\/pt\/formacao-professores\/2015\/10\/05\/funiber-mexico-debate-inovacao-educativa#breadcrumb"},"inLanguage":"pt-BR","potentialAction":[{"@type":"ReadAction","target":["https:\/\/blogs.funiber.org\/pt\/formacao-professores\/2015\/10\/05\/funiber-mexico-debate-inovacao-educativa"]}]},{"@type":"BreadcrumbList","@id":"https:\/\/blogs.funiber.org\/pt\/formacao-professores\/2015\/10\/05\/funiber-mexico-debate-inovacao-educativa#breadcrumb","itemListElement":[{"@type":"ListItem","position":1,"name":"In\u00edcio","item":"https:\/\/blogs.funiber.org\/pt"},{"@type":"ListItem","position":2,"name":"M\u00e9xico debate inova\u00e7\u00e3o educativa"}]},{"@type":"WebSite","@id":"https:\/\/blogs.funiber.org\/pt\/#website","url":"https:\/\/blogs.funiber.org\/pt\/","name":"FuniBlogs - FUNIBER","description":"","publisher":{"@id":"https:\/\/blogs.funiber.org\/pt\/#organization"},"potentialAction":[{"@type":"SearchAction","target":{"@type":"EntryPoint","urlTemplate":"https:\/\/blogs.funiber.org\/pt\/?s={search_term_string}"},"query-input":"required name=search_term_string"}],"inLanguage":"pt-BR"},{"@type":"Organization","@id":"https:\/\/blogs.funiber.org\/pt\/#organization","name":"FuniBlogs - FUNIBER","url":"https:\/\/blogs.funiber.org\/pt\/","logo":{"@type":"ImageObject","inLanguage":"pt-BR","@id":"https:\/\/blogs.funiber.org\/pt\/#\/schema\/logo\/image\/","url":"https:\/\/www.funiber.blog\/pt\/wp-content\/uploads\/2022\/02\/logo-funiber-pt-br-v-dos.svg","contentUrl":"https:\/\/www.funiber.blog\/pt\/wp-content\/uploads\/2022\/02\/logo-funiber-pt-br-v-dos.svg","width":1,"height":1,"caption":"FuniBlogs - FUNIBER"},"image":{"@id":"https:\/\/blogs.funiber.org\/pt\/#\/schema\/logo\/image\/"},"sameAs":["https:\/\/www.facebook.com\/funiber","https:\/\/twitter.com\/FUNIBER","https:\/\/www.instagram.com\/funiber_becas","https:\/\/www.youtube.com\/user\/funiber","https:\/\/www.linkedin.com\/company\/funiber"]},{"@type":"Person","@id":"https:\/\/blogs.funiber.org\/pt\/#\/schema\/person\/cebedd0aef5286687ce641276452c76d","name":"Mariana Dornelles","image":{"@type":"ImageObject","inLanguage":"pt-BR","@id":"https:\/\/blogs.funiber.org\/pt\/#\/schema\/person\/image\/","url":"https:\/\/secure.gravatar.com\/avatar\/2fbaa65ea908e82807b005c351db3c9d?s=96&d=mm&r=g","contentUrl":"https:\/\/secure.gravatar.com\/avatar\/2fbaa65ea908e82807b005c351db3c9d?s=96&d=mm&r=g","caption":"Mariana Dornelles"},"url":"https:\/\/www.funiber.blog\/pt\/author\/mariana-dornelles"}]}},"jetpack_featured_media_url":"https:\/\/www.funiber.blog\/pt\/wp-content\/uploads\/2015\/10\/college-students.jpg","jetpack_shortlink":"https:\/\/wp.me\/p7ee1t-24l","jetpack_sharing_enabled":true,"_links":{"self":[{"href":"https:\/\/www.funiber.blog\/pt\/wp-json\/wp\/v2\/posts\/7957"}],"collection":[{"href":"https:\/\/www.funiber.blog\/pt\/wp-json\/wp\/v2\/posts"}],"about":[{"href":"https:\/\/www.funiber.blog\/pt\/wp-json\/wp\/v2\/types\/post"}],"author":[{"embeddable":true,"href":"https:\/\/www.funiber.blog\/pt\/wp-json\/wp\/v2\/users\/16"}],"replies":[{"embeddable":true,"href":"https:\/\/www.funiber.blog\/pt\/wp-json\/wp\/v2\/comments?post=7957"}],"version-history":[{"count":3,"href":"https:\/\/www.funiber.blog\/pt\/wp-json\/wp\/v2\/posts\/7957\/revisions"}],"predecessor-version":[{"id":7961,"href":"https:\/\/www.funiber.blog\/pt\/wp-json\/wp\/v2\/posts\/7957\/revisions\/7961"}],"wp:featuredmedia":[{"embeddable":true,"href":"https:\/\/www.funiber.blog\/pt\/wp-json\/wp\/v2\/media\/7958"}],"wp:attachment":[{"href":"https:\/\/www.funiber.blog\/pt\/wp-json\/wp\/v2\/media?parent=7957"}],"wp:term":[{"taxonomy":"category","embeddable":true,"href":"https:\/\/www.funiber.blog\/pt\/wp-json\/wp\/v2\/categories?post=7957"},{"taxonomy":"post_tag","embeddable":true,"href":"https:\/\/www.funiber.blog\/pt\/wp-json\/wp\/v2\/tags?post=7957"}],"curies":[{"name":"wp","href":"https:\/\/api.w.org\/{rel}","templated":true}]}}