{"id":7968,"date":"2015-10-06T11:34:07","date_gmt":"2015-10-06T11:34:07","guid":{"rendered":"http:\/\/blogs.funiber.org\/pt\/?p=7968"},"modified":"2015-10-06T11:34:07","modified_gmt":"2015-10-06T11:34:07","slug":"funiber-inteligencia-nao-determina-competencias-em-estudantes-de-educacao-fisica","status":"publish","type":"post","link":"https:\/\/www.funiber.blog\/pt\/esportes\/2015\/10\/06\/funiber-inteligencia-nao-determina-competencias-em-estudantes-de-educacao-fisica","title":{"rendered":"Intelig\u00eancia n\u00e3o determina compet\u00eancias em estudantes de Educa\u00e7\u00e3o F\u00edsica"},"content":{"rendered":"<p><strong>Muitas vezes o n\u00edvel de intelig\u00eancia \u00e9 relacionado diretamente com o rendimento acad\u00eamico e o desenvolvimento de compet\u00eancias dos alunos<\/strong>. Mas um estudo recente, desenvolvido pelo pesquisador Francisco L\u00f3pez Varas, mostrou que nem sempre essa rela\u00e7\u00e3o \u00e9 direta.<!--more--><\/p>\n<p>Com o objetivo de determinar a<strong> rela\u00e7\u00e3o entre intelig\u00eancia, compet\u00eancias e rendimento acad\u00eamico em estudantes universit\u00e1rios<\/strong>, o estudo contou com a participa\u00e7\u00e3o de 267 estudantes (226 homens e 41 mulheres) da gradua\u00e7\u00e3o de Ci\u00eancias da Atividade F\u00edsica e do Esporte da Universidade Europeia de Madri.<\/p>\n<p>Como resultado, foram encontradas rela\u00e7\u00f5es significativas entre o rendimento acad\u00eamico e a intelig\u00eancia e entre rendimento acad\u00eamico e compet\u00eancias acad\u00eamicas. No entanto, <strong>a rela\u00e7\u00e3o entre a intelig\u00eancia e as compet\u00eancias acad\u00eamicas se mostrou escassa, o que pode servir como fundamento para um trabalho em compet\u00eancias independente do n\u00edvel de intelig\u00eancia que apresentem os estudantes.<\/strong><\/p>\n<p>Tamb\u00e9m foram comparados os n\u00edveis de auto percep\u00e7\u00e3o do desenvolvimento das compet\u00eancias acad\u00eamicas entre os estudantes do primeiro ano e do quarto ano e o estudou apontou que esta auto percep\u00e7\u00e3o melhora ao longo do curso, assim como o desenvolvimento real dessas habilidades.<\/p>\n<p>Para o trabalho na \u00e1rea de <strong><a href=\"http:\/\/www.funiber.org.br\/areas-de-conhecimento\/esporte\/\" target=\"_blank\">Esporte<\/a><\/strong>, o desenvolvimento de compet\u00eancias \u00e9 muito importante. Por isso, a <strong><a href=\"http:\/\/www.funiber.org.br\/\" target=\"_blank\">FUNIBER <\/a><\/strong>oferece uma s\u00e9rie de mestrados e especializa\u00e7\u00f5es que capacitam os estudantes para o desenvolvimento de habilidades e aplica\u00e7\u00e3o pr\u00e1tica dos conhecimentos adquiridos aos longo dos cursos.<\/p>\n<p>Fonte: <a href=\"http:\/\/fnbr.es\/1lp\" target=\"_blank\">http:\/\/fnbr.es\/1lp<\/a><\/p>\n<p>Fotografia: Alguns direitos reservados <a href=\"https:\/\/www.flickr.com\/photos\/unb_agencia\/6316145423\" target=\"_blank\">UnB Ag\u00eancia<\/a><\/p>\n","protected":false},"excerpt":{"rendered":"<p>Muitas vezes o n\u00edvel de intelig\u00eancia \u00e9 relacionado diretamente com o rendimento acad\u00eamico e o desenvolvimento de compet\u00eancias dos alunos. Mas um estudo recente, desenvolvido pelo pesquisador Francisco L\u00f3pez Varas, mostrou que nem sempre essa rela\u00e7\u00e3o \u00e9 direta.<\/p>\n","protected":false},"author":16,"featured_media":7973,"comment_status":"closed","ping_status":"closed","sticky":false,"template":"","format":"standard","meta":{"jetpack_post_was_ever_published":false,"_jetpack_newsletter_access":"","_jetpack_newsletter_tier_id":0,"footnotes":"","jetpack_publicize_message":"","jetpack_is_tweetstorm":false,"jetpack_publicize_feature_enabled":true,"jetpack_social_post_already_shared":false,"jetpack_social_options":{"image_generator_settings":{"template":"highway","enabled":false}}},"categories":[4],"tags":[794,285,408,483,119,248,641,255],"jetpack_publicize_connections":[],"yoast_head":"<!-- This site is optimized with the Yoast SEO plugin v21.7 - https:\/\/yoast.com\/wordpress\/plugins\/seo\/ -->\n<title>Intelig\u00eancia n\u00e3o determina compet\u00eancias em estudantes de Educa\u00e7\u00e3o F\u00edsica - FuniBlogs - FUNIBER<\/title>\n<meta name=\"description\" content=\"Estudo mostra que a intelig\u00eancia n\u00e3o determina o desenvolvimento de compet\u00eancias.\" \/>\n<meta name=\"robots\" content=\"noindex, nofollow\" \/>\n<meta property=\"og:locale\" content=\"pt_BR\" \/>\n<meta property=\"og:type\" content=\"article\" \/>\n<meta property=\"og:title\" content=\"Intelig\u00eancia n\u00e3o determina compet\u00eancias em estudantes de Educa\u00e7\u00e3o F\u00edsica - FuniBlogs - FUNIBER\" \/>\n<meta property=\"og:description\" content=\"Estudo mostra que a intelig\u00eancia n\u00e3o determina o desenvolvimento de compet\u00eancias.\" \/>\n<meta property=\"og:url\" content=\"https:\/\/blogs.funiber.org\/pt\/esportes\/2015\/10\/06\/funiber-inteligencia-nao-determina-competencias-em-estudantes-de-educacao-fisica\" \/>\n<meta property=\"og:site_name\" content=\"FuniBlogs - FUNIBER\" \/>\n<meta property=\"article:publisher\" content=\"https:\/\/www.facebook.com\/funiber\" \/>\n<meta property=\"article:published_time\" content=\"2015-10-06T11:34:07+00:00\" \/>\n<meta property=\"og:image\" content=\"https:\/\/blogs.funiber.org\/pt\/wp-content\/uploads\/2015\/10\/funiber-piscina.jpg\" \/>\n\t<meta property=\"og:image:width\" content=\"640\" \/>\n\t<meta property=\"og:image:height\" content=\"426\" \/>\n\t<meta property=\"og:image:type\" content=\"image\/jpeg\" \/>\n<meta name=\"author\" content=\"Mariana Dornelles\" \/>\n<meta name=\"twitter:card\" content=\"summary_large_image\" \/>\n<meta name=\"twitter:creator\" content=\"@FUNIBER\" \/>\n<meta name=\"twitter:site\" content=\"@FUNIBER\" \/>\n<meta name=\"twitter:label1\" content=\"Escrito por\" \/>\n\t<meta name=\"twitter:data1\" content=\"Mariana Dornelles\" \/>\n\t<meta name=\"twitter:label2\" content=\"Est. tempo de leitura\" \/>\n\t<meta name=\"twitter:data2\" content=\"1 minuto\" \/>\n<script type=\"application\/ld+json\" class=\"yoast-schema-graph\">{\"@context\":\"https:\/\/schema.org\",\"@graph\":[{\"@type\":\"Article\",\"@id\":\"https:\/\/blogs.funiber.org\/pt\/esportes\/2015\/10\/06\/funiber-inteligencia-nao-determina-competencias-em-estudantes-de-educacao-fisica#article\",\"isPartOf\":{\"@id\":\"https:\/\/blogs.funiber.org\/pt\/esportes\/2015\/10\/06\/funiber-inteligencia-nao-determina-competencias-em-estudantes-de-educacao-fisica\"},\"author\":{\"name\":\"Mariana Dornelles\",\"@id\":\"https:\/\/blogs.funiber.org\/pt\/#\/schema\/person\/cebedd0aef5286687ce641276452c76d\"},\"headline\":\"Intelig\u00eancia n\u00e3o determina compet\u00eancias em estudantes de Educa\u00e7\u00e3o F\u00edsica\",\"datePublished\":\"2015-10-06T11:34:07+00:00\",\"dateModified\":\"2015-10-06T11:34:07+00:00\",\"mainEntityOfPage\":{\"@id\":\"https:\/\/blogs.funiber.org\/pt\/esportes\/2015\/10\/06\/funiber-inteligencia-nao-determina-competencias-em-estudantes-de-educacao-fisica\"},\"wordCount\":283,\"publisher\":{\"@id\":\"https:\/\/blogs.funiber.org\/pt\/#organization\"},\"keywords\":[\"Compet\u00eancias\",\"Educa\u00e7\u00e3o\",\"Educa\u00e7\u00e3o a Dist\u00e2ncia\",\"Esporte\",\"Estudos\",\"Funiber\",\"Opini\u00e3o FUNIBER\",\"Opini\u00f5es Funiber\"],\"articleSection\":[\"Esportes\"],\"inLanguage\":\"pt-BR\"},{\"@type\":\"WebPage\",\"@id\":\"https:\/\/blogs.funiber.org\/pt\/esportes\/2015\/10\/06\/funiber-inteligencia-nao-determina-competencias-em-estudantes-de-educacao-fisica\",\"url\":\"https:\/\/blogs.funiber.org\/pt\/esportes\/2015\/10\/06\/funiber-inteligencia-nao-determina-competencias-em-estudantes-de-educacao-fisica\",\"name\":\"Intelig\u00eancia n\u00e3o determina compet\u00eancias em estudantes de Educa\u00e7\u00e3o F\u00edsica - FuniBlogs - FUNIBER\",\"isPartOf\":{\"@id\":\"https:\/\/blogs.funiber.org\/pt\/#website\"},\"datePublished\":\"2015-10-06T11:34:07+00:00\",\"dateModified\":\"2015-10-06T11:34:07+00:00\",\"description\":\"Estudo mostra que a intelig\u00eancia n\u00e3o determina o desenvolvimento de compet\u00eancias.\",\"breadcrumb\":{\"@id\":\"https:\/\/blogs.funiber.org\/pt\/esportes\/2015\/10\/06\/funiber-inteligencia-nao-determina-competencias-em-estudantes-de-educacao-fisica#breadcrumb\"},\"inLanguage\":\"pt-BR\",\"potentialAction\":[{\"@type\":\"ReadAction\",\"target\":[\"https:\/\/blogs.funiber.org\/pt\/esportes\/2015\/10\/06\/funiber-inteligencia-nao-determina-competencias-em-estudantes-de-educacao-fisica\"]}]},{\"@type\":\"BreadcrumbList\",\"@id\":\"https:\/\/blogs.funiber.org\/pt\/esportes\/2015\/10\/06\/funiber-inteligencia-nao-determina-competencias-em-estudantes-de-educacao-fisica#breadcrumb\",\"itemListElement\":[{\"@type\":\"ListItem\",\"position\":1,\"name\":\"In\u00edcio\",\"item\":\"https:\/\/blogs.funiber.org\/pt\"},{\"@type\":\"ListItem\",\"position\":2,\"name\":\"Intelig\u00eancia n\u00e3o determina compet\u00eancias em estudantes de Educa\u00e7\u00e3o F\u00edsica\"}]},{\"@type\":\"WebSite\",\"@id\":\"https:\/\/blogs.funiber.org\/pt\/#website\",\"url\":\"https:\/\/blogs.funiber.org\/pt\/\",\"name\":\"FuniBlogs - FUNIBER\",\"description\":\"\",\"publisher\":{\"@id\":\"https:\/\/blogs.funiber.org\/pt\/#organization\"},\"potentialAction\":[{\"@type\":\"SearchAction\",\"target\":{\"@type\":\"EntryPoint\",\"urlTemplate\":\"https:\/\/blogs.funiber.org\/pt\/?s={search_term_string}\"},\"query-input\":\"required name=search_term_string\"}],\"inLanguage\":\"pt-BR\"},{\"@type\":\"Organization\",\"@id\":\"https:\/\/blogs.funiber.org\/pt\/#organization\",\"name\":\"FuniBlogs - FUNIBER\",\"url\":\"https:\/\/blogs.funiber.org\/pt\/\",\"logo\":{\"@type\":\"ImageObject\",\"inLanguage\":\"pt-BR\",\"@id\":\"https:\/\/blogs.funiber.org\/pt\/#\/schema\/logo\/image\/\",\"url\":\"https:\/\/www.funiber.blog\/pt\/wp-content\/uploads\/2022\/02\/logo-funiber-pt-br-v-dos.svg\",\"contentUrl\":\"https:\/\/www.funiber.blog\/pt\/wp-content\/uploads\/2022\/02\/logo-funiber-pt-br-v-dos.svg\",\"width\":1,\"height\":1,\"caption\":\"FuniBlogs - FUNIBER\"},\"image\":{\"@id\":\"https:\/\/blogs.funiber.org\/pt\/#\/schema\/logo\/image\/\"},\"sameAs\":[\"https:\/\/www.facebook.com\/funiber\",\"https:\/\/twitter.com\/FUNIBER\",\"https:\/\/www.instagram.com\/funiber_becas\",\"https:\/\/www.youtube.com\/user\/funiber\",\"https:\/\/www.linkedin.com\/company\/funiber\"]},{\"@type\":\"Person\",\"@id\":\"https:\/\/blogs.funiber.org\/pt\/#\/schema\/person\/cebedd0aef5286687ce641276452c76d\",\"name\":\"Mariana Dornelles\",\"image\":{\"@type\":\"ImageObject\",\"inLanguage\":\"pt-BR\",\"@id\":\"https:\/\/blogs.funiber.org\/pt\/#\/schema\/person\/image\/\",\"url\":\"https:\/\/secure.gravatar.com\/avatar\/2fbaa65ea908e82807b005c351db3c9d?s=96&d=mm&r=g\",\"contentUrl\":\"https:\/\/secure.gravatar.com\/avatar\/2fbaa65ea908e82807b005c351db3c9d?s=96&d=mm&r=g\",\"caption\":\"Mariana Dornelles\"},\"url\":\"https:\/\/www.funiber.blog\/pt\/author\/mariana-dornelles\"}]}<\/script>\n<!-- \/ Yoast SEO plugin. -->","yoast_head_json":{"title":"Intelig\u00eancia n\u00e3o determina compet\u00eancias em estudantes de Educa\u00e7\u00e3o F\u00edsica - FuniBlogs - FUNIBER","description":"Estudo mostra que a intelig\u00eancia n\u00e3o determina o desenvolvimento de compet\u00eancias.","robots":{"index":"noindex","follow":"nofollow"},"og_locale":"pt_BR","og_type":"article","og_title":"Intelig\u00eancia n\u00e3o determina compet\u00eancias em estudantes de Educa\u00e7\u00e3o F\u00edsica - FuniBlogs - FUNIBER","og_description":"Estudo mostra que a intelig\u00eancia n\u00e3o determina o desenvolvimento de compet\u00eancias.","og_url":"https:\/\/blogs.funiber.org\/pt\/esportes\/2015\/10\/06\/funiber-inteligencia-nao-determina-competencias-em-estudantes-de-educacao-fisica","og_site_name":"FuniBlogs - FUNIBER","article_publisher":"https:\/\/www.facebook.com\/funiber","article_published_time":"2015-10-06T11:34:07+00:00","og_image":[{"width":640,"height":426,"url":"https:\/\/blogs.funiber.org\/pt\/wp-content\/uploads\/2015\/10\/funiber-piscina.jpg","type":"image\/jpeg"}],"author":"Mariana Dornelles","twitter_card":"summary_large_image","twitter_creator":"@FUNIBER","twitter_site":"@FUNIBER","twitter_misc":{"Escrito por":"Mariana Dornelles","Est. tempo de leitura":"1 minuto"},"schema":{"@context":"https:\/\/schema.org","@graph":[{"@type":"Article","@id":"https:\/\/blogs.funiber.org\/pt\/esportes\/2015\/10\/06\/funiber-inteligencia-nao-determina-competencias-em-estudantes-de-educacao-fisica#article","isPartOf":{"@id":"https:\/\/blogs.funiber.org\/pt\/esportes\/2015\/10\/06\/funiber-inteligencia-nao-determina-competencias-em-estudantes-de-educacao-fisica"},"author":{"name":"Mariana Dornelles","@id":"https:\/\/blogs.funiber.org\/pt\/#\/schema\/person\/cebedd0aef5286687ce641276452c76d"},"headline":"Intelig\u00eancia n\u00e3o determina compet\u00eancias em estudantes de Educa\u00e7\u00e3o F\u00edsica","datePublished":"2015-10-06T11:34:07+00:00","dateModified":"2015-10-06T11:34:07+00:00","mainEntityOfPage":{"@id":"https:\/\/blogs.funiber.org\/pt\/esportes\/2015\/10\/06\/funiber-inteligencia-nao-determina-competencias-em-estudantes-de-educacao-fisica"},"wordCount":283,"publisher":{"@id":"https:\/\/blogs.funiber.org\/pt\/#organization"},"keywords":["Compet\u00eancias","Educa\u00e7\u00e3o","Educa\u00e7\u00e3o a Dist\u00e2ncia","Esporte","Estudos","Funiber","Opini\u00e3o FUNIBER","Opini\u00f5es Funiber"],"articleSection":["Esportes"],"inLanguage":"pt-BR"},{"@type":"WebPage","@id":"https:\/\/blogs.funiber.org\/pt\/esportes\/2015\/10\/06\/funiber-inteligencia-nao-determina-competencias-em-estudantes-de-educacao-fisica","url":"https:\/\/blogs.funiber.org\/pt\/esportes\/2015\/10\/06\/funiber-inteligencia-nao-determina-competencias-em-estudantes-de-educacao-fisica","name":"Intelig\u00eancia n\u00e3o determina compet\u00eancias em estudantes de Educa\u00e7\u00e3o F\u00edsica - FuniBlogs - FUNIBER","isPartOf":{"@id":"https:\/\/blogs.funiber.org\/pt\/#website"},"datePublished":"2015-10-06T11:34:07+00:00","dateModified":"2015-10-06T11:34:07+00:00","description":"Estudo mostra que a intelig\u00eancia n\u00e3o determina o desenvolvimento de compet\u00eancias.","breadcrumb":{"@id":"https:\/\/blogs.funiber.org\/pt\/esportes\/2015\/10\/06\/funiber-inteligencia-nao-determina-competencias-em-estudantes-de-educacao-fisica#breadcrumb"},"inLanguage":"pt-BR","potentialAction":[{"@type":"ReadAction","target":["https:\/\/blogs.funiber.org\/pt\/esportes\/2015\/10\/06\/funiber-inteligencia-nao-determina-competencias-em-estudantes-de-educacao-fisica"]}]},{"@type":"BreadcrumbList","@id":"https:\/\/blogs.funiber.org\/pt\/esportes\/2015\/10\/06\/funiber-inteligencia-nao-determina-competencias-em-estudantes-de-educacao-fisica#breadcrumb","itemListElement":[{"@type":"ListItem","position":1,"name":"In\u00edcio","item":"https:\/\/blogs.funiber.org\/pt"},{"@type":"ListItem","position":2,"name":"Intelig\u00eancia n\u00e3o determina compet\u00eancias em estudantes de Educa\u00e7\u00e3o F\u00edsica"}]},{"@type":"WebSite","@id":"https:\/\/blogs.funiber.org\/pt\/#website","url":"https:\/\/blogs.funiber.org\/pt\/","name":"FuniBlogs - FUNIBER","description":"","publisher":{"@id":"https:\/\/blogs.funiber.org\/pt\/#organization"},"potentialAction":[{"@type":"SearchAction","target":{"@type":"EntryPoint","urlTemplate":"https:\/\/blogs.funiber.org\/pt\/?s={search_term_string}"},"query-input":"required name=search_term_string"}],"inLanguage":"pt-BR"},{"@type":"Organization","@id":"https:\/\/blogs.funiber.org\/pt\/#organization","name":"FuniBlogs - FUNIBER","url":"https:\/\/blogs.funiber.org\/pt\/","logo":{"@type":"ImageObject","inLanguage":"pt-BR","@id":"https:\/\/blogs.funiber.org\/pt\/#\/schema\/logo\/image\/","url":"https:\/\/www.funiber.blog\/pt\/wp-content\/uploads\/2022\/02\/logo-funiber-pt-br-v-dos.svg","contentUrl":"https:\/\/www.funiber.blog\/pt\/wp-content\/uploads\/2022\/02\/logo-funiber-pt-br-v-dos.svg","width":1,"height":1,"caption":"FuniBlogs - FUNIBER"},"image":{"@id":"https:\/\/blogs.funiber.org\/pt\/#\/schema\/logo\/image\/"},"sameAs":["https:\/\/www.facebook.com\/funiber","https:\/\/twitter.com\/FUNIBER","https:\/\/www.instagram.com\/funiber_becas","https:\/\/www.youtube.com\/user\/funiber","https:\/\/www.linkedin.com\/company\/funiber"]},{"@type":"Person","@id":"https:\/\/blogs.funiber.org\/pt\/#\/schema\/person\/cebedd0aef5286687ce641276452c76d","name":"Mariana Dornelles","image":{"@type":"ImageObject","inLanguage":"pt-BR","@id":"https:\/\/blogs.funiber.org\/pt\/#\/schema\/person\/image\/","url":"https:\/\/secure.gravatar.com\/avatar\/2fbaa65ea908e82807b005c351db3c9d?s=96&d=mm&r=g","contentUrl":"https:\/\/secure.gravatar.com\/avatar\/2fbaa65ea908e82807b005c351db3c9d?s=96&d=mm&r=g","caption":"Mariana Dornelles"},"url":"https:\/\/www.funiber.blog\/pt\/author\/mariana-dornelles"}]}},"jetpack_featured_media_url":"https:\/\/www.funiber.blog\/pt\/wp-content\/uploads\/2015\/10\/funiber-piscina.jpg","jetpack_shortlink":"https:\/\/wp.me\/p7ee1t-24w","jetpack_sharing_enabled":true,"_links":{"self":[{"href":"https:\/\/www.funiber.blog\/pt\/wp-json\/wp\/v2\/posts\/7968"}],"collection":[{"href":"https:\/\/www.funiber.blog\/pt\/wp-json\/wp\/v2\/posts"}],"about":[{"href":"https:\/\/www.funiber.blog\/pt\/wp-json\/wp\/v2\/types\/post"}],"author":[{"embeddable":true,"href":"https:\/\/www.funiber.blog\/pt\/wp-json\/wp\/v2\/users\/16"}],"replies":[{"embeddable":true,"href":"https:\/\/www.funiber.blog\/pt\/wp-json\/wp\/v2\/comments?post=7968"}],"version-history":[{"count":4,"href":"https:\/\/www.funiber.blog\/pt\/wp-json\/wp\/v2\/posts\/7968\/revisions"}],"predecessor-version":[{"id":7972,"href":"https:\/\/www.funiber.blog\/pt\/wp-json\/wp\/v2\/posts\/7968\/revisions\/7972"}],"wp:featuredmedia":[{"embeddable":true,"href":"https:\/\/www.funiber.blog\/pt\/wp-json\/wp\/v2\/media\/7973"}],"wp:attachment":[{"href":"https:\/\/www.funiber.blog\/pt\/wp-json\/wp\/v2\/media?parent=7968"}],"wp:term":[{"taxonomy":"category","embeddable":true,"href":"https:\/\/www.funiber.blog\/pt\/wp-json\/wp\/v2\/categories?post=7968"},{"taxonomy":"post_tag","embeddable":true,"href":"https:\/\/www.funiber.blog\/pt\/wp-json\/wp\/v2\/tags?post=7968"}],"curies":[{"name":"wp","href":"https:\/\/api.w.org\/{rel}","templated":true}]}}