{"id":7974,"date":"2015-10-06T13:25:20","date_gmt":"2015-10-06T13:25:20","guid":{"rendered":"http:\/\/blogs.funiber.org\/pt\/?p=7974"},"modified":"2015-10-06T13:25:20","modified_gmt":"2015-10-06T13:25:20","slug":"funiber-publica-se-pesquisa-sobre-o-degelo-na-antartida-e-na-groelandia","status":"publish","type":"post","link":"https:\/\/www.funiber.blog\/pt\/meio-ambiente\/2015\/10\/06\/funiber-publica-se-pesquisa-sobre-o-degelo-na-antartida-e-na-groelandia","title":{"rendered":"Publica-se pesquisa sobre o degelo na Ant\u00e1rtida e na Groel\u00e2ndia"},"content":{"rendered":"<p>Cientistas do <a href=\"https:\/\/www.pik-potsdam.de\/\" target=\"_blank\">Instituto Potsdam para a Pesquisa das Mudan\u00e7as Clim\u00e1ticas<\/a> publicaram um estudo na revista Nature Climate Change onde se demonstra que o degelo nas regi\u00f5es da Ant\u00e1rtida e da Groel\u00e2ndia manifesta-se de forma distinta. Mas, diante deste inevit\u00e1vel problema, h\u00e1 uma esperan\u00e7a: o autor do estudo, Matthias Mengel, explica que <strong>em algumas regi\u00f5es, como a barreira Filchner-Ronne, a perda de gelo ocasiona-se pelo aquecimento do oceano,<\/strong> e considera que isto \u00e9 \u201cuma boa not\u00edcia\u201d, pois o aumento de temperatura da \u00e1gua do mar produz-se devido aos gases de efeito estufa livres na atmosfera.<!--more--> Portanto, \u201cest\u00e1 em nossas m\u00e3os determinar quanto a regi\u00e3o contribui ao aumento do n\u00edvel do mar\u201d.<\/p>\n<p>De acordo com o estudo, algumas regi\u00f5es da Ant\u00e1rtida caracterizam-se por serem inst\u00e1veis, e certas mudan\u00e7as desencadeariam uma vaz\u00e3o cont\u00ednua de gelo para o oceano, inclusive sem que se aumente a temperatura, o que <strong>originaria um aumento do n\u00edvel do mar incontrol\u00e1vel em longo prazo.<\/strong><\/p>\n<p>Mengel explica que, em algumas \u00e1reas da Ant\u00e1rtida, a perda de gelo pode produzir-se por uma onda de calor, mas <strong>na barreira Filchner-Ronne o degelo produz-se pelo aquecimento do oceano,<\/strong> e, portanto, podemos ter maior controle sobre o degelo nesta regi\u00e3o. O pesquisador indica que o degelo da barreira Filchner-Ronne, em 200 anos, <strong>aumentaria em 40 cent\u00edmetros o n\u00edvel global do mar.<\/strong> Mas, um aumento desta magnitude, colocaria em risco muitas cidades litor\u00e2neas.<\/p>\n<p>Anders Leverman, coautor da publica\u00e7\u00e3o, explicou que a topografia da zona permite que se gere uma barreira de \u00e1gua fria ao redor do continente, evitando um interc\u00e2mbio de calor e sal com \u00e1reas de \u00e1guas mais quentes. Por\u00e9m, se este equil\u00edbrio rompe-se, podem-se gerar condi\u00e7\u00f5es inst\u00e1veis no oceano que produziriam uma descarga anormal de gelo na Ant\u00e1rtida.<\/p>\n<p>Os pesquisadores informaram que, na Groel\u00e2ndia, o gelo da superf\u00edcie derrete-se e verte-se em estado l\u00edquido no oceano, enquanto na Ant\u00e1rtida, o gelo desprende-se e cai no oceano<strong>. O aumento de temperatura do oceano ao redor da Ant\u00e1rtida potencializa o risco de um incremento do n\u00edvel do mar.<\/strong><\/p>\n<p>Leverman indicou que \u00e9 mais complicado calcular o degelo em zonas da Ant\u00e1rtida, que s\u00e3o consideradas inst\u00e1veis, que na regi\u00e3o de Filchner-Ronne, que responde de forma mais linear ao aquecimento global. O pesquisador apontou: \u201cUma coisa \u00e9 clara: quanto mais aquecimento gerarmos por queimas de carv\u00e3o, g\u00e1s e petr\u00f3leo, resultar\u00e1 mais caro conseguir que as cidades costeiras adaptem-se \u00e0s mudan\u00e7as.<\/p>\n<p>Os estudantes dos <strong><a href=\"http:\/\/www.funiber.org.br\/areas-de-conhecimento\/meio-ambiente-e-desenvolvimento-sustentavel\/\" target=\"_blank\">Mestrados e Especializa\u00e7\u00f5es em Meio Ambiente<\/a><\/strong>\u00a0da<a href=\"http:\/\/www.funiber.org.br\/\" target=\"_blank\">\u00a0<strong>FUNIBER<\/strong>\u00a0<\/a> realizam pesquisas para medir o impacto de certos fen\u00f4menos naturais sobre as regi\u00f5es povoadas do planeta.<\/p>\n<p>Fonte:\u00a0<a href=\"http:\/\/fnbr.es\/1lm\" target=\"_blank\">http:\/\/fnbr.es\/1lm<\/a><\/p>\n<p>Fotografia:\u00a0<a href=\"https:\/\/es.wikipedia.org\/wiki\/Iceberg\" target=\"_blank\">Wikipedia<\/a><\/p>\n","protected":false},"excerpt":{"rendered":"<p>Cientistas do Instituto Potsdam para a Pesquisa das Mudan\u00e7as Clim\u00e1ticas publicaram um estudo na revista Nature Climate Change onde se demonstra que o degelo nas regi\u00f5es da Ant\u00e1rtida e da Groel\u00e2ndia manifesta-se de forma distinta. Mas, diante deste inevit\u00e1vel problema, h\u00e1 uma esperan\u00e7a: o autor do estudo, Matthias Mengel, explica que em algumas regi\u00f5es, como [&hellip;]<\/p>\n","protected":false},"author":16,"featured_media":7976,"comment_status":"closed","ping_status":"closed","sticky":false,"template":"","format":"standard","meta":{"jetpack_post_was_ever_published":false,"_jetpack_newsletter_access":"","_jetpack_newsletter_tier_id":0,"footnotes":"","jetpack_publicize_message":"","jetpack_is_tweetstorm":false,"jetpack_publicize_feature_enabled":true,"jetpack_social_post_already_shared":false,"jetpack_social_options":{"image_generator_settings":{"template":"highway","enabled":false}}},"categories":[2],"tags":[105,285,408,248,835,671,141,641,255],"jetpack_publicize_connections":[],"yoast_head":"<!-- This site is optimized with the Yoast SEO plugin v21.7 - https:\/\/yoast.com\/wordpress\/plugins\/seo\/ -->\n<title>Publica-se pesquisa sobre o degelo na Ant\u00e1rtida e na Groel\u00e2ndia - FuniBlogs - FUNIBER<\/title>\n<meta name=\"description\" content=\"Pesquisa indica que degelo na Ant\u00e1rtida e na Groel\u00e2ndia acontecem de forma diferente.\" \/>\n<meta name=\"robots\" content=\"noindex, nofollow\" \/>\n<meta property=\"og:locale\" content=\"pt_BR\" \/>\n<meta property=\"og:type\" content=\"article\" \/>\n<meta property=\"og:title\" content=\"Publica-se pesquisa sobre o degelo na Ant\u00e1rtida e na Groel\u00e2ndia - FuniBlogs - FUNIBER\" \/>\n<meta property=\"og:description\" content=\"Pesquisa indica que degelo na Ant\u00e1rtida e na Groel\u00e2ndia acontecem de forma diferente.\" \/>\n<meta property=\"og:url\" content=\"https:\/\/blogs.funiber.org\/pt\/meio-ambiente\/2015\/10\/06\/funiber-publica-se-pesquisa-sobre-o-degelo-na-antartida-e-na-groelandia\" \/>\n<meta property=\"og:site_name\" content=\"FuniBlogs - FUNIBER\" \/>\n<meta property=\"article:publisher\" content=\"https:\/\/www.facebook.com\/funiber\" \/>\n<meta property=\"article:published_time\" content=\"2015-10-06T13:25:20+00:00\" \/>\n<meta property=\"og:image\" content=\"https:\/\/blogs.funiber.org\/pt\/wp-content\/uploads\/2015\/10\/funiber-degelo.jpg\" \/>\n\t<meta property=\"og:image:width\" content=\"600\" \/>\n\t<meta property=\"og:image:height\" content=\"395\" \/>\n\t<meta property=\"og:image:type\" content=\"image\/jpeg\" \/>\n<meta name=\"author\" content=\"Mariana Dornelles\" \/>\n<meta name=\"twitter:card\" content=\"summary_large_image\" \/>\n<meta name=\"twitter:creator\" content=\"@FUNIBER\" \/>\n<meta name=\"twitter:site\" content=\"@FUNIBER\" \/>\n<meta name=\"twitter:label1\" content=\"Escrito por\" \/>\n\t<meta name=\"twitter:data1\" content=\"Mariana Dornelles\" \/>\n\t<meta name=\"twitter:label2\" content=\"Est. tempo de leitura\" \/>\n\t<meta name=\"twitter:data2\" content=\"2 minutos\" \/>\n<script type=\"application\/ld+json\" class=\"yoast-schema-graph\">{\"@context\":\"https:\/\/schema.org\",\"@graph\":[{\"@type\":\"Article\",\"@id\":\"https:\/\/blogs.funiber.org\/pt\/meio-ambiente\/2015\/10\/06\/funiber-publica-se-pesquisa-sobre-o-degelo-na-antartida-e-na-groelandia#article\",\"isPartOf\":{\"@id\":\"https:\/\/blogs.funiber.org\/pt\/meio-ambiente\/2015\/10\/06\/funiber-publica-se-pesquisa-sobre-o-degelo-na-antartida-e-na-groelandia\"},\"author\":{\"name\":\"Mariana Dornelles\",\"@id\":\"https:\/\/blogs.funiber.org\/pt\/#\/schema\/person\/cebedd0aef5286687ce641276452c76d\"},\"headline\":\"Publica-se pesquisa sobre o degelo na Ant\u00e1rtida e na Groel\u00e2ndia\",\"datePublished\":\"2015-10-06T13:25:20+00:00\",\"dateModified\":\"2015-10-06T13:25:20+00:00\",\"mainEntityOfPage\":{\"@id\":\"https:\/\/blogs.funiber.org\/pt\/meio-ambiente\/2015\/10\/06\/funiber-publica-se-pesquisa-sobre-o-degelo-na-antartida-e-na-groelandia\"},\"wordCount\":483,\"publisher\":{\"@id\":\"https:\/\/blogs.funiber.org\/pt\/#organization\"},\"keywords\":[\"Aquecimento Global\",\"Educa\u00e7\u00e3o\",\"Educa\u00e7\u00e3o a Dist\u00e2ncia\",\"Funiber\",\"Meio Ambiente\",\"mestrado\",\"Mudan\u00e7as clim\u00e1ticas\",\"Opini\u00e3o FUNIBER\",\"Opini\u00f5es Funiber\"],\"articleSection\":[\"Meio Ambiente\"],\"inLanguage\":\"pt-BR\"},{\"@type\":\"WebPage\",\"@id\":\"https:\/\/blogs.funiber.org\/pt\/meio-ambiente\/2015\/10\/06\/funiber-publica-se-pesquisa-sobre-o-degelo-na-antartida-e-na-groelandia\",\"url\":\"https:\/\/blogs.funiber.org\/pt\/meio-ambiente\/2015\/10\/06\/funiber-publica-se-pesquisa-sobre-o-degelo-na-antartida-e-na-groelandia\",\"name\":\"Publica-se pesquisa sobre o degelo na Ant\u00e1rtida e na Groel\u00e2ndia - FuniBlogs - FUNIBER\",\"isPartOf\":{\"@id\":\"https:\/\/blogs.funiber.org\/pt\/#website\"},\"datePublished\":\"2015-10-06T13:25:20+00:00\",\"dateModified\":\"2015-10-06T13:25:20+00:00\",\"description\":\"Pesquisa indica que degelo na Ant\u00e1rtida e na Groel\u00e2ndia acontecem de forma diferente.\",\"breadcrumb\":{\"@id\":\"https:\/\/blogs.funiber.org\/pt\/meio-ambiente\/2015\/10\/06\/funiber-publica-se-pesquisa-sobre-o-degelo-na-antartida-e-na-groelandia#breadcrumb\"},\"inLanguage\":\"pt-BR\",\"potentialAction\":[{\"@type\":\"ReadAction\",\"target\":[\"https:\/\/blogs.funiber.org\/pt\/meio-ambiente\/2015\/10\/06\/funiber-publica-se-pesquisa-sobre-o-degelo-na-antartida-e-na-groelandia\"]}]},{\"@type\":\"BreadcrumbList\",\"@id\":\"https:\/\/blogs.funiber.org\/pt\/meio-ambiente\/2015\/10\/06\/funiber-publica-se-pesquisa-sobre-o-degelo-na-antartida-e-na-groelandia#breadcrumb\",\"itemListElement\":[{\"@type\":\"ListItem\",\"position\":1,\"name\":\"In\u00edcio\",\"item\":\"https:\/\/blogs.funiber.org\/pt\"},{\"@type\":\"ListItem\",\"position\":2,\"name\":\"Publica-se pesquisa sobre o degelo na Ant\u00e1rtida e na Groel\u00e2ndia\"}]},{\"@type\":\"WebSite\",\"@id\":\"https:\/\/blogs.funiber.org\/pt\/#website\",\"url\":\"https:\/\/blogs.funiber.org\/pt\/\",\"name\":\"FuniBlogs - FUNIBER\",\"description\":\"\",\"publisher\":{\"@id\":\"https:\/\/blogs.funiber.org\/pt\/#organization\"},\"potentialAction\":[{\"@type\":\"SearchAction\",\"target\":{\"@type\":\"EntryPoint\",\"urlTemplate\":\"https:\/\/blogs.funiber.org\/pt\/?s={search_term_string}\"},\"query-input\":\"required name=search_term_string\"}],\"inLanguage\":\"pt-BR\"},{\"@type\":\"Organization\",\"@id\":\"https:\/\/blogs.funiber.org\/pt\/#organization\",\"name\":\"FuniBlogs - FUNIBER\",\"url\":\"https:\/\/blogs.funiber.org\/pt\/\",\"logo\":{\"@type\":\"ImageObject\",\"inLanguage\":\"pt-BR\",\"@id\":\"https:\/\/blogs.funiber.org\/pt\/#\/schema\/logo\/image\/\",\"url\":\"https:\/\/www.funiber.blog\/pt\/wp-content\/uploads\/2022\/02\/logo-funiber-pt-br-v-dos.svg\",\"contentUrl\":\"https:\/\/www.funiber.blog\/pt\/wp-content\/uploads\/2022\/02\/logo-funiber-pt-br-v-dos.svg\",\"width\":1,\"height\":1,\"caption\":\"FuniBlogs - FUNIBER\"},\"image\":{\"@id\":\"https:\/\/blogs.funiber.org\/pt\/#\/schema\/logo\/image\/\"},\"sameAs\":[\"https:\/\/www.facebook.com\/funiber\",\"https:\/\/twitter.com\/FUNIBER\",\"https:\/\/www.instagram.com\/funiber_becas\",\"https:\/\/www.youtube.com\/user\/funiber\",\"https:\/\/www.linkedin.com\/company\/funiber\"]},{\"@type\":\"Person\",\"@id\":\"https:\/\/blogs.funiber.org\/pt\/#\/schema\/person\/cebedd0aef5286687ce641276452c76d\",\"name\":\"Mariana Dornelles\",\"image\":{\"@type\":\"ImageObject\",\"inLanguage\":\"pt-BR\",\"@id\":\"https:\/\/blogs.funiber.org\/pt\/#\/schema\/person\/image\/\",\"url\":\"https:\/\/secure.gravatar.com\/avatar\/2fbaa65ea908e82807b005c351db3c9d?s=96&d=mm&r=g\",\"contentUrl\":\"https:\/\/secure.gravatar.com\/avatar\/2fbaa65ea908e82807b005c351db3c9d?s=96&d=mm&r=g\",\"caption\":\"Mariana Dornelles\"},\"url\":\"https:\/\/www.funiber.blog\/pt\/author\/mariana-dornelles\"}]}<\/script>\n<!-- \/ Yoast SEO plugin. -->","yoast_head_json":{"title":"Publica-se pesquisa sobre o degelo na Ant\u00e1rtida e na Groel\u00e2ndia - FuniBlogs - FUNIBER","description":"Pesquisa indica que degelo na Ant\u00e1rtida e na Groel\u00e2ndia acontecem de forma diferente.","robots":{"index":"noindex","follow":"nofollow"},"og_locale":"pt_BR","og_type":"article","og_title":"Publica-se pesquisa sobre o degelo na Ant\u00e1rtida e na Groel\u00e2ndia - FuniBlogs - FUNIBER","og_description":"Pesquisa indica que degelo na Ant\u00e1rtida e na Groel\u00e2ndia acontecem de forma diferente.","og_url":"https:\/\/blogs.funiber.org\/pt\/meio-ambiente\/2015\/10\/06\/funiber-publica-se-pesquisa-sobre-o-degelo-na-antartida-e-na-groelandia","og_site_name":"FuniBlogs - FUNIBER","article_publisher":"https:\/\/www.facebook.com\/funiber","article_published_time":"2015-10-06T13:25:20+00:00","og_image":[{"width":600,"height":395,"url":"https:\/\/blogs.funiber.org\/pt\/wp-content\/uploads\/2015\/10\/funiber-degelo.jpg","type":"image\/jpeg"}],"author":"Mariana Dornelles","twitter_card":"summary_large_image","twitter_creator":"@FUNIBER","twitter_site":"@FUNIBER","twitter_misc":{"Escrito por":"Mariana Dornelles","Est. tempo de leitura":"2 minutos"},"schema":{"@context":"https:\/\/schema.org","@graph":[{"@type":"Article","@id":"https:\/\/blogs.funiber.org\/pt\/meio-ambiente\/2015\/10\/06\/funiber-publica-se-pesquisa-sobre-o-degelo-na-antartida-e-na-groelandia#article","isPartOf":{"@id":"https:\/\/blogs.funiber.org\/pt\/meio-ambiente\/2015\/10\/06\/funiber-publica-se-pesquisa-sobre-o-degelo-na-antartida-e-na-groelandia"},"author":{"name":"Mariana Dornelles","@id":"https:\/\/blogs.funiber.org\/pt\/#\/schema\/person\/cebedd0aef5286687ce641276452c76d"},"headline":"Publica-se pesquisa sobre o degelo na Ant\u00e1rtida e na Groel\u00e2ndia","datePublished":"2015-10-06T13:25:20+00:00","dateModified":"2015-10-06T13:25:20+00:00","mainEntityOfPage":{"@id":"https:\/\/blogs.funiber.org\/pt\/meio-ambiente\/2015\/10\/06\/funiber-publica-se-pesquisa-sobre-o-degelo-na-antartida-e-na-groelandia"},"wordCount":483,"publisher":{"@id":"https:\/\/blogs.funiber.org\/pt\/#organization"},"keywords":["Aquecimento Global","Educa\u00e7\u00e3o","Educa\u00e7\u00e3o a Dist\u00e2ncia","Funiber","Meio Ambiente","mestrado","Mudan\u00e7as clim\u00e1ticas","Opini\u00e3o FUNIBER","Opini\u00f5es Funiber"],"articleSection":["Meio Ambiente"],"inLanguage":"pt-BR"},{"@type":"WebPage","@id":"https:\/\/blogs.funiber.org\/pt\/meio-ambiente\/2015\/10\/06\/funiber-publica-se-pesquisa-sobre-o-degelo-na-antartida-e-na-groelandia","url":"https:\/\/blogs.funiber.org\/pt\/meio-ambiente\/2015\/10\/06\/funiber-publica-se-pesquisa-sobre-o-degelo-na-antartida-e-na-groelandia","name":"Publica-se pesquisa sobre o degelo na Ant\u00e1rtida e na Groel\u00e2ndia - FuniBlogs - FUNIBER","isPartOf":{"@id":"https:\/\/blogs.funiber.org\/pt\/#website"},"datePublished":"2015-10-06T13:25:20+00:00","dateModified":"2015-10-06T13:25:20+00:00","description":"Pesquisa indica que degelo na Ant\u00e1rtida e na Groel\u00e2ndia acontecem de forma diferente.","breadcrumb":{"@id":"https:\/\/blogs.funiber.org\/pt\/meio-ambiente\/2015\/10\/06\/funiber-publica-se-pesquisa-sobre-o-degelo-na-antartida-e-na-groelandia#breadcrumb"},"inLanguage":"pt-BR","potentialAction":[{"@type":"ReadAction","target":["https:\/\/blogs.funiber.org\/pt\/meio-ambiente\/2015\/10\/06\/funiber-publica-se-pesquisa-sobre-o-degelo-na-antartida-e-na-groelandia"]}]},{"@type":"BreadcrumbList","@id":"https:\/\/blogs.funiber.org\/pt\/meio-ambiente\/2015\/10\/06\/funiber-publica-se-pesquisa-sobre-o-degelo-na-antartida-e-na-groelandia#breadcrumb","itemListElement":[{"@type":"ListItem","position":1,"name":"In\u00edcio","item":"https:\/\/blogs.funiber.org\/pt"},{"@type":"ListItem","position":2,"name":"Publica-se pesquisa sobre o degelo na Ant\u00e1rtida e na Groel\u00e2ndia"}]},{"@type":"WebSite","@id":"https:\/\/blogs.funiber.org\/pt\/#website","url":"https:\/\/blogs.funiber.org\/pt\/","name":"FuniBlogs - FUNIBER","description":"","publisher":{"@id":"https:\/\/blogs.funiber.org\/pt\/#organization"},"potentialAction":[{"@type":"SearchAction","target":{"@type":"EntryPoint","urlTemplate":"https:\/\/blogs.funiber.org\/pt\/?s={search_term_string}"},"query-input":"required name=search_term_string"}],"inLanguage":"pt-BR"},{"@type":"Organization","@id":"https:\/\/blogs.funiber.org\/pt\/#organization","name":"FuniBlogs - FUNIBER","url":"https:\/\/blogs.funiber.org\/pt\/","logo":{"@type":"ImageObject","inLanguage":"pt-BR","@id":"https:\/\/blogs.funiber.org\/pt\/#\/schema\/logo\/image\/","url":"https:\/\/www.funiber.blog\/pt\/wp-content\/uploads\/2022\/02\/logo-funiber-pt-br-v-dos.svg","contentUrl":"https:\/\/www.funiber.blog\/pt\/wp-content\/uploads\/2022\/02\/logo-funiber-pt-br-v-dos.svg","width":1,"height":1,"caption":"FuniBlogs - FUNIBER"},"image":{"@id":"https:\/\/blogs.funiber.org\/pt\/#\/schema\/logo\/image\/"},"sameAs":["https:\/\/www.facebook.com\/funiber","https:\/\/twitter.com\/FUNIBER","https:\/\/www.instagram.com\/funiber_becas","https:\/\/www.youtube.com\/user\/funiber","https:\/\/www.linkedin.com\/company\/funiber"]},{"@type":"Person","@id":"https:\/\/blogs.funiber.org\/pt\/#\/schema\/person\/cebedd0aef5286687ce641276452c76d","name":"Mariana Dornelles","image":{"@type":"ImageObject","inLanguage":"pt-BR","@id":"https:\/\/blogs.funiber.org\/pt\/#\/schema\/person\/image\/","url":"https:\/\/secure.gravatar.com\/avatar\/2fbaa65ea908e82807b005c351db3c9d?s=96&d=mm&r=g","contentUrl":"https:\/\/secure.gravatar.com\/avatar\/2fbaa65ea908e82807b005c351db3c9d?s=96&d=mm&r=g","caption":"Mariana Dornelles"},"url":"https:\/\/www.funiber.blog\/pt\/author\/mariana-dornelles"}]}},"jetpack_featured_media_url":"https:\/\/www.funiber.blog\/pt\/wp-content\/uploads\/2015\/10\/funiber-degelo.jpg","jetpack_shortlink":"https:\/\/wp.me\/p7ee1t-24C","jetpack_sharing_enabled":true,"_links":{"self":[{"href":"https:\/\/www.funiber.blog\/pt\/wp-json\/wp\/v2\/posts\/7974"}],"collection":[{"href":"https:\/\/www.funiber.blog\/pt\/wp-json\/wp\/v2\/posts"}],"about":[{"href":"https:\/\/www.funiber.blog\/pt\/wp-json\/wp\/v2\/types\/post"}],"author":[{"embeddable":true,"href":"https:\/\/www.funiber.blog\/pt\/wp-json\/wp\/v2\/users\/16"}],"replies":[{"embeddable":true,"href":"https:\/\/www.funiber.blog\/pt\/wp-json\/wp\/v2\/comments?post=7974"}],"version-history":[{"count":2,"href":"https:\/\/www.funiber.blog\/pt\/wp-json\/wp\/v2\/posts\/7974\/revisions"}],"predecessor-version":[{"id":7977,"href":"https:\/\/www.funiber.blog\/pt\/wp-json\/wp\/v2\/posts\/7974\/revisions\/7977"}],"wp:featuredmedia":[{"embeddable":true,"href":"https:\/\/www.funiber.blog\/pt\/wp-json\/wp\/v2\/media\/7976"}],"wp:attachment":[{"href":"https:\/\/www.funiber.blog\/pt\/wp-json\/wp\/v2\/media?parent=7974"}],"wp:term":[{"taxonomy":"category","embeddable":true,"href":"https:\/\/www.funiber.blog\/pt\/wp-json\/wp\/v2\/categories?post=7974"},{"taxonomy":"post_tag","embeddable":true,"href":"https:\/\/www.funiber.blog\/pt\/wp-json\/wp\/v2\/tags?post=7974"}],"curies":[{"name":"wp","href":"https:\/\/api.w.org\/{rel}","templated":true}]}}