{"id":8012,"date":"2015-10-09T08:53:19","date_gmt":"2015-10-09T08:53:19","guid":{"rendered":"http:\/\/blogs.funiber.org\/pt\/?p=8012"},"modified":"2015-10-09T08:53:19","modified_gmt":"2015-10-09T08:53:19","slug":"funiber-a-voz-esta-morta-no-futuro-das-telecomunicacoes","status":"publish","type":"post","link":"https:\/\/www.funiber.blog\/pt\/tecnologias-tic\/2015\/10\/09\/funiber-a-voz-esta-morta-no-futuro-das-telecomunicacoes","title":{"rendered":"A voz est\u00e1 morta no futuro das telecomunica\u00e7\u00f5es"},"content":{"rendered":"<p><strong>O setor das telecomunica\u00e7\u00f5es j\u00e1 admitiu: a telefonia baseada na voz acabou.<\/strong> No futuro, a comunica\u00e7\u00e3o estar\u00e1 centrada nos v\u00eddeos e nas diversas experi\u00eancias que poder\u00e3o ser oferecidas ao consumidor, j\u00e1 que o telefone continuar\u00e1 ampliando suas fun\u00e7\u00f5es muito al\u00e9m da simples conversa.<!--more--><\/p>\n<p>Este foi um dos temas mais debatidos entre os l\u00edderes do setor das telecomunica\u00e7\u00f5es no <a href=\"http:\/\/tv.futurecom.com.br\/\" target=\"_blank\">Futurecom de 2014<\/a>. Em uma das mesas, Marco Patuano, da <a href=\"http:\/\/www.telecomitalia.com\/tit\/en.html\" target=\"_blank\">Telecom It\u00e1lia<\/a>, determinou &#8220;Vamos ser claros, a telefonia de voz est\u00e1 morta. Se algu\u00e9m quiser basear o seu neg\u00f3cio nisto deve ser despedido&#8221;.<\/p>\n<p>Para Tim Krause, diretor de marketing da <a href=\"https:\/\/www.alcatel-lucent.com\/\" target=\"_blank\">Alcatel-Lucent<\/a>, <strong>o futuro das telecomunica\u00e7\u00f5es estar\u00e1 centrado no v\u00eddeo, embora ainda n\u00e3o exista um modelo de neg\u00f3cios baseado nisto<\/strong>. Essa mudan\u00e7a exigir\u00e1 uma mudan\u00e7a do setor, que deve apostar pela melhora da experi\u00eancia do consumidor. &#8220;Se voc\u00ea puder convencer o consumidor que a sua experi\u00eancia \u00e9 a melhor, voc\u00ea ter\u00e1 mais possibilidades no mercado&#8221;, afirma.<\/p>\n<p>O futuro das telecomunica\u00e7\u00f5es precisa de profissionais que estejam preparados para todas as mudan\u00e7as do setor. O <strong><a href=\"http:\/\/www.funiber.org.br\/areas-de-conhecimento\/tecnologias-da-informacao\/mestrado-em-direcao-estrategica-em-telecomunicacoes\" target=\"_blank\">Mestrado em Dire\u00e7\u00e3o Estrat\u00e9gica em Telecomunica\u00e7\u00f5es<\/a> <\/strong>promovido por <strong><a href=\"http:\/\/www.funiber.org.br\/\" target=\"_blank\">FUNIBER<\/a><\/strong> oferece a seus alunos a possibilidade de desenvolver as capacidades b\u00e1sicas para uma gest\u00e3o empresarial moderna e em cont\u00ednua evolu\u00e7\u00e3o.<\/p>\n<p>Fonte: <a href=\"http:\/\/fnbr.es\/1mj\" target=\"_blank\">http:\/\/fnbr.es\/1mj<\/a><\/p>\n<p>Foto: <a href=\"https:\/\/pixabay.com\/es\/iphone-smartphone-apps-apple-inc-410311\/\" target=\"_blank\">Dom\u00ednio p\u00fablico<\/a><\/p>\n","protected":false},"excerpt":{"rendered":"<p>O setor das telecomunica\u00e7\u00f5es j\u00e1 admitiu: a telefonia baseada na voz acabou. No futuro, a comunica\u00e7\u00e3o estar\u00e1 centrada nos v\u00eddeos e nas diversas experi\u00eancias que poder\u00e3o ser oferecidas ao consumidor, j\u00e1 que o telefone continuar\u00e1 ampliando suas fun\u00e7\u00f5es muito al\u00e9m da simples conversa.<\/p>\n","protected":false},"author":16,"featured_media":8014,"comment_status":"closed","ping_status":"closed","sticky":false,"template":"","format":"standard","meta":{"jetpack_post_was_ever_published":false,"_jetpack_newsletter_access":"","_jetpack_newsletter_tier_id":0,"footnotes":"","jetpack_publicize_message":"","jetpack_is_tweetstorm":false,"jetpack_publicize_feature_enabled":true,"jetpack_social_post_already_shared":false,"jetpack_social_options":{"image_generator_settings":{"template":"highway","enabled":false}}},"categories":[6],"tags":[285,408,172,248,180,671,641,255,26],"jetpack_publicize_connections":[],"yoast_head":"<!-- This site is optimized with the Yoast SEO plugin v21.7 - https:\/\/yoast.com\/wordpress\/plugins\/seo\/ -->\n<title>A voz est\u00e1 morta no futuro das telecomunica\u00e7\u00f5es - FuniBlogs - FUNIBER<\/title>\n<meta name=\"description\" content=\"L\u00edderes do setor de telecomunica\u00e7\u00f5es afirmar que a telefonia baseada na voz acabou.\" \/>\n<meta name=\"robots\" content=\"noindex, nofollow\" \/>\n<meta property=\"og:locale\" content=\"pt_BR\" \/>\n<meta property=\"og:type\" content=\"article\" \/>\n<meta property=\"og:title\" content=\"A voz est\u00e1 morta no futuro das telecomunica\u00e7\u00f5es - FuniBlogs - FUNIBER\" \/>\n<meta property=\"og:description\" content=\"L\u00edderes do setor de telecomunica\u00e7\u00f5es afirmar que a telefonia baseada na voz acabou.\" \/>\n<meta property=\"og:url\" content=\"https:\/\/blogs.funiber.org\/pt\/tecnologias-tic\/2015\/10\/09\/funiber-a-voz-esta-morta-no-futuro-das-telecomunicacoes\" \/>\n<meta property=\"og:site_name\" content=\"FuniBlogs - FUNIBER\" \/>\n<meta property=\"article:publisher\" content=\"https:\/\/www.facebook.com\/funiber\" \/>\n<meta property=\"article:published_time\" content=\"2015-10-09T08:53:19+00:00\" \/>\n<meta property=\"og:image\" content=\"https:\/\/blogs.funiber.org\/pt\/wp-content\/uploads\/2015\/10\/funiber-celular.jpg\" \/>\n\t<meta property=\"og:image:width\" content=\"640\" \/>\n\t<meta property=\"og:image:height\" content=\"426\" \/>\n\t<meta property=\"og:image:type\" content=\"image\/jpeg\" \/>\n<meta name=\"author\" content=\"Mariana Dornelles\" \/>\n<meta name=\"twitter:card\" content=\"summary_large_image\" \/>\n<meta name=\"twitter:creator\" content=\"@FUNIBER\" \/>\n<meta name=\"twitter:site\" content=\"@FUNIBER\" \/>\n<meta name=\"twitter:label1\" content=\"Escrito por\" \/>\n\t<meta name=\"twitter:data1\" content=\"Mariana Dornelles\" \/>\n\t<meta name=\"twitter:label2\" content=\"Est. tempo de leitura\" \/>\n\t<meta name=\"twitter:data2\" content=\"1 minuto\" \/>\n<script type=\"application\/ld+json\" class=\"yoast-schema-graph\">{\"@context\":\"https:\/\/schema.org\",\"@graph\":[{\"@type\":\"Article\",\"@id\":\"https:\/\/blogs.funiber.org\/pt\/tecnologias-tic\/2015\/10\/09\/funiber-a-voz-esta-morta-no-futuro-das-telecomunicacoes#article\",\"isPartOf\":{\"@id\":\"https:\/\/blogs.funiber.org\/pt\/tecnologias-tic\/2015\/10\/09\/funiber-a-voz-esta-morta-no-futuro-das-telecomunicacoes\"},\"author\":{\"name\":\"Mariana Dornelles\",\"@id\":\"https:\/\/blogs.funiber.org\/pt\/#\/schema\/person\/cebedd0aef5286687ce641276452c76d\"},\"headline\":\"A voz est\u00e1 morta no futuro das telecomunica\u00e7\u00f5es\",\"datePublished\":\"2015-10-09T08:53:19+00:00\",\"dateModified\":\"2015-10-09T08:53:19+00:00\",\"mainEntityOfPage\":{\"@id\":\"https:\/\/blogs.funiber.org\/pt\/tecnologias-tic\/2015\/10\/09\/funiber-a-voz-esta-morta-no-futuro-das-telecomunicacoes\"},\"wordCount\":245,\"publisher\":{\"@id\":\"https:\/\/blogs.funiber.org\/pt\/#organization\"},\"keywords\":[\"Educa\u00e7\u00e3o\",\"Educa\u00e7\u00e3o a Dist\u00e2ncia\",\"Empresas\",\"Funiber\",\"Inova\u00e7\u00e3o\",\"mestrado\",\"Opini\u00e3o FUNIBER\",\"Opini\u00f5es Funiber\",\"tecnologia\"],\"articleSection\":[\"Tecnologias TIC\"],\"inLanguage\":\"pt-BR\"},{\"@type\":\"WebPage\",\"@id\":\"https:\/\/blogs.funiber.org\/pt\/tecnologias-tic\/2015\/10\/09\/funiber-a-voz-esta-morta-no-futuro-das-telecomunicacoes\",\"url\":\"https:\/\/blogs.funiber.org\/pt\/tecnologias-tic\/2015\/10\/09\/funiber-a-voz-esta-morta-no-futuro-das-telecomunicacoes\",\"name\":\"A voz est\u00e1 morta no futuro das telecomunica\u00e7\u00f5es - FuniBlogs - FUNIBER\",\"isPartOf\":{\"@id\":\"https:\/\/blogs.funiber.org\/pt\/#website\"},\"datePublished\":\"2015-10-09T08:53:19+00:00\",\"dateModified\":\"2015-10-09T08:53:19+00:00\",\"description\":\"L\u00edderes do setor de telecomunica\u00e7\u00f5es afirmar que a telefonia baseada na voz acabou.\",\"breadcrumb\":{\"@id\":\"https:\/\/blogs.funiber.org\/pt\/tecnologias-tic\/2015\/10\/09\/funiber-a-voz-esta-morta-no-futuro-das-telecomunicacoes#breadcrumb\"},\"inLanguage\":\"pt-BR\",\"potentialAction\":[{\"@type\":\"ReadAction\",\"target\":[\"https:\/\/blogs.funiber.org\/pt\/tecnologias-tic\/2015\/10\/09\/funiber-a-voz-esta-morta-no-futuro-das-telecomunicacoes\"]}]},{\"@type\":\"BreadcrumbList\",\"@id\":\"https:\/\/blogs.funiber.org\/pt\/tecnologias-tic\/2015\/10\/09\/funiber-a-voz-esta-morta-no-futuro-das-telecomunicacoes#breadcrumb\",\"itemListElement\":[{\"@type\":\"ListItem\",\"position\":1,\"name\":\"In\u00edcio\",\"item\":\"https:\/\/blogs.funiber.org\/pt\"},{\"@type\":\"ListItem\",\"position\":2,\"name\":\"A voz est\u00e1 morta no futuro das telecomunica\u00e7\u00f5es\"}]},{\"@type\":\"WebSite\",\"@id\":\"https:\/\/blogs.funiber.org\/pt\/#website\",\"url\":\"https:\/\/blogs.funiber.org\/pt\/\",\"name\":\"FuniBlogs - FUNIBER\",\"description\":\"\",\"publisher\":{\"@id\":\"https:\/\/blogs.funiber.org\/pt\/#organization\"},\"potentialAction\":[{\"@type\":\"SearchAction\",\"target\":{\"@type\":\"EntryPoint\",\"urlTemplate\":\"https:\/\/blogs.funiber.org\/pt\/?s={search_term_string}\"},\"query-input\":\"required name=search_term_string\"}],\"inLanguage\":\"pt-BR\"},{\"@type\":\"Organization\",\"@id\":\"https:\/\/blogs.funiber.org\/pt\/#organization\",\"name\":\"FuniBlogs - FUNIBER\",\"url\":\"https:\/\/blogs.funiber.org\/pt\/\",\"logo\":{\"@type\":\"ImageObject\",\"inLanguage\":\"pt-BR\",\"@id\":\"https:\/\/blogs.funiber.org\/pt\/#\/schema\/logo\/image\/\",\"url\":\"https:\/\/www.funiber.blog\/pt\/wp-content\/uploads\/2022\/02\/logo-funiber-pt-br-v-dos.svg\",\"contentUrl\":\"https:\/\/www.funiber.blog\/pt\/wp-content\/uploads\/2022\/02\/logo-funiber-pt-br-v-dos.svg\",\"width\":1,\"height\":1,\"caption\":\"FuniBlogs - FUNIBER\"},\"image\":{\"@id\":\"https:\/\/blogs.funiber.org\/pt\/#\/schema\/logo\/image\/\"},\"sameAs\":[\"https:\/\/www.facebook.com\/funiber\",\"https:\/\/twitter.com\/FUNIBER\",\"https:\/\/www.instagram.com\/funiber_becas\",\"https:\/\/www.youtube.com\/user\/funiber\",\"https:\/\/www.linkedin.com\/company\/funiber\"]},{\"@type\":\"Person\",\"@id\":\"https:\/\/blogs.funiber.org\/pt\/#\/schema\/person\/cebedd0aef5286687ce641276452c76d\",\"name\":\"Mariana Dornelles\",\"image\":{\"@type\":\"ImageObject\",\"inLanguage\":\"pt-BR\",\"@id\":\"https:\/\/blogs.funiber.org\/pt\/#\/schema\/person\/image\/\",\"url\":\"https:\/\/secure.gravatar.com\/avatar\/2fbaa65ea908e82807b005c351db3c9d?s=96&d=mm&r=g\",\"contentUrl\":\"https:\/\/secure.gravatar.com\/avatar\/2fbaa65ea908e82807b005c351db3c9d?s=96&d=mm&r=g\",\"caption\":\"Mariana Dornelles\"},\"url\":\"https:\/\/www.funiber.blog\/pt\/author\/mariana-dornelles\"}]}<\/script>\n<!-- \/ Yoast SEO plugin. -->","yoast_head_json":{"title":"A voz est\u00e1 morta no futuro das telecomunica\u00e7\u00f5es - FuniBlogs - FUNIBER","description":"L\u00edderes do setor de telecomunica\u00e7\u00f5es afirmar que a telefonia baseada na voz acabou.","robots":{"index":"noindex","follow":"nofollow"},"og_locale":"pt_BR","og_type":"article","og_title":"A voz est\u00e1 morta no futuro das telecomunica\u00e7\u00f5es - FuniBlogs - FUNIBER","og_description":"L\u00edderes do setor de telecomunica\u00e7\u00f5es afirmar que a telefonia baseada na voz acabou.","og_url":"https:\/\/blogs.funiber.org\/pt\/tecnologias-tic\/2015\/10\/09\/funiber-a-voz-esta-morta-no-futuro-das-telecomunicacoes","og_site_name":"FuniBlogs - FUNIBER","article_publisher":"https:\/\/www.facebook.com\/funiber","article_published_time":"2015-10-09T08:53:19+00:00","og_image":[{"width":640,"height":426,"url":"https:\/\/blogs.funiber.org\/pt\/wp-content\/uploads\/2015\/10\/funiber-celular.jpg","type":"image\/jpeg"}],"author":"Mariana Dornelles","twitter_card":"summary_large_image","twitter_creator":"@FUNIBER","twitter_site":"@FUNIBER","twitter_misc":{"Escrito por":"Mariana Dornelles","Est. tempo de leitura":"1 minuto"},"schema":{"@context":"https:\/\/schema.org","@graph":[{"@type":"Article","@id":"https:\/\/blogs.funiber.org\/pt\/tecnologias-tic\/2015\/10\/09\/funiber-a-voz-esta-morta-no-futuro-das-telecomunicacoes#article","isPartOf":{"@id":"https:\/\/blogs.funiber.org\/pt\/tecnologias-tic\/2015\/10\/09\/funiber-a-voz-esta-morta-no-futuro-das-telecomunicacoes"},"author":{"name":"Mariana Dornelles","@id":"https:\/\/blogs.funiber.org\/pt\/#\/schema\/person\/cebedd0aef5286687ce641276452c76d"},"headline":"A voz est\u00e1 morta no futuro das telecomunica\u00e7\u00f5es","datePublished":"2015-10-09T08:53:19+00:00","dateModified":"2015-10-09T08:53:19+00:00","mainEntityOfPage":{"@id":"https:\/\/blogs.funiber.org\/pt\/tecnologias-tic\/2015\/10\/09\/funiber-a-voz-esta-morta-no-futuro-das-telecomunicacoes"},"wordCount":245,"publisher":{"@id":"https:\/\/blogs.funiber.org\/pt\/#organization"},"keywords":["Educa\u00e7\u00e3o","Educa\u00e7\u00e3o a Dist\u00e2ncia","Empresas","Funiber","Inova\u00e7\u00e3o","mestrado","Opini\u00e3o FUNIBER","Opini\u00f5es Funiber","tecnologia"],"articleSection":["Tecnologias TIC"],"inLanguage":"pt-BR"},{"@type":"WebPage","@id":"https:\/\/blogs.funiber.org\/pt\/tecnologias-tic\/2015\/10\/09\/funiber-a-voz-esta-morta-no-futuro-das-telecomunicacoes","url":"https:\/\/blogs.funiber.org\/pt\/tecnologias-tic\/2015\/10\/09\/funiber-a-voz-esta-morta-no-futuro-das-telecomunicacoes","name":"A voz est\u00e1 morta no futuro das telecomunica\u00e7\u00f5es - FuniBlogs - FUNIBER","isPartOf":{"@id":"https:\/\/blogs.funiber.org\/pt\/#website"},"datePublished":"2015-10-09T08:53:19+00:00","dateModified":"2015-10-09T08:53:19+00:00","description":"L\u00edderes do setor de telecomunica\u00e7\u00f5es afirmar que a telefonia baseada na voz acabou.","breadcrumb":{"@id":"https:\/\/blogs.funiber.org\/pt\/tecnologias-tic\/2015\/10\/09\/funiber-a-voz-esta-morta-no-futuro-das-telecomunicacoes#breadcrumb"},"inLanguage":"pt-BR","potentialAction":[{"@type":"ReadAction","target":["https:\/\/blogs.funiber.org\/pt\/tecnologias-tic\/2015\/10\/09\/funiber-a-voz-esta-morta-no-futuro-das-telecomunicacoes"]}]},{"@type":"BreadcrumbList","@id":"https:\/\/blogs.funiber.org\/pt\/tecnologias-tic\/2015\/10\/09\/funiber-a-voz-esta-morta-no-futuro-das-telecomunicacoes#breadcrumb","itemListElement":[{"@type":"ListItem","position":1,"name":"In\u00edcio","item":"https:\/\/blogs.funiber.org\/pt"},{"@type":"ListItem","position":2,"name":"A voz est\u00e1 morta no futuro das telecomunica\u00e7\u00f5es"}]},{"@type":"WebSite","@id":"https:\/\/blogs.funiber.org\/pt\/#website","url":"https:\/\/blogs.funiber.org\/pt\/","name":"FuniBlogs - FUNIBER","description":"","publisher":{"@id":"https:\/\/blogs.funiber.org\/pt\/#organization"},"potentialAction":[{"@type":"SearchAction","target":{"@type":"EntryPoint","urlTemplate":"https:\/\/blogs.funiber.org\/pt\/?s={search_term_string}"},"query-input":"required name=search_term_string"}],"inLanguage":"pt-BR"},{"@type":"Organization","@id":"https:\/\/blogs.funiber.org\/pt\/#organization","name":"FuniBlogs - FUNIBER","url":"https:\/\/blogs.funiber.org\/pt\/","logo":{"@type":"ImageObject","inLanguage":"pt-BR","@id":"https:\/\/blogs.funiber.org\/pt\/#\/schema\/logo\/image\/","url":"https:\/\/www.funiber.blog\/pt\/wp-content\/uploads\/2022\/02\/logo-funiber-pt-br-v-dos.svg","contentUrl":"https:\/\/www.funiber.blog\/pt\/wp-content\/uploads\/2022\/02\/logo-funiber-pt-br-v-dos.svg","width":1,"height":1,"caption":"FuniBlogs - FUNIBER"},"image":{"@id":"https:\/\/blogs.funiber.org\/pt\/#\/schema\/logo\/image\/"},"sameAs":["https:\/\/www.facebook.com\/funiber","https:\/\/twitter.com\/FUNIBER","https:\/\/www.instagram.com\/funiber_becas","https:\/\/www.youtube.com\/user\/funiber","https:\/\/www.linkedin.com\/company\/funiber"]},{"@type":"Person","@id":"https:\/\/blogs.funiber.org\/pt\/#\/schema\/person\/cebedd0aef5286687ce641276452c76d","name":"Mariana Dornelles","image":{"@type":"ImageObject","inLanguage":"pt-BR","@id":"https:\/\/blogs.funiber.org\/pt\/#\/schema\/person\/image\/","url":"https:\/\/secure.gravatar.com\/avatar\/2fbaa65ea908e82807b005c351db3c9d?s=96&d=mm&r=g","contentUrl":"https:\/\/secure.gravatar.com\/avatar\/2fbaa65ea908e82807b005c351db3c9d?s=96&d=mm&r=g","caption":"Mariana Dornelles"},"url":"https:\/\/www.funiber.blog\/pt\/author\/mariana-dornelles"}]}},"jetpack_featured_media_url":"https:\/\/www.funiber.blog\/pt\/wp-content\/uploads\/2015\/10\/funiber-celular.jpg","jetpack_shortlink":"https:\/\/wp.me\/p7ee1t-25e","jetpack_sharing_enabled":true,"_links":{"self":[{"href":"https:\/\/www.funiber.blog\/pt\/wp-json\/wp\/v2\/posts\/8012"}],"collection":[{"href":"https:\/\/www.funiber.blog\/pt\/wp-json\/wp\/v2\/posts"}],"about":[{"href":"https:\/\/www.funiber.blog\/pt\/wp-json\/wp\/v2\/types\/post"}],"author":[{"embeddable":true,"href":"https:\/\/www.funiber.blog\/pt\/wp-json\/wp\/v2\/users\/16"}],"replies":[{"embeddable":true,"href":"https:\/\/www.funiber.blog\/pt\/wp-json\/wp\/v2\/comments?post=8012"}],"version-history":[{"count":1,"href":"https:\/\/www.funiber.blog\/pt\/wp-json\/wp\/v2\/posts\/8012\/revisions"}],"predecessor-version":[{"id":8013,"href":"https:\/\/www.funiber.blog\/pt\/wp-json\/wp\/v2\/posts\/8012\/revisions\/8013"}],"wp:featuredmedia":[{"embeddable":true,"href":"https:\/\/www.funiber.blog\/pt\/wp-json\/wp\/v2\/media\/8014"}],"wp:attachment":[{"href":"https:\/\/www.funiber.blog\/pt\/wp-json\/wp\/v2\/media?parent=8012"}],"wp:term":[{"taxonomy":"category","embeddable":true,"href":"https:\/\/www.funiber.blog\/pt\/wp-json\/wp\/v2\/categories?post=8012"},{"taxonomy":"post_tag","embeddable":true,"href":"https:\/\/www.funiber.blog\/pt\/wp-json\/wp\/v2\/tags?post=8012"}],"curies":[{"name":"wp","href":"https:\/\/api.w.org\/{rel}","templated":true}]}}