{"id":8015,"date":"2015-10-09T12:03:36","date_gmt":"2015-10-09T12:03:36","guid":{"rendered":"http:\/\/blogs.funiber.org\/pt\/?p=8015"},"modified":"2015-10-09T12:09:01","modified_gmt":"2015-10-09T12:09:01","slug":"funiber-laboratorio-de-experimentacoes-didaticas","status":"publish","type":"post","link":"https:\/\/www.funiber.blog\/pt\/formacao-professores\/2015\/10\/09\/funiber-laboratorio-de-experimentacoes-didaticas","title":{"rendered":"Laborat\u00f3rio incentiva  inova\u00e7\u00f5es e experimenta\u00e7\u00f5es did\u00e1ticas"},"content":{"rendered":"<p><strong>Engajar educadores na cria\u00e7\u00e3o e experimenta\u00e7\u00e3o de solu\u00e7\u00f5es did\u00e1ticas e arranjos sociais inovadores para a escola<\/strong> \u00e9 o objetivo do <a href=\"https:\/\/www.facebook.com\/LEDescola\" target=\"_blank\">Laborat\u00f3rio de Experimenta\u00e7\u00f5es Did\u00e1ticas<\/a> (LED). Realizado em S\u00e3o Paulo, o projeto \u00e9 liderado por um grupo de pesquisadores em educa\u00e7\u00e3o que criaram um <a href=\"https:\/\/www.youtube.com\/watch?v=T-hw713Af8k\" target=\"_blank\">espa\u00e7o-evento<\/a> para propor iniciativas que <strong>incorporem a cultura digital nas atividades docentes.<\/strong><!--more--><\/p>\n<p>Trata-se de um espa\u00e7o de cria\u00e7\u00e3o e experimenta\u00e7\u00e3o que oferecem instrumentos que apoiam o <strong>desenvolvimento de solu\u00e7\u00f5es educacionais inovadoras<\/strong>. Para estimul\u00e1-las, conta com a participa\u00e7\u00e3o de profissionais de outras \u00e1reas (atores, designers, programadores, engenheiros, arquitetos e empreendedores) e realizam din\u00e2micas pr\u00f3prias de sess\u00f5es de est\u00edmulo \u00e0 criatividade. Buscam <strong>repensar o atual descompasso entre os ambientes de ensino oferecidos pela escola e as possibilidades de produ\u00e7\u00e3o de cen\u00e1rios inovadores de aprendizagem<\/strong>.<\/p>\n<p>M\u00e1rcia Padilha, uma das idealizadoras do LED \u2013 ao lado de Adriana Martinelli e Luciano Meira \u2013, conta que o projeto traz para a forma\u00e7\u00e3o dos professores aspectos muito demandados atualmente. &#8220;A internet muda a quest\u00e3o da autoria, da legitimidade de quem fala, do poder da fala&#8221;, diz a educadora. &#8220;N\u00e3o \u00e9 nova a quest\u00e3o do protagonismo do aluno, mas ela nunca esteve t\u00e3o latente.&#8221;<\/p>\n<p><strong>Forma\u00e7\u00e3o<\/strong><\/p>\n<p>Nas sess\u00f5es formativas organizadas pelo LED, professores de diferentes perfis indicam os principais problemas que vivem em sala de aula e prop\u00f5em solu\u00e7\u00f5es em conjunto, em um curto espa\u00e7o de tempo. &#8220;Em momento algum damos a solu\u00e7\u00e3o&#8221;, explica M\u00e1rcia. <strong>A autonomia e a colabora\u00e7\u00e3o na forma de encontrar as resolu\u00e7\u00f5es para as quest\u00f5es propostas s\u00e3o fundamentais para mostrar aos docentes a ess\u00eancia dos novos tempos<\/strong>. Outra preocupa\u00e7\u00e3o \u00e9 dar retornos instant\u00e2neos, e n\u00e3o s\u00f3 ao final da jornada, como acontece nas escolas atualmente.<\/p>\n<p>Para os organizadores, criar o LED foi uma forma <strong>de responder aos anseios dos educadores, que querem e precisam mudar a forma como trabalham, mas n\u00e3o sabem por onde come\u00e7ar, uma vez que n\u00e3o t\u00eam suporte das institui\u00e7\u00f5es &#8211; muito lentas nesta transforma\u00e7\u00e3o &#8211; e menos ainda das pol\u00edticas p\u00fablicas<\/strong>. &#8220;\u00c9 consenso na educa\u00e7\u00e3o que \u00e9 preciso rever a pr\u00e1tica dos docentes e que a educa\u00e7\u00e3o vive um momento de crise. Agora, um consenso que existe e se provou errado \u00e9 o de que os professores s\u00e3o acomodados. Isso \u00e9 mentira. D\u00ea uma chance de ele fazer diferente e ele o far\u00e1&#8221;, pontua.<\/p>\n<p>Como afirma M\u00e1rcia, o papel do professor na educa\u00e7\u00e3o inovadora \u00e9 evidente. Por meio do <strong><a href=\"http:\/\/www.funiber.org.br\/areas-de-conhecimento\/formacao-de-professores\/mestrado-em-educacao\/\" target=\"_blank\">Mestrado em Educa\u00e7\u00e3o<\/a><\/strong> promovido pela <strong><a href=\"http:\/\/www.funiber.org.br\/\" target=\"_blank\">FUNIBER<\/a><\/strong>, os alunos podem se aprofundar e conhecer diferentes estrat\u00e9gias de a\u00e7\u00f5es educativas em sala de aula.<\/p>\n<p>Fonte: <a href=\"http:\/\/fnbr.es\/1mk\" target=\"_blank\">http:\/\/fnbr.es\/1mk<\/a>, <a href=\"http:\/\/fnbr.es\/1mm\" target=\"_blank\">http:\/\/fnbr.es\/1mm<\/a><\/p>\n<p>Foto: Alguns direitos reservados por <a href=\"https:\/\/www.flickr.com\/photos\/3oheme\/5141328136\/in\/photolist-8QjDJy-qCh7GT-9jp2qo-pXJPf5-f7JZuc-tAgWnu-tGpbY9-e1Gchx-7GZQod-5zM1jg-t3dtdt-24tG8K-4pxGg9-oRUvhu-dSsTKs-7VHvh8-e3CC8F-gE6o8-EENAj-t3zfZW-6jw6fb-eorWCh-aFwWaZ-5VdMoF-56GZiZ-egtKXy-puDu88-q45CZN-59Dqrd-7kExPc-5VdLnD-avUP3k-4aN3QJ-59DrFJ-uXGWLu-BDMAF-mKgXn-59ze7X-jz2CUd-avUNYH-9ugqg5-6pJEPe-7yi3CB-EEP66-5Q4Hxm-64wAxJ-5VibKf-enPtSP-8nXox5-F6nfk\" target=\"_blank\">Ignacio Palomo Duarte<\/a><\/p>\n","protected":false},"excerpt":{"rendered":"<p>Engajar educadores na cria\u00e7\u00e3o e experimenta\u00e7\u00e3o de solu\u00e7\u00f5es did\u00e1ticas e arranjos sociais inovadores para a escola \u00e9 o objetivo do Laborat\u00f3rio de Experimenta\u00e7\u00f5es Did\u00e1ticas (LED). Realizado em S\u00e3o Paulo, o projeto \u00e9 liderado por um grupo de pesquisadores em educa\u00e7\u00e3o que criaram um espa\u00e7o-evento para propor iniciativas que incorporem a cultura digital nas atividades docentes.<\/p>\n","protected":false},"author":16,"featured_media":8017,"comment_status":"closed","ping_status":"closed","sticky":false,"template":"","format":"standard","meta":{"jetpack_post_was_ever_published":false,"_jetpack_newsletter_access":"","_jetpack_newsletter_tier_id":0,"footnotes":"","jetpack_publicize_message":"","jetpack_is_tweetstorm":false,"jetpack_publicize_feature_enabled":true,"jetpack_social_post_already_shared":false,"jetpack_social_options":{"image_generator_settings":{"template":"highway","enabled":false}}},"categories":[5],"tags":[285,408,262,686,248,671,641,255,642],"jetpack_publicize_connections":[],"yoast_head":"<!-- This site is optimized with the Yoast SEO plugin v21.7 - https:\/\/yoast.com\/wordpress\/plugins\/seo\/ -->\n<title>Laborat\u00f3rio incentiva inova\u00e7\u00f5es e experimenta\u00e7\u00f5es did\u00e1ticas - FuniBlogs - FUNIBER<\/title>\n<meta name=\"description\" content=\"Laborat\u00f3rio de Experimenta\u00e7\u00f5es Did\u00e1ticas prop\u00f5e iniciativas que incorporem a cultura digital nas atividades docentes.\" \/>\n<meta name=\"robots\" content=\"noindex, nofollow\" \/>\n<meta property=\"og:locale\" content=\"pt_BR\" \/>\n<meta property=\"og:type\" content=\"article\" \/>\n<meta property=\"og:title\" content=\"Laborat\u00f3rio incentiva inova\u00e7\u00f5es e experimenta\u00e7\u00f5es did\u00e1ticas - FuniBlogs - FUNIBER\" \/>\n<meta property=\"og:description\" content=\"Laborat\u00f3rio de Experimenta\u00e7\u00f5es Did\u00e1ticas prop\u00f5e iniciativas que incorporem a cultura digital nas atividades docentes.\" \/>\n<meta property=\"og:url\" content=\"https:\/\/blogs.funiber.org\/pt\/formacao-professores\/2015\/10\/09\/funiber-laboratorio-de-experimentacoes-didaticas\" \/>\n<meta property=\"og:site_name\" content=\"FuniBlogs - FUNIBER\" \/>\n<meta property=\"article:publisher\" content=\"https:\/\/www.facebook.com\/funiber\" \/>\n<meta property=\"article:published_time\" content=\"2015-10-09T12:03:36+00:00\" \/>\n<meta property=\"article:modified_time\" content=\"2015-10-09T12:09:01+00:00\" \/>\n<meta property=\"og:image\" content=\"https:\/\/blogs.funiber.org\/pt\/wp-content\/uploads\/2015\/10\/5141328136_16d8f73ee7_z.jpg\" \/>\n\t<meta property=\"og:image:width\" content=\"640\" \/>\n\t<meta property=\"og:image:height\" content=\"425\" \/>\n\t<meta property=\"og:image:type\" content=\"image\/jpeg\" \/>\n<meta name=\"author\" content=\"Mariana Dornelles\" \/>\n<meta name=\"twitter:card\" content=\"summary_large_image\" \/>\n<meta name=\"twitter:creator\" content=\"@FUNIBER\" \/>\n<meta name=\"twitter:site\" content=\"@FUNIBER\" \/>\n<meta name=\"twitter:label1\" content=\"Escrito por\" \/>\n\t<meta name=\"twitter:data1\" content=\"Mariana Dornelles\" \/>\n\t<meta name=\"twitter:label2\" content=\"Est. tempo de leitura\" \/>\n\t<meta name=\"twitter:data2\" content=\"2 minutos\" \/>\n<script type=\"application\/ld+json\" class=\"yoast-schema-graph\">{\"@context\":\"https:\/\/schema.org\",\"@graph\":[{\"@type\":\"Article\",\"@id\":\"https:\/\/blogs.funiber.org\/pt\/formacao-professores\/2015\/10\/09\/funiber-laboratorio-de-experimentacoes-didaticas#article\",\"isPartOf\":{\"@id\":\"https:\/\/blogs.funiber.org\/pt\/formacao-professores\/2015\/10\/09\/funiber-laboratorio-de-experimentacoes-didaticas\"},\"author\":{\"name\":\"Mariana Dornelles\",\"@id\":\"https:\/\/blogs.funiber.org\/pt\/#\/schema\/person\/cebedd0aef5286687ce641276452c76d\"},\"headline\":\"Laborat\u00f3rio incentiva inova\u00e7\u00f5es e experimenta\u00e7\u00f5es did\u00e1ticas\",\"datePublished\":\"2015-10-09T12:03:36+00:00\",\"dateModified\":\"2015-10-09T12:09:01+00:00\",\"mainEntityOfPage\":{\"@id\":\"https:\/\/blogs.funiber.org\/pt\/formacao-professores\/2015\/10\/09\/funiber-laboratorio-de-experimentacoes-didaticas\"},\"wordCount\":489,\"publisher\":{\"@id\":\"https:\/\/blogs.funiber.org\/pt\/#organization\"},\"keywords\":[\"Educa\u00e7\u00e3o\",\"Educa\u00e7\u00e3o a Dist\u00e2ncia\",\"Empreendedorismo\",\"Forma\u00e7\u00e3o de Professores\",\"Funiber\",\"mestrado\",\"Opini\u00e3o FUNIBER\",\"Opini\u00f5es Funiber\",\"Professores\"],\"articleSection\":[\"Educa\u00e7\u00e3o,\u00a0Forma\u00e7\u00e3o Professores\"],\"inLanguage\":\"pt-BR\"},{\"@type\":\"WebPage\",\"@id\":\"https:\/\/blogs.funiber.org\/pt\/formacao-professores\/2015\/10\/09\/funiber-laboratorio-de-experimentacoes-didaticas\",\"url\":\"https:\/\/blogs.funiber.org\/pt\/formacao-professores\/2015\/10\/09\/funiber-laboratorio-de-experimentacoes-didaticas\",\"name\":\"Laborat\u00f3rio incentiva inova\u00e7\u00f5es e experimenta\u00e7\u00f5es did\u00e1ticas - FuniBlogs - FUNIBER\",\"isPartOf\":{\"@id\":\"https:\/\/blogs.funiber.org\/pt\/#website\"},\"datePublished\":\"2015-10-09T12:03:36+00:00\",\"dateModified\":\"2015-10-09T12:09:01+00:00\",\"description\":\"Laborat\u00f3rio de Experimenta\u00e7\u00f5es Did\u00e1ticas prop\u00f5e iniciativas que incorporem a cultura digital nas atividades docentes.\",\"breadcrumb\":{\"@id\":\"https:\/\/blogs.funiber.org\/pt\/formacao-professores\/2015\/10\/09\/funiber-laboratorio-de-experimentacoes-didaticas#breadcrumb\"},\"inLanguage\":\"pt-BR\",\"potentialAction\":[{\"@type\":\"ReadAction\",\"target\":[\"https:\/\/blogs.funiber.org\/pt\/formacao-professores\/2015\/10\/09\/funiber-laboratorio-de-experimentacoes-didaticas\"]}]},{\"@type\":\"BreadcrumbList\",\"@id\":\"https:\/\/blogs.funiber.org\/pt\/formacao-professores\/2015\/10\/09\/funiber-laboratorio-de-experimentacoes-didaticas#breadcrumb\",\"itemListElement\":[{\"@type\":\"ListItem\",\"position\":1,\"name\":\"In\u00edcio\",\"item\":\"https:\/\/blogs.funiber.org\/pt\"},{\"@type\":\"ListItem\",\"position\":2,\"name\":\"Laborat\u00f3rio incentiva inova\u00e7\u00f5es e experimenta\u00e7\u00f5es did\u00e1ticas\"}]},{\"@type\":\"WebSite\",\"@id\":\"https:\/\/blogs.funiber.org\/pt\/#website\",\"url\":\"https:\/\/blogs.funiber.org\/pt\/\",\"name\":\"FuniBlogs - FUNIBER\",\"description\":\"\",\"publisher\":{\"@id\":\"https:\/\/blogs.funiber.org\/pt\/#organization\"},\"potentialAction\":[{\"@type\":\"SearchAction\",\"target\":{\"@type\":\"EntryPoint\",\"urlTemplate\":\"https:\/\/blogs.funiber.org\/pt\/?s={search_term_string}\"},\"query-input\":\"required name=search_term_string\"}],\"inLanguage\":\"pt-BR\"},{\"@type\":\"Organization\",\"@id\":\"https:\/\/blogs.funiber.org\/pt\/#organization\",\"name\":\"FuniBlogs - FUNIBER\",\"url\":\"https:\/\/blogs.funiber.org\/pt\/\",\"logo\":{\"@type\":\"ImageObject\",\"inLanguage\":\"pt-BR\",\"@id\":\"https:\/\/blogs.funiber.org\/pt\/#\/schema\/logo\/image\/\",\"url\":\"https:\/\/www.funiber.blog\/pt\/wp-content\/uploads\/2022\/02\/logo-funiber-pt-br-v-dos.svg\",\"contentUrl\":\"https:\/\/www.funiber.blog\/pt\/wp-content\/uploads\/2022\/02\/logo-funiber-pt-br-v-dos.svg\",\"width\":1,\"height\":1,\"caption\":\"FuniBlogs - FUNIBER\"},\"image\":{\"@id\":\"https:\/\/blogs.funiber.org\/pt\/#\/schema\/logo\/image\/\"},\"sameAs\":[\"https:\/\/www.facebook.com\/funiber\",\"https:\/\/twitter.com\/FUNIBER\",\"https:\/\/www.instagram.com\/funiber_becas\",\"https:\/\/www.youtube.com\/user\/funiber\",\"https:\/\/www.linkedin.com\/company\/funiber\"]},{\"@type\":\"Person\",\"@id\":\"https:\/\/blogs.funiber.org\/pt\/#\/schema\/person\/cebedd0aef5286687ce641276452c76d\",\"name\":\"Mariana Dornelles\",\"image\":{\"@type\":\"ImageObject\",\"inLanguage\":\"pt-BR\",\"@id\":\"https:\/\/blogs.funiber.org\/pt\/#\/schema\/person\/image\/\",\"url\":\"https:\/\/secure.gravatar.com\/avatar\/2fbaa65ea908e82807b005c351db3c9d?s=96&d=mm&r=g\",\"contentUrl\":\"https:\/\/secure.gravatar.com\/avatar\/2fbaa65ea908e82807b005c351db3c9d?s=96&d=mm&r=g\",\"caption\":\"Mariana Dornelles\"},\"url\":\"https:\/\/www.funiber.blog\/pt\/author\/mariana-dornelles\"}]}<\/script>\n<!-- \/ Yoast SEO plugin. -->","yoast_head_json":{"title":"Laborat\u00f3rio incentiva inova\u00e7\u00f5es e experimenta\u00e7\u00f5es did\u00e1ticas - FuniBlogs - FUNIBER","description":"Laborat\u00f3rio de Experimenta\u00e7\u00f5es Did\u00e1ticas prop\u00f5e iniciativas que incorporem a cultura digital nas atividades docentes.","robots":{"index":"noindex","follow":"nofollow"},"og_locale":"pt_BR","og_type":"article","og_title":"Laborat\u00f3rio incentiva inova\u00e7\u00f5es e experimenta\u00e7\u00f5es did\u00e1ticas - FuniBlogs - FUNIBER","og_description":"Laborat\u00f3rio de Experimenta\u00e7\u00f5es Did\u00e1ticas prop\u00f5e iniciativas que incorporem a cultura digital nas atividades docentes.","og_url":"https:\/\/blogs.funiber.org\/pt\/formacao-professores\/2015\/10\/09\/funiber-laboratorio-de-experimentacoes-didaticas","og_site_name":"FuniBlogs - FUNIBER","article_publisher":"https:\/\/www.facebook.com\/funiber","article_published_time":"2015-10-09T12:03:36+00:00","article_modified_time":"2015-10-09T12:09:01+00:00","og_image":[{"width":640,"height":425,"url":"https:\/\/blogs.funiber.org\/pt\/wp-content\/uploads\/2015\/10\/5141328136_16d8f73ee7_z.jpg","type":"image\/jpeg"}],"author":"Mariana Dornelles","twitter_card":"summary_large_image","twitter_creator":"@FUNIBER","twitter_site":"@FUNIBER","twitter_misc":{"Escrito por":"Mariana Dornelles","Est. tempo de leitura":"2 minutos"},"schema":{"@context":"https:\/\/schema.org","@graph":[{"@type":"Article","@id":"https:\/\/blogs.funiber.org\/pt\/formacao-professores\/2015\/10\/09\/funiber-laboratorio-de-experimentacoes-didaticas#article","isPartOf":{"@id":"https:\/\/blogs.funiber.org\/pt\/formacao-professores\/2015\/10\/09\/funiber-laboratorio-de-experimentacoes-didaticas"},"author":{"name":"Mariana Dornelles","@id":"https:\/\/blogs.funiber.org\/pt\/#\/schema\/person\/cebedd0aef5286687ce641276452c76d"},"headline":"Laborat\u00f3rio incentiva inova\u00e7\u00f5es e experimenta\u00e7\u00f5es did\u00e1ticas","datePublished":"2015-10-09T12:03:36+00:00","dateModified":"2015-10-09T12:09:01+00:00","mainEntityOfPage":{"@id":"https:\/\/blogs.funiber.org\/pt\/formacao-professores\/2015\/10\/09\/funiber-laboratorio-de-experimentacoes-didaticas"},"wordCount":489,"publisher":{"@id":"https:\/\/blogs.funiber.org\/pt\/#organization"},"keywords":["Educa\u00e7\u00e3o","Educa\u00e7\u00e3o a Dist\u00e2ncia","Empreendedorismo","Forma\u00e7\u00e3o de Professores","Funiber","mestrado","Opini\u00e3o FUNIBER","Opini\u00f5es Funiber","Professores"],"articleSection":["Educa\u00e7\u00e3o,\u00a0Forma\u00e7\u00e3o Professores"],"inLanguage":"pt-BR"},{"@type":"WebPage","@id":"https:\/\/blogs.funiber.org\/pt\/formacao-professores\/2015\/10\/09\/funiber-laboratorio-de-experimentacoes-didaticas","url":"https:\/\/blogs.funiber.org\/pt\/formacao-professores\/2015\/10\/09\/funiber-laboratorio-de-experimentacoes-didaticas","name":"Laborat\u00f3rio incentiva inova\u00e7\u00f5es e experimenta\u00e7\u00f5es did\u00e1ticas - FuniBlogs - FUNIBER","isPartOf":{"@id":"https:\/\/blogs.funiber.org\/pt\/#website"},"datePublished":"2015-10-09T12:03:36+00:00","dateModified":"2015-10-09T12:09:01+00:00","description":"Laborat\u00f3rio de Experimenta\u00e7\u00f5es Did\u00e1ticas prop\u00f5e iniciativas que incorporem a cultura digital nas atividades docentes.","breadcrumb":{"@id":"https:\/\/blogs.funiber.org\/pt\/formacao-professores\/2015\/10\/09\/funiber-laboratorio-de-experimentacoes-didaticas#breadcrumb"},"inLanguage":"pt-BR","potentialAction":[{"@type":"ReadAction","target":["https:\/\/blogs.funiber.org\/pt\/formacao-professores\/2015\/10\/09\/funiber-laboratorio-de-experimentacoes-didaticas"]}]},{"@type":"BreadcrumbList","@id":"https:\/\/blogs.funiber.org\/pt\/formacao-professores\/2015\/10\/09\/funiber-laboratorio-de-experimentacoes-didaticas#breadcrumb","itemListElement":[{"@type":"ListItem","position":1,"name":"In\u00edcio","item":"https:\/\/blogs.funiber.org\/pt"},{"@type":"ListItem","position":2,"name":"Laborat\u00f3rio incentiva inova\u00e7\u00f5es e experimenta\u00e7\u00f5es did\u00e1ticas"}]},{"@type":"WebSite","@id":"https:\/\/blogs.funiber.org\/pt\/#website","url":"https:\/\/blogs.funiber.org\/pt\/","name":"FuniBlogs - FUNIBER","description":"","publisher":{"@id":"https:\/\/blogs.funiber.org\/pt\/#organization"},"potentialAction":[{"@type":"SearchAction","target":{"@type":"EntryPoint","urlTemplate":"https:\/\/blogs.funiber.org\/pt\/?s={search_term_string}"},"query-input":"required name=search_term_string"}],"inLanguage":"pt-BR"},{"@type":"Organization","@id":"https:\/\/blogs.funiber.org\/pt\/#organization","name":"FuniBlogs - FUNIBER","url":"https:\/\/blogs.funiber.org\/pt\/","logo":{"@type":"ImageObject","inLanguage":"pt-BR","@id":"https:\/\/blogs.funiber.org\/pt\/#\/schema\/logo\/image\/","url":"https:\/\/www.funiber.blog\/pt\/wp-content\/uploads\/2022\/02\/logo-funiber-pt-br-v-dos.svg","contentUrl":"https:\/\/www.funiber.blog\/pt\/wp-content\/uploads\/2022\/02\/logo-funiber-pt-br-v-dos.svg","width":1,"height":1,"caption":"FuniBlogs - FUNIBER"},"image":{"@id":"https:\/\/blogs.funiber.org\/pt\/#\/schema\/logo\/image\/"},"sameAs":["https:\/\/www.facebook.com\/funiber","https:\/\/twitter.com\/FUNIBER","https:\/\/www.instagram.com\/funiber_becas","https:\/\/www.youtube.com\/user\/funiber","https:\/\/www.linkedin.com\/company\/funiber"]},{"@type":"Person","@id":"https:\/\/blogs.funiber.org\/pt\/#\/schema\/person\/cebedd0aef5286687ce641276452c76d","name":"Mariana Dornelles","image":{"@type":"ImageObject","inLanguage":"pt-BR","@id":"https:\/\/blogs.funiber.org\/pt\/#\/schema\/person\/image\/","url":"https:\/\/secure.gravatar.com\/avatar\/2fbaa65ea908e82807b005c351db3c9d?s=96&d=mm&r=g","contentUrl":"https:\/\/secure.gravatar.com\/avatar\/2fbaa65ea908e82807b005c351db3c9d?s=96&d=mm&r=g","caption":"Mariana Dornelles"},"url":"https:\/\/www.funiber.blog\/pt\/author\/mariana-dornelles"}]}},"jetpack_featured_media_url":"https:\/\/www.funiber.blog\/pt\/wp-content\/uploads\/2015\/10\/5141328136_16d8f73ee7_z.jpg","jetpack_shortlink":"https:\/\/wp.me\/p7ee1t-25h","jetpack_sharing_enabled":true,"_links":{"self":[{"href":"https:\/\/www.funiber.blog\/pt\/wp-json\/wp\/v2\/posts\/8015"}],"collection":[{"href":"https:\/\/www.funiber.blog\/pt\/wp-json\/wp\/v2\/posts"}],"about":[{"href":"https:\/\/www.funiber.blog\/pt\/wp-json\/wp\/v2\/types\/post"}],"author":[{"embeddable":true,"href":"https:\/\/www.funiber.blog\/pt\/wp-json\/wp\/v2\/users\/16"}],"replies":[{"embeddable":true,"href":"https:\/\/www.funiber.blog\/pt\/wp-json\/wp\/v2\/comments?post=8015"}],"version-history":[{"count":8,"href":"https:\/\/www.funiber.blog\/pt\/wp-json\/wp\/v2\/posts\/8015\/revisions"}],"predecessor-version":[{"id":8025,"href":"https:\/\/www.funiber.blog\/pt\/wp-json\/wp\/v2\/posts\/8015\/revisions\/8025"}],"wp:featuredmedia":[{"embeddable":true,"href":"https:\/\/www.funiber.blog\/pt\/wp-json\/wp\/v2\/media\/8017"}],"wp:attachment":[{"href":"https:\/\/www.funiber.blog\/pt\/wp-json\/wp\/v2\/media?parent=8015"}],"wp:term":[{"taxonomy":"category","embeddable":true,"href":"https:\/\/www.funiber.blog\/pt\/wp-json\/wp\/v2\/categories?post=8015"},{"taxonomy":"post_tag","embeddable":true,"href":"https:\/\/www.funiber.blog\/pt\/wp-json\/wp\/v2\/tags?post=8015"}],"curies":[{"name":"wp","href":"https:\/\/api.w.org\/{rel}","templated":true}]}}