{"id":8094,"date":"2015-10-19T09:01:06","date_gmt":"2015-10-19T09:01:06","guid":{"rendered":"http:\/\/blogs.funiber.org\/pt\/?p=8094"},"modified":"2015-10-19T11:44:07","modified_gmt":"2015-10-19T11:44:07","slug":"funiber-opinioes-funiber-ex-aluno-cria-projeto-proprio-de-comunicacao","status":"publish","type":"post","link":"https:\/\/www.funiber.blog\/pt\/tecnologias-tic\/2015\/10\/19\/funiber-opinioes-funiber-ex-aluno-cria-projeto-proprio-de-comunicacao","title":{"rendered":"Opini\u00f5es FUNIBER: ex-aluno cria projeto pr\u00f3prio de comunica\u00e7\u00e3o"},"content":{"rendered":"<p>Ramiro Gast\u00f3n Fern\u00e1ndez, ex-aluno bolsista da <strong><a href=\"http:\/\/www.funiber.org.br\/\" target=\"_blank\">FUNIBER<\/a><\/strong>, \u00e9 um apaixonado pelos oceanos e pela positividade que o envolve. Ap\u00f3s uma trajet\u00f3ria marcada pela forma\u00e7\u00e3o e atua\u00e7\u00e3o no mundo da comunica\u00e7\u00e3o, Ramiro apostou por <strong>um projeto informativo pr\u00f3prio que o diferenciasse da maioria dos jornais tradicionais: um canal de comunica\u00e7\u00e3o baseado em informa\u00e7\u00f5es positivas sobre o mundo dos oceanos<\/strong>.<!--more--><\/p>\n<p>Com forma\u00e7\u00e3o em comunica\u00e7\u00e3o pelo College of Media and Publishing e pelo Oxford College, Ramiro trabalhou durante cinco anos na <a href=\"http:\/\/www.ooskanews.com\/\" target=\"_blank\">OOSKA News<\/a>, l\u00edder internacional de not\u00edcias sobre a \u00e1gua. Interessado em aprofundar seus conhecimentos sobre o meio ambiente, solicitou uma bolsa \u00e0 <strong>FUNIBER<\/strong> para a Especializa\u00e7\u00e3o em <strong><a href=\"http:\/\/www.funiber.org.br\/areas-de-conhecimento\/meio-ambiente-e-desenvolvimento-sustentavel\/gestao-e-conservacao-de-espacos-naturais\" target=\"_blank\">Gest\u00e3o e Conserva\u00e7\u00e3o de Espa\u00e7os Naturais<\/a><\/strong> e <strong><a href=\"http:\/\/www.funiber.org.br\/areas-de-conhecimento\/meio-ambiente-e-desenvolvimento-sustentavel\/oceanografia-e-recursos-marinhos\" target=\"_blank\">Oceanografia e Recursos Marinhos<\/a><\/strong>, o que lhe deu os conhecimentos necess\u00e1rios para consolidar as bases de sua atua\u00e7\u00e3o profissional atual.<\/p>\n<p>A ideia de criar o seu projeto profissional de comunica\u00e7\u00e3o, chamado<em> Ocean Life, <\/em>nasceu em 2013, com o objetivo de se diferenciar da maioria dos notici\u00e1rios. \u201cEstava cansado de tantas not\u00edcias massivas e negativas. As hist\u00f3rias que via relacionadas ao Oceano, pelo contr\u00e1rio, me inspiravam e me mostravam um mundo novo e desconhecido, mas muito bonito. Al\u00e9m disso, pensava nos valores que gostaria de passar para o meu filho: o melhor, valores e temas saud\u00e1veis. Acho que tem muita gente com essa mesma necessidade, de receber mensagens positivas, que remonte a uma nova vida, que inspire\u201d, relata.<\/p>\n<p>Para dar forma ao projeto, Ramiro lan\u00e7ou um <a href=\"http:\/\/www.lifeoceano.blogspot.com\/\" target=\"_blank\">blog<\/a> em 2014 \u2013 utilizando uma ferramenta que permite publicar conte\u00fado facilmente e de forma din\u00e2mica \u2013 e em 2015 abriu o <a href=\"http:\/\/www.fb.com\/lifeoceano\" target=\"_blank\">perfil do projeto<\/a> no Facebook, que, em sua opini\u00e3o, \u00e9 a melhor rede social, pelas facilidades e funcionalidade que oferece.<\/p>\n<p>Atualmente o perfil de <em>Ocean Life<\/em> no Facebook j\u00e1 conta com mais de 2.500 seguidores. Segundo Ramiro, foi algo inesperado e ele acredita que \u00e9 consequ\u00eancia de um conte\u00fado interessante para muitos leitores que t\u00eam uma coisa em comum: o Oceano \u00e9 parte de suas vidas. Ainda que n\u00e3o deseje que chegue a ser massivo, Ramiro quer que o projeto cres\u00e7a, mas sem perder o estilo e continuar sendo independente.<\/p>\n<p>O relato de Ramiro \u00e9 mais um exemplo da import\u00e2ncia das TICs no desenvolvimento de muitos neg\u00f3cios de diferentes setores. Por isso, os alunos dos cursos das \u00e1reas de <strong><a href=\"http:\/\/www.funiber.org.br\/areas-de-conhecimento\/tecnologias-da-informacao\/\" target=\"_blank\">Tecnologia<\/a><\/strong> e <strong><a href=\"http:\/\/www.funiber.org.br\/areas-de-conhecimento\/audiovisual-e-multimidia\/\" target=\"_blank\">Comunica\u00e7\u00e3o<\/a><\/strong> da <strong><a href=\"http:\/\/www.funiber.org.br\/\" target=\"_blank\">FUNIBER<\/a> <\/strong>t\u00eam a oportunidade de aprimorar seus conhecimentos sobre o uso das tecnologias e das estrat\u00e9gias de comunica\u00e7\u00e3o nos mais diversos \u00e2mbitos de atua\u00e7\u00e3o.<\/p>\n<p>Foto: Alguns direitos reservados <a href=\"https:\/\/www.flickr.com\/photos\/sunova_surfboards\/5444811562\/\" target=\"_blank\">Sunova Surfboards<\/a><\/p>\n","protected":false},"excerpt":{"rendered":"<p>Ramiro Gast\u00f3n Fern\u00e1ndez, ex-aluno bolsista da FUNIBER, \u00e9 um apaixonado pelos oceanos e pela positividade que o envolve. Ap\u00f3s uma trajet\u00f3ria marcada pela forma\u00e7\u00e3o e atua\u00e7\u00e3o no mundo da comunica\u00e7\u00e3o, Ramiro apostou por um projeto informativo pr\u00f3prio que o diferenciasse da maioria dos jornais tradicionais: um canal de comunica\u00e7\u00e3o baseado em informa\u00e7\u00f5es positivas sobre o [&hellip;]<\/p>\n","protected":false},"author":16,"featured_media":8098,"comment_status":"closed","ping_status":"closed","sticky":false,"template":"","format":"standard","meta":{"jetpack_post_was_ever_published":false,"_jetpack_newsletter_access":"","_jetpack_newsletter_tier_id":0,"footnotes":"","jetpack_publicize_message":"","jetpack_is_tweetstorm":false,"jetpack_publicize_feature_enabled":true,"jetpack_social_post_already_shared":false,"jetpack_social_options":{"image_generator_settings":{"template":"highway","enabled":false}}},"categories":[6],"tags":[285,408,248,835,641,255,112],"jetpack_publicize_connections":[],"yoast_head":"<!-- This site is optimized with the Yoast SEO plugin v21.7 - https:\/\/yoast.com\/wordpress\/plugins\/seo\/ -->\n<title>Opini\u00f5es FUNIBER: ex-aluno cria projeto pr\u00f3prio de comunica\u00e7\u00e3o - FuniBlogs - FUNIBER<\/title>\n<meta name=\"description\" content=\"Ex-aluno bolsista da Funiber cria um canal de comunica\u00e7\u00e3o baseado em informa\u00e7\u00f5es positivas sobre o mundo dos oceanos.\" \/>\n<meta name=\"robots\" content=\"index, follow, max-snippet:-1, max-image-preview:large, max-video-preview:-1\" \/>\n<link rel=\"canonical\" href=\"https:\/\/blogs.funiber.org\/pt\/tecnologias-tic\/2015\/10\/19\/funiber-opinioes-funiber-ex-aluno-cria-projeto-proprio-de-comunicacao\" \/>\n<meta property=\"og:locale\" content=\"pt_BR\" \/>\n<meta property=\"og:type\" content=\"article\" \/>\n<meta property=\"og:title\" content=\"Opini\u00f5es FUNIBER: ex-aluno cria projeto pr\u00f3prio de comunica\u00e7\u00e3o - FuniBlogs - FUNIBER\" \/>\n<meta property=\"og:description\" content=\"Ex-aluno bolsista da Funiber cria um canal de comunica\u00e7\u00e3o baseado em informa\u00e7\u00f5es positivas sobre o mundo dos oceanos.\" \/>\n<meta property=\"og:url\" content=\"https:\/\/blogs.funiber.org\/pt\/tecnologias-tic\/2015\/10\/19\/funiber-opinioes-funiber-ex-aluno-cria-projeto-proprio-de-comunicacao\" \/>\n<meta property=\"og:site_name\" content=\"FuniBlogs - FUNIBER\" \/>\n<meta property=\"article:publisher\" content=\"https:\/\/www.facebook.com\/funiber\" \/>\n<meta property=\"article:published_time\" content=\"2015-10-19T09:01:06+00:00\" \/>\n<meta property=\"article:modified_time\" content=\"2015-10-19T11:44:07+00:00\" \/>\n<meta property=\"og:image\" content=\"https:\/\/blogs.funiber.org\/pt\/wp-content\/uploads\/2015\/10\/5444811562_9e5998990e_z.jpg\" \/>\n\t<meta property=\"og:image:width\" content=\"640\" \/>\n\t<meta property=\"og:image:height\" content=\"427\" \/>\n\t<meta property=\"og:image:type\" content=\"image\/jpeg\" \/>\n<meta name=\"author\" content=\"Mariana Dornelles\" \/>\n<meta name=\"twitter:card\" content=\"summary_large_image\" \/>\n<meta name=\"twitter:creator\" content=\"@FUNIBER\" \/>\n<meta name=\"twitter:site\" content=\"@FUNIBER\" \/>\n<meta name=\"twitter:label1\" content=\"Escrito por\" \/>\n\t<meta name=\"twitter:data1\" content=\"Mariana Dornelles\" \/>\n\t<meta name=\"twitter:label2\" content=\"Est. tempo de leitura\" \/>\n\t<meta name=\"twitter:data2\" content=\"2 minutos\" \/>\n<script type=\"application\/ld+json\" class=\"yoast-schema-graph\">{\"@context\":\"https:\/\/schema.org\",\"@graph\":[{\"@type\":\"Article\",\"@id\":\"https:\/\/blogs.funiber.org\/pt\/tecnologias-tic\/2015\/10\/19\/funiber-opinioes-funiber-ex-aluno-cria-projeto-proprio-de-comunicacao#article\",\"isPartOf\":{\"@id\":\"https:\/\/blogs.funiber.org\/pt\/tecnologias-tic\/2015\/10\/19\/funiber-opinioes-funiber-ex-aluno-cria-projeto-proprio-de-comunicacao\"},\"author\":{\"name\":\"Mariana Dornelles\",\"@id\":\"https:\/\/blogs.funiber.org\/pt\/#\/schema\/person\/cebedd0aef5286687ce641276452c76d\"},\"headline\":\"Opini\u00f5es FUNIBER: ex-aluno cria projeto pr\u00f3prio de comunica\u00e7\u00e3o\",\"datePublished\":\"2015-10-19T09:01:06+00:00\",\"dateModified\":\"2015-10-19T11:44:07+00:00\",\"mainEntityOfPage\":{\"@id\":\"https:\/\/blogs.funiber.org\/pt\/tecnologias-tic\/2015\/10\/19\/funiber-opinioes-funiber-ex-aluno-cria-projeto-proprio-de-comunicacao\"},\"wordCount\":454,\"publisher\":{\"@id\":\"https:\/\/blogs.funiber.org\/pt\/#organization\"},\"keywords\":[\"Educa\u00e7\u00e3o\",\"Educa\u00e7\u00e3o a Dist\u00e2ncia\",\"Funiber\",\"Meio Ambiente\",\"Opini\u00e3o FUNIBER\",\"Opini\u00f5es Funiber\",\"Projetos\"],\"articleSection\":[\"Tecnologias TIC\"],\"inLanguage\":\"pt-BR\"},{\"@type\":\"WebPage\",\"@id\":\"https:\/\/blogs.funiber.org\/pt\/tecnologias-tic\/2015\/10\/19\/funiber-opinioes-funiber-ex-aluno-cria-projeto-proprio-de-comunicacao\",\"url\":\"https:\/\/blogs.funiber.org\/pt\/tecnologias-tic\/2015\/10\/19\/funiber-opinioes-funiber-ex-aluno-cria-projeto-proprio-de-comunicacao\",\"name\":\"Opini\u00f5es FUNIBER: ex-aluno cria projeto pr\u00f3prio de comunica\u00e7\u00e3o - FuniBlogs - FUNIBER\",\"isPartOf\":{\"@id\":\"https:\/\/blogs.funiber.org\/pt\/#website\"},\"datePublished\":\"2015-10-19T09:01:06+00:00\",\"dateModified\":\"2015-10-19T11:44:07+00:00\",\"description\":\"Ex-aluno bolsista da Funiber cria um canal de comunica\u00e7\u00e3o baseado em informa\u00e7\u00f5es positivas sobre o mundo dos oceanos.\",\"breadcrumb\":{\"@id\":\"https:\/\/blogs.funiber.org\/pt\/tecnologias-tic\/2015\/10\/19\/funiber-opinioes-funiber-ex-aluno-cria-projeto-proprio-de-comunicacao#breadcrumb\"},\"inLanguage\":\"pt-BR\",\"potentialAction\":[{\"@type\":\"ReadAction\",\"target\":[\"https:\/\/blogs.funiber.org\/pt\/tecnologias-tic\/2015\/10\/19\/funiber-opinioes-funiber-ex-aluno-cria-projeto-proprio-de-comunicacao\"]}]},{\"@type\":\"BreadcrumbList\",\"@id\":\"https:\/\/blogs.funiber.org\/pt\/tecnologias-tic\/2015\/10\/19\/funiber-opinioes-funiber-ex-aluno-cria-projeto-proprio-de-comunicacao#breadcrumb\",\"itemListElement\":[{\"@type\":\"ListItem\",\"position\":1,\"name\":\"In\u00edcio\",\"item\":\"https:\/\/blogs.funiber.org\/pt\"},{\"@type\":\"ListItem\",\"position\":2,\"name\":\"Opini\u00f5es FUNIBER: ex-aluno cria projeto pr\u00f3prio de comunica\u00e7\u00e3o\"}]},{\"@type\":\"WebSite\",\"@id\":\"https:\/\/blogs.funiber.org\/pt\/#website\",\"url\":\"https:\/\/blogs.funiber.org\/pt\/\",\"name\":\"FuniBlogs - FUNIBER\",\"description\":\"\",\"publisher\":{\"@id\":\"https:\/\/blogs.funiber.org\/pt\/#organization\"},\"potentialAction\":[{\"@type\":\"SearchAction\",\"target\":{\"@type\":\"EntryPoint\",\"urlTemplate\":\"https:\/\/blogs.funiber.org\/pt\/?s={search_term_string}\"},\"query-input\":\"required name=search_term_string\"}],\"inLanguage\":\"pt-BR\"},{\"@type\":\"Organization\",\"@id\":\"https:\/\/blogs.funiber.org\/pt\/#organization\",\"name\":\"FuniBlogs - FUNIBER\",\"url\":\"https:\/\/blogs.funiber.org\/pt\/\",\"logo\":{\"@type\":\"ImageObject\",\"inLanguage\":\"pt-BR\",\"@id\":\"https:\/\/blogs.funiber.org\/pt\/#\/schema\/logo\/image\/\",\"url\":\"https:\/\/www.funiber.blog\/pt\/wp-content\/uploads\/2022\/02\/logo-funiber-pt-br-v-dos.svg\",\"contentUrl\":\"https:\/\/www.funiber.blog\/pt\/wp-content\/uploads\/2022\/02\/logo-funiber-pt-br-v-dos.svg\",\"width\":1,\"height\":1,\"caption\":\"FuniBlogs - FUNIBER\"},\"image\":{\"@id\":\"https:\/\/blogs.funiber.org\/pt\/#\/schema\/logo\/image\/\"},\"sameAs\":[\"https:\/\/www.facebook.com\/funiber\",\"https:\/\/twitter.com\/FUNIBER\",\"https:\/\/www.instagram.com\/funiber_becas\",\"https:\/\/www.youtube.com\/user\/funiber\",\"https:\/\/www.linkedin.com\/company\/funiber\"]},{\"@type\":\"Person\",\"@id\":\"https:\/\/blogs.funiber.org\/pt\/#\/schema\/person\/cebedd0aef5286687ce641276452c76d\",\"name\":\"Mariana Dornelles\",\"image\":{\"@type\":\"ImageObject\",\"inLanguage\":\"pt-BR\",\"@id\":\"https:\/\/blogs.funiber.org\/pt\/#\/schema\/person\/image\/\",\"url\":\"https:\/\/secure.gravatar.com\/avatar\/2fbaa65ea908e82807b005c351db3c9d?s=96&d=mm&r=g\",\"contentUrl\":\"https:\/\/secure.gravatar.com\/avatar\/2fbaa65ea908e82807b005c351db3c9d?s=96&d=mm&r=g\",\"caption\":\"Mariana Dornelles\"},\"url\":\"https:\/\/www.funiber.blog\/pt\/author\/mariana-dornelles\"}]}<\/script>\n<!-- \/ Yoast SEO plugin. -->","yoast_head_json":{"title":"Opini\u00f5es FUNIBER: ex-aluno cria projeto pr\u00f3prio de comunica\u00e7\u00e3o - FuniBlogs - FUNIBER","description":"Ex-aluno bolsista da Funiber cria um canal de comunica\u00e7\u00e3o baseado em informa\u00e7\u00f5es positivas sobre o mundo dos oceanos.","robots":{"index":"index","follow":"follow","max-snippet":"max-snippet:-1","max-image-preview":"max-image-preview:large","max-video-preview":"max-video-preview:-1"},"canonical":"https:\/\/blogs.funiber.org\/pt\/tecnologias-tic\/2015\/10\/19\/funiber-opinioes-funiber-ex-aluno-cria-projeto-proprio-de-comunicacao","og_locale":"pt_BR","og_type":"article","og_title":"Opini\u00f5es FUNIBER: ex-aluno cria projeto pr\u00f3prio de comunica\u00e7\u00e3o - FuniBlogs - FUNIBER","og_description":"Ex-aluno bolsista da Funiber cria um canal de comunica\u00e7\u00e3o baseado em informa\u00e7\u00f5es positivas sobre o mundo dos oceanos.","og_url":"https:\/\/blogs.funiber.org\/pt\/tecnologias-tic\/2015\/10\/19\/funiber-opinioes-funiber-ex-aluno-cria-projeto-proprio-de-comunicacao","og_site_name":"FuniBlogs - FUNIBER","article_publisher":"https:\/\/www.facebook.com\/funiber","article_published_time":"2015-10-19T09:01:06+00:00","article_modified_time":"2015-10-19T11:44:07+00:00","og_image":[{"width":640,"height":427,"url":"https:\/\/blogs.funiber.org\/pt\/wp-content\/uploads\/2015\/10\/5444811562_9e5998990e_z.jpg","type":"image\/jpeg"}],"author":"Mariana Dornelles","twitter_card":"summary_large_image","twitter_creator":"@FUNIBER","twitter_site":"@FUNIBER","twitter_misc":{"Escrito por":"Mariana Dornelles","Est. tempo de leitura":"2 minutos"},"schema":{"@context":"https:\/\/schema.org","@graph":[{"@type":"Article","@id":"https:\/\/blogs.funiber.org\/pt\/tecnologias-tic\/2015\/10\/19\/funiber-opinioes-funiber-ex-aluno-cria-projeto-proprio-de-comunicacao#article","isPartOf":{"@id":"https:\/\/blogs.funiber.org\/pt\/tecnologias-tic\/2015\/10\/19\/funiber-opinioes-funiber-ex-aluno-cria-projeto-proprio-de-comunicacao"},"author":{"name":"Mariana Dornelles","@id":"https:\/\/blogs.funiber.org\/pt\/#\/schema\/person\/cebedd0aef5286687ce641276452c76d"},"headline":"Opini\u00f5es FUNIBER: ex-aluno cria projeto pr\u00f3prio de comunica\u00e7\u00e3o","datePublished":"2015-10-19T09:01:06+00:00","dateModified":"2015-10-19T11:44:07+00:00","mainEntityOfPage":{"@id":"https:\/\/blogs.funiber.org\/pt\/tecnologias-tic\/2015\/10\/19\/funiber-opinioes-funiber-ex-aluno-cria-projeto-proprio-de-comunicacao"},"wordCount":454,"publisher":{"@id":"https:\/\/blogs.funiber.org\/pt\/#organization"},"keywords":["Educa\u00e7\u00e3o","Educa\u00e7\u00e3o a Dist\u00e2ncia","Funiber","Meio Ambiente","Opini\u00e3o FUNIBER","Opini\u00f5es Funiber","Projetos"],"articleSection":["Tecnologias TIC"],"inLanguage":"pt-BR"},{"@type":"WebPage","@id":"https:\/\/blogs.funiber.org\/pt\/tecnologias-tic\/2015\/10\/19\/funiber-opinioes-funiber-ex-aluno-cria-projeto-proprio-de-comunicacao","url":"https:\/\/blogs.funiber.org\/pt\/tecnologias-tic\/2015\/10\/19\/funiber-opinioes-funiber-ex-aluno-cria-projeto-proprio-de-comunicacao","name":"Opini\u00f5es FUNIBER: ex-aluno cria projeto pr\u00f3prio de comunica\u00e7\u00e3o - FuniBlogs - FUNIBER","isPartOf":{"@id":"https:\/\/blogs.funiber.org\/pt\/#website"},"datePublished":"2015-10-19T09:01:06+00:00","dateModified":"2015-10-19T11:44:07+00:00","description":"Ex-aluno bolsista da Funiber cria um canal de comunica\u00e7\u00e3o baseado em informa\u00e7\u00f5es positivas sobre o mundo dos oceanos.","breadcrumb":{"@id":"https:\/\/blogs.funiber.org\/pt\/tecnologias-tic\/2015\/10\/19\/funiber-opinioes-funiber-ex-aluno-cria-projeto-proprio-de-comunicacao#breadcrumb"},"inLanguage":"pt-BR","potentialAction":[{"@type":"ReadAction","target":["https:\/\/blogs.funiber.org\/pt\/tecnologias-tic\/2015\/10\/19\/funiber-opinioes-funiber-ex-aluno-cria-projeto-proprio-de-comunicacao"]}]},{"@type":"BreadcrumbList","@id":"https:\/\/blogs.funiber.org\/pt\/tecnologias-tic\/2015\/10\/19\/funiber-opinioes-funiber-ex-aluno-cria-projeto-proprio-de-comunicacao#breadcrumb","itemListElement":[{"@type":"ListItem","position":1,"name":"In\u00edcio","item":"https:\/\/blogs.funiber.org\/pt"},{"@type":"ListItem","position":2,"name":"Opini\u00f5es FUNIBER: ex-aluno cria projeto pr\u00f3prio de comunica\u00e7\u00e3o"}]},{"@type":"WebSite","@id":"https:\/\/blogs.funiber.org\/pt\/#website","url":"https:\/\/blogs.funiber.org\/pt\/","name":"FuniBlogs - FUNIBER","description":"","publisher":{"@id":"https:\/\/blogs.funiber.org\/pt\/#organization"},"potentialAction":[{"@type":"SearchAction","target":{"@type":"EntryPoint","urlTemplate":"https:\/\/blogs.funiber.org\/pt\/?s={search_term_string}"},"query-input":"required name=search_term_string"}],"inLanguage":"pt-BR"},{"@type":"Organization","@id":"https:\/\/blogs.funiber.org\/pt\/#organization","name":"FuniBlogs - FUNIBER","url":"https:\/\/blogs.funiber.org\/pt\/","logo":{"@type":"ImageObject","inLanguage":"pt-BR","@id":"https:\/\/blogs.funiber.org\/pt\/#\/schema\/logo\/image\/","url":"https:\/\/www.funiber.blog\/pt\/wp-content\/uploads\/2022\/02\/logo-funiber-pt-br-v-dos.svg","contentUrl":"https:\/\/www.funiber.blog\/pt\/wp-content\/uploads\/2022\/02\/logo-funiber-pt-br-v-dos.svg","width":1,"height":1,"caption":"FuniBlogs - FUNIBER"},"image":{"@id":"https:\/\/blogs.funiber.org\/pt\/#\/schema\/logo\/image\/"},"sameAs":["https:\/\/www.facebook.com\/funiber","https:\/\/twitter.com\/FUNIBER","https:\/\/www.instagram.com\/funiber_becas","https:\/\/www.youtube.com\/user\/funiber","https:\/\/www.linkedin.com\/company\/funiber"]},{"@type":"Person","@id":"https:\/\/blogs.funiber.org\/pt\/#\/schema\/person\/cebedd0aef5286687ce641276452c76d","name":"Mariana Dornelles","image":{"@type":"ImageObject","inLanguage":"pt-BR","@id":"https:\/\/blogs.funiber.org\/pt\/#\/schema\/person\/image\/","url":"https:\/\/secure.gravatar.com\/avatar\/2fbaa65ea908e82807b005c351db3c9d?s=96&d=mm&r=g","contentUrl":"https:\/\/secure.gravatar.com\/avatar\/2fbaa65ea908e82807b005c351db3c9d?s=96&d=mm&r=g","caption":"Mariana Dornelles"},"url":"https:\/\/www.funiber.blog\/pt\/author\/mariana-dornelles"}]}},"jetpack_featured_media_url":"https:\/\/www.funiber.blog\/pt\/wp-content\/uploads\/2015\/10\/5444811562_9e5998990e_z.jpg","jetpack_shortlink":"https:\/\/wp.me\/p7ee1t-26y","jetpack_sharing_enabled":true,"_links":{"self":[{"href":"https:\/\/www.funiber.blog\/pt\/wp-json\/wp\/v2\/posts\/8094"}],"collection":[{"href":"https:\/\/www.funiber.blog\/pt\/wp-json\/wp\/v2\/posts"}],"about":[{"href":"https:\/\/www.funiber.blog\/pt\/wp-json\/wp\/v2\/types\/post"}],"author":[{"embeddable":true,"href":"https:\/\/www.funiber.blog\/pt\/wp-json\/wp\/v2\/users\/16"}],"replies":[{"embeddable":true,"href":"https:\/\/www.funiber.blog\/pt\/wp-json\/wp\/v2\/comments?post=8094"}],"version-history":[{"count":8,"href":"https:\/\/www.funiber.blog\/pt\/wp-json\/wp\/v2\/posts\/8094\/revisions"}],"predecessor-version":[{"id":8110,"href":"https:\/\/www.funiber.blog\/pt\/wp-json\/wp\/v2\/posts\/8094\/revisions\/8110"}],"wp:featuredmedia":[{"embeddable":true,"href":"https:\/\/www.funiber.blog\/pt\/wp-json\/wp\/v2\/media\/8098"}],"wp:attachment":[{"href":"https:\/\/www.funiber.blog\/pt\/wp-json\/wp\/v2\/media?parent=8094"}],"wp:term":[{"taxonomy":"category","embeddable":true,"href":"https:\/\/www.funiber.blog\/pt\/wp-json\/wp\/v2\/categories?post=8094"},{"taxonomy":"post_tag","embeddable":true,"href":"https:\/\/www.funiber.blog\/pt\/wp-json\/wp\/v2\/tags?post=8094"}],"curies":[{"name":"wp","href":"https:\/\/api.w.org\/{rel}","templated":true}]}}