{"id":8160,"date":"2015-10-22T06:48:45","date_gmt":"2015-10-22T06:48:45","guid":{"rendered":"http:\/\/blogs.funiber.org\/pt\/?p=8160"},"modified":"2015-10-22T06:48:45","modified_gmt":"2015-10-22T06:48:45","slug":"funiber-curriculo-comum-em-debate-no-brasil","status":"publish","type":"post","link":"https:\/\/www.funiber.blog\/pt\/formacao-professores\/2015\/10\/22\/funiber-curriculo-comum-em-debate-no-brasil","title":{"rendered":"Curr\u00edculo comum em debate no Brasil"},"content":{"rendered":"<p>O Brasil passa atualmente por um momento muito importante para o sistema educativo nacional. Trata-se da <strong>constru\u00e7\u00e3o da <a href=\"http:\/\/basenacionalcomum.mec.gov.br\/\" target=\"_blank\">Base Nacional Comum Curricular<\/a><\/strong> (BNC), uma ferramenta que, de acordo com o Minist\u00e9rio da Educa\u00e7\u00e3o (MEC), <strong>deve orientar a constru\u00e7\u00e3o do curr\u00edculo das mais de 190 mil escolas de todo o pa\u00eds, especificando a quais conhecimentos essenciais todos os estudantes brasileiros t\u00eam o direito de aceder e de se apropriar durante sua trajet\u00f3ria na Educa\u00e7\u00e3o B\u00e1sica.<\/strong><!--more--><\/p>\n<p>A BNC j\u00e1 estava prevista na <a href=\"http:\/\/portal.mec.gov.br\/arquivos\/pdf\/ldb.pdf\" target=\"_blank\">Lei de Diretrizes e Bases da Educa\u00e7\u00e3o<\/a> de 1996 e foi reafirmada como necessidade estrat\u00e9gica do <a href=\"http:\/\/pne.mec.gov.br\/\" target=\"_blank\">Plano Nacional de Educa\u00e7\u00e3o<\/a>, previsto para o dec\u00eanio 2014-2024. Ela especificar\u00e1 <strong>quais s\u00e3o os elementos fundamentais que precisam ser ensinados em todas as \u00c1reas de Conhecimento<\/strong> (Matem\u00e1tica, Linguagens, Ci\u00eancias da Natureza e Ci\u00eancias Humanas) e ajudar\u00e1 na constru\u00e7\u00e3o de um <strong>instrumento de gest\u00e3o pedag\u00f3gica<\/strong>, a partir do qual as escolas, os professores e as fam\u00edlias poder\u00e3o participar e acompanhar mais de perto o processo de aprendizagem dos estudantes.<\/p>\n<p>O MEC prop\u00f5e que a BNC seja uma ferramenta de orienta\u00e7\u00e3o, mas garante que os professores continuar\u00e3o podendo escolher os melhores caminhos de como ensinar e, tamb\u00e9m, decidir quais outros elementos precisam ser somados nesse processo de aprendizagem e desenvolvimento de seus alunos, respeitando a diversidade, as particularidades e os contextos de onde est\u00e3o.<\/p>\n<p><strong>Col\u00f3quio<\/strong><\/p>\n<p>Devido \u00e0 import\u00e2ncia da discuss\u00e3o, alguns f\u00f3runs de debate est\u00e3o sendo constru\u00eddos pelo pa\u00eds. \u00c9 o caso do <strong><a href=\"http:\/\/www.viicoloquio.com.br\/\" target=\"_blank\">VII Col\u00f3quio Internacional de Pol\u00edticas e Pr\u00e1ticas Curriculares<\/a><\/strong>, que ser\u00e1 realizado <strong>de 12 a 14 de novembro<\/strong> em Jo\u00e3o Pessoa (na Universidade Federal da Para\u00edba), com o tema central <strong>CURR\u00cdCULO E FORMA\u00c7\u00c3O: desafios contempor\u00e2neos<\/strong>.<\/p>\n<p>Al\u00e9m das confer\u00eancias principais, o evento contar\u00e1 com a realiza\u00e7\u00e3o de diversos Grupos de Trabalho, sobre a aplica\u00e7\u00e3o da discuss\u00e3o curricular e formativa nos seguintes \u00e2mbitos: educa\u00e7\u00e3o inclusiva, rela\u00e7\u00f5es de g\u00eanero e sexualidade, rela\u00e7\u00f5es \u00e9tnico-raciais, movimentos sociais, educa\u00e7\u00e3o de jovens e adultos, educa\u00e7\u00e3o do campo, educa\u00e7\u00e3o ind\u00edgena, educa\u00e7\u00e3o infantil, educa\u00e7\u00e3o superior, ci\u00eancias das religi\u00f5es, ensino fundamental, ensino m\u00e9dio, profissional e t\u00e9cnico, gest\u00e3o escolar, pol\u00edticas educacionais, perspectivas epistemol\u00f3gicas e tecnologias da informa\u00e7\u00e3o e comunica\u00e7\u00e3o.<\/p>\n<p>Refletir sobre o curr\u00edculo escolar \u00e9 uma tarefa extremamente importante para todos aqueles que querem atuar no \u00e2mbito educativo. Os alunos do <strong><a href=\"http:\/\/www.funiber.org.br\/areas-de-conhecimento\/formacao-de-professores\/mestrado-em-educacao\/\" target=\"_blank\">Mestrado em Educa\u00e7\u00e3o<\/a><\/strong> da <strong><a href=\"http:\/\/www.funiber.org.br\/\" target=\"_blank\">FUNIBER<\/a><\/strong> desenvolvem as capacidades necess\u00e1rias para pensar sobre o impacto da constru\u00e7\u00e3o da estrutura curricular, tanto na forma\u00e7\u00e3o de professores como na gest\u00e3o de centros educativos. Participe tamb\u00e9m deste debate!<\/p>\n<p>Fonte: <a href=\"http:\/\/fnbr.es\/1op\" target=\"_blank\">http:\/\/fnbr.es\/1op<\/a>, <a href=\"http:\/\/fnbr.es\/1oq\" target=\"_blank\">http:\/\/fnbr.es\/1oq<\/a><\/p>\n<p>Foto: Alguns direitos reservados por <a href=\"https:\/\/www.flickr.com\/photos\/namoscato\/8297366194\/\" target=\"_blank\">Nick Amoscato<\/a><\/p>\n","protected":false},"excerpt":{"rendered":"<p>O Brasil passa atualmente por um momento muito importante para o sistema educativo nacional. Trata-se da constru\u00e7\u00e3o da Base Nacional Comum Curricular (BNC), uma ferramenta que, de acordo com o Minist\u00e9rio da Educa\u00e7\u00e3o (MEC), deve orientar a constru\u00e7\u00e3o do curr\u00edculo das mais de 190 mil escolas de todo o pa\u00eds, especificando a quais conhecimentos essenciais [&hellip;]<\/p>\n","protected":false},"author":16,"featured_media":8162,"comment_status":"closed","ping_status":"closed","sticky":false,"template":"","format":"standard","meta":{"jetpack_post_was_ever_published":false,"_jetpack_newsletter_access":"","_jetpack_newsletter_tier_id":0,"footnotes":"","jetpack_publicize_message":"","jetpack_is_tweetstorm":false,"jetpack_publicize_feature_enabled":true,"jetpack_social_post_already_shared":false,"jetpack_social_options":{"image_generator_settings":{"template":"highway","enabled":false}}},"categories":[5],"tags":[805,285,408,248,671,641,255],"jetpack_publicize_connections":[],"yoast_head":"<!-- This site is optimized with the Yoast SEO plugin v21.7 - https:\/\/yoast.com\/wordpress\/plugins\/seo\/ -->\n<title>Curr\u00edculo comum em debate no Brasil - FuniBlogs - FUNIBER<\/title>\n<meta name=\"description\" content=\"Col\u00f3quio debate a contru\u00e7\u00e3o do curr\u00edculo comum no Brasil.\" \/>\n<meta name=\"robots\" content=\"noindex, nofollow\" \/>\n<meta property=\"og:locale\" content=\"pt_BR\" \/>\n<meta property=\"og:type\" content=\"article\" \/>\n<meta property=\"og:title\" content=\"Curr\u00edculo comum em debate no Brasil - FuniBlogs - FUNIBER\" \/>\n<meta property=\"og:description\" content=\"Col\u00f3quio debate a contru\u00e7\u00e3o do curr\u00edculo comum no Brasil.\" \/>\n<meta property=\"og:url\" content=\"https:\/\/blogs.funiber.org\/pt\/formacao-professores\/2015\/10\/22\/funiber-curriculo-comum-em-debate-no-brasil\" \/>\n<meta property=\"og:site_name\" content=\"FuniBlogs - FUNIBER\" \/>\n<meta property=\"article:publisher\" content=\"https:\/\/www.facebook.com\/funiber\" \/>\n<meta property=\"article:published_time\" content=\"2015-10-22T06:48:45+00:00\" \/>\n<meta property=\"og:image\" content=\"https:\/\/blogs.funiber.org\/pt\/wp-content\/uploads\/2015\/10\/8297366194_1beb55a4c9_z.jpg\" \/>\n\t<meta property=\"og:image:width\" content=\"640\" \/>\n\t<meta property=\"og:image:height\" content=\"428\" \/>\n\t<meta property=\"og:image:type\" content=\"image\/jpeg\" \/>\n<meta name=\"author\" content=\"Mariana Dornelles\" \/>\n<meta name=\"twitter:card\" content=\"summary_large_image\" \/>\n<meta name=\"twitter:creator\" content=\"@FUNIBER\" \/>\n<meta name=\"twitter:site\" content=\"@FUNIBER\" \/>\n<meta name=\"twitter:label1\" content=\"Escrito por\" \/>\n\t<meta name=\"twitter:data1\" content=\"Mariana Dornelles\" \/>\n\t<meta name=\"twitter:label2\" content=\"Est. tempo de leitura\" \/>\n\t<meta name=\"twitter:data2\" content=\"2 minutos\" \/>\n<script type=\"application\/ld+json\" class=\"yoast-schema-graph\">{\"@context\":\"https:\/\/schema.org\",\"@graph\":[{\"@type\":\"Article\",\"@id\":\"https:\/\/blogs.funiber.org\/pt\/formacao-professores\/2015\/10\/22\/funiber-curriculo-comum-em-debate-no-brasil#article\",\"isPartOf\":{\"@id\":\"https:\/\/blogs.funiber.org\/pt\/formacao-professores\/2015\/10\/22\/funiber-curriculo-comum-em-debate-no-brasil\"},\"author\":{\"name\":\"Mariana Dornelles\",\"@id\":\"https:\/\/blogs.funiber.org\/pt\/#\/schema\/person\/cebedd0aef5286687ce641276452c76d\"},\"headline\":\"Curr\u00edculo comum em debate no Brasil\",\"datePublished\":\"2015-10-22T06:48:45+00:00\",\"dateModified\":\"2015-10-22T06:48:45+00:00\",\"mainEntityOfPage\":{\"@id\":\"https:\/\/blogs.funiber.org\/pt\/formacao-professores\/2015\/10\/22\/funiber-curriculo-comum-em-debate-no-brasil\"},\"wordCount\":490,\"publisher\":{\"@id\":\"https:\/\/blogs.funiber.org\/pt\/#organization\"},\"keywords\":[\"Col\u00f3quio\",\"Educa\u00e7\u00e3o\",\"Educa\u00e7\u00e3o a Dist\u00e2ncia\",\"Funiber\",\"mestrado\",\"Opini\u00e3o FUNIBER\",\"Opini\u00f5es Funiber\"],\"articleSection\":[\"Educa\u00e7\u00e3o,\u00a0Forma\u00e7\u00e3o Professores\"],\"inLanguage\":\"pt-BR\"},{\"@type\":\"WebPage\",\"@id\":\"https:\/\/blogs.funiber.org\/pt\/formacao-professores\/2015\/10\/22\/funiber-curriculo-comum-em-debate-no-brasil\",\"url\":\"https:\/\/blogs.funiber.org\/pt\/formacao-professores\/2015\/10\/22\/funiber-curriculo-comum-em-debate-no-brasil\",\"name\":\"Curr\u00edculo comum em debate no Brasil - FuniBlogs - FUNIBER\",\"isPartOf\":{\"@id\":\"https:\/\/blogs.funiber.org\/pt\/#website\"},\"datePublished\":\"2015-10-22T06:48:45+00:00\",\"dateModified\":\"2015-10-22T06:48:45+00:00\",\"description\":\"Col\u00f3quio debate a contru\u00e7\u00e3o do curr\u00edculo comum no Brasil.\",\"breadcrumb\":{\"@id\":\"https:\/\/blogs.funiber.org\/pt\/formacao-professores\/2015\/10\/22\/funiber-curriculo-comum-em-debate-no-brasil#breadcrumb\"},\"inLanguage\":\"pt-BR\",\"potentialAction\":[{\"@type\":\"ReadAction\",\"target\":[\"https:\/\/blogs.funiber.org\/pt\/formacao-professores\/2015\/10\/22\/funiber-curriculo-comum-em-debate-no-brasil\"]}]},{\"@type\":\"BreadcrumbList\",\"@id\":\"https:\/\/blogs.funiber.org\/pt\/formacao-professores\/2015\/10\/22\/funiber-curriculo-comum-em-debate-no-brasil#breadcrumb\",\"itemListElement\":[{\"@type\":\"ListItem\",\"position\":1,\"name\":\"In\u00edcio\",\"item\":\"https:\/\/blogs.funiber.org\/pt\"},{\"@type\":\"ListItem\",\"position\":2,\"name\":\"Curr\u00edculo comum em debate no Brasil\"}]},{\"@type\":\"WebSite\",\"@id\":\"https:\/\/blogs.funiber.org\/pt\/#website\",\"url\":\"https:\/\/blogs.funiber.org\/pt\/\",\"name\":\"FuniBlogs - FUNIBER\",\"description\":\"\",\"publisher\":{\"@id\":\"https:\/\/blogs.funiber.org\/pt\/#organization\"},\"potentialAction\":[{\"@type\":\"SearchAction\",\"target\":{\"@type\":\"EntryPoint\",\"urlTemplate\":\"https:\/\/blogs.funiber.org\/pt\/?s={search_term_string}\"},\"query-input\":\"required name=search_term_string\"}],\"inLanguage\":\"pt-BR\"},{\"@type\":\"Organization\",\"@id\":\"https:\/\/blogs.funiber.org\/pt\/#organization\",\"name\":\"FuniBlogs - FUNIBER\",\"url\":\"https:\/\/blogs.funiber.org\/pt\/\",\"logo\":{\"@type\":\"ImageObject\",\"inLanguage\":\"pt-BR\",\"@id\":\"https:\/\/blogs.funiber.org\/pt\/#\/schema\/logo\/image\/\",\"url\":\"https:\/\/www.funiber.blog\/pt\/wp-content\/uploads\/2022\/02\/logo-funiber-pt-br-v-dos.svg\",\"contentUrl\":\"https:\/\/www.funiber.blog\/pt\/wp-content\/uploads\/2022\/02\/logo-funiber-pt-br-v-dos.svg\",\"width\":1,\"height\":1,\"caption\":\"FuniBlogs - FUNIBER\"},\"image\":{\"@id\":\"https:\/\/blogs.funiber.org\/pt\/#\/schema\/logo\/image\/\"},\"sameAs\":[\"https:\/\/www.facebook.com\/funiber\",\"https:\/\/twitter.com\/FUNIBER\",\"https:\/\/www.instagram.com\/funiber_becas\",\"https:\/\/www.youtube.com\/user\/funiber\",\"https:\/\/www.linkedin.com\/company\/funiber\"]},{\"@type\":\"Person\",\"@id\":\"https:\/\/blogs.funiber.org\/pt\/#\/schema\/person\/cebedd0aef5286687ce641276452c76d\",\"name\":\"Mariana Dornelles\",\"image\":{\"@type\":\"ImageObject\",\"inLanguage\":\"pt-BR\",\"@id\":\"https:\/\/blogs.funiber.org\/pt\/#\/schema\/person\/image\/\",\"url\":\"https:\/\/secure.gravatar.com\/avatar\/2fbaa65ea908e82807b005c351db3c9d?s=96&d=mm&r=g\",\"contentUrl\":\"https:\/\/secure.gravatar.com\/avatar\/2fbaa65ea908e82807b005c351db3c9d?s=96&d=mm&r=g\",\"caption\":\"Mariana Dornelles\"},\"url\":\"https:\/\/www.funiber.blog\/pt\/author\/mariana-dornelles\"}]}<\/script>\n<!-- \/ Yoast SEO plugin. -->","yoast_head_json":{"title":"Curr\u00edculo comum em debate no Brasil - FuniBlogs - FUNIBER","description":"Col\u00f3quio debate a contru\u00e7\u00e3o do curr\u00edculo comum no Brasil.","robots":{"index":"noindex","follow":"nofollow"},"og_locale":"pt_BR","og_type":"article","og_title":"Curr\u00edculo comum em debate no Brasil - FuniBlogs - FUNIBER","og_description":"Col\u00f3quio debate a contru\u00e7\u00e3o do curr\u00edculo comum no Brasil.","og_url":"https:\/\/blogs.funiber.org\/pt\/formacao-professores\/2015\/10\/22\/funiber-curriculo-comum-em-debate-no-brasil","og_site_name":"FuniBlogs - FUNIBER","article_publisher":"https:\/\/www.facebook.com\/funiber","article_published_time":"2015-10-22T06:48:45+00:00","og_image":[{"width":640,"height":428,"url":"https:\/\/blogs.funiber.org\/pt\/wp-content\/uploads\/2015\/10\/8297366194_1beb55a4c9_z.jpg","type":"image\/jpeg"}],"author":"Mariana Dornelles","twitter_card":"summary_large_image","twitter_creator":"@FUNIBER","twitter_site":"@FUNIBER","twitter_misc":{"Escrito por":"Mariana Dornelles","Est. tempo de leitura":"2 minutos"},"schema":{"@context":"https:\/\/schema.org","@graph":[{"@type":"Article","@id":"https:\/\/blogs.funiber.org\/pt\/formacao-professores\/2015\/10\/22\/funiber-curriculo-comum-em-debate-no-brasil#article","isPartOf":{"@id":"https:\/\/blogs.funiber.org\/pt\/formacao-professores\/2015\/10\/22\/funiber-curriculo-comum-em-debate-no-brasil"},"author":{"name":"Mariana Dornelles","@id":"https:\/\/blogs.funiber.org\/pt\/#\/schema\/person\/cebedd0aef5286687ce641276452c76d"},"headline":"Curr\u00edculo comum em debate no Brasil","datePublished":"2015-10-22T06:48:45+00:00","dateModified":"2015-10-22T06:48:45+00:00","mainEntityOfPage":{"@id":"https:\/\/blogs.funiber.org\/pt\/formacao-professores\/2015\/10\/22\/funiber-curriculo-comum-em-debate-no-brasil"},"wordCount":490,"publisher":{"@id":"https:\/\/blogs.funiber.org\/pt\/#organization"},"keywords":["Col\u00f3quio","Educa\u00e7\u00e3o","Educa\u00e7\u00e3o a Dist\u00e2ncia","Funiber","mestrado","Opini\u00e3o FUNIBER","Opini\u00f5es Funiber"],"articleSection":["Educa\u00e7\u00e3o,\u00a0Forma\u00e7\u00e3o Professores"],"inLanguage":"pt-BR"},{"@type":"WebPage","@id":"https:\/\/blogs.funiber.org\/pt\/formacao-professores\/2015\/10\/22\/funiber-curriculo-comum-em-debate-no-brasil","url":"https:\/\/blogs.funiber.org\/pt\/formacao-professores\/2015\/10\/22\/funiber-curriculo-comum-em-debate-no-brasil","name":"Curr\u00edculo comum em debate no Brasil - FuniBlogs - FUNIBER","isPartOf":{"@id":"https:\/\/blogs.funiber.org\/pt\/#website"},"datePublished":"2015-10-22T06:48:45+00:00","dateModified":"2015-10-22T06:48:45+00:00","description":"Col\u00f3quio debate a contru\u00e7\u00e3o do curr\u00edculo comum no Brasil.","breadcrumb":{"@id":"https:\/\/blogs.funiber.org\/pt\/formacao-professores\/2015\/10\/22\/funiber-curriculo-comum-em-debate-no-brasil#breadcrumb"},"inLanguage":"pt-BR","potentialAction":[{"@type":"ReadAction","target":["https:\/\/blogs.funiber.org\/pt\/formacao-professores\/2015\/10\/22\/funiber-curriculo-comum-em-debate-no-brasil"]}]},{"@type":"BreadcrumbList","@id":"https:\/\/blogs.funiber.org\/pt\/formacao-professores\/2015\/10\/22\/funiber-curriculo-comum-em-debate-no-brasil#breadcrumb","itemListElement":[{"@type":"ListItem","position":1,"name":"In\u00edcio","item":"https:\/\/blogs.funiber.org\/pt"},{"@type":"ListItem","position":2,"name":"Curr\u00edculo comum em debate no Brasil"}]},{"@type":"WebSite","@id":"https:\/\/blogs.funiber.org\/pt\/#website","url":"https:\/\/blogs.funiber.org\/pt\/","name":"FuniBlogs - FUNIBER","description":"","publisher":{"@id":"https:\/\/blogs.funiber.org\/pt\/#organization"},"potentialAction":[{"@type":"SearchAction","target":{"@type":"EntryPoint","urlTemplate":"https:\/\/blogs.funiber.org\/pt\/?s={search_term_string}"},"query-input":"required name=search_term_string"}],"inLanguage":"pt-BR"},{"@type":"Organization","@id":"https:\/\/blogs.funiber.org\/pt\/#organization","name":"FuniBlogs - FUNIBER","url":"https:\/\/blogs.funiber.org\/pt\/","logo":{"@type":"ImageObject","inLanguage":"pt-BR","@id":"https:\/\/blogs.funiber.org\/pt\/#\/schema\/logo\/image\/","url":"https:\/\/www.funiber.blog\/pt\/wp-content\/uploads\/2022\/02\/logo-funiber-pt-br-v-dos.svg","contentUrl":"https:\/\/www.funiber.blog\/pt\/wp-content\/uploads\/2022\/02\/logo-funiber-pt-br-v-dos.svg","width":1,"height":1,"caption":"FuniBlogs - FUNIBER"},"image":{"@id":"https:\/\/blogs.funiber.org\/pt\/#\/schema\/logo\/image\/"},"sameAs":["https:\/\/www.facebook.com\/funiber","https:\/\/twitter.com\/FUNIBER","https:\/\/www.instagram.com\/funiber_becas","https:\/\/www.youtube.com\/user\/funiber","https:\/\/www.linkedin.com\/company\/funiber"]},{"@type":"Person","@id":"https:\/\/blogs.funiber.org\/pt\/#\/schema\/person\/cebedd0aef5286687ce641276452c76d","name":"Mariana Dornelles","image":{"@type":"ImageObject","inLanguage":"pt-BR","@id":"https:\/\/blogs.funiber.org\/pt\/#\/schema\/person\/image\/","url":"https:\/\/secure.gravatar.com\/avatar\/2fbaa65ea908e82807b005c351db3c9d?s=96&d=mm&r=g","contentUrl":"https:\/\/secure.gravatar.com\/avatar\/2fbaa65ea908e82807b005c351db3c9d?s=96&d=mm&r=g","caption":"Mariana Dornelles"},"url":"https:\/\/www.funiber.blog\/pt\/author\/mariana-dornelles"}]}},"jetpack_featured_media_url":"https:\/\/www.funiber.blog\/pt\/wp-content\/uploads\/2015\/10\/8297366194_1beb55a4c9_z.jpg","jetpack_shortlink":"https:\/\/wp.me\/p7ee1t-27C","jetpack_sharing_enabled":true,"_links":{"self":[{"href":"https:\/\/www.funiber.blog\/pt\/wp-json\/wp\/v2\/posts\/8160"}],"collection":[{"href":"https:\/\/www.funiber.blog\/pt\/wp-json\/wp\/v2\/posts"}],"about":[{"href":"https:\/\/www.funiber.blog\/pt\/wp-json\/wp\/v2\/types\/post"}],"author":[{"embeddable":true,"href":"https:\/\/www.funiber.blog\/pt\/wp-json\/wp\/v2\/users\/16"}],"replies":[{"embeddable":true,"href":"https:\/\/www.funiber.blog\/pt\/wp-json\/wp\/v2\/comments?post=8160"}],"version-history":[{"count":6,"href":"https:\/\/www.funiber.blog\/pt\/wp-json\/wp\/v2\/posts\/8160\/revisions"}],"predecessor-version":[{"id":8172,"href":"https:\/\/www.funiber.blog\/pt\/wp-json\/wp\/v2\/posts\/8160\/revisions\/8172"}],"wp:featuredmedia":[{"embeddable":true,"href":"https:\/\/www.funiber.blog\/pt\/wp-json\/wp\/v2\/media\/8162"}],"wp:attachment":[{"href":"https:\/\/www.funiber.blog\/pt\/wp-json\/wp\/v2\/media?parent=8160"}],"wp:term":[{"taxonomy":"category","embeddable":true,"href":"https:\/\/www.funiber.blog\/pt\/wp-json\/wp\/v2\/categories?post=8160"},{"taxonomy":"post_tag","embeddable":true,"href":"https:\/\/www.funiber.blog\/pt\/wp-json\/wp\/v2\/tags?post=8160"}],"curies":[{"name":"wp","href":"https:\/\/api.w.org\/{rel}","templated":true}]}}