{"id":8179,"date":"2015-10-23T06:57:47","date_gmt":"2015-10-23T06:57:47","guid":{"rendered":"http:\/\/blogs.funiber.org\/pt\/?p=8179"},"modified":"2015-10-23T11:06:46","modified_gmt":"2015-10-23T11:06:46","slug":"funiber-dissertacao-aluna-funiber-programa-tv-envelhecimento-ativo","status":"publish","type":"post","link":"https:\/\/www.funiber.blog\/pt\/gerontologia\/2015\/10\/23\/funiber-dissertacao-aluna-funiber-programa-tv-envelhecimento-ativo","title":{"rendered":"Disserta\u00e7\u00e3o: aluna da FUNIBER cria programa de TV para promover o Envelhecimento Ativo"},"content":{"rendered":"<p>A popula\u00e7\u00e3o de idosos est\u00e1 crescendo mundialmente e a televis\u00e3o \u00e9 um excelente meio de comunica\u00e7\u00e3o para chegar at\u00e9 eles e mostrar op\u00e7\u00f5es que podem melhorar sua sa\u00fade a longo prazo. Evelyn Mar\u00edn Fornez analisou a situa\u00e7\u00e3o dos idosos na Venezuela e definiu que poderia contribuir com a elabora\u00e7\u00e3o de <strong>um programa de televis\u00e3o que ajude \u00e0s pessoas da terceira idade.<\/strong><!--more--><\/p>\n<p>Mar\u00edn, para obter a titula\u00e7\u00e3o de <strong><a href=\"http:\/\/www.funiber.org.br\/areas-de-conhecimento\/saude-e-nutricao\/gerontologia\/mestrado-em-gerontologia-social\/\" target=\"_blank\">Mestre em Gerontologia<\/a><\/strong>\u00a0da\u00a0<strong><a href=\"http:\/\/www.funiber.org.br\/\" target=\"_blank\">FUNIBER<\/a><\/strong>, apresentou a Disserta\u00e7\u00e3o titulada <strong>\u201cIdoso Feliz. Proposta de programa de televis\u00e3o para a promo\u00e7\u00e3o do envelhecimento ativo na Venezuela&#8221;,<\/strong> e compartilha sua cria\u00e7\u00e3o neste artigo.<\/p>\n<p>Mar\u00edn indica que <strong>as<\/strong> <strong>pessoas da terceira idade carecem de informa\u00e7\u00e3o que permita um envelhecimenton ativo e saud\u00e1vel<\/strong>\u00a0e, por esta raz\u00e3o, considerou necess\u00e1rio criar um programa que proporcione estrat\u00e9gias \u00e0s pessoas idosas para manter um estado de sa\u00fade \u00f3timo. Para abordar este tema, a pesquisadora procurou manter um enfoque democr\u00e1tico e participativo para a constru\u00e7\u00e3o dos conte\u00fados e determinar os temas mais relevantes.<\/p>\n<p>O programa de televis\u00e3o seria orientado a pessoas maiores de 60 anos e poderia ser exibido com frequ\u00eancia semanal, com cap\u00edtulos de meia hora de dura\u00e7\u00e3o, em hor\u00e1rio noturno.<\/p>\n<p>No documento, Mar\u00edn apresenta a proposta que cont\u00e9m os 13 primeiros cap\u00edtulos que conformariam a primeira temporada do programa Idoso Feliz. Prop\u00f5em-se loca\u00e7\u00f5es de cunho tur\u00edstico, que permitam promover as paisagens da Venezuela. O conte\u00fado abrange temas como: <strong>participa\u00e7\u00e3o social, preven\u00e7\u00e3o de doen\u00e7as, recomenda\u00e7\u00f5es de seguran\u00e7a, apresenta\u00e7\u00e3o de adultos bem-sucedidos, exerc\u00edcios para a mem\u00f3ria e entrevistas com especialistas de sa\u00fade.<\/strong> Em todo momento procura-se enfatizar a imagem do idoso como algu\u00e9m bem-disposto, din\u00e2mico e cheio de vida.<\/p>\n<p>Mar\u00edn ressalta que a pir\u00e2mide populacional est\u00e1 mudando e pa\u00edses como a Venezuela devem se preparar para atender \u00e0 popula\u00e7\u00e3o da terceira idade. A pesquisadora indica que o envelhecimento \u00e9 um fato normal que \u201ccompreende deteriora\u00e7\u00f5es biol\u00f3gicas e cognitivas, que repercutem na \u00e1rea psicol\u00f3gica e social\u201d. Ademais, aponta que \u00e9 necess\u00e1rio <strong>\u201celiminar os estere\u00f3tipos estabelecidos referentes aos idosos,<\/strong> pois afetam o desenvolvimento das pessoas mais velhas em seu entorno\u201d.<\/p>\n<p>A Disserta\u00e7\u00e3o est\u00e1 dispon\u00edvel para download no seguinte endere\u00e7o web:\u00a0<a href=\"http:\/\/fnbr.es\/1ot\" target=\"_blank\">http:\/\/fnbr.es\/1ot<\/a><\/p>\n","protected":false},"excerpt":{"rendered":"<p>A popula\u00e7\u00e3o de idosos est\u00e1 crescendo mundialmente e a televis\u00e3o \u00e9 um excelente meio de comunica\u00e7\u00e3o para chegar at\u00e9 eles e mostrar op\u00e7\u00f5es que podem melhorar sua sa\u00fade a longo prazo. Evelyn Mar\u00edn Fornez analisou a situa\u00e7\u00e3o dos idosos na Venezuela e definiu que poderia contribuir com a elabora\u00e7\u00e3o de um programa de televis\u00e3o que [&hellip;]<\/p>\n","protected":false},"author":16,"featured_media":8181,"comment_status":"closed","ping_status":"closed","sticky":false,"template":"","format":"standard","meta":{"jetpack_post_was_ever_published":false,"_jetpack_newsletter_access":"","_jetpack_newsletter_tier_id":0,"footnotes":"","jetpack_publicize_message":"","jetpack_is_tweetstorm":false,"jetpack_publicize_feature_enabled":true,"jetpack_social_post_already_shared":false,"jetpack_social_options":{"image_generator_settings":{"template":"highway","enabled":false}}},"categories":[1],"tags":[228,285,408,100,248,808,267,671,641,255,113,791],"jetpack_publicize_connections":[],"yoast_head":"<!-- This site is optimized with the Yoast SEO plugin v21.7 - https:\/\/yoast.com\/wordpress\/plugins\/seo\/ -->\n<title>Aluna FUNIBER cria programa TV para envelhecimento ativo<\/title>\n<meta name=\"description\" content=\"Aluna bolsista da FUNIBER elabora proposta de televis\u00e3o para promover o envelhecimento ativo.\" \/>\n<meta name=\"robots\" content=\"index, follow, max-snippet:-1, max-image-preview:large, max-video-preview:-1\" \/>\n<link rel=\"canonical\" href=\"https:\/\/blogs.funiber.org\/pt\/gerontologia\/2015\/10\/23\/funiber-dissertacao-aluna-funiber-programa-tv-envelhecimento-ativo\" \/>\n<meta property=\"og:locale\" content=\"pt_BR\" \/>\n<meta property=\"og:type\" content=\"article\" \/>\n<meta property=\"og:title\" content=\"Aluna FUNIBER cria programa TV para envelhecimento ativo\" \/>\n<meta property=\"og:description\" content=\"Aluna bolsista da FUNIBER elabora proposta de televis\u00e3o para promover o envelhecimento ativo.\" \/>\n<meta property=\"og:url\" content=\"https:\/\/blogs.funiber.org\/pt\/gerontologia\/2015\/10\/23\/funiber-dissertacao-aluna-funiber-programa-tv-envelhecimento-ativo\" \/>\n<meta property=\"og:site_name\" content=\"FuniBlogs - FUNIBER\" \/>\n<meta property=\"article:publisher\" content=\"https:\/\/www.facebook.com\/funiber\" \/>\n<meta property=\"article:published_time\" content=\"2015-10-23T06:57:47+00:00\" \/>\n<meta property=\"article:modified_time\" content=\"2015-10-23T11:06:46+00:00\" \/>\n<meta property=\"og:image\" content=\"https:\/\/blogs.funiber.org\/pt\/wp-content\/uploads\/2015\/10\/funiber-idosos-ativos.jpg\" \/>\n\t<meta property=\"og:image:width\" content=\"500\" \/>\n\t<meta property=\"og:image:height\" content=\"345\" \/>\n\t<meta property=\"og:image:type\" content=\"image\/jpeg\" \/>\n<meta name=\"author\" content=\"Mariana Dornelles\" \/>\n<meta name=\"twitter:card\" content=\"summary_large_image\" \/>\n<meta name=\"twitter:creator\" content=\"@FUNIBER\" \/>\n<meta name=\"twitter:site\" content=\"@FUNIBER\" \/>\n<meta name=\"twitter:label1\" content=\"Escrito por\" \/>\n\t<meta name=\"twitter:data1\" content=\"Mariana Dornelles\" \/>\n\t<meta name=\"twitter:label2\" content=\"Est. tempo de leitura\" \/>\n\t<meta name=\"twitter:data2\" content=\"2 minutos\" \/>\n<script type=\"application\/ld+json\" class=\"yoast-schema-graph\">{\"@context\":\"https:\/\/schema.org\",\"@graph\":[{\"@type\":\"Article\",\"@id\":\"https:\/\/blogs.funiber.org\/pt\/gerontologia\/2015\/10\/23\/funiber-dissertacao-aluna-funiber-programa-tv-envelhecimento-ativo#article\",\"isPartOf\":{\"@id\":\"https:\/\/blogs.funiber.org\/pt\/gerontologia\/2015\/10\/23\/funiber-dissertacao-aluna-funiber-programa-tv-envelhecimento-ativo\"},\"author\":{\"name\":\"Mariana Dornelles\",\"@id\":\"https:\/\/blogs.funiber.org\/pt\/#\/schema\/person\/cebedd0aef5286687ce641276452c76d\"},\"headline\":\"Disserta\u00e7\u00e3o: aluna da FUNIBER cria programa de TV para promover o Envelhecimento Ativo\",\"datePublished\":\"2015-10-23T06:57:47+00:00\",\"dateModified\":\"2015-10-23T11:06:46+00:00\",\"mainEntityOfPage\":{\"@id\":\"https:\/\/blogs.funiber.org\/pt\/gerontologia\/2015\/10\/23\/funiber-dissertacao-aluna-funiber-programa-tv-envelhecimento-ativo\"},\"wordCount\":418,\"publisher\":{\"@id\":\"https:\/\/blogs.funiber.org\/pt\/#organization\"},\"keywords\":[\"Cuidados\",\"Educa\u00e7\u00e3o\",\"Educa\u00e7\u00e3o a Dist\u00e2ncia\",\"Envelhecimento\",\"Funiber\",\"Gerontolo\",\"Idosos\",\"mestrado\",\"Opini\u00e3o FUNIBER\",\"Opini\u00f5es Funiber\",\"Sa\u00fade\",\"Televis\u00e3o\"],\"articleSection\":[\"Gerontologia\"],\"inLanguage\":\"pt-BR\"},{\"@type\":\"WebPage\",\"@id\":\"https:\/\/blogs.funiber.org\/pt\/gerontologia\/2015\/10\/23\/funiber-dissertacao-aluna-funiber-programa-tv-envelhecimento-ativo\",\"url\":\"https:\/\/blogs.funiber.org\/pt\/gerontologia\/2015\/10\/23\/funiber-dissertacao-aluna-funiber-programa-tv-envelhecimento-ativo\",\"name\":\"Aluna FUNIBER cria programa TV para envelhecimento ativo\",\"isPartOf\":{\"@id\":\"https:\/\/blogs.funiber.org\/pt\/#website\"},\"datePublished\":\"2015-10-23T06:57:47+00:00\",\"dateModified\":\"2015-10-23T11:06:46+00:00\",\"description\":\"Aluna bolsista da FUNIBER elabora proposta de televis\u00e3o para promover o envelhecimento ativo.\",\"breadcrumb\":{\"@id\":\"https:\/\/blogs.funiber.org\/pt\/gerontologia\/2015\/10\/23\/funiber-dissertacao-aluna-funiber-programa-tv-envelhecimento-ativo#breadcrumb\"},\"inLanguage\":\"pt-BR\",\"potentialAction\":[{\"@type\":\"ReadAction\",\"target\":[\"https:\/\/blogs.funiber.org\/pt\/gerontologia\/2015\/10\/23\/funiber-dissertacao-aluna-funiber-programa-tv-envelhecimento-ativo\"]}]},{\"@type\":\"BreadcrumbList\",\"@id\":\"https:\/\/blogs.funiber.org\/pt\/gerontologia\/2015\/10\/23\/funiber-dissertacao-aluna-funiber-programa-tv-envelhecimento-ativo#breadcrumb\",\"itemListElement\":[{\"@type\":\"ListItem\",\"position\":1,\"name\":\"In\u00edcio\",\"item\":\"https:\/\/blogs.funiber.org\/pt\"},{\"@type\":\"ListItem\",\"position\":2,\"name\":\"Disserta\u00e7\u00e3o: aluna da FUNIBER cria programa de TV para promover o Envelhecimento Ativo\"}]},{\"@type\":\"WebSite\",\"@id\":\"https:\/\/blogs.funiber.org\/pt\/#website\",\"url\":\"https:\/\/blogs.funiber.org\/pt\/\",\"name\":\"FuniBlogs - FUNIBER\",\"description\":\"\",\"publisher\":{\"@id\":\"https:\/\/blogs.funiber.org\/pt\/#organization\"},\"potentialAction\":[{\"@type\":\"SearchAction\",\"target\":{\"@type\":\"EntryPoint\",\"urlTemplate\":\"https:\/\/blogs.funiber.org\/pt\/?s={search_term_string}\"},\"query-input\":\"required name=search_term_string\"}],\"inLanguage\":\"pt-BR\"},{\"@type\":\"Organization\",\"@id\":\"https:\/\/blogs.funiber.org\/pt\/#organization\",\"name\":\"FuniBlogs - FUNIBER\",\"url\":\"https:\/\/blogs.funiber.org\/pt\/\",\"logo\":{\"@type\":\"ImageObject\",\"inLanguage\":\"pt-BR\",\"@id\":\"https:\/\/blogs.funiber.org\/pt\/#\/schema\/logo\/image\/\",\"url\":\"https:\/\/www.funiber.blog\/pt\/wp-content\/uploads\/2022\/02\/logo-funiber-pt-br-v-dos.svg\",\"contentUrl\":\"https:\/\/www.funiber.blog\/pt\/wp-content\/uploads\/2022\/02\/logo-funiber-pt-br-v-dos.svg\",\"width\":1,\"height\":1,\"caption\":\"FuniBlogs - FUNIBER\"},\"image\":{\"@id\":\"https:\/\/blogs.funiber.org\/pt\/#\/schema\/logo\/image\/\"},\"sameAs\":[\"https:\/\/www.facebook.com\/funiber\",\"https:\/\/twitter.com\/FUNIBER\",\"https:\/\/www.instagram.com\/funiber_becas\",\"https:\/\/www.youtube.com\/user\/funiber\",\"https:\/\/www.linkedin.com\/company\/funiber\"]},{\"@type\":\"Person\",\"@id\":\"https:\/\/blogs.funiber.org\/pt\/#\/schema\/person\/cebedd0aef5286687ce641276452c76d\",\"name\":\"Mariana Dornelles\",\"image\":{\"@type\":\"ImageObject\",\"inLanguage\":\"pt-BR\",\"@id\":\"https:\/\/blogs.funiber.org\/pt\/#\/schema\/person\/image\/\",\"url\":\"https:\/\/secure.gravatar.com\/avatar\/2fbaa65ea908e82807b005c351db3c9d?s=96&d=mm&r=g\",\"contentUrl\":\"https:\/\/secure.gravatar.com\/avatar\/2fbaa65ea908e82807b005c351db3c9d?s=96&d=mm&r=g\",\"caption\":\"Mariana Dornelles\"},\"url\":\"https:\/\/www.funiber.blog\/pt\/author\/mariana-dornelles\"}]}<\/script>\n<!-- \/ Yoast SEO plugin. -->","yoast_head_json":{"title":"Aluna FUNIBER cria programa TV para envelhecimento ativo","description":"Aluna bolsista da FUNIBER elabora proposta de televis\u00e3o para promover o envelhecimento ativo.","robots":{"index":"index","follow":"follow","max-snippet":"max-snippet:-1","max-image-preview":"max-image-preview:large","max-video-preview":"max-video-preview:-1"},"canonical":"https:\/\/blogs.funiber.org\/pt\/gerontologia\/2015\/10\/23\/funiber-dissertacao-aluna-funiber-programa-tv-envelhecimento-ativo","og_locale":"pt_BR","og_type":"article","og_title":"Aluna FUNIBER cria programa TV para envelhecimento ativo","og_description":"Aluna bolsista da FUNIBER elabora proposta de televis\u00e3o para promover o envelhecimento ativo.","og_url":"https:\/\/blogs.funiber.org\/pt\/gerontologia\/2015\/10\/23\/funiber-dissertacao-aluna-funiber-programa-tv-envelhecimento-ativo","og_site_name":"FuniBlogs - FUNIBER","article_publisher":"https:\/\/www.facebook.com\/funiber","article_published_time":"2015-10-23T06:57:47+00:00","article_modified_time":"2015-10-23T11:06:46+00:00","og_image":[{"width":500,"height":345,"url":"https:\/\/blogs.funiber.org\/pt\/wp-content\/uploads\/2015\/10\/funiber-idosos-ativos.jpg","type":"image\/jpeg"}],"author":"Mariana Dornelles","twitter_card":"summary_large_image","twitter_creator":"@FUNIBER","twitter_site":"@FUNIBER","twitter_misc":{"Escrito por":"Mariana Dornelles","Est. tempo de leitura":"2 minutos"},"schema":{"@context":"https:\/\/schema.org","@graph":[{"@type":"Article","@id":"https:\/\/blogs.funiber.org\/pt\/gerontologia\/2015\/10\/23\/funiber-dissertacao-aluna-funiber-programa-tv-envelhecimento-ativo#article","isPartOf":{"@id":"https:\/\/blogs.funiber.org\/pt\/gerontologia\/2015\/10\/23\/funiber-dissertacao-aluna-funiber-programa-tv-envelhecimento-ativo"},"author":{"name":"Mariana Dornelles","@id":"https:\/\/blogs.funiber.org\/pt\/#\/schema\/person\/cebedd0aef5286687ce641276452c76d"},"headline":"Disserta\u00e7\u00e3o: aluna da FUNIBER cria programa de TV para promover o Envelhecimento Ativo","datePublished":"2015-10-23T06:57:47+00:00","dateModified":"2015-10-23T11:06:46+00:00","mainEntityOfPage":{"@id":"https:\/\/blogs.funiber.org\/pt\/gerontologia\/2015\/10\/23\/funiber-dissertacao-aluna-funiber-programa-tv-envelhecimento-ativo"},"wordCount":418,"publisher":{"@id":"https:\/\/blogs.funiber.org\/pt\/#organization"},"keywords":["Cuidados","Educa\u00e7\u00e3o","Educa\u00e7\u00e3o a Dist\u00e2ncia","Envelhecimento","Funiber","Gerontolo","Idosos","mestrado","Opini\u00e3o FUNIBER","Opini\u00f5es Funiber","Sa\u00fade","Televis\u00e3o"],"articleSection":["Gerontologia"],"inLanguage":"pt-BR"},{"@type":"WebPage","@id":"https:\/\/blogs.funiber.org\/pt\/gerontologia\/2015\/10\/23\/funiber-dissertacao-aluna-funiber-programa-tv-envelhecimento-ativo","url":"https:\/\/blogs.funiber.org\/pt\/gerontologia\/2015\/10\/23\/funiber-dissertacao-aluna-funiber-programa-tv-envelhecimento-ativo","name":"Aluna FUNIBER cria programa TV para envelhecimento ativo","isPartOf":{"@id":"https:\/\/blogs.funiber.org\/pt\/#website"},"datePublished":"2015-10-23T06:57:47+00:00","dateModified":"2015-10-23T11:06:46+00:00","description":"Aluna bolsista da FUNIBER elabora proposta de televis\u00e3o para promover o envelhecimento ativo.","breadcrumb":{"@id":"https:\/\/blogs.funiber.org\/pt\/gerontologia\/2015\/10\/23\/funiber-dissertacao-aluna-funiber-programa-tv-envelhecimento-ativo#breadcrumb"},"inLanguage":"pt-BR","potentialAction":[{"@type":"ReadAction","target":["https:\/\/blogs.funiber.org\/pt\/gerontologia\/2015\/10\/23\/funiber-dissertacao-aluna-funiber-programa-tv-envelhecimento-ativo"]}]},{"@type":"BreadcrumbList","@id":"https:\/\/blogs.funiber.org\/pt\/gerontologia\/2015\/10\/23\/funiber-dissertacao-aluna-funiber-programa-tv-envelhecimento-ativo#breadcrumb","itemListElement":[{"@type":"ListItem","position":1,"name":"In\u00edcio","item":"https:\/\/blogs.funiber.org\/pt"},{"@type":"ListItem","position":2,"name":"Disserta\u00e7\u00e3o: aluna da FUNIBER cria programa de TV para promover o Envelhecimento Ativo"}]},{"@type":"WebSite","@id":"https:\/\/blogs.funiber.org\/pt\/#website","url":"https:\/\/blogs.funiber.org\/pt\/","name":"FuniBlogs - FUNIBER","description":"","publisher":{"@id":"https:\/\/blogs.funiber.org\/pt\/#organization"},"potentialAction":[{"@type":"SearchAction","target":{"@type":"EntryPoint","urlTemplate":"https:\/\/blogs.funiber.org\/pt\/?s={search_term_string}"},"query-input":"required name=search_term_string"}],"inLanguage":"pt-BR"},{"@type":"Organization","@id":"https:\/\/blogs.funiber.org\/pt\/#organization","name":"FuniBlogs - FUNIBER","url":"https:\/\/blogs.funiber.org\/pt\/","logo":{"@type":"ImageObject","inLanguage":"pt-BR","@id":"https:\/\/blogs.funiber.org\/pt\/#\/schema\/logo\/image\/","url":"https:\/\/www.funiber.blog\/pt\/wp-content\/uploads\/2022\/02\/logo-funiber-pt-br-v-dos.svg","contentUrl":"https:\/\/www.funiber.blog\/pt\/wp-content\/uploads\/2022\/02\/logo-funiber-pt-br-v-dos.svg","width":1,"height":1,"caption":"FuniBlogs - FUNIBER"},"image":{"@id":"https:\/\/blogs.funiber.org\/pt\/#\/schema\/logo\/image\/"},"sameAs":["https:\/\/www.facebook.com\/funiber","https:\/\/twitter.com\/FUNIBER","https:\/\/www.instagram.com\/funiber_becas","https:\/\/www.youtube.com\/user\/funiber","https:\/\/www.linkedin.com\/company\/funiber"]},{"@type":"Person","@id":"https:\/\/blogs.funiber.org\/pt\/#\/schema\/person\/cebedd0aef5286687ce641276452c76d","name":"Mariana Dornelles","image":{"@type":"ImageObject","inLanguage":"pt-BR","@id":"https:\/\/blogs.funiber.org\/pt\/#\/schema\/person\/image\/","url":"https:\/\/secure.gravatar.com\/avatar\/2fbaa65ea908e82807b005c351db3c9d?s=96&d=mm&r=g","contentUrl":"https:\/\/secure.gravatar.com\/avatar\/2fbaa65ea908e82807b005c351db3c9d?s=96&d=mm&r=g","caption":"Mariana Dornelles"},"url":"https:\/\/www.funiber.blog\/pt\/author\/mariana-dornelles"}]}},"jetpack_featured_media_url":"https:\/\/www.funiber.blog\/pt\/wp-content\/uploads\/2015\/10\/funiber-idosos-ativos.jpg","jetpack_shortlink":"https:\/\/wp.me\/p7ee1t-27V","jetpack_sharing_enabled":true,"_links":{"self":[{"href":"https:\/\/www.funiber.blog\/pt\/wp-json\/wp\/v2\/posts\/8179"}],"collection":[{"href":"https:\/\/www.funiber.blog\/pt\/wp-json\/wp\/v2\/posts"}],"about":[{"href":"https:\/\/www.funiber.blog\/pt\/wp-json\/wp\/v2\/types\/post"}],"author":[{"embeddable":true,"href":"https:\/\/www.funiber.blog\/pt\/wp-json\/wp\/v2\/users\/16"}],"replies":[{"embeddable":true,"href":"https:\/\/www.funiber.blog\/pt\/wp-json\/wp\/v2\/comments?post=8179"}],"version-history":[{"count":6,"href":"https:\/\/www.funiber.blog\/pt\/wp-json\/wp\/v2\/posts\/8179\/revisions"}],"predecessor-version":[{"id":8192,"href":"https:\/\/www.funiber.blog\/pt\/wp-json\/wp\/v2\/posts\/8179\/revisions\/8192"}],"wp:featuredmedia":[{"embeddable":true,"href":"https:\/\/www.funiber.blog\/pt\/wp-json\/wp\/v2\/media\/8181"}],"wp:attachment":[{"href":"https:\/\/www.funiber.blog\/pt\/wp-json\/wp\/v2\/media?parent=8179"}],"wp:term":[{"taxonomy":"category","embeddable":true,"href":"https:\/\/www.funiber.blog\/pt\/wp-json\/wp\/v2\/categories?post=8179"},{"taxonomy":"post_tag","embeddable":true,"href":"https:\/\/www.funiber.blog\/pt\/wp-json\/wp\/v2\/tags?post=8179"}],"curies":[{"name":"wp","href":"https:\/\/api.w.org\/{rel}","templated":true}]}}