{"id":8347,"date":"2015-11-10T14:00:04","date_gmt":"2015-11-10T14:00:04","guid":{"rendered":"http:\/\/blogs.funiber.org\/pt\/?p=8347"},"modified":"2015-11-10T14:15:42","modified_gmt":"2015-11-10T14:15:42","slug":"funiber-empoderamento-reconhecimento-habilidades","status":"publish","type":"post","link":"https:\/\/www.funiber.blog\/pt\/empresas-e-rh\/2015\/11\/10\/funiber-empoderamento-reconhecimento-habilidades","title":{"rendered":"Empoderamento como reconhecimento das habilidades"},"content":{"rendered":"<h2>Permitir que o empregado desenvolva-se utilizando suas compet\u00eancias na organiza\u00e7\u00e3o \u00e9 uma forma efetiva de reconhecimento.<\/h2>\n<p><!--more--><\/p>\n<p>Os colaboradores de uma empresa t\u00eam muitas habilidades e conhecimentos que podem disponibilizar \u00e0 organiza\u00e7\u00e3o; \u00e9 tarefa dos gerentes e da \u00e1rea de Recursos Humanos <strong>identificar<\/strong> estas <strong>compet\u00eancias para permitir aos colaboradores participar do crescimento da empresa utilizando seu m\u00e1ximo potencial.<\/strong><\/p>\n<p><strong>Empoderar<\/strong> \u00e9 uma forma de reconhecimento que <strong>permite dar maior relev\u00e2ncia ao empregado em seu posto de trabalho<\/strong> e aumentar seu entusiasmo ao participar dentro da organiza\u00e7\u00e3o com o melhor que tem para oferecer.<\/p>\n<p>Quando uma pessoa \u00e9 empoderada sente que suas compet\u00eancias e destrezas s\u00e3o reconhecidas, sua criatividade \u00e9 exposta no entorno de trabalho e isto colabora para sentir-se mais importante e realizado em seu trabalho. \u00c9 miss\u00e3o do gerente ou chefe <strong>identificar e potencializar as habilidades do empregado, fazendo-o sentir que \u00e9 uma pessoa valiosa,<\/strong> que pode tomar decis\u00f5es na organiza\u00e7\u00e3o.<\/p>\n<p>Empresas como a Starbucks incentivam seus empregados a fazer sua a empresa e tomar decis\u00f5es dentro do marco de a\u00e7\u00e3o que a companhia estabelece. S\u00e3o os gerentes os que t\u00eam a responsabilidade de criar uma cultura que permita a colabora\u00e7\u00e3o din\u00e2mica dos empregados e promover as compet\u00eancias internas<strong>. O trabalhador sente que tem liberdade para colaborar com suas habilidades quando \u00e9 empoderado<\/strong> e tem a possibilidade de inovar em seu posto de trabalho.<\/p>\n<p>A dire\u00e7\u00e3o da organiza\u00e7\u00e3o deve expor <strong>tamb\u00e9m sistemas de reconhecimento que permitam destacar o poder criativo e o valor do colaborador na organiza\u00e7\u00e3o.<\/strong> S\u00e3o muitas as estrat\u00e9gias que podem ser aplicadas para ressaltar o trabalho de um empregado. Jos\u00e9 Guerra Parada destaca no Eltiempo.com que \u00e9 necess\u00e1rio estabelecer incentivos instrumentais e incentivos expressivos para melhorar o clima laboral, ademais, ressalta que estas medidas <strong>n\u00e3o implicam em incrementar o or\u00e7amento,<\/strong> pois se podem estabelecer reconhecimentos t\u00e3o singelos como o elogio frente aos companheiros<\/p>\n<p>Quando a empresa aproveita as compet\u00eancias de seus empregados pode obter resultados extraordin\u00e1rios. Os gerentes devem enfocar-se na tarefa de identificar as habilidades de seus colaboradores e construir equipes excelentes e muito coesas.<\/p>\n<p>Fontes:\u00a0<a href=\"http:\/\/fnbr.es\/1rq\" target=\"_blank\">http:\/\/fnbr.es\/1rq<\/a>,\u00a0<a href=\"http:\/\/fnbr.es\/1rr\" target=\"_blank\">http:\/\/fnbr.es\/1rr<\/a><\/p>\n<p>Fotografia: Todos os direitos reservados iStock<\/p>\n","protected":false},"excerpt":{"rendered":"<p>Permitir que o empregado desenvolva-se utilizando suas compet\u00eancias na organiza\u00e7\u00e3o \u00e9 uma forma efetiva de reconhecimento.<\/p>\n","protected":false},"author":16,"featured_media":8349,"comment_status":"closed","ping_status":"closed","sticky":false,"template":"","format":"standard","meta":{"jetpack_post_was_ever_published":false,"_jetpack_newsletter_access":"","_jetpack_newsletter_tier_id":0,"footnotes":"","jetpack_publicize_message":"","jetpack_is_tweetstorm":false,"jetpack_publicize_feature_enabled":true,"jetpack_social_post_already_shared":false,"jetpack_social_options":{"image_generator_settings":{"template":"highway","enabled":false}}},"categories":[8],"tags":[794,285,408,860,172,248,861,641,255,168],"jetpack_publicize_connections":[],"yoast_head":"<!-- This site is optimized with the Yoast SEO plugin v21.7 - https:\/\/yoast.com\/wordpress\/plugins\/seo\/ -->\n<title>Empoderamento como reconhecimento das habilidades<\/title>\n<meta name=\"description\" content=\"Permitir que o empregado desenvolva-se utilizando suas compet\u00eancias e habilidades na organiza\u00e7\u00e3o \u00e9 uma forma efetiva de reconhecimento\" \/>\n<meta name=\"robots\" content=\"noindex, nofollow\" \/>\n<meta property=\"og:locale\" content=\"pt_BR\" \/>\n<meta property=\"og:type\" content=\"article\" \/>\n<meta property=\"og:title\" content=\"Empoderamento como reconhecimento das habilidades\" \/>\n<meta property=\"og:description\" content=\"Permitir que o empregado desenvolva-se utilizando suas compet\u00eancias e habilidades na organiza\u00e7\u00e3o \u00e9 uma forma efetiva de reconhecimento\" \/>\n<meta property=\"og:url\" content=\"https:\/\/blogs.funiber.org\/pt\/empresas-e-rh\/2015\/11\/10\/funiber-empoderamento-reconhecimento-habilidades\" \/>\n<meta property=\"og:site_name\" content=\"FuniBlogs - FUNIBER\" \/>\n<meta property=\"article:publisher\" content=\"https:\/\/www.facebook.com\/funiber\" \/>\n<meta property=\"article:published_time\" content=\"2015-11-10T14:00:04+00:00\" \/>\n<meta property=\"article:modified_time\" content=\"2015-11-10T14:15:42+00:00\" \/>\n<meta property=\"og:image\" content=\"https:\/\/blogs.funiber.org\/pt\/wp-content\/uploads\/2015\/11\/funiber-empoderamento-empresas-web.jpg\" \/>\n\t<meta property=\"og:image:width\" content=\"614\" \/>\n\t<meta property=\"og:image:height\" content=\"374\" \/>\n\t<meta property=\"og:image:type\" content=\"image\/jpeg\" \/>\n<meta name=\"author\" content=\"Mariana Dornelles\" \/>\n<meta name=\"twitter:card\" content=\"summary_large_image\" \/>\n<meta name=\"twitter:creator\" content=\"@FUNIBER\" \/>\n<meta name=\"twitter:site\" content=\"@FUNIBER\" \/>\n<meta name=\"twitter:label1\" content=\"Escrito por\" \/>\n\t<meta name=\"twitter:data1\" content=\"Mariana Dornelles\" \/>\n\t<meta name=\"twitter:label2\" content=\"Est. tempo de leitura\" \/>\n\t<meta name=\"twitter:data2\" content=\"2 minutos\" \/>\n<script type=\"application\/ld+json\" class=\"yoast-schema-graph\">{\"@context\":\"https:\/\/schema.org\",\"@graph\":[{\"@type\":\"Article\",\"@id\":\"https:\/\/blogs.funiber.org\/pt\/empresas-e-rh\/2015\/11\/10\/funiber-empoderamento-reconhecimento-habilidades#article\",\"isPartOf\":{\"@id\":\"https:\/\/blogs.funiber.org\/pt\/empresas-e-rh\/2015\/11\/10\/funiber-empoderamento-reconhecimento-habilidades\"},\"author\":{\"name\":\"Mariana Dornelles\",\"@id\":\"https:\/\/blogs.funiber.org\/pt\/#\/schema\/person\/cebedd0aef5286687ce641276452c76d\"},\"headline\":\"Empoderamento como reconhecimento das habilidades\",\"datePublished\":\"2015-11-10T14:00:04+00:00\",\"dateModified\":\"2015-11-10T14:15:42+00:00\",\"mainEntityOfPage\":{\"@id\":\"https:\/\/blogs.funiber.org\/pt\/empresas-e-rh\/2015\/11\/10\/funiber-empoderamento-reconhecimento-habilidades\"},\"wordCount\":381,\"publisher\":{\"@id\":\"https:\/\/blogs.funiber.org\/pt\/#organization\"},\"keywords\":[\"Compet\u00eancias\",\"Educa\u00e7\u00e3o\",\"Educa\u00e7\u00e3o a Dist\u00e2ncia\",\"Empoderamento\",\"Empresas\",\"Funiber\",\"Habilidades\",\"Opini\u00e3o FUNIBER\",\"Opini\u00f5es Funiber\",\"Recursos Humanos\"],\"articleSection\":[\"Empresas, Dire\u00e7\u00e3o e RH\"],\"inLanguage\":\"pt-BR\"},{\"@type\":\"WebPage\",\"@id\":\"https:\/\/blogs.funiber.org\/pt\/empresas-e-rh\/2015\/11\/10\/funiber-empoderamento-reconhecimento-habilidades\",\"url\":\"https:\/\/blogs.funiber.org\/pt\/empresas-e-rh\/2015\/11\/10\/funiber-empoderamento-reconhecimento-habilidades\",\"name\":\"Empoderamento como reconhecimento das habilidades\",\"isPartOf\":{\"@id\":\"https:\/\/blogs.funiber.org\/pt\/#website\"},\"datePublished\":\"2015-11-10T14:00:04+00:00\",\"dateModified\":\"2015-11-10T14:15:42+00:00\",\"description\":\"Permitir que o empregado desenvolva-se utilizando suas compet\u00eancias e habilidades na organiza\u00e7\u00e3o \u00e9 uma forma efetiva de reconhecimento\",\"breadcrumb\":{\"@id\":\"https:\/\/blogs.funiber.org\/pt\/empresas-e-rh\/2015\/11\/10\/funiber-empoderamento-reconhecimento-habilidades#breadcrumb\"},\"inLanguage\":\"pt-BR\",\"potentialAction\":[{\"@type\":\"ReadAction\",\"target\":[\"https:\/\/blogs.funiber.org\/pt\/empresas-e-rh\/2015\/11\/10\/funiber-empoderamento-reconhecimento-habilidades\"]}]},{\"@type\":\"BreadcrumbList\",\"@id\":\"https:\/\/blogs.funiber.org\/pt\/empresas-e-rh\/2015\/11\/10\/funiber-empoderamento-reconhecimento-habilidades#breadcrumb\",\"itemListElement\":[{\"@type\":\"ListItem\",\"position\":1,\"name\":\"In\u00edcio\",\"item\":\"https:\/\/blogs.funiber.org\/pt\"},{\"@type\":\"ListItem\",\"position\":2,\"name\":\"Empoderamento como reconhecimento das habilidades\"}]},{\"@type\":\"WebSite\",\"@id\":\"https:\/\/blogs.funiber.org\/pt\/#website\",\"url\":\"https:\/\/blogs.funiber.org\/pt\/\",\"name\":\"FuniBlogs - FUNIBER\",\"description\":\"\",\"publisher\":{\"@id\":\"https:\/\/blogs.funiber.org\/pt\/#organization\"},\"potentialAction\":[{\"@type\":\"SearchAction\",\"target\":{\"@type\":\"EntryPoint\",\"urlTemplate\":\"https:\/\/blogs.funiber.org\/pt\/?s={search_term_string}\"},\"query-input\":\"required name=search_term_string\"}],\"inLanguage\":\"pt-BR\"},{\"@type\":\"Organization\",\"@id\":\"https:\/\/blogs.funiber.org\/pt\/#organization\",\"name\":\"FuniBlogs - FUNIBER\",\"url\":\"https:\/\/blogs.funiber.org\/pt\/\",\"logo\":{\"@type\":\"ImageObject\",\"inLanguage\":\"pt-BR\",\"@id\":\"https:\/\/blogs.funiber.org\/pt\/#\/schema\/logo\/image\/\",\"url\":\"https:\/\/www.funiber.blog\/pt\/wp-content\/uploads\/2022\/02\/logo-funiber-pt-br-v-dos.svg\",\"contentUrl\":\"https:\/\/www.funiber.blog\/pt\/wp-content\/uploads\/2022\/02\/logo-funiber-pt-br-v-dos.svg\",\"width\":1,\"height\":1,\"caption\":\"FuniBlogs - FUNIBER\"},\"image\":{\"@id\":\"https:\/\/blogs.funiber.org\/pt\/#\/schema\/logo\/image\/\"},\"sameAs\":[\"https:\/\/www.facebook.com\/funiber\",\"https:\/\/twitter.com\/FUNIBER\",\"https:\/\/www.instagram.com\/funiber_becas\",\"https:\/\/www.youtube.com\/user\/funiber\",\"https:\/\/www.linkedin.com\/company\/funiber\"]},{\"@type\":\"Person\",\"@id\":\"https:\/\/blogs.funiber.org\/pt\/#\/schema\/person\/cebedd0aef5286687ce641276452c76d\",\"name\":\"Mariana Dornelles\",\"image\":{\"@type\":\"ImageObject\",\"inLanguage\":\"pt-BR\",\"@id\":\"https:\/\/blogs.funiber.org\/pt\/#\/schema\/person\/image\/\",\"url\":\"https:\/\/secure.gravatar.com\/avatar\/2fbaa65ea908e82807b005c351db3c9d?s=96&d=mm&r=g\",\"contentUrl\":\"https:\/\/secure.gravatar.com\/avatar\/2fbaa65ea908e82807b005c351db3c9d?s=96&d=mm&r=g\",\"caption\":\"Mariana Dornelles\"},\"url\":\"https:\/\/www.funiber.blog\/pt\/author\/mariana-dornelles\"}]}<\/script>\n<!-- \/ Yoast SEO plugin. -->","yoast_head_json":{"title":"Empoderamento como reconhecimento das habilidades","description":"Permitir que o empregado desenvolva-se utilizando suas compet\u00eancias e habilidades na organiza\u00e7\u00e3o \u00e9 uma forma efetiva de reconhecimento","robots":{"index":"noindex","follow":"nofollow"},"og_locale":"pt_BR","og_type":"article","og_title":"Empoderamento como reconhecimento das habilidades","og_description":"Permitir que o empregado desenvolva-se utilizando suas compet\u00eancias e habilidades na organiza\u00e7\u00e3o \u00e9 uma forma efetiva de reconhecimento","og_url":"https:\/\/blogs.funiber.org\/pt\/empresas-e-rh\/2015\/11\/10\/funiber-empoderamento-reconhecimento-habilidades","og_site_name":"FuniBlogs - FUNIBER","article_publisher":"https:\/\/www.facebook.com\/funiber","article_published_time":"2015-11-10T14:00:04+00:00","article_modified_time":"2015-11-10T14:15:42+00:00","og_image":[{"width":614,"height":374,"url":"https:\/\/blogs.funiber.org\/pt\/wp-content\/uploads\/2015\/11\/funiber-empoderamento-empresas-web.jpg","type":"image\/jpeg"}],"author":"Mariana Dornelles","twitter_card":"summary_large_image","twitter_creator":"@FUNIBER","twitter_site":"@FUNIBER","twitter_misc":{"Escrito por":"Mariana Dornelles","Est. tempo de leitura":"2 minutos"},"schema":{"@context":"https:\/\/schema.org","@graph":[{"@type":"Article","@id":"https:\/\/blogs.funiber.org\/pt\/empresas-e-rh\/2015\/11\/10\/funiber-empoderamento-reconhecimento-habilidades#article","isPartOf":{"@id":"https:\/\/blogs.funiber.org\/pt\/empresas-e-rh\/2015\/11\/10\/funiber-empoderamento-reconhecimento-habilidades"},"author":{"name":"Mariana Dornelles","@id":"https:\/\/blogs.funiber.org\/pt\/#\/schema\/person\/cebedd0aef5286687ce641276452c76d"},"headline":"Empoderamento como reconhecimento das habilidades","datePublished":"2015-11-10T14:00:04+00:00","dateModified":"2015-11-10T14:15:42+00:00","mainEntityOfPage":{"@id":"https:\/\/blogs.funiber.org\/pt\/empresas-e-rh\/2015\/11\/10\/funiber-empoderamento-reconhecimento-habilidades"},"wordCount":381,"publisher":{"@id":"https:\/\/blogs.funiber.org\/pt\/#organization"},"keywords":["Compet\u00eancias","Educa\u00e7\u00e3o","Educa\u00e7\u00e3o a Dist\u00e2ncia","Empoderamento","Empresas","Funiber","Habilidades","Opini\u00e3o FUNIBER","Opini\u00f5es Funiber","Recursos Humanos"],"articleSection":["Empresas, Dire\u00e7\u00e3o e RH"],"inLanguage":"pt-BR"},{"@type":"WebPage","@id":"https:\/\/blogs.funiber.org\/pt\/empresas-e-rh\/2015\/11\/10\/funiber-empoderamento-reconhecimento-habilidades","url":"https:\/\/blogs.funiber.org\/pt\/empresas-e-rh\/2015\/11\/10\/funiber-empoderamento-reconhecimento-habilidades","name":"Empoderamento como reconhecimento das habilidades","isPartOf":{"@id":"https:\/\/blogs.funiber.org\/pt\/#website"},"datePublished":"2015-11-10T14:00:04+00:00","dateModified":"2015-11-10T14:15:42+00:00","description":"Permitir que o empregado desenvolva-se utilizando suas compet\u00eancias e habilidades na organiza\u00e7\u00e3o \u00e9 uma forma efetiva de reconhecimento","breadcrumb":{"@id":"https:\/\/blogs.funiber.org\/pt\/empresas-e-rh\/2015\/11\/10\/funiber-empoderamento-reconhecimento-habilidades#breadcrumb"},"inLanguage":"pt-BR","potentialAction":[{"@type":"ReadAction","target":["https:\/\/blogs.funiber.org\/pt\/empresas-e-rh\/2015\/11\/10\/funiber-empoderamento-reconhecimento-habilidades"]}]},{"@type":"BreadcrumbList","@id":"https:\/\/blogs.funiber.org\/pt\/empresas-e-rh\/2015\/11\/10\/funiber-empoderamento-reconhecimento-habilidades#breadcrumb","itemListElement":[{"@type":"ListItem","position":1,"name":"In\u00edcio","item":"https:\/\/blogs.funiber.org\/pt"},{"@type":"ListItem","position":2,"name":"Empoderamento como reconhecimento das habilidades"}]},{"@type":"WebSite","@id":"https:\/\/blogs.funiber.org\/pt\/#website","url":"https:\/\/blogs.funiber.org\/pt\/","name":"FuniBlogs - FUNIBER","description":"","publisher":{"@id":"https:\/\/blogs.funiber.org\/pt\/#organization"},"potentialAction":[{"@type":"SearchAction","target":{"@type":"EntryPoint","urlTemplate":"https:\/\/blogs.funiber.org\/pt\/?s={search_term_string}"},"query-input":"required name=search_term_string"}],"inLanguage":"pt-BR"},{"@type":"Organization","@id":"https:\/\/blogs.funiber.org\/pt\/#organization","name":"FuniBlogs - FUNIBER","url":"https:\/\/blogs.funiber.org\/pt\/","logo":{"@type":"ImageObject","inLanguage":"pt-BR","@id":"https:\/\/blogs.funiber.org\/pt\/#\/schema\/logo\/image\/","url":"https:\/\/www.funiber.blog\/pt\/wp-content\/uploads\/2022\/02\/logo-funiber-pt-br-v-dos.svg","contentUrl":"https:\/\/www.funiber.blog\/pt\/wp-content\/uploads\/2022\/02\/logo-funiber-pt-br-v-dos.svg","width":1,"height":1,"caption":"FuniBlogs - FUNIBER"},"image":{"@id":"https:\/\/blogs.funiber.org\/pt\/#\/schema\/logo\/image\/"},"sameAs":["https:\/\/www.facebook.com\/funiber","https:\/\/twitter.com\/FUNIBER","https:\/\/www.instagram.com\/funiber_becas","https:\/\/www.youtube.com\/user\/funiber","https:\/\/www.linkedin.com\/company\/funiber"]},{"@type":"Person","@id":"https:\/\/blogs.funiber.org\/pt\/#\/schema\/person\/cebedd0aef5286687ce641276452c76d","name":"Mariana Dornelles","image":{"@type":"ImageObject","inLanguage":"pt-BR","@id":"https:\/\/blogs.funiber.org\/pt\/#\/schema\/person\/image\/","url":"https:\/\/secure.gravatar.com\/avatar\/2fbaa65ea908e82807b005c351db3c9d?s=96&d=mm&r=g","contentUrl":"https:\/\/secure.gravatar.com\/avatar\/2fbaa65ea908e82807b005c351db3c9d?s=96&d=mm&r=g","caption":"Mariana Dornelles"},"url":"https:\/\/www.funiber.blog\/pt\/author\/mariana-dornelles"}]}},"jetpack_featured_media_url":"https:\/\/www.funiber.blog\/pt\/wp-content\/uploads\/2015\/11\/funiber-empoderamento-empresas-web.jpg","jetpack_shortlink":"https:\/\/wp.me\/p7ee1t-2aD","jetpack_sharing_enabled":true,"_links":{"self":[{"href":"https:\/\/www.funiber.blog\/pt\/wp-json\/wp\/v2\/posts\/8347"}],"collection":[{"href":"https:\/\/www.funiber.blog\/pt\/wp-json\/wp\/v2\/posts"}],"about":[{"href":"https:\/\/www.funiber.blog\/pt\/wp-json\/wp\/v2\/types\/post"}],"author":[{"embeddable":true,"href":"https:\/\/www.funiber.blog\/pt\/wp-json\/wp\/v2\/users\/16"}],"replies":[{"embeddable":true,"href":"https:\/\/www.funiber.blog\/pt\/wp-json\/wp\/v2\/comments?post=8347"}],"version-history":[{"count":3,"href":"https:\/\/www.funiber.blog\/pt\/wp-json\/wp\/v2\/posts\/8347\/revisions"}],"predecessor-version":[{"id":8356,"href":"https:\/\/www.funiber.blog\/pt\/wp-json\/wp\/v2\/posts\/8347\/revisions\/8356"}],"wp:featuredmedia":[{"embeddable":true,"href":"https:\/\/www.funiber.blog\/pt\/wp-json\/wp\/v2\/media\/8349"}],"wp:attachment":[{"href":"https:\/\/www.funiber.blog\/pt\/wp-json\/wp\/v2\/media?parent=8347"}],"wp:term":[{"taxonomy":"category","embeddable":true,"href":"https:\/\/www.funiber.blog\/pt\/wp-json\/wp\/v2\/categories?post=8347"},{"taxonomy":"post_tag","embeddable":true,"href":"https:\/\/www.funiber.blog\/pt\/wp-json\/wp\/v2\/tags?post=8347"}],"curies":[{"name":"wp","href":"https:\/\/api.w.org\/{rel}","templated":true}]}}