{"id":8352,"date":"2015-11-12T09:24:32","date_gmt":"2015-11-12T09:24:32","guid":{"rendered":"http:\/\/blogs.funiber.org\/pt\/?p=8352"},"modified":"2015-11-12T09:25:15","modified_gmt":"2015-11-12T09:25:15","slug":"funiber-ferramenta-calcular-demanda-de-alimentos","status":"publish","type":"post","link":"https:\/\/www.funiber.blog\/pt\/meio-ambiente\/2015\/11\/12\/funiber-ferramenta-calcular-demanda-de-alimentos","title":{"rendered":"Ferramenta para calcular a demanda de alimentos"},"content":{"rendered":"<h2>O sistema de produ\u00e7\u00e3o de alimentos e o tipo de dieta individual est\u00e3o ligados a emiss\u00e3o de poluentes.<\/h2>\n<p><!--more--><\/p>\n<p>\u00c9 essencial <strong>a elabora\u00e7\u00e3o de dietas que permitam alimentar a toda a popula\u00e7\u00e3o mundial sem que isto demande poluir mais o planeta. <\/strong>O Instituto Postdam para a Pesquisa do Impacto do Clima (PIK) emitiu um <strong>relat\u00f3rio no qual indica que, para a metade deste s\u00e9culo, a demanda de alimentos se duplicar\u00e1,<\/strong> em particular para os alimentos de origem animal. <strong>A atividade agr\u00edcola e pecu\u00e1ria s\u00e3o fontes de gases de efeito estufa<\/strong> e \u00e9 necess\u00e1rio medir o impacto que t\u00eam no meio ambiente. Para gerar uma <strong>estimativa da demanda de alimentos nas pr\u00f3ximas d\u00e9cadas,<\/strong> o PIK desenvolveu uma<a href=\"http:\/\/www.pik-potsdam.de\/~bodirsky\/demand_scenarios\/#page1\" target=\"_blank\">\u00a0ferramenta interativa que permite simular quatro cen\u00e1rios<\/a>\u00a0em fun\u00e7\u00e3o do crescimento da popula\u00e7\u00e3o no futuro.<\/p>\n<p>Os criadores da ferramenta tomaram como refer\u00eancia a publica\u00e7\u00e3o \u201c<a href=\"http:\/\/journals.plos.org\/plosone\/article?id=10.1371\/journal.pone.0139201\" target=\"_blank\">Cen\u00e1rios de demanda de alimentos para o s\u00e9culo XXI<\/a>\u201d, de Bodirski no PLOS ONE. A partir dos dados deste estudo, gerou-se uma linha do tempo virtual que pode ser consultada pelas pessoas interessadas em pesquisar mais sobre o impacto da agricultura e da pecu\u00e1ria no meio ambiente. <strong>O simulador contempla quatro cen\u00e1rios de produ\u00e7\u00e3o de alimentos.<\/strong> Os gr\u00e1ficos din\u00e2micos permitem observar a evolu\u00e7\u00e3o da <strong>demanda de gado e campos de cultivo que seriam necess\u00e1rios<\/strong> para alimentar os cidad\u00e3os de cada continente, considerando um incremento da popula\u00e7\u00e3o por cada d\u00e9cada registrada.<\/p>\n<p>Os pesquisadores indicam que <strong>a demanda de comida at\u00e9 o ano 2050 aumentaria<\/strong> nos quatro cen\u00e1rios. Espera-se que, com o incremento de ganhos da popula\u00e7\u00e3o, a desnutri\u00e7\u00e3o reduza-se gradualmente. Mas a desnutri\u00e7\u00e3o n\u00e3o \u00e9 a \u00fanica preocupa\u00e7\u00e3o. Benjamin L. Bodirsky manifesta que, inclusive hoje, <strong>\u201cas dietas pouco saud\u00e1veis causam, globalmente, maior n\u00famero de mortes que a desnutri\u00e7\u00e3o e a fome\u201d,<\/strong> e acrescenta: \u201cas dietas ricas em carne, a\u00e7\u00facar e alimentos processados s\u00e3o um importante fator de risco de doen\u00e7as como o c\u00e2ncer, diabetes ou doen\u00e7as coron\u00e1rias; sendo maior o risco no futuro, considerando que muitas economias emergentes incrementar\u00e3o seu consumo de produtos de origem animal.&#8221; Projetou-se tamb\u00e9m um aumento da demanda per c\u00e1pita como consequ\u00eancia de um <strong>maior consumo e desperd\u00edcio de alimentos nos lares.<\/strong><\/p>\n<p>Os pesquisadores indicam que o modelo de demanda de alimentos <strong>pode ser usado para gerar cen\u00e1rios em longo prazo de consumo de alimentos para todos os pa\u00edses<\/strong> do mundo. O modelo fundamenta-se em uma an\u00e1lise estat\u00edstica de dados hist\u00f3ricos que incluem padr\u00f5es de dieta e ganhos econ\u00f4micos de 162 pa\u00edses durante 46 anos.<\/p>\n<p>Hermann Lotze-Campen, do instituto PIK, ressalta que a agricultura tem um papel \u201cimportante na defini\u00e7\u00e3o de nosso futuro\u201d, pois tem um impacto direto em \u00e1reas como as mudan\u00e7as clim\u00e1ticas, pobreza, fome ou sa\u00fade. \u201cNosso estudo mostra que em \u00e1reas como a \u00c1frica Subsaariana a fome persistir\u00e1 nas pr\u00f3ximas d\u00e9cadas, e um compromisso em longo prazo se faz necess\u00e1rio. Ao mesmo tempo, nossos resultados indicam que \u00e9 importante <strong>retornar a uma dieta saud\u00e1vel que beneficie o clima, o meio ambiente e a sa\u00fade das pessoas.<\/strong> Em alguns pa\u00edses ricos come\u00e7ou-se a <strong>reduzir o consumo de calorias de origem animal\u201c.<\/strong><\/p>\n<p>O modelo de demanda de alimentos <strong>foi gerado como c\u00f3digo aberto,<\/strong> e quem desejar modificar o c\u00f3digo pode <strong>descarregar a fonte do sistema neste <\/strong><a href=\"https:\/\/github.com\/bodirsky\/Food_demand_model\/\" target=\"_blank\"><strong>link<\/strong><\/a><strong>.<\/strong>\u00a0Quem preferir os dados em formato Excel pode descarreg\u00e1-los neste\u00a0<a href=\"https:\/\/www.pik-potsdam.de\/~bodirsky\/demand_scenarios\/supplement.zip\" target=\"_blank\">link<\/a>.<\/p>\n<p>O grande desafio para esta e para as seguintes gera\u00e7\u00f5es est\u00e1 em <strong>encontrar formas de consumo menos poluentes,<\/strong> principalmente em aspectos individuais como a alimenta\u00e7\u00e3o e o transporte. \u00c9 necess\u00e1rio que os cidad\u00e3os de todo o planeta sejam conscientes do impacto que as a\u00e7\u00f5es individuais t\u00eam e que se procure minimizar a pegada de carbono que cada um gera para evitar mudan\u00e7as dr\u00e1sticas no clima do planeta.<\/p>\n<p>Os profissionais das \u00e1reas de <strong><a href=\"http:\/\/www.funiber.org.br\/areas-de-conhecimento\/saude-e-nutricao\/nutricao\/\" target=\"_blank\">Nutri\u00e7\u00e3o<\/a>\u00a0<\/strong>e\u00a0<strong><a href=\"http:\/\/www.funiber.org.br\/areas-de-conhecimento\/meio-ambiente-e-desenvolvimento-sustentavel\/\" target=\"_blank\">Meio Ambiente<\/a><\/strong>\u00a0da\u00a0<strong><a href=\"http:\/\/www.funiber.org.br\/\" target=\"_blank\">FUNIBER<\/a>\u00a0<\/strong>podem contribuir \u00e0 discuss\u00e3o sobre as melhores estrat\u00e9gias para reduzir a contamina\u00e7\u00e3o global. Os profissionais de Nutri\u00e7\u00e3o adquirem hoje maior responsabilidade frente ao planeta ao ter as ferramentas para promover uma alimenta\u00e7\u00e3o saud\u00e1vel em que se possa reduzir o uso de carnes para minimizar a contamina\u00e7\u00e3o.<\/p>\n<p>Fonte:\u00a0<a href=\"http:\/\/fnbr.es\/1so\" target=\"_blank\">http:\/\/fnbr.es\/1so<\/a><\/p>\n<p>Link para o simulador:\u00a0<a href=\"http:\/\/fnbr.es\/1sg\" target=\"_blank\">http:\/\/fnbr.es\/1sg<\/a><\/p>\n","protected":false},"excerpt":{"rendered":"<p>O sistema de produ\u00e7\u00e3o de alimentos e o tipo de dieta individual est\u00e3o ligados a emiss\u00e3o de poluentes.<\/p>\n","protected":false},"author":16,"featured_media":8354,"comment_status":"closed","ping_status":"closed","sticky":false,"template":"","format":"standard","meta":{"jetpack_post_was_ever_published":false,"_jetpack_newsletter_access":"","_jetpack_newsletter_tier_id":0,"footnotes":"","jetpack_publicize_message":"","jetpack_is_tweetstorm":false,"jetpack_publicize_feature_enabled":true,"jetpack_social_post_already_shared":false,"jetpack_social_options":{"image_generator_settings":{"template":"highway","enabled":false}}},"categories":[2],"tags":[67,285,408,248,641,255,113,84],"jetpack_publicize_connections":[],"yoast_head":"<!-- This site is optimized with the Yoast SEO plugin v21.7 - https:\/\/yoast.com\/wordpress\/plugins\/seo\/ -->\n<title>Ferramenta para calcular a demanda de alimentos<\/title>\n<meta name=\"description\" content=\"Instituto Postdam para a Pesquisa do Impacto do Clima desenvolve ferramenta para calcular demanda de alimentos.\" \/>\n<meta name=\"robots\" content=\"index, follow, max-snippet:-1, max-image-preview:large, max-video-preview:-1\" \/>\n<link rel=\"canonical\" href=\"https:\/\/blogs.funiber.org\/pt\/meio-ambiente\/2015\/11\/12\/funiber-ferramenta-calcular-demanda-de-alimentos\" \/>\n<meta property=\"og:locale\" content=\"pt_BR\" \/>\n<meta property=\"og:type\" content=\"article\" \/>\n<meta property=\"og:title\" content=\"Ferramenta para calcular a demanda de alimentos\" \/>\n<meta property=\"og:description\" content=\"Instituto Postdam para a Pesquisa do Impacto do Clima desenvolve ferramenta para calcular demanda de alimentos.\" \/>\n<meta property=\"og:url\" content=\"https:\/\/blogs.funiber.org\/pt\/meio-ambiente\/2015\/11\/12\/funiber-ferramenta-calcular-demanda-de-alimentos\" \/>\n<meta property=\"og:site_name\" content=\"FuniBlogs - FUNIBER\" \/>\n<meta property=\"article:publisher\" content=\"https:\/\/www.facebook.com\/funiber\" \/>\n<meta property=\"article:published_time\" content=\"2015-11-12T09:24:32+00:00\" \/>\n<meta property=\"article:modified_time\" content=\"2015-11-12T09:25:15+00:00\" \/>\n<meta property=\"og:image\" content=\"https:\/\/blogs.funiber.org\/pt\/wp-content\/uploads\/2015\/11\/funiber-simulador-de-alimentos.jpg\" \/>\n\t<meta property=\"og:image:width\" content=\"546\" \/>\n\t<meta property=\"og:image:height\" content=\"340\" \/>\n\t<meta property=\"og:image:type\" content=\"image\/jpeg\" \/>\n<meta name=\"author\" content=\"Mariana Dornelles\" \/>\n<meta name=\"twitter:card\" content=\"summary_large_image\" \/>\n<meta name=\"twitter:creator\" content=\"@FUNIBER\" \/>\n<meta name=\"twitter:site\" content=\"@FUNIBER\" \/>\n<meta name=\"twitter:label1\" content=\"Escrito por\" \/>\n\t<meta name=\"twitter:data1\" content=\"Mariana Dornelles\" \/>\n\t<meta name=\"twitter:label2\" content=\"Est. tempo de leitura\" \/>\n\t<meta name=\"twitter:data2\" content=\"4 minutos\" \/>\n<script type=\"application\/ld+json\" class=\"yoast-schema-graph\">{\"@context\":\"https:\/\/schema.org\",\"@graph\":[{\"@type\":\"Article\",\"@id\":\"https:\/\/blogs.funiber.org\/pt\/meio-ambiente\/2015\/11\/12\/funiber-ferramenta-calcular-demanda-de-alimentos#article\",\"isPartOf\":{\"@id\":\"https:\/\/blogs.funiber.org\/pt\/meio-ambiente\/2015\/11\/12\/funiber-ferramenta-calcular-demanda-de-alimentos\"},\"author\":{\"name\":\"Mariana Dornelles\",\"@id\":\"https:\/\/blogs.funiber.org\/pt\/#\/schema\/person\/cebedd0aef5286687ce641276452c76d\"},\"headline\":\"Ferramenta para calcular a demanda de alimentos\",\"datePublished\":\"2015-11-12T09:24:32+00:00\",\"dateModified\":\"2015-11-12T09:25:15+00:00\",\"mainEntityOfPage\":{\"@id\":\"https:\/\/blogs.funiber.org\/pt\/meio-ambiente\/2015\/11\/12\/funiber-ferramenta-calcular-demanda-de-alimentos\"},\"wordCount\":765,\"publisher\":{\"@id\":\"https:\/\/blogs.funiber.org\/pt\/#organization\"},\"keywords\":[\"Alimenta\u00e7\u00e3o\",\"Educa\u00e7\u00e3o\",\"Educa\u00e7\u00e3o a Dist\u00e2ncia\",\"Funiber\",\"Opini\u00e3o FUNIBER\",\"Opini\u00f5es Funiber\",\"Sa\u00fade\",\"Sustentabilidade\"],\"articleSection\":[\"Meio Ambiente\"],\"inLanguage\":\"pt-BR\"},{\"@type\":\"WebPage\",\"@id\":\"https:\/\/blogs.funiber.org\/pt\/meio-ambiente\/2015\/11\/12\/funiber-ferramenta-calcular-demanda-de-alimentos\",\"url\":\"https:\/\/blogs.funiber.org\/pt\/meio-ambiente\/2015\/11\/12\/funiber-ferramenta-calcular-demanda-de-alimentos\",\"name\":\"Ferramenta para calcular a demanda de alimentos\",\"isPartOf\":{\"@id\":\"https:\/\/blogs.funiber.org\/pt\/#website\"},\"datePublished\":\"2015-11-12T09:24:32+00:00\",\"dateModified\":\"2015-11-12T09:25:15+00:00\",\"description\":\"Instituto Postdam para a Pesquisa do Impacto do Clima desenvolve ferramenta para calcular demanda de alimentos.\",\"breadcrumb\":{\"@id\":\"https:\/\/blogs.funiber.org\/pt\/meio-ambiente\/2015\/11\/12\/funiber-ferramenta-calcular-demanda-de-alimentos#breadcrumb\"},\"inLanguage\":\"pt-BR\",\"potentialAction\":[{\"@type\":\"ReadAction\",\"target\":[\"https:\/\/blogs.funiber.org\/pt\/meio-ambiente\/2015\/11\/12\/funiber-ferramenta-calcular-demanda-de-alimentos\"]}]},{\"@type\":\"BreadcrumbList\",\"@id\":\"https:\/\/blogs.funiber.org\/pt\/meio-ambiente\/2015\/11\/12\/funiber-ferramenta-calcular-demanda-de-alimentos#breadcrumb\",\"itemListElement\":[{\"@type\":\"ListItem\",\"position\":1,\"name\":\"In\u00edcio\",\"item\":\"https:\/\/blogs.funiber.org\/pt\"},{\"@type\":\"ListItem\",\"position\":2,\"name\":\"Ferramenta para calcular a demanda de alimentos\"}]},{\"@type\":\"WebSite\",\"@id\":\"https:\/\/blogs.funiber.org\/pt\/#website\",\"url\":\"https:\/\/blogs.funiber.org\/pt\/\",\"name\":\"FuniBlogs - FUNIBER\",\"description\":\"\",\"publisher\":{\"@id\":\"https:\/\/blogs.funiber.org\/pt\/#organization\"},\"potentialAction\":[{\"@type\":\"SearchAction\",\"target\":{\"@type\":\"EntryPoint\",\"urlTemplate\":\"https:\/\/blogs.funiber.org\/pt\/?s={search_term_string}\"},\"query-input\":\"required name=search_term_string\"}],\"inLanguage\":\"pt-BR\"},{\"@type\":\"Organization\",\"@id\":\"https:\/\/blogs.funiber.org\/pt\/#organization\",\"name\":\"FuniBlogs - FUNIBER\",\"url\":\"https:\/\/blogs.funiber.org\/pt\/\",\"logo\":{\"@type\":\"ImageObject\",\"inLanguage\":\"pt-BR\",\"@id\":\"https:\/\/blogs.funiber.org\/pt\/#\/schema\/logo\/image\/\",\"url\":\"https:\/\/www.funiber.blog\/pt\/wp-content\/uploads\/2022\/02\/logo-funiber-pt-br-v-dos.svg\",\"contentUrl\":\"https:\/\/www.funiber.blog\/pt\/wp-content\/uploads\/2022\/02\/logo-funiber-pt-br-v-dos.svg\",\"width\":1,\"height\":1,\"caption\":\"FuniBlogs - FUNIBER\"},\"image\":{\"@id\":\"https:\/\/blogs.funiber.org\/pt\/#\/schema\/logo\/image\/\"},\"sameAs\":[\"https:\/\/www.facebook.com\/funiber\",\"https:\/\/twitter.com\/FUNIBER\",\"https:\/\/www.instagram.com\/funiber_becas\",\"https:\/\/www.youtube.com\/user\/funiber\",\"https:\/\/www.linkedin.com\/company\/funiber\"]},{\"@type\":\"Person\",\"@id\":\"https:\/\/blogs.funiber.org\/pt\/#\/schema\/person\/cebedd0aef5286687ce641276452c76d\",\"name\":\"Mariana Dornelles\",\"image\":{\"@type\":\"ImageObject\",\"inLanguage\":\"pt-BR\",\"@id\":\"https:\/\/blogs.funiber.org\/pt\/#\/schema\/person\/image\/\",\"url\":\"https:\/\/secure.gravatar.com\/avatar\/2fbaa65ea908e82807b005c351db3c9d?s=96&d=mm&r=g\",\"contentUrl\":\"https:\/\/secure.gravatar.com\/avatar\/2fbaa65ea908e82807b005c351db3c9d?s=96&d=mm&r=g\",\"caption\":\"Mariana Dornelles\"},\"url\":\"https:\/\/www.funiber.blog\/pt\/author\/mariana-dornelles\"}]}<\/script>\n<!-- \/ Yoast SEO plugin. -->","yoast_head_json":{"title":"Ferramenta para calcular a demanda de alimentos","description":"Instituto Postdam para a Pesquisa do Impacto do Clima desenvolve ferramenta para calcular demanda de alimentos.","robots":{"index":"index","follow":"follow","max-snippet":"max-snippet:-1","max-image-preview":"max-image-preview:large","max-video-preview":"max-video-preview:-1"},"canonical":"https:\/\/blogs.funiber.org\/pt\/meio-ambiente\/2015\/11\/12\/funiber-ferramenta-calcular-demanda-de-alimentos","og_locale":"pt_BR","og_type":"article","og_title":"Ferramenta para calcular a demanda de alimentos","og_description":"Instituto Postdam para a Pesquisa do Impacto do Clima desenvolve ferramenta para calcular demanda de alimentos.","og_url":"https:\/\/blogs.funiber.org\/pt\/meio-ambiente\/2015\/11\/12\/funiber-ferramenta-calcular-demanda-de-alimentos","og_site_name":"FuniBlogs - FUNIBER","article_publisher":"https:\/\/www.facebook.com\/funiber","article_published_time":"2015-11-12T09:24:32+00:00","article_modified_time":"2015-11-12T09:25:15+00:00","og_image":[{"width":546,"height":340,"url":"https:\/\/blogs.funiber.org\/pt\/wp-content\/uploads\/2015\/11\/funiber-simulador-de-alimentos.jpg","type":"image\/jpeg"}],"author":"Mariana Dornelles","twitter_card":"summary_large_image","twitter_creator":"@FUNIBER","twitter_site":"@FUNIBER","twitter_misc":{"Escrito por":"Mariana Dornelles","Est. tempo de leitura":"4 minutos"},"schema":{"@context":"https:\/\/schema.org","@graph":[{"@type":"Article","@id":"https:\/\/blogs.funiber.org\/pt\/meio-ambiente\/2015\/11\/12\/funiber-ferramenta-calcular-demanda-de-alimentos#article","isPartOf":{"@id":"https:\/\/blogs.funiber.org\/pt\/meio-ambiente\/2015\/11\/12\/funiber-ferramenta-calcular-demanda-de-alimentos"},"author":{"name":"Mariana Dornelles","@id":"https:\/\/blogs.funiber.org\/pt\/#\/schema\/person\/cebedd0aef5286687ce641276452c76d"},"headline":"Ferramenta para calcular a demanda de alimentos","datePublished":"2015-11-12T09:24:32+00:00","dateModified":"2015-11-12T09:25:15+00:00","mainEntityOfPage":{"@id":"https:\/\/blogs.funiber.org\/pt\/meio-ambiente\/2015\/11\/12\/funiber-ferramenta-calcular-demanda-de-alimentos"},"wordCount":765,"publisher":{"@id":"https:\/\/blogs.funiber.org\/pt\/#organization"},"keywords":["Alimenta\u00e7\u00e3o","Educa\u00e7\u00e3o","Educa\u00e7\u00e3o a Dist\u00e2ncia","Funiber","Opini\u00e3o FUNIBER","Opini\u00f5es Funiber","Sa\u00fade","Sustentabilidade"],"articleSection":["Meio Ambiente"],"inLanguage":"pt-BR"},{"@type":"WebPage","@id":"https:\/\/blogs.funiber.org\/pt\/meio-ambiente\/2015\/11\/12\/funiber-ferramenta-calcular-demanda-de-alimentos","url":"https:\/\/blogs.funiber.org\/pt\/meio-ambiente\/2015\/11\/12\/funiber-ferramenta-calcular-demanda-de-alimentos","name":"Ferramenta para calcular a demanda de alimentos","isPartOf":{"@id":"https:\/\/blogs.funiber.org\/pt\/#website"},"datePublished":"2015-11-12T09:24:32+00:00","dateModified":"2015-11-12T09:25:15+00:00","description":"Instituto Postdam para a Pesquisa do Impacto do Clima desenvolve ferramenta para calcular demanda de alimentos.","breadcrumb":{"@id":"https:\/\/blogs.funiber.org\/pt\/meio-ambiente\/2015\/11\/12\/funiber-ferramenta-calcular-demanda-de-alimentos#breadcrumb"},"inLanguage":"pt-BR","potentialAction":[{"@type":"ReadAction","target":["https:\/\/blogs.funiber.org\/pt\/meio-ambiente\/2015\/11\/12\/funiber-ferramenta-calcular-demanda-de-alimentos"]}]},{"@type":"BreadcrumbList","@id":"https:\/\/blogs.funiber.org\/pt\/meio-ambiente\/2015\/11\/12\/funiber-ferramenta-calcular-demanda-de-alimentos#breadcrumb","itemListElement":[{"@type":"ListItem","position":1,"name":"In\u00edcio","item":"https:\/\/blogs.funiber.org\/pt"},{"@type":"ListItem","position":2,"name":"Ferramenta para calcular a demanda de alimentos"}]},{"@type":"WebSite","@id":"https:\/\/blogs.funiber.org\/pt\/#website","url":"https:\/\/blogs.funiber.org\/pt\/","name":"FuniBlogs - FUNIBER","description":"","publisher":{"@id":"https:\/\/blogs.funiber.org\/pt\/#organization"},"potentialAction":[{"@type":"SearchAction","target":{"@type":"EntryPoint","urlTemplate":"https:\/\/blogs.funiber.org\/pt\/?s={search_term_string}"},"query-input":"required name=search_term_string"}],"inLanguage":"pt-BR"},{"@type":"Organization","@id":"https:\/\/blogs.funiber.org\/pt\/#organization","name":"FuniBlogs - FUNIBER","url":"https:\/\/blogs.funiber.org\/pt\/","logo":{"@type":"ImageObject","inLanguage":"pt-BR","@id":"https:\/\/blogs.funiber.org\/pt\/#\/schema\/logo\/image\/","url":"https:\/\/www.funiber.blog\/pt\/wp-content\/uploads\/2022\/02\/logo-funiber-pt-br-v-dos.svg","contentUrl":"https:\/\/www.funiber.blog\/pt\/wp-content\/uploads\/2022\/02\/logo-funiber-pt-br-v-dos.svg","width":1,"height":1,"caption":"FuniBlogs - FUNIBER"},"image":{"@id":"https:\/\/blogs.funiber.org\/pt\/#\/schema\/logo\/image\/"},"sameAs":["https:\/\/www.facebook.com\/funiber","https:\/\/twitter.com\/FUNIBER","https:\/\/www.instagram.com\/funiber_becas","https:\/\/www.youtube.com\/user\/funiber","https:\/\/www.linkedin.com\/company\/funiber"]},{"@type":"Person","@id":"https:\/\/blogs.funiber.org\/pt\/#\/schema\/person\/cebedd0aef5286687ce641276452c76d","name":"Mariana Dornelles","image":{"@type":"ImageObject","inLanguage":"pt-BR","@id":"https:\/\/blogs.funiber.org\/pt\/#\/schema\/person\/image\/","url":"https:\/\/secure.gravatar.com\/avatar\/2fbaa65ea908e82807b005c351db3c9d?s=96&d=mm&r=g","contentUrl":"https:\/\/secure.gravatar.com\/avatar\/2fbaa65ea908e82807b005c351db3c9d?s=96&d=mm&r=g","caption":"Mariana Dornelles"},"url":"https:\/\/www.funiber.blog\/pt\/author\/mariana-dornelles"}]}},"jetpack_featured_media_url":"https:\/\/www.funiber.blog\/pt\/wp-content\/uploads\/2015\/11\/funiber-simulador-de-alimentos.jpg","jetpack_shortlink":"https:\/\/wp.me\/p7ee1t-2aI","jetpack_sharing_enabled":true,"_links":{"self":[{"href":"https:\/\/www.funiber.blog\/pt\/wp-json\/wp\/v2\/posts\/8352"}],"collection":[{"href":"https:\/\/www.funiber.blog\/pt\/wp-json\/wp\/v2\/posts"}],"about":[{"href":"https:\/\/www.funiber.blog\/pt\/wp-json\/wp\/v2\/types\/post"}],"author":[{"embeddable":true,"href":"https:\/\/www.funiber.blog\/pt\/wp-json\/wp\/v2\/users\/16"}],"replies":[{"embeddable":true,"href":"https:\/\/www.funiber.blog\/pt\/wp-json\/wp\/v2\/comments?post=8352"}],"version-history":[{"count":5,"href":"https:\/\/www.funiber.blog\/pt\/wp-json\/wp\/v2\/posts\/8352\/revisions"}],"predecessor-version":[{"id":8375,"href":"https:\/\/www.funiber.blog\/pt\/wp-json\/wp\/v2\/posts\/8352\/revisions\/8375"}],"wp:featuredmedia":[{"embeddable":true,"href":"https:\/\/www.funiber.blog\/pt\/wp-json\/wp\/v2\/media\/8354"}],"wp:attachment":[{"href":"https:\/\/www.funiber.blog\/pt\/wp-json\/wp\/v2\/media?parent=8352"}],"wp:term":[{"taxonomy":"category","embeddable":true,"href":"https:\/\/www.funiber.blog\/pt\/wp-json\/wp\/v2\/categories?post=8352"},{"taxonomy":"post_tag","embeddable":true,"href":"https:\/\/www.funiber.blog\/pt\/wp-json\/wp\/v2\/tags?post=8352"}],"curies":[{"name":"wp","href":"https:\/\/api.w.org\/{rel}","templated":true}]}}