{"id":8409,"date":"2015-11-16T10:52:40","date_gmt":"2015-11-16T10:52:40","guid":{"rendered":"http:\/\/blogs.funiber.org\/pt\/?p=8409"},"modified":"2015-11-16T10:52:40","modified_gmt":"2015-11-16T10:52:40","slug":"demencia-tem-maior-impacto-entre-as-mulheres","status":"publish","type":"post","link":"https:\/\/www.funiber.blog\/pt\/gerontologia\/2015\/11\/16\/demencia-tem-maior-impacto-entre-as-mulheres","title":{"rendered":"Dem\u00eancia tem maior impacto entre as mulheres"},"content":{"rendered":"<h2>Relat\u00f3rio revela que a dem\u00eancia afeta com maior frequ\u00eancia \u00e0s mulheres e em menor medida aos homens.<\/h2>\n<p><!--more--><\/p>\n<p>A dem\u00eancia pode mudar a hist\u00f3ria de uma fam\u00edlia, n\u00e3o apenas pelo impacto direto que gera na pessoa afetada, mas tamb\u00e9m pelo que o cuidado da pessoa doente implica. Um estudo recente analisa o impacto que a dem\u00eancia tem no paciente, nas mulheres que lhes proporcionam aten\u00e7\u00e3o profissional e o efeito que tem sobre as pessoas que dedicam tempo para cuidar de um paciente com Alzeimer. <strong>Os resultados do estudo indicam que a dem\u00eancia afeta com maior frequ\u00eancia \u00e0s mulheres, e em menor medida aos homens.<\/strong><\/p>\n<p>O relat\u00f3rio, titulado \u201c<a href=\"http:\/\/www.alz.co.uk\/sites\/default\/files\/pdfs\/Women-and-Dementia.pdf\" target=\"_blank\">As mulheres e a dem\u00eancia: um estudo de revis\u00e3o mundial<\/a>\u201d, procura dar maior informa\u00e7\u00e3o a respeito da doen\u00e7a e do impacto na vida das pessoas que lutam diariamente contra a dem\u00eancia.<\/p>\n<p>Os resultados do estudo mostram que a popula\u00e7\u00e3o mundial est\u00e1 envelhecendo, e no futuro aumentaria de forma significativa a quantidade de pessoas com dem\u00eancia. <strong>Estima-se que em 2030 mais de 75 milh\u00f5es de pessoas padeceriam de dem\u00eancia,<\/strong> e por volta de 2050 o n\u00famero aumentaria para mais de 135 milh\u00f5es. A idade transforma-se em um fator de risco para a dem\u00eancia, e o estudo indica que o risco \u00e9 muito maior entre as mulheres. Tamb\u00e9m se identificou que a doen\u00e7a mental pode apresentar-se com maior severidade entre as mulheres, especialmente em rela\u00e7\u00e3o \u00e0 dem\u00eancia e \u00e0 cogni\u00e7\u00e3o.<\/p>\n<p>A maioria das pessoas a cargo do cuidado de pessoas com dem\u00eancia s\u00e3o mulheres. Deve-se considerar esta informa\u00e7\u00e3o pois <strong>as cuidadoras de pacientes com dem\u00eancia ser\u00e3o propensas a desenvolver depress\u00e3o, fadiga ou ansiedade<\/strong> pela carga de trabalho que vivenciam. Calcula-se que <strong>2 de cada 3 cuidadores principais, em espa\u00e7os de cuidado informal, s\u00e3o mulheres.<\/strong> Na \u00e1rea profissional, a maioria das pessoas que formam parte dos servi\u00e7os de aten\u00e7\u00e3o sanit\u00e1ria e social em hospitais s\u00e3o mulheres.<\/p>\n<p>Os pesquisadores consideram que \u00e9 necess\u00e1rio estabelecer uma perspectiva de g\u00eanero que permita proporcionar recursos e ajuda adequados orientados \u00e0 popula\u00e7\u00e3o que os requer. \u00c9 necess\u00e1rio que se proporcione <strong>forma\u00e7\u00e3o relacionada \u00e0 dem\u00eancia na capacita\u00e7\u00e3o de profissionais sociais e sanit\u00e1rios,<\/strong> considerando que a dem\u00eancia acarreta desafios complexos e comorbilidades que devem ser tratadas de forma adequada.<\/p>\n<p>Os estudantes da\u00a0<strong><a href=\"http:\/\/www.funiber.org.br\/areas-de-conhecimento\/saude-e-nutricao\/gerontologia\/\" target=\"_blank\">\u00e1rea de Gerontologia<\/a><\/strong>\u00a0da\u00a0<strong><a href=\"http:\/\/www.funiber.org.br\/\" target=\"_blank\">FUNIBER<\/a><\/strong>\u00a0recebem a forma\u00e7\u00e3o necess\u00e1ria para propor solu\u00e7\u00f5es que permitam melhorar o estilo de vida de pessoas da terceira idade, principalmente considerando as necessidades das mulheres idosas.<\/p>\n<p>Fonte:\u00a0<a href=\"http:\/\/fnbr.es\/1ta\" target=\"_blank\">http:\/\/fnbr.es\/1ta<\/a><\/p>\n<p>Fotografia: Todos os direitos reservados<\/p>\n","protected":false},"excerpt":{"rendered":"<p>Relat\u00f3rio revela que a dem\u00eancia afeta com maior frequ\u00eancia \u00e0s mulheres e em menor medida aos homens.<\/p>\n","protected":false},"author":16,"featured_media":8413,"comment_status":"closed","ping_status":"closed","sticky":false,"template":"","format":"standard","meta":{"jetpack_post_was_ever_published":false,"_jetpack_newsletter_access":"","_jetpack_newsletter_tier_id":0,"footnotes":"","jetpack_publicize_message":"","jetpack_is_tweetstorm":false,"jetpack_publicize_feature_enabled":true,"jetpack_social_post_already_shared":false,"jetpack_social_options":{"image_generator_settings":{"template":"highway","enabled":false}}},"categories":[1],"tags":[228,733,285,408,100,248,267,641,255,113],"jetpack_publicize_connections":[],"yoast_head":"<!-- This site is optimized with the Yoast SEO plugin v21.7 - https:\/\/yoast.com\/wordpress\/plugins\/seo\/ -->\n<title>Dem\u00eancia tem maior impacto entre as mulheres<\/title>\n<meta name=\"description\" content=\"Relat\u00f3rio revela que a dem\u00eancia afeta com maior frequ\u00eancia \u00e0s mulheres e em menor medida aos homens.\" \/>\n<meta name=\"robots\" content=\"index, follow, max-snippet:-1, max-image-preview:large, max-video-preview:-1\" \/>\n<link rel=\"canonical\" href=\"https:\/\/blogs.funiber.org\/pt\/gerontologia\/2015\/11\/16\/demencia-tem-maior-impacto-entre-as-mulheres\" \/>\n<meta property=\"og:locale\" content=\"pt_BR\" \/>\n<meta property=\"og:type\" content=\"article\" \/>\n<meta property=\"og:title\" content=\"Dem\u00eancia tem maior impacto entre as mulheres\" \/>\n<meta property=\"og:description\" content=\"Relat\u00f3rio revela que a dem\u00eancia afeta com maior frequ\u00eancia \u00e0s mulheres e em menor medida aos homens.\" \/>\n<meta property=\"og:url\" content=\"https:\/\/blogs.funiber.org\/pt\/gerontologia\/2015\/11\/16\/demencia-tem-maior-impacto-entre-as-mulheres\" \/>\n<meta property=\"og:site_name\" content=\"FuniBlogs - FUNIBER\" \/>\n<meta property=\"article:publisher\" content=\"https:\/\/www.facebook.com\/funiber\" \/>\n<meta property=\"article:published_time\" content=\"2015-11-16T10:52:40+00:00\" \/>\n<meta property=\"og:image\" content=\"https:\/\/blogs.funiber.org\/pt\/wp-content\/uploads\/2015\/11\/funiber-alzheimer-2.jpg\" \/>\n\t<meta property=\"og:image:width\" content=\"640\" \/>\n\t<meta property=\"og:image:height\" content=\"448\" \/>\n\t<meta property=\"og:image:type\" content=\"image\/jpeg\" \/>\n<meta name=\"author\" content=\"Mariana Dornelles\" \/>\n<meta name=\"twitter:card\" content=\"summary_large_image\" \/>\n<meta name=\"twitter:creator\" content=\"@FUNIBER\" \/>\n<meta name=\"twitter:site\" content=\"@FUNIBER\" \/>\n<meta name=\"twitter:label1\" content=\"Escrito por\" \/>\n\t<meta name=\"twitter:data1\" content=\"Mariana Dornelles\" \/>\n\t<meta name=\"twitter:label2\" content=\"Est. tempo de leitura\" \/>\n\t<meta name=\"twitter:data2\" content=\"2 minutos\" \/>\n<script type=\"application\/ld+json\" class=\"yoast-schema-graph\">{\"@context\":\"https:\/\/schema.org\",\"@graph\":[{\"@type\":\"Article\",\"@id\":\"https:\/\/blogs.funiber.org\/pt\/gerontologia\/2015\/11\/16\/demencia-tem-maior-impacto-entre-as-mulheres#article\",\"isPartOf\":{\"@id\":\"https:\/\/blogs.funiber.org\/pt\/gerontologia\/2015\/11\/16\/demencia-tem-maior-impacto-entre-as-mulheres\"},\"author\":{\"name\":\"Mariana Dornelles\",\"@id\":\"https:\/\/blogs.funiber.org\/pt\/#\/schema\/person\/cebedd0aef5286687ce641276452c76d\"},\"headline\":\"Dem\u00eancia tem maior impacto entre as mulheres\",\"datePublished\":\"2015-11-16T10:52:40+00:00\",\"dateModified\":\"2015-11-16T10:52:40+00:00\",\"mainEntityOfPage\":{\"@id\":\"https:\/\/blogs.funiber.org\/pt\/gerontologia\/2015\/11\/16\/demencia-tem-maior-impacto-entre-as-mulheres\"},\"wordCount\":458,\"publisher\":{\"@id\":\"https:\/\/blogs.funiber.org\/pt\/#organization\"},\"keywords\":[\"Cuidados\",\"Dem\u00eancia\",\"Educa\u00e7\u00e3o\",\"Educa\u00e7\u00e3o a Dist\u00e2ncia\",\"Envelhecimento\",\"Funiber\",\"Idosos\",\"Opini\u00e3o FUNIBER\",\"Opini\u00f5es Funiber\",\"Sa\u00fade\"],\"articleSection\":[\"Gerontologia\"],\"inLanguage\":\"pt-BR\"},{\"@type\":\"WebPage\",\"@id\":\"https:\/\/blogs.funiber.org\/pt\/gerontologia\/2015\/11\/16\/demencia-tem-maior-impacto-entre-as-mulheres\",\"url\":\"https:\/\/blogs.funiber.org\/pt\/gerontologia\/2015\/11\/16\/demencia-tem-maior-impacto-entre-as-mulheres\",\"name\":\"Dem\u00eancia tem maior impacto entre as mulheres\",\"isPartOf\":{\"@id\":\"https:\/\/blogs.funiber.org\/pt\/#website\"},\"datePublished\":\"2015-11-16T10:52:40+00:00\",\"dateModified\":\"2015-11-16T10:52:40+00:00\",\"description\":\"Relat\u00f3rio revela que a dem\u00eancia afeta com maior frequ\u00eancia \u00e0s mulheres e em menor medida aos homens.\",\"breadcrumb\":{\"@id\":\"https:\/\/blogs.funiber.org\/pt\/gerontologia\/2015\/11\/16\/demencia-tem-maior-impacto-entre-as-mulheres#breadcrumb\"},\"inLanguage\":\"pt-BR\",\"potentialAction\":[{\"@type\":\"ReadAction\",\"target\":[\"https:\/\/blogs.funiber.org\/pt\/gerontologia\/2015\/11\/16\/demencia-tem-maior-impacto-entre-as-mulheres\"]}]},{\"@type\":\"BreadcrumbList\",\"@id\":\"https:\/\/blogs.funiber.org\/pt\/gerontologia\/2015\/11\/16\/demencia-tem-maior-impacto-entre-as-mulheres#breadcrumb\",\"itemListElement\":[{\"@type\":\"ListItem\",\"position\":1,\"name\":\"In\u00edcio\",\"item\":\"https:\/\/blogs.funiber.org\/pt\"},{\"@type\":\"ListItem\",\"position\":2,\"name\":\"Dem\u00eancia tem maior impacto entre as mulheres\"}]},{\"@type\":\"WebSite\",\"@id\":\"https:\/\/blogs.funiber.org\/pt\/#website\",\"url\":\"https:\/\/blogs.funiber.org\/pt\/\",\"name\":\"FuniBlogs - FUNIBER\",\"description\":\"\",\"publisher\":{\"@id\":\"https:\/\/blogs.funiber.org\/pt\/#organization\"},\"potentialAction\":[{\"@type\":\"SearchAction\",\"target\":{\"@type\":\"EntryPoint\",\"urlTemplate\":\"https:\/\/blogs.funiber.org\/pt\/?s={search_term_string}\"},\"query-input\":\"required name=search_term_string\"}],\"inLanguage\":\"pt-BR\"},{\"@type\":\"Organization\",\"@id\":\"https:\/\/blogs.funiber.org\/pt\/#organization\",\"name\":\"FuniBlogs - FUNIBER\",\"url\":\"https:\/\/blogs.funiber.org\/pt\/\",\"logo\":{\"@type\":\"ImageObject\",\"inLanguage\":\"pt-BR\",\"@id\":\"https:\/\/blogs.funiber.org\/pt\/#\/schema\/logo\/image\/\",\"url\":\"https:\/\/www.funiber.blog\/pt\/wp-content\/uploads\/2022\/02\/logo-funiber-pt-br-v-dos.svg\",\"contentUrl\":\"https:\/\/www.funiber.blog\/pt\/wp-content\/uploads\/2022\/02\/logo-funiber-pt-br-v-dos.svg\",\"width\":1,\"height\":1,\"caption\":\"FuniBlogs - FUNIBER\"},\"image\":{\"@id\":\"https:\/\/blogs.funiber.org\/pt\/#\/schema\/logo\/image\/\"},\"sameAs\":[\"https:\/\/www.facebook.com\/funiber\",\"https:\/\/twitter.com\/FUNIBER\",\"https:\/\/www.instagram.com\/funiber_becas\",\"https:\/\/www.youtube.com\/user\/funiber\",\"https:\/\/www.linkedin.com\/company\/funiber\"]},{\"@type\":\"Person\",\"@id\":\"https:\/\/blogs.funiber.org\/pt\/#\/schema\/person\/cebedd0aef5286687ce641276452c76d\",\"name\":\"Mariana Dornelles\",\"image\":{\"@type\":\"ImageObject\",\"inLanguage\":\"pt-BR\",\"@id\":\"https:\/\/blogs.funiber.org\/pt\/#\/schema\/person\/image\/\",\"url\":\"https:\/\/secure.gravatar.com\/avatar\/2fbaa65ea908e82807b005c351db3c9d?s=96&d=mm&r=g\",\"contentUrl\":\"https:\/\/secure.gravatar.com\/avatar\/2fbaa65ea908e82807b005c351db3c9d?s=96&d=mm&r=g\",\"caption\":\"Mariana Dornelles\"},\"url\":\"https:\/\/www.funiber.blog\/pt\/author\/mariana-dornelles\"}]}<\/script>\n<!-- \/ Yoast SEO plugin. -->","yoast_head_json":{"title":"Dem\u00eancia tem maior impacto entre as mulheres","description":"Relat\u00f3rio revela que a dem\u00eancia afeta com maior frequ\u00eancia \u00e0s mulheres e em menor medida aos homens.","robots":{"index":"index","follow":"follow","max-snippet":"max-snippet:-1","max-image-preview":"max-image-preview:large","max-video-preview":"max-video-preview:-1"},"canonical":"https:\/\/blogs.funiber.org\/pt\/gerontologia\/2015\/11\/16\/demencia-tem-maior-impacto-entre-as-mulheres","og_locale":"pt_BR","og_type":"article","og_title":"Dem\u00eancia tem maior impacto entre as mulheres","og_description":"Relat\u00f3rio revela que a dem\u00eancia afeta com maior frequ\u00eancia \u00e0s mulheres e em menor medida aos homens.","og_url":"https:\/\/blogs.funiber.org\/pt\/gerontologia\/2015\/11\/16\/demencia-tem-maior-impacto-entre-as-mulheres","og_site_name":"FuniBlogs - FUNIBER","article_publisher":"https:\/\/www.facebook.com\/funiber","article_published_time":"2015-11-16T10:52:40+00:00","og_image":[{"width":640,"height":448,"url":"https:\/\/blogs.funiber.org\/pt\/wp-content\/uploads\/2015\/11\/funiber-alzheimer-2.jpg","type":"image\/jpeg"}],"author":"Mariana Dornelles","twitter_card":"summary_large_image","twitter_creator":"@FUNIBER","twitter_site":"@FUNIBER","twitter_misc":{"Escrito por":"Mariana Dornelles","Est. tempo de leitura":"2 minutos"},"schema":{"@context":"https:\/\/schema.org","@graph":[{"@type":"Article","@id":"https:\/\/blogs.funiber.org\/pt\/gerontologia\/2015\/11\/16\/demencia-tem-maior-impacto-entre-as-mulheres#article","isPartOf":{"@id":"https:\/\/blogs.funiber.org\/pt\/gerontologia\/2015\/11\/16\/demencia-tem-maior-impacto-entre-as-mulheres"},"author":{"name":"Mariana Dornelles","@id":"https:\/\/blogs.funiber.org\/pt\/#\/schema\/person\/cebedd0aef5286687ce641276452c76d"},"headline":"Dem\u00eancia tem maior impacto entre as mulheres","datePublished":"2015-11-16T10:52:40+00:00","dateModified":"2015-11-16T10:52:40+00:00","mainEntityOfPage":{"@id":"https:\/\/blogs.funiber.org\/pt\/gerontologia\/2015\/11\/16\/demencia-tem-maior-impacto-entre-as-mulheres"},"wordCount":458,"publisher":{"@id":"https:\/\/blogs.funiber.org\/pt\/#organization"},"keywords":["Cuidados","Dem\u00eancia","Educa\u00e7\u00e3o","Educa\u00e7\u00e3o a Dist\u00e2ncia","Envelhecimento","Funiber","Idosos","Opini\u00e3o FUNIBER","Opini\u00f5es Funiber","Sa\u00fade"],"articleSection":["Gerontologia"],"inLanguage":"pt-BR"},{"@type":"WebPage","@id":"https:\/\/blogs.funiber.org\/pt\/gerontologia\/2015\/11\/16\/demencia-tem-maior-impacto-entre-as-mulheres","url":"https:\/\/blogs.funiber.org\/pt\/gerontologia\/2015\/11\/16\/demencia-tem-maior-impacto-entre-as-mulheres","name":"Dem\u00eancia tem maior impacto entre as mulheres","isPartOf":{"@id":"https:\/\/blogs.funiber.org\/pt\/#website"},"datePublished":"2015-11-16T10:52:40+00:00","dateModified":"2015-11-16T10:52:40+00:00","description":"Relat\u00f3rio revela que a dem\u00eancia afeta com maior frequ\u00eancia \u00e0s mulheres e em menor medida aos homens.","breadcrumb":{"@id":"https:\/\/blogs.funiber.org\/pt\/gerontologia\/2015\/11\/16\/demencia-tem-maior-impacto-entre-as-mulheres#breadcrumb"},"inLanguage":"pt-BR","potentialAction":[{"@type":"ReadAction","target":["https:\/\/blogs.funiber.org\/pt\/gerontologia\/2015\/11\/16\/demencia-tem-maior-impacto-entre-as-mulheres"]}]},{"@type":"BreadcrumbList","@id":"https:\/\/blogs.funiber.org\/pt\/gerontologia\/2015\/11\/16\/demencia-tem-maior-impacto-entre-as-mulheres#breadcrumb","itemListElement":[{"@type":"ListItem","position":1,"name":"In\u00edcio","item":"https:\/\/blogs.funiber.org\/pt"},{"@type":"ListItem","position":2,"name":"Dem\u00eancia tem maior impacto entre as mulheres"}]},{"@type":"WebSite","@id":"https:\/\/blogs.funiber.org\/pt\/#website","url":"https:\/\/blogs.funiber.org\/pt\/","name":"FuniBlogs - FUNIBER","description":"","publisher":{"@id":"https:\/\/blogs.funiber.org\/pt\/#organization"},"potentialAction":[{"@type":"SearchAction","target":{"@type":"EntryPoint","urlTemplate":"https:\/\/blogs.funiber.org\/pt\/?s={search_term_string}"},"query-input":"required name=search_term_string"}],"inLanguage":"pt-BR"},{"@type":"Organization","@id":"https:\/\/blogs.funiber.org\/pt\/#organization","name":"FuniBlogs - FUNIBER","url":"https:\/\/blogs.funiber.org\/pt\/","logo":{"@type":"ImageObject","inLanguage":"pt-BR","@id":"https:\/\/blogs.funiber.org\/pt\/#\/schema\/logo\/image\/","url":"https:\/\/www.funiber.blog\/pt\/wp-content\/uploads\/2022\/02\/logo-funiber-pt-br-v-dos.svg","contentUrl":"https:\/\/www.funiber.blog\/pt\/wp-content\/uploads\/2022\/02\/logo-funiber-pt-br-v-dos.svg","width":1,"height":1,"caption":"FuniBlogs - FUNIBER"},"image":{"@id":"https:\/\/blogs.funiber.org\/pt\/#\/schema\/logo\/image\/"},"sameAs":["https:\/\/www.facebook.com\/funiber","https:\/\/twitter.com\/FUNIBER","https:\/\/www.instagram.com\/funiber_becas","https:\/\/www.youtube.com\/user\/funiber","https:\/\/www.linkedin.com\/company\/funiber"]},{"@type":"Person","@id":"https:\/\/blogs.funiber.org\/pt\/#\/schema\/person\/cebedd0aef5286687ce641276452c76d","name":"Mariana Dornelles","image":{"@type":"ImageObject","inLanguage":"pt-BR","@id":"https:\/\/blogs.funiber.org\/pt\/#\/schema\/person\/image\/","url":"https:\/\/secure.gravatar.com\/avatar\/2fbaa65ea908e82807b005c351db3c9d?s=96&d=mm&r=g","contentUrl":"https:\/\/secure.gravatar.com\/avatar\/2fbaa65ea908e82807b005c351db3c9d?s=96&d=mm&r=g","caption":"Mariana Dornelles"},"url":"https:\/\/www.funiber.blog\/pt\/author\/mariana-dornelles"}]}},"jetpack_featured_media_url":"https:\/\/www.funiber.blog\/pt\/wp-content\/uploads\/2015\/11\/funiber-alzheimer-2.jpg","jetpack_shortlink":"https:\/\/wp.me\/p7ee1t-2bD","jetpack_sharing_enabled":true,"_links":{"self":[{"href":"https:\/\/www.funiber.blog\/pt\/wp-json\/wp\/v2\/posts\/8409"}],"collection":[{"href":"https:\/\/www.funiber.blog\/pt\/wp-json\/wp\/v2\/posts"}],"about":[{"href":"https:\/\/www.funiber.blog\/pt\/wp-json\/wp\/v2\/types\/post"}],"author":[{"embeddable":true,"href":"https:\/\/www.funiber.blog\/pt\/wp-json\/wp\/v2\/users\/16"}],"replies":[{"embeddable":true,"href":"https:\/\/www.funiber.blog\/pt\/wp-json\/wp\/v2\/comments?post=8409"}],"version-history":[{"count":4,"href":"https:\/\/www.funiber.blog\/pt\/wp-json\/wp\/v2\/posts\/8409\/revisions"}],"predecessor-version":[{"id":8417,"href":"https:\/\/www.funiber.blog\/pt\/wp-json\/wp\/v2\/posts\/8409\/revisions\/8417"}],"wp:featuredmedia":[{"embeddable":true,"href":"https:\/\/www.funiber.blog\/pt\/wp-json\/wp\/v2\/media\/8413"}],"wp:attachment":[{"href":"https:\/\/www.funiber.blog\/pt\/wp-json\/wp\/v2\/media?parent=8409"}],"wp:term":[{"taxonomy":"category","embeddable":true,"href":"https:\/\/www.funiber.blog\/pt\/wp-json\/wp\/v2\/categories?post=8409"},{"taxonomy":"post_tag","embeddable":true,"href":"https:\/\/www.funiber.blog\/pt\/wp-json\/wp\/v2\/tags?post=8409"}],"curies":[{"name":"wp","href":"https:\/\/api.w.org\/{rel}","templated":true}]}}