{"id":8438,"date":"2015-11-18T08:07:40","date_gmt":"2015-11-18T08:07:40","guid":{"rendered":"http:\/\/blogs.funiber.org\/pt\/?p=8438"},"modified":"2015-11-18T08:07:40","modified_gmt":"2015-11-18T08:07:40","slug":"os-consumidores-da-terceira-idade-no-brasil","status":"publish","type":"post","link":"https:\/\/www.funiber.blog\/pt\/gerontologia\/2015\/11\/18\/os-consumidores-da-terceira-idade-no-brasil","title":{"rendered":"Os consumidores da terceira idade no Brasil"},"content":{"rendered":"<h2>Os idosos s\u00e3o um segmento de mercado que deve ser atendido pelas empresas<\/h2>\n<p><!--more--><\/p>\n<p>O segmento de mercado de pessoas da terceira idade est\u00e1 crescendo muito r\u00e1pido mundialmente, e o Brasil n\u00e3o \u00e9 exce\u00e7\u00e3o. As empresas brasileiras devem considerar as pessoas maiores de 60 anos, pois \u00e9 um segmento que atualmente est\u00e1 composto por 24,8 milh\u00f5es de pessoas; e, ademais, estima-se que a popula\u00e7\u00e3o idosa alcan\u00e7ar\u00e1 os 35 milh\u00f5es de pessoas no ano 2025.<\/p>\n<p>As pessoas da terceira idade do Brasil s\u00e3o distintas, a maioria tem independ\u00eancia financeira (49% procedente da aposentadoria), s\u00e3o pessoas que desejam aproveitar a vida e manifestam que desfrutam de momentos consumindo em lugar de economizar. De acordo com uma pesquisa realizada pelo SPC o Brasil, 4 de cada 10 pessoas decidiram gastar mais na compra de produtos que gostam. Mas, ao parecer, as empresas n\u00e3o se adaptaram para atender a este segmento de mercado: <strong>45% das pessoas da terceira idade indicaram que tinham dificuldades para encontrar os produtos adequados para sua idade, <\/strong>principalmente o segmento de 70 a 75 anos.<\/p>\n<p>O segmento de pessoas idosas \u00e9 atrativo para os neg\u00f3cios, considerando que no Brasil <strong>66% de pessoas da terceira idade s\u00e3o respons\u00e1veis por manter seu lar <\/strong>e t\u00eam um ingresso m\u00e9dio de R$1.413, valor que \u00e9 razo\u00e1vel para a realidade do Brasil, e o fato que cada vez mais pessoas idosas decidem permanecer mais tempo no mercado trabalhista, os avan\u00e7os m\u00e9dicos e a biocosm\u00e9tica ajudam a prolongar seu tempo de vida. Talvez alguns deles tenham problemas com a vis\u00e3o, audi\u00e7\u00e3o ou mem\u00f3ria, mas estes s\u00e3o problemas pelos que n\u00e3o desejam condescend\u00eancia.<\/p>\n<p>As pessoas na terceira idade s\u00e3o um grupo que requer maior n\u00edvel de aten\u00e7\u00e3o para que as empresas compreendam este grupo da popula\u00e7\u00e3o. Classificou-se aos idosos em seis grupos distintos:<\/p>\n<p>\u2013 <strong>Os <em>Bon Vivant<\/em>:<\/strong> pessoas na terceira idade que vivem felizes e realizadas, procuram constantemente novas atividades, afei\u00e7\u00f5es e amigos, t\u00eam uma atitude jovial, fazem esporte, viajam muito e t\u00eam uma vida social ativa.<\/p>\n<p>\u2013 <strong>Os nost\u00e1lgicos:<\/strong> s\u00e3o pessoas resistentes \u00e0s mudan\u00e7as, n\u00e3o t\u00eam muitos ganhos, sentem-se v\u00edtimas da sociedade, d\u00e3o mais valor ao tradicional e preferem as marcas conhecidas ou confi\u00e1veis.<\/p>\n<p>\u2013 <strong>Aqui e agora:<\/strong> S\u00e3o um pouco impulsivos, procuram sua satisfa\u00e7\u00e3o imediata, tratam de viver o momento como se a velhice estivesse longe, gostam de trabalhar, inclusive depois da aposentadoria. D\u00e3o valor \u00e0s marcas socialmente respons\u00e1veis.<\/p>\n<p>\u2013 <strong>Temerosos<\/strong>: s\u00e3o inseguros de seu futuro, negam-se a envelhecer, mant\u00eam-se ocupados com a rotina, tentam economizar e procuram ofertas sempre.<\/p>\n<p>\u2013 <strong>Soci\u00e1vel:<\/strong> Pessoas idosas que gostam de fazer amigos e pertencer a diversos grupos sociais, tratam de manter-se ao dia com os meios e valorizam as rela\u00e7\u00f5es.<\/p>\n<p>\u2013 <strong>Frustrados<\/strong>: S\u00e3o trabalhadores e comprometidos, que tiveram oportunidades, mas sentem suas vidas como um livro em branco, passam o tempo perguntando-se como teria sido sua vida com um tipo de decis\u00e3o distinta. Procuram ofertas e programas de treinamento.<\/p>\n<p>Para atender a estes segmentos de mercado devem-se utilizar diferentes estrat\u00e9gias de mercado e promo\u00e7\u00e3o. Alguns segmentos, como o <em>Bon Vivant<\/em>, ter\u00e3o mais afinidade com a publicidade digital, enquanto os frustrados ter\u00e3o maior prefer\u00eancia pela televis\u00e3o.<\/p>\n<p>Deve-se considerar o segmento da terceira idade com todas suas particularidades de consumo. Os estudantes da \u00e1rea de<a href=\"http:\/\/www.funiber.org.br\/areas-de-conhecimento\/saude-e-nutricao\/gerontologia\/\" target=\"_blank\">\u00a0<strong>Gerontologia<\/strong><\/a><strong>\u00a0<\/strong>da\u00a0<strong><a href=\"http:\/\/www.funiber.org.br\/\" target=\"_blank\">FUNIBER<\/a><\/strong>\u00a0t\u00eam a capacidade de planejar servi\u00e7os que brindem uma melhor qualidade de vida para as pessoas da terceira idade.<\/p>\n<p>Fonte:\u00a0<a href=\"http:\/\/fnbr.es\/1u0\" target=\"_blank\">http:\/\/fnbr.es\/1u0<\/a><\/p>\n<p>Foto: Todos os direitos reservados iStock<\/p>\n","protected":false},"excerpt":{"rendered":"<p>Os idosos s\u00e3o um segmento de mercado que deve ser atendido pelas empresas<\/p>\n","protected":false},"author":16,"featured_media":8468,"comment_status":"closed","ping_status":"closed","sticky":false,"template":"","format":"standard","meta":{"jetpack_post_was_ever_published":false,"_jetpack_newsletter_access":"","_jetpack_newsletter_tier_id":0,"footnotes":"","jetpack_publicize_message":"","jetpack_is_tweetstorm":false,"jetpack_publicize_feature_enabled":true,"jetpack_social_post_already_shared":false,"jetpack_social_options":{"image_generator_settings":{"template":"highway","enabled":false}}},"categories":[1],"tags":[422,285,408,248,267,363,641,255,217],"jetpack_publicize_connections":[],"yoast_head":"<!-- This site is optimized with the Yoast SEO plugin v21.7 - https:\/\/yoast.com\/wordpress\/plugins\/seo\/ -->\n<title>Os consumidores da terceira idade no Brasil<\/title>\n<meta name=\"description\" content=\"Cresce o mercado consumidor da terceira idade e as empresas devem se preparar para atend\u00ea-lo.\" \/>\n<meta name=\"robots\" content=\"noindex, nofollow\" \/>\n<meta property=\"og:locale\" content=\"pt_BR\" \/>\n<meta property=\"og:type\" content=\"article\" \/>\n<meta property=\"og:title\" content=\"Os consumidores da terceira idade no Brasil\" \/>\n<meta property=\"og:description\" content=\"Cresce o mercado consumidor da terceira idade e as empresas devem se preparar para atend\u00ea-lo.\" \/>\n<meta property=\"og:url\" content=\"https:\/\/blogs.funiber.org\/pt\/gerontologia\/2015\/11\/18\/os-consumidores-da-terceira-idade-no-brasil\" \/>\n<meta property=\"og:site_name\" content=\"FuniBlogs - FUNIBER\" \/>\n<meta property=\"article:publisher\" content=\"https:\/\/www.facebook.com\/funiber\" \/>\n<meta property=\"article:published_time\" content=\"2015-11-18T08:07:40+00:00\" \/>\n<meta property=\"og:image\" content=\"https:\/\/blogs.funiber.org\/pt\/wp-content\/uploads\/2015\/11\/funiber-idosos-compras.jpg\" \/>\n\t<meta property=\"og:image:width\" content=\"570\" \/>\n\t<meta property=\"og:image:height\" content=\"380\" \/>\n\t<meta property=\"og:image:type\" content=\"image\/jpeg\" \/>\n<meta name=\"author\" content=\"Mariana Dornelles\" \/>\n<meta name=\"twitter:card\" content=\"summary_large_image\" \/>\n<meta name=\"twitter:creator\" content=\"@FUNIBER\" \/>\n<meta name=\"twitter:site\" content=\"@FUNIBER\" \/>\n<meta name=\"twitter:label1\" content=\"Escrito por\" \/>\n\t<meta name=\"twitter:data1\" content=\"Mariana Dornelles\" \/>\n\t<meta name=\"twitter:label2\" content=\"Est. tempo de leitura\" \/>\n\t<meta name=\"twitter:data2\" content=\"3 minutos\" \/>\n<script type=\"application\/ld+json\" class=\"yoast-schema-graph\">{\"@context\":\"https:\/\/schema.org\",\"@graph\":[{\"@type\":\"Article\",\"@id\":\"https:\/\/blogs.funiber.org\/pt\/gerontologia\/2015\/11\/18\/os-consumidores-da-terceira-idade-no-brasil#article\",\"isPartOf\":{\"@id\":\"https:\/\/blogs.funiber.org\/pt\/gerontologia\/2015\/11\/18\/os-consumidores-da-terceira-idade-no-brasil\"},\"author\":{\"name\":\"Mariana Dornelles\",\"@id\":\"https:\/\/blogs.funiber.org\/pt\/#\/schema\/person\/cebedd0aef5286687ce641276452c76d\"},\"headline\":\"Os consumidores da terceira idade no Brasil\",\"datePublished\":\"2015-11-18T08:07:40+00:00\",\"dateModified\":\"2015-11-18T08:07:40+00:00\",\"mainEntityOfPage\":{\"@id\":\"https:\/\/blogs.funiber.org\/pt\/gerontologia\/2015\/11\/18\/os-consumidores-da-terceira-idade-no-brasil\"},\"wordCount\":613,\"publisher\":{\"@id\":\"https:\/\/blogs.funiber.org\/pt\/#organization\"},\"keywords\":[\"Consumo\",\"Educa\u00e7\u00e3o\",\"Educa\u00e7\u00e3o a Dist\u00e2ncia\",\"Funiber\",\"Idosos\",\"Mercado\",\"Opini\u00e3o FUNIBER\",\"Opini\u00f5es Funiber\",\"Terceira idade\"],\"articleSection\":[\"Gerontologia\"],\"inLanguage\":\"pt-BR\"},{\"@type\":\"WebPage\",\"@id\":\"https:\/\/blogs.funiber.org\/pt\/gerontologia\/2015\/11\/18\/os-consumidores-da-terceira-idade-no-brasil\",\"url\":\"https:\/\/blogs.funiber.org\/pt\/gerontologia\/2015\/11\/18\/os-consumidores-da-terceira-idade-no-brasil\",\"name\":\"Os consumidores da terceira idade no Brasil\",\"isPartOf\":{\"@id\":\"https:\/\/blogs.funiber.org\/pt\/#website\"},\"datePublished\":\"2015-11-18T08:07:40+00:00\",\"dateModified\":\"2015-11-18T08:07:40+00:00\",\"description\":\"Cresce o mercado consumidor da terceira idade e as empresas devem se preparar para atend\u00ea-lo.\",\"breadcrumb\":{\"@id\":\"https:\/\/blogs.funiber.org\/pt\/gerontologia\/2015\/11\/18\/os-consumidores-da-terceira-idade-no-brasil#breadcrumb\"},\"inLanguage\":\"pt-BR\",\"potentialAction\":[{\"@type\":\"ReadAction\",\"target\":[\"https:\/\/blogs.funiber.org\/pt\/gerontologia\/2015\/11\/18\/os-consumidores-da-terceira-idade-no-brasil\"]}]},{\"@type\":\"BreadcrumbList\",\"@id\":\"https:\/\/blogs.funiber.org\/pt\/gerontologia\/2015\/11\/18\/os-consumidores-da-terceira-idade-no-brasil#breadcrumb\",\"itemListElement\":[{\"@type\":\"ListItem\",\"position\":1,\"name\":\"In\u00edcio\",\"item\":\"https:\/\/blogs.funiber.org\/pt\"},{\"@type\":\"ListItem\",\"position\":2,\"name\":\"Os consumidores da terceira idade no Brasil\"}]},{\"@type\":\"WebSite\",\"@id\":\"https:\/\/blogs.funiber.org\/pt\/#website\",\"url\":\"https:\/\/blogs.funiber.org\/pt\/\",\"name\":\"FuniBlogs - FUNIBER\",\"description\":\"\",\"publisher\":{\"@id\":\"https:\/\/blogs.funiber.org\/pt\/#organization\"},\"potentialAction\":[{\"@type\":\"SearchAction\",\"target\":{\"@type\":\"EntryPoint\",\"urlTemplate\":\"https:\/\/blogs.funiber.org\/pt\/?s={search_term_string}\"},\"query-input\":\"required name=search_term_string\"}],\"inLanguage\":\"pt-BR\"},{\"@type\":\"Organization\",\"@id\":\"https:\/\/blogs.funiber.org\/pt\/#organization\",\"name\":\"FuniBlogs - FUNIBER\",\"url\":\"https:\/\/blogs.funiber.org\/pt\/\",\"logo\":{\"@type\":\"ImageObject\",\"inLanguage\":\"pt-BR\",\"@id\":\"https:\/\/blogs.funiber.org\/pt\/#\/schema\/logo\/image\/\",\"url\":\"https:\/\/www.funiber.blog\/pt\/wp-content\/uploads\/2022\/02\/logo-funiber-pt-br-v-dos.svg\",\"contentUrl\":\"https:\/\/www.funiber.blog\/pt\/wp-content\/uploads\/2022\/02\/logo-funiber-pt-br-v-dos.svg\",\"width\":1,\"height\":1,\"caption\":\"FuniBlogs - FUNIBER\"},\"image\":{\"@id\":\"https:\/\/blogs.funiber.org\/pt\/#\/schema\/logo\/image\/\"},\"sameAs\":[\"https:\/\/www.facebook.com\/funiber\",\"https:\/\/twitter.com\/FUNIBER\",\"https:\/\/www.instagram.com\/funiber_becas\",\"https:\/\/www.youtube.com\/user\/funiber\",\"https:\/\/www.linkedin.com\/company\/funiber\"]},{\"@type\":\"Person\",\"@id\":\"https:\/\/blogs.funiber.org\/pt\/#\/schema\/person\/cebedd0aef5286687ce641276452c76d\",\"name\":\"Mariana Dornelles\",\"image\":{\"@type\":\"ImageObject\",\"inLanguage\":\"pt-BR\",\"@id\":\"https:\/\/blogs.funiber.org\/pt\/#\/schema\/person\/image\/\",\"url\":\"https:\/\/secure.gravatar.com\/avatar\/2fbaa65ea908e82807b005c351db3c9d?s=96&d=mm&r=g\",\"contentUrl\":\"https:\/\/secure.gravatar.com\/avatar\/2fbaa65ea908e82807b005c351db3c9d?s=96&d=mm&r=g\",\"caption\":\"Mariana Dornelles\"},\"url\":\"https:\/\/www.funiber.blog\/pt\/author\/mariana-dornelles\"}]}<\/script>\n<!-- \/ Yoast SEO plugin. -->","yoast_head_json":{"title":"Os consumidores da terceira idade no Brasil","description":"Cresce o mercado consumidor da terceira idade e as empresas devem se preparar para atend\u00ea-lo.","robots":{"index":"noindex","follow":"nofollow"},"og_locale":"pt_BR","og_type":"article","og_title":"Os consumidores da terceira idade no Brasil","og_description":"Cresce o mercado consumidor da terceira idade e as empresas devem se preparar para atend\u00ea-lo.","og_url":"https:\/\/blogs.funiber.org\/pt\/gerontologia\/2015\/11\/18\/os-consumidores-da-terceira-idade-no-brasil","og_site_name":"FuniBlogs - FUNIBER","article_publisher":"https:\/\/www.facebook.com\/funiber","article_published_time":"2015-11-18T08:07:40+00:00","og_image":[{"width":570,"height":380,"url":"https:\/\/blogs.funiber.org\/pt\/wp-content\/uploads\/2015\/11\/funiber-idosos-compras.jpg","type":"image\/jpeg"}],"author":"Mariana Dornelles","twitter_card":"summary_large_image","twitter_creator":"@FUNIBER","twitter_site":"@FUNIBER","twitter_misc":{"Escrito por":"Mariana Dornelles","Est. tempo de leitura":"3 minutos"},"schema":{"@context":"https:\/\/schema.org","@graph":[{"@type":"Article","@id":"https:\/\/blogs.funiber.org\/pt\/gerontologia\/2015\/11\/18\/os-consumidores-da-terceira-idade-no-brasil#article","isPartOf":{"@id":"https:\/\/blogs.funiber.org\/pt\/gerontologia\/2015\/11\/18\/os-consumidores-da-terceira-idade-no-brasil"},"author":{"name":"Mariana Dornelles","@id":"https:\/\/blogs.funiber.org\/pt\/#\/schema\/person\/cebedd0aef5286687ce641276452c76d"},"headline":"Os consumidores da terceira idade no Brasil","datePublished":"2015-11-18T08:07:40+00:00","dateModified":"2015-11-18T08:07:40+00:00","mainEntityOfPage":{"@id":"https:\/\/blogs.funiber.org\/pt\/gerontologia\/2015\/11\/18\/os-consumidores-da-terceira-idade-no-brasil"},"wordCount":613,"publisher":{"@id":"https:\/\/blogs.funiber.org\/pt\/#organization"},"keywords":["Consumo","Educa\u00e7\u00e3o","Educa\u00e7\u00e3o a Dist\u00e2ncia","Funiber","Idosos","Mercado","Opini\u00e3o FUNIBER","Opini\u00f5es Funiber","Terceira idade"],"articleSection":["Gerontologia"],"inLanguage":"pt-BR"},{"@type":"WebPage","@id":"https:\/\/blogs.funiber.org\/pt\/gerontologia\/2015\/11\/18\/os-consumidores-da-terceira-idade-no-brasil","url":"https:\/\/blogs.funiber.org\/pt\/gerontologia\/2015\/11\/18\/os-consumidores-da-terceira-idade-no-brasil","name":"Os consumidores da terceira idade no Brasil","isPartOf":{"@id":"https:\/\/blogs.funiber.org\/pt\/#website"},"datePublished":"2015-11-18T08:07:40+00:00","dateModified":"2015-11-18T08:07:40+00:00","description":"Cresce o mercado consumidor da terceira idade e as empresas devem se preparar para atend\u00ea-lo.","breadcrumb":{"@id":"https:\/\/blogs.funiber.org\/pt\/gerontologia\/2015\/11\/18\/os-consumidores-da-terceira-idade-no-brasil#breadcrumb"},"inLanguage":"pt-BR","potentialAction":[{"@type":"ReadAction","target":["https:\/\/blogs.funiber.org\/pt\/gerontologia\/2015\/11\/18\/os-consumidores-da-terceira-idade-no-brasil"]}]},{"@type":"BreadcrumbList","@id":"https:\/\/blogs.funiber.org\/pt\/gerontologia\/2015\/11\/18\/os-consumidores-da-terceira-idade-no-brasil#breadcrumb","itemListElement":[{"@type":"ListItem","position":1,"name":"In\u00edcio","item":"https:\/\/blogs.funiber.org\/pt"},{"@type":"ListItem","position":2,"name":"Os consumidores da terceira idade no Brasil"}]},{"@type":"WebSite","@id":"https:\/\/blogs.funiber.org\/pt\/#website","url":"https:\/\/blogs.funiber.org\/pt\/","name":"FuniBlogs - FUNIBER","description":"","publisher":{"@id":"https:\/\/blogs.funiber.org\/pt\/#organization"},"potentialAction":[{"@type":"SearchAction","target":{"@type":"EntryPoint","urlTemplate":"https:\/\/blogs.funiber.org\/pt\/?s={search_term_string}"},"query-input":"required name=search_term_string"}],"inLanguage":"pt-BR"},{"@type":"Organization","@id":"https:\/\/blogs.funiber.org\/pt\/#organization","name":"FuniBlogs - FUNIBER","url":"https:\/\/blogs.funiber.org\/pt\/","logo":{"@type":"ImageObject","inLanguage":"pt-BR","@id":"https:\/\/blogs.funiber.org\/pt\/#\/schema\/logo\/image\/","url":"https:\/\/www.funiber.blog\/pt\/wp-content\/uploads\/2022\/02\/logo-funiber-pt-br-v-dos.svg","contentUrl":"https:\/\/www.funiber.blog\/pt\/wp-content\/uploads\/2022\/02\/logo-funiber-pt-br-v-dos.svg","width":1,"height":1,"caption":"FuniBlogs - FUNIBER"},"image":{"@id":"https:\/\/blogs.funiber.org\/pt\/#\/schema\/logo\/image\/"},"sameAs":["https:\/\/www.facebook.com\/funiber","https:\/\/twitter.com\/FUNIBER","https:\/\/www.instagram.com\/funiber_becas","https:\/\/www.youtube.com\/user\/funiber","https:\/\/www.linkedin.com\/company\/funiber"]},{"@type":"Person","@id":"https:\/\/blogs.funiber.org\/pt\/#\/schema\/person\/cebedd0aef5286687ce641276452c76d","name":"Mariana Dornelles","image":{"@type":"ImageObject","inLanguage":"pt-BR","@id":"https:\/\/blogs.funiber.org\/pt\/#\/schema\/person\/image\/","url":"https:\/\/secure.gravatar.com\/avatar\/2fbaa65ea908e82807b005c351db3c9d?s=96&d=mm&r=g","contentUrl":"https:\/\/secure.gravatar.com\/avatar\/2fbaa65ea908e82807b005c351db3c9d?s=96&d=mm&r=g","caption":"Mariana Dornelles"},"url":"https:\/\/www.funiber.blog\/pt\/author\/mariana-dornelles"}]}},"jetpack_featured_media_url":"https:\/\/www.funiber.blog\/pt\/wp-content\/uploads\/2015\/11\/funiber-idosos-compras.jpg","jetpack_shortlink":"https:\/\/wp.me\/p7ee1t-2c6","jetpack_sharing_enabled":true,"_links":{"self":[{"href":"https:\/\/www.funiber.blog\/pt\/wp-json\/wp\/v2\/posts\/8438"}],"collection":[{"href":"https:\/\/www.funiber.blog\/pt\/wp-json\/wp\/v2\/posts"}],"about":[{"href":"https:\/\/www.funiber.blog\/pt\/wp-json\/wp\/v2\/types\/post"}],"author":[{"embeddable":true,"href":"https:\/\/www.funiber.blog\/pt\/wp-json\/wp\/v2\/users\/16"}],"replies":[{"embeddable":true,"href":"https:\/\/www.funiber.blog\/pt\/wp-json\/wp\/v2\/comments?post=8438"}],"version-history":[{"count":5,"href":"https:\/\/www.funiber.blog\/pt\/wp-json\/wp\/v2\/posts\/8438\/revisions"}],"predecessor-version":[{"id":8470,"href":"https:\/\/www.funiber.blog\/pt\/wp-json\/wp\/v2\/posts\/8438\/revisions\/8470"}],"wp:featuredmedia":[{"embeddable":true,"href":"https:\/\/www.funiber.blog\/pt\/wp-json\/wp\/v2\/media\/8468"}],"wp:attachment":[{"href":"https:\/\/www.funiber.blog\/pt\/wp-json\/wp\/v2\/media?parent=8438"}],"wp:term":[{"taxonomy":"category","embeddable":true,"href":"https:\/\/www.funiber.blog\/pt\/wp-json\/wp\/v2\/categories?post=8438"},{"taxonomy":"post_tag","embeddable":true,"href":"https:\/\/www.funiber.blog\/pt\/wp-json\/wp\/v2\/tags?post=8438"}],"curies":[{"name":"wp","href":"https:\/\/api.w.org\/{rel}","templated":true}]}}