{"id":8455,"date":"2015-11-17T09:04:51","date_gmt":"2015-11-17T09:04:51","guid":{"rendered":"http:\/\/blogs.funiber.org\/pt\/?p=8455"},"modified":"2015-11-17T09:04:51","modified_gmt":"2015-11-17T09:04:51","slug":"funiber-dissertacao-relacao-beneficios-percebidos-nivel-atividade-fisica-idosos-celaya","status":"publish","type":"post","link":"https:\/\/www.funiber.blog\/pt\/gerontologia\/2015\/11\/17\/funiber-dissertacao-relacao-beneficios-percebidos-nivel-atividade-fisica-idosos-celaya","title":{"rendered":"Disserta\u00e7\u00e3o: Rela\u00e7\u00e3o entre benef\u00edcios percebidos e n\u00edvel de atividade f\u00edsica em idosos de Celaya"},"content":{"rendered":"<h2>As pessoas da terceira idade precisam realizar atividade f\u00edsica para manterem-se saud\u00e1veis e requerem motiva\u00e7\u00e3o para praticar esporte.<\/h2>\n<p><!--more--><\/p>\n<p>Em seus estudos de Mestrado na \u00e1rea de Gerontologia, na modalidade virtual da <strong><a href=\"http:\/\/www.funiber.org.br\/\" target=\"_blank\">FUNIBER<\/a><\/strong>, Nicol\u00e1s Padilla mostrou-se interessado em <strong>pesquisar a atividade f\u00edsica da popula\u00e7\u00e3o idosa de sua regi\u00e3o<\/strong> e apresentou uma Disserta\u00e7\u00e3o para concluir o <strong><a href=\"http:\/\/www.funiber.org.br\/areas-de-conhecimento\/saude-e-nutricao\/gerontologia\/mestrado-em-gerontologia-social\/\" target=\"_blank\">Mestrado em Gerontologia Social<\/a><\/strong>\u00a0com o t\u00edtulo \u201cRela\u00e7\u00e3o entre benef\u00edcios\/empecilhos percebidos para o exerc\u00edcio f\u00edsico e o n\u00edvel de atividade f\u00edsica em idosos da Celaya, no M\u00e9xico: Um estudo transversal\u201d, com a finalidade de<strong> identificar os fatores que incentivam ou inibem a pr\u00e1tica de esporte entre pessoas da terceira idade<\/strong>. A seguir, apresentam-se os principais resultados apresentados na Disserta\u00e7\u00e3o e possibilita-se o acesso para descarregar o documento completo.<\/p>\n<p>Para conseguir que os idosos comprometam-se a manter uma atividade f\u00edsica cont\u00ednua <strong>\u00e9 necess\u00e1rio que percebam benef\u00edcios tang\u00edveis da pr\u00e1tica esportiva<\/strong>. Padilla identificou que conhecimentos sobre o esporte incrementam a atividade f\u00edsica, enquanto que as dificuldades percebidas t\u00eam rela\u00e7\u00e3o com a diminui\u00e7\u00e3o da atividade esportiva.<\/p>\n<p>Identificaram-se dificuldades de tipo externo e interno. As pessoas da terceira idade que n\u00e3o praticam esporte encontram dificuldades externas como a falta de instala\u00e7\u00f5es, materiais ou equipes necess\u00e1rias para realizar as atividades, a aus\u00eancia de programas de exerc\u00edcio monitorado, o custo do transporte, a dist\u00e2ncia a percorrer e o desamparo familiar ou social. Ao explorar o mundo interior dos idosos identificou-se que os sujeitos percebiam como dificuldades internas a falta de motiva\u00e7\u00e3o, a fadiga, o aborrecimento, o dar-se por vencido, a falta de habilidades ou a falta de est\u00edmulo por parte da fam\u00edlia.<\/p>\n<p>Os empecilhos de maior impacto foram: que a atividade f\u00edsica tem um alto custo, a fam\u00edlia n\u00e3o promove a atividade f\u00edsica, toma tempo das responsabilidades familiares, \u00e9 um trabalho duro, causa fadiga e considera-se que afeta as rela\u00e7\u00f5es familiares. Todas estas considera\u00e7\u00f5es poderiam ser consideradas para elaborar interven\u00e7\u00f5es que permitam eliminar as dificuldades percebidas pelas pessoas da terceira idade.<\/p>\n<p>Identificou-se que as melhores condi\u00e7\u00f5es para desenvolver um programa de esporte entre idosos obt\u00eam-se quando as pessoas t\u00eam um alto grau de disposi\u00e7\u00e3o para praticar alguma atividade f\u00edsica, quando se desenvolveu uma promo\u00e7\u00e3o adequada e n\u00e3o h\u00e1 empecilhos que impe\u00e7am a pr\u00e1tica.<\/p>\n<p>Participaram deste estudo 100 pessoas da terceira idade com idade entre 60 e 70 anos. Identificou-se que 72% tinham sobrepeso ou obesidade, superando a m\u00e9dia nacional do M\u00e9xico de sobrepeso\/obesidade que se situa em 36%.<\/p>\n<p>Ao aplicar a pesquisa sobre conhecimentos dos benef\u00edcios ou barreiras percebidas para a atividade f\u00edsica, identificou-se que 85% tinha conhecimentos inadequados e apenas 15% tinha conhecimentos adequados; ademais, 68% n\u00e3o reportou empecilhos, mas 32% identificou que enfrentavam barreiras para realizar atividade f\u00edsica.<\/p>\n<p>A informa\u00e7\u00e3o disponibilizada na Disserta\u00e7\u00e3o proporciona informa\u00e7\u00f5es valiosas aos estudantes da <strong><a href=\"http:\/\/www.funiber.org.br\/areas-de-conhecimento\/saude-e-nutricao\/gerontologia\/\" target=\"_blank\">\u00e1rea de Gerontologia<\/a><\/strong>\u00a0para propor programas de atividades f\u00edsicas para pessoas da terceira idade.<\/p>\n<p>Link para download da Disserta\u00e7\u00e3o:\u00a0<a href=\"http:\/\/fnbr.es\/1tm\" target=\"_blank\">http:\/\/fnbr.es\/1tm<\/a><\/p>\n<p>Foto: Todos os direitos reservados iStock<\/p>\n","protected":false},"excerpt":{"rendered":"<p>As pessoas da terceira idade precisam realizar atividade f\u00edsica para manterem-se saud\u00e1veis e requerem motiva\u00e7\u00e3o para praticar esporte.<\/p>\n","protected":false},"author":16,"featured_media":8458,"comment_status":"closed","ping_status":"closed","sticky":false,"template":"","format":"standard","meta":{"jetpack_post_was_ever_published":false,"_jetpack_newsletter_access":"","_jetpack_newsletter_tier_id":0,"footnotes":"","jetpack_publicize_message":"","jetpack_is_tweetstorm":false,"jetpack_publicize_feature_enabled":true,"jetpack_social_post_already_shared":false,"jetpack_social_options":{"image_generator_settings":{"template":"highway","enabled":false}}},"categories":[1],"tags":[152,228,107,285,408,100,248,267,671,641,255,113,217],"jetpack_publicize_connections":[],"yoast_head":"<!-- This site is optimized with the Yoast SEO plugin v21.7 - https:\/\/yoast.com\/wordpress\/plugins\/seo\/ -->\n<title>Disserta\u00e7\u00e3o: Rela\u00e7\u00e3o entre benef\u00edcios percebidos e atividade f\u00edsica em idosos<\/title>\n<meta name=\"description\" content=\"Disserta\u00e7\u00e3o mostra que idosos precisam realizar atividade f\u00edsica para manterem-se saud\u00e1veis e requerem motiva\u00e7\u00e3o para praticar esporte.\" \/>\n<meta name=\"robots\" content=\"noindex, nofollow\" \/>\n<meta property=\"og:locale\" content=\"pt_BR\" \/>\n<meta property=\"og:type\" content=\"article\" \/>\n<meta property=\"og:title\" content=\"Disserta\u00e7\u00e3o: Rela\u00e7\u00e3o entre benef\u00edcios percebidos e atividade f\u00edsica em idosos\" \/>\n<meta property=\"og:description\" content=\"Disserta\u00e7\u00e3o mostra que idosos precisam realizar atividade f\u00edsica para manterem-se saud\u00e1veis e requerem motiva\u00e7\u00e3o para praticar esporte.\" \/>\n<meta property=\"og:url\" content=\"https:\/\/blogs.funiber.org\/pt\/gerontologia\/2015\/11\/17\/funiber-dissertacao-relacao-beneficios-percebidos-nivel-atividade-fisica-idosos-celaya\" \/>\n<meta property=\"og:site_name\" content=\"FuniBlogs - FUNIBER\" \/>\n<meta property=\"article:publisher\" content=\"https:\/\/www.facebook.com\/funiber\" \/>\n<meta property=\"article:published_time\" content=\"2015-11-17T09:04:51+00:00\" \/>\n<meta property=\"og:image\" content=\"https:\/\/blogs.funiber.org\/pt\/wp-content\/uploads\/2015\/11\/funiber-atividade-fisica.jpg\" \/>\n\t<meta property=\"og:image:width\" content=\"562\" \/>\n\t<meta property=\"og:image:height\" content=\"374\" \/>\n\t<meta property=\"og:image:type\" content=\"image\/jpeg\" \/>\n<meta name=\"author\" content=\"Mariana Dornelles\" \/>\n<meta name=\"twitter:card\" content=\"summary_large_image\" \/>\n<meta name=\"twitter:creator\" content=\"@FUNIBER\" \/>\n<meta name=\"twitter:site\" content=\"@FUNIBER\" \/>\n<meta name=\"twitter:label1\" content=\"Escrito por\" \/>\n\t<meta name=\"twitter:data1\" content=\"Mariana Dornelles\" \/>\n\t<meta name=\"twitter:label2\" content=\"Est. tempo de leitura\" \/>\n\t<meta name=\"twitter:data2\" content=\"3 minutos\" \/>\n<script type=\"application\/ld+json\" class=\"yoast-schema-graph\">{\"@context\":\"https:\/\/schema.org\",\"@graph\":[{\"@type\":\"Article\",\"@id\":\"https:\/\/blogs.funiber.org\/pt\/gerontologia\/2015\/11\/17\/funiber-dissertacao-relacao-beneficios-percebidos-nivel-atividade-fisica-idosos-celaya#article\",\"isPartOf\":{\"@id\":\"https:\/\/blogs.funiber.org\/pt\/gerontologia\/2015\/11\/17\/funiber-dissertacao-relacao-beneficios-percebidos-nivel-atividade-fisica-idosos-celaya\"},\"author\":{\"name\":\"Mariana Dornelles\",\"@id\":\"https:\/\/blogs.funiber.org\/pt\/#\/schema\/person\/cebedd0aef5286687ce641276452c76d\"},\"headline\":\"Disserta\u00e7\u00e3o: Rela\u00e7\u00e3o entre benef\u00edcios percebidos e n\u00edvel de atividade f\u00edsica em idosos de Celaya\",\"datePublished\":\"2015-11-17T09:04:51+00:00\",\"dateModified\":\"2015-11-17T09:04:51+00:00\",\"mainEntityOfPage\":{\"@id\":\"https:\/\/blogs.funiber.org\/pt\/gerontologia\/2015\/11\/17\/funiber-dissertacao-relacao-beneficios-percebidos-nivel-atividade-fisica-idosos-celaya\"},\"wordCount\":552,\"publisher\":{\"@id\":\"https:\/\/blogs.funiber.org\/pt\/#organization\"},\"keywords\":[\"Atividade f\u00edsica\",\"Cuidados\",\"Disserta\u00e7\u00e3o\",\"Educa\u00e7\u00e3o\",\"Educa\u00e7\u00e3o a Dist\u00e2ncia\",\"Envelhecimento\",\"Funiber\",\"Idosos\",\"mestrado\",\"Opini\u00e3o FUNIBER\",\"Opini\u00f5es Funiber\",\"Sa\u00fade\",\"Terceira idade\"],\"articleSection\":[\"Gerontologia\"],\"inLanguage\":\"pt-BR\"},{\"@type\":\"WebPage\",\"@id\":\"https:\/\/blogs.funiber.org\/pt\/gerontologia\/2015\/11\/17\/funiber-dissertacao-relacao-beneficios-percebidos-nivel-atividade-fisica-idosos-celaya\",\"url\":\"https:\/\/blogs.funiber.org\/pt\/gerontologia\/2015\/11\/17\/funiber-dissertacao-relacao-beneficios-percebidos-nivel-atividade-fisica-idosos-celaya\",\"name\":\"Disserta\u00e7\u00e3o: Rela\u00e7\u00e3o entre benef\u00edcios percebidos e atividade f\u00edsica em idosos\",\"isPartOf\":{\"@id\":\"https:\/\/blogs.funiber.org\/pt\/#website\"},\"datePublished\":\"2015-11-17T09:04:51+00:00\",\"dateModified\":\"2015-11-17T09:04:51+00:00\",\"description\":\"Disserta\u00e7\u00e3o mostra que idosos precisam realizar atividade f\u00edsica para manterem-se saud\u00e1veis e requerem motiva\u00e7\u00e3o para praticar esporte.\",\"breadcrumb\":{\"@id\":\"https:\/\/blogs.funiber.org\/pt\/gerontologia\/2015\/11\/17\/funiber-dissertacao-relacao-beneficios-percebidos-nivel-atividade-fisica-idosos-celaya#breadcrumb\"},\"inLanguage\":\"pt-BR\",\"potentialAction\":[{\"@type\":\"ReadAction\",\"target\":[\"https:\/\/blogs.funiber.org\/pt\/gerontologia\/2015\/11\/17\/funiber-dissertacao-relacao-beneficios-percebidos-nivel-atividade-fisica-idosos-celaya\"]}]},{\"@type\":\"BreadcrumbList\",\"@id\":\"https:\/\/blogs.funiber.org\/pt\/gerontologia\/2015\/11\/17\/funiber-dissertacao-relacao-beneficios-percebidos-nivel-atividade-fisica-idosos-celaya#breadcrumb\",\"itemListElement\":[{\"@type\":\"ListItem\",\"position\":1,\"name\":\"In\u00edcio\",\"item\":\"https:\/\/blogs.funiber.org\/pt\"},{\"@type\":\"ListItem\",\"position\":2,\"name\":\"Disserta\u00e7\u00e3o: Rela\u00e7\u00e3o entre benef\u00edcios percebidos e n\u00edvel de atividade f\u00edsica em idosos de Celaya\"}]},{\"@type\":\"WebSite\",\"@id\":\"https:\/\/blogs.funiber.org\/pt\/#website\",\"url\":\"https:\/\/blogs.funiber.org\/pt\/\",\"name\":\"FuniBlogs - FUNIBER\",\"description\":\"\",\"publisher\":{\"@id\":\"https:\/\/blogs.funiber.org\/pt\/#organization\"},\"potentialAction\":[{\"@type\":\"SearchAction\",\"target\":{\"@type\":\"EntryPoint\",\"urlTemplate\":\"https:\/\/blogs.funiber.org\/pt\/?s={search_term_string}\"},\"query-input\":\"required name=search_term_string\"}],\"inLanguage\":\"pt-BR\"},{\"@type\":\"Organization\",\"@id\":\"https:\/\/blogs.funiber.org\/pt\/#organization\",\"name\":\"FuniBlogs - FUNIBER\",\"url\":\"https:\/\/blogs.funiber.org\/pt\/\",\"logo\":{\"@type\":\"ImageObject\",\"inLanguage\":\"pt-BR\",\"@id\":\"https:\/\/blogs.funiber.org\/pt\/#\/schema\/logo\/image\/\",\"url\":\"https:\/\/www.funiber.blog\/pt\/wp-content\/uploads\/2022\/02\/logo-funiber-pt-br-v-dos.svg\",\"contentUrl\":\"https:\/\/www.funiber.blog\/pt\/wp-content\/uploads\/2022\/02\/logo-funiber-pt-br-v-dos.svg\",\"width\":1,\"height\":1,\"caption\":\"FuniBlogs - FUNIBER\"},\"image\":{\"@id\":\"https:\/\/blogs.funiber.org\/pt\/#\/schema\/logo\/image\/\"},\"sameAs\":[\"https:\/\/www.facebook.com\/funiber\",\"https:\/\/twitter.com\/FUNIBER\",\"https:\/\/www.instagram.com\/funiber_becas\",\"https:\/\/www.youtube.com\/user\/funiber\",\"https:\/\/www.linkedin.com\/company\/funiber\"]},{\"@type\":\"Person\",\"@id\":\"https:\/\/blogs.funiber.org\/pt\/#\/schema\/person\/cebedd0aef5286687ce641276452c76d\",\"name\":\"Mariana Dornelles\",\"image\":{\"@type\":\"ImageObject\",\"inLanguage\":\"pt-BR\",\"@id\":\"https:\/\/blogs.funiber.org\/pt\/#\/schema\/person\/image\/\",\"url\":\"https:\/\/secure.gravatar.com\/avatar\/2fbaa65ea908e82807b005c351db3c9d?s=96&d=mm&r=g\",\"contentUrl\":\"https:\/\/secure.gravatar.com\/avatar\/2fbaa65ea908e82807b005c351db3c9d?s=96&d=mm&r=g\",\"caption\":\"Mariana Dornelles\"},\"url\":\"https:\/\/www.funiber.blog\/pt\/author\/mariana-dornelles\"}]}<\/script>\n<!-- \/ Yoast SEO plugin. -->","yoast_head_json":{"title":"Disserta\u00e7\u00e3o: Rela\u00e7\u00e3o entre benef\u00edcios percebidos e atividade f\u00edsica em idosos","description":"Disserta\u00e7\u00e3o mostra que idosos precisam realizar atividade f\u00edsica para manterem-se saud\u00e1veis e requerem motiva\u00e7\u00e3o para praticar esporte.","robots":{"index":"noindex","follow":"nofollow"},"og_locale":"pt_BR","og_type":"article","og_title":"Disserta\u00e7\u00e3o: Rela\u00e7\u00e3o entre benef\u00edcios percebidos e atividade f\u00edsica em idosos","og_description":"Disserta\u00e7\u00e3o mostra que idosos precisam realizar atividade f\u00edsica para manterem-se saud\u00e1veis e requerem motiva\u00e7\u00e3o para praticar esporte.","og_url":"https:\/\/blogs.funiber.org\/pt\/gerontologia\/2015\/11\/17\/funiber-dissertacao-relacao-beneficios-percebidos-nivel-atividade-fisica-idosos-celaya","og_site_name":"FuniBlogs - FUNIBER","article_publisher":"https:\/\/www.facebook.com\/funiber","article_published_time":"2015-11-17T09:04:51+00:00","og_image":[{"width":562,"height":374,"url":"https:\/\/blogs.funiber.org\/pt\/wp-content\/uploads\/2015\/11\/funiber-atividade-fisica.jpg","type":"image\/jpeg"}],"author":"Mariana Dornelles","twitter_card":"summary_large_image","twitter_creator":"@FUNIBER","twitter_site":"@FUNIBER","twitter_misc":{"Escrito por":"Mariana Dornelles","Est. tempo de leitura":"3 minutos"},"schema":{"@context":"https:\/\/schema.org","@graph":[{"@type":"Article","@id":"https:\/\/blogs.funiber.org\/pt\/gerontologia\/2015\/11\/17\/funiber-dissertacao-relacao-beneficios-percebidos-nivel-atividade-fisica-idosos-celaya#article","isPartOf":{"@id":"https:\/\/blogs.funiber.org\/pt\/gerontologia\/2015\/11\/17\/funiber-dissertacao-relacao-beneficios-percebidos-nivel-atividade-fisica-idosos-celaya"},"author":{"name":"Mariana Dornelles","@id":"https:\/\/blogs.funiber.org\/pt\/#\/schema\/person\/cebedd0aef5286687ce641276452c76d"},"headline":"Disserta\u00e7\u00e3o: Rela\u00e7\u00e3o entre benef\u00edcios percebidos e n\u00edvel de atividade f\u00edsica em idosos de Celaya","datePublished":"2015-11-17T09:04:51+00:00","dateModified":"2015-11-17T09:04:51+00:00","mainEntityOfPage":{"@id":"https:\/\/blogs.funiber.org\/pt\/gerontologia\/2015\/11\/17\/funiber-dissertacao-relacao-beneficios-percebidos-nivel-atividade-fisica-idosos-celaya"},"wordCount":552,"publisher":{"@id":"https:\/\/blogs.funiber.org\/pt\/#organization"},"keywords":["Atividade f\u00edsica","Cuidados","Disserta\u00e7\u00e3o","Educa\u00e7\u00e3o","Educa\u00e7\u00e3o a Dist\u00e2ncia","Envelhecimento","Funiber","Idosos","mestrado","Opini\u00e3o FUNIBER","Opini\u00f5es Funiber","Sa\u00fade","Terceira idade"],"articleSection":["Gerontologia"],"inLanguage":"pt-BR"},{"@type":"WebPage","@id":"https:\/\/blogs.funiber.org\/pt\/gerontologia\/2015\/11\/17\/funiber-dissertacao-relacao-beneficios-percebidos-nivel-atividade-fisica-idosos-celaya","url":"https:\/\/blogs.funiber.org\/pt\/gerontologia\/2015\/11\/17\/funiber-dissertacao-relacao-beneficios-percebidos-nivel-atividade-fisica-idosos-celaya","name":"Disserta\u00e7\u00e3o: Rela\u00e7\u00e3o entre benef\u00edcios percebidos e atividade f\u00edsica em idosos","isPartOf":{"@id":"https:\/\/blogs.funiber.org\/pt\/#website"},"datePublished":"2015-11-17T09:04:51+00:00","dateModified":"2015-11-17T09:04:51+00:00","description":"Disserta\u00e7\u00e3o mostra que idosos precisam realizar atividade f\u00edsica para manterem-se saud\u00e1veis e requerem motiva\u00e7\u00e3o para praticar esporte.","breadcrumb":{"@id":"https:\/\/blogs.funiber.org\/pt\/gerontologia\/2015\/11\/17\/funiber-dissertacao-relacao-beneficios-percebidos-nivel-atividade-fisica-idosos-celaya#breadcrumb"},"inLanguage":"pt-BR","potentialAction":[{"@type":"ReadAction","target":["https:\/\/blogs.funiber.org\/pt\/gerontologia\/2015\/11\/17\/funiber-dissertacao-relacao-beneficios-percebidos-nivel-atividade-fisica-idosos-celaya"]}]},{"@type":"BreadcrumbList","@id":"https:\/\/blogs.funiber.org\/pt\/gerontologia\/2015\/11\/17\/funiber-dissertacao-relacao-beneficios-percebidos-nivel-atividade-fisica-idosos-celaya#breadcrumb","itemListElement":[{"@type":"ListItem","position":1,"name":"In\u00edcio","item":"https:\/\/blogs.funiber.org\/pt"},{"@type":"ListItem","position":2,"name":"Disserta\u00e7\u00e3o: Rela\u00e7\u00e3o entre benef\u00edcios percebidos e n\u00edvel de atividade f\u00edsica em idosos de Celaya"}]},{"@type":"WebSite","@id":"https:\/\/blogs.funiber.org\/pt\/#website","url":"https:\/\/blogs.funiber.org\/pt\/","name":"FuniBlogs - FUNIBER","description":"","publisher":{"@id":"https:\/\/blogs.funiber.org\/pt\/#organization"},"potentialAction":[{"@type":"SearchAction","target":{"@type":"EntryPoint","urlTemplate":"https:\/\/blogs.funiber.org\/pt\/?s={search_term_string}"},"query-input":"required name=search_term_string"}],"inLanguage":"pt-BR"},{"@type":"Organization","@id":"https:\/\/blogs.funiber.org\/pt\/#organization","name":"FuniBlogs - FUNIBER","url":"https:\/\/blogs.funiber.org\/pt\/","logo":{"@type":"ImageObject","inLanguage":"pt-BR","@id":"https:\/\/blogs.funiber.org\/pt\/#\/schema\/logo\/image\/","url":"https:\/\/www.funiber.blog\/pt\/wp-content\/uploads\/2022\/02\/logo-funiber-pt-br-v-dos.svg","contentUrl":"https:\/\/www.funiber.blog\/pt\/wp-content\/uploads\/2022\/02\/logo-funiber-pt-br-v-dos.svg","width":1,"height":1,"caption":"FuniBlogs - FUNIBER"},"image":{"@id":"https:\/\/blogs.funiber.org\/pt\/#\/schema\/logo\/image\/"},"sameAs":["https:\/\/www.facebook.com\/funiber","https:\/\/twitter.com\/FUNIBER","https:\/\/www.instagram.com\/funiber_becas","https:\/\/www.youtube.com\/user\/funiber","https:\/\/www.linkedin.com\/company\/funiber"]},{"@type":"Person","@id":"https:\/\/blogs.funiber.org\/pt\/#\/schema\/person\/cebedd0aef5286687ce641276452c76d","name":"Mariana Dornelles","image":{"@type":"ImageObject","inLanguage":"pt-BR","@id":"https:\/\/blogs.funiber.org\/pt\/#\/schema\/person\/image\/","url":"https:\/\/secure.gravatar.com\/avatar\/2fbaa65ea908e82807b005c351db3c9d?s=96&d=mm&r=g","contentUrl":"https:\/\/secure.gravatar.com\/avatar\/2fbaa65ea908e82807b005c351db3c9d?s=96&d=mm&r=g","caption":"Mariana Dornelles"},"url":"https:\/\/www.funiber.blog\/pt\/author\/mariana-dornelles"}]}},"jetpack_featured_media_url":"https:\/\/www.funiber.blog\/pt\/wp-content\/uploads\/2015\/11\/funiber-atividade-fisica.jpg","jetpack_shortlink":"https:\/\/wp.me\/p7ee1t-2cn","jetpack_sharing_enabled":true,"_links":{"self":[{"href":"https:\/\/www.funiber.blog\/pt\/wp-json\/wp\/v2\/posts\/8455"}],"collection":[{"href":"https:\/\/www.funiber.blog\/pt\/wp-json\/wp\/v2\/posts"}],"about":[{"href":"https:\/\/www.funiber.blog\/pt\/wp-json\/wp\/v2\/types\/post"}],"author":[{"embeddable":true,"href":"https:\/\/www.funiber.blog\/pt\/wp-json\/wp\/v2\/users\/16"}],"replies":[{"embeddable":true,"href":"https:\/\/www.funiber.blog\/pt\/wp-json\/wp\/v2\/comments?post=8455"}],"version-history":[{"count":3,"href":"https:\/\/www.funiber.blog\/pt\/wp-json\/wp\/v2\/posts\/8455\/revisions"}],"predecessor-version":[{"id":8459,"href":"https:\/\/www.funiber.blog\/pt\/wp-json\/wp\/v2\/posts\/8455\/revisions\/8459"}],"wp:featuredmedia":[{"embeddable":true,"href":"https:\/\/www.funiber.blog\/pt\/wp-json\/wp\/v2\/media\/8458"}],"wp:attachment":[{"href":"https:\/\/www.funiber.blog\/pt\/wp-json\/wp\/v2\/media?parent=8455"}],"wp:term":[{"taxonomy":"category","embeddable":true,"href":"https:\/\/www.funiber.blog\/pt\/wp-json\/wp\/v2\/categories?post=8455"},{"taxonomy":"post_tag","embeddable":true,"href":"https:\/\/www.funiber.blog\/pt\/wp-json\/wp\/v2\/tags?post=8455"}],"curies":[{"name":"wp","href":"https:\/\/api.w.org\/{rel}","templated":true}]}}