{"id":8473,"date":"2015-11-19T09:43:30","date_gmt":"2015-11-19T09:43:30","guid":{"rendered":"http:\/\/blogs.funiber.org\/pt\/?p=8473"},"modified":"2015-11-19T09:43:30","modified_gmt":"2015-11-19T09:43:30","slug":"funiber-ensino-linguas-contextos-plurilingues","status":"publish","type":"post","link":"https:\/\/www.funiber.blog\/pt\/formacao-professores\/2015\/11\/19\/funiber-ensino-linguas-contextos-plurilingues","title":{"rendered":"O ensino de l\u00ednguas em contextos pluril\u00edngues"},"content":{"rendered":"<h2>Congresso em Alicante debate o ensino de idiomas e literatura em ambientes de diversidade lingu\u00edstica.<\/h2>\n<p><!--more--><\/p>\n<p>Em muitos pa\u00edses do mundo, ao inv\u00e9s de uma \u00fanica l\u00edngua, existem <strong>contextos pluril\u00edngues, em que convivem idiomas de diversas origens<\/strong>. Neste contexto, o ensino de l\u00ednguas e literatura torna-se mais complexo, devido \u00e0 aquisi\u00e7\u00e3o, por parte dos estudantes, de <strong>diversos registros que se relacionam e interagem entre si<\/strong>.<\/p>\n<p>Para refletir sobre esta situa\u00e7\u00e3o, ser\u00e1 realizado em Alicante, do dia 10 ao dia 12 de dezembro de 2015, o <strong>XVI Congresso Internacional da Sociedade Espanhola de Did\u00e1tica da L\u00edngua e da Literatura<\/strong>, que ter\u00e1 como tema central a <strong>Aprendizagem de l\u00ednguas e literaturas em contextos pluril\u00edngues<\/strong>, com foco na integra\u00e7\u00e3o de contextos culturais e liter\u00e1rios como ferramenta de aprendizagem.<\/p>\n<p>Neste contexto, a programa\u00e7\u00e3o abordar\u00e1 tamb\u00e9m:<\/p>\n<p>. Integra\u00e7\u00e3o de contextos culturais e liter\u00e1rios como ferramenta de aprendizagem<\/p>\n<p>. Did\u00e1tica da L\u00edngua e da Literatura<\/p>\n<p>. Literatura Infantil e Juvenil: o acesso e o desenvolvimento inicial da Compet\u00eancia liter\u00e1ria<\/p>\n<p>. Ensino do espanhol, do ingl\u00eas e do catal\u00e3o como l\u00edngua estrangeira<\/p>\n<p>. A utiliza\u00e7\u00e3o did\u00e1tica das TIC nas aulas de l\u00edngua e literatura<\/p>\n<p>Organizado pela \u00e1rea Did\u00e1tica da L\u00edngua e da Literatura e o Departamento de Letras Catal\u00e3o da Universidade de Alicante, o congresso ser\u00e1 organizado em apresenta\u00e7\u00e3o de comunica\u00e7\u00f5es, realiza\u00e7\u00e3o de oficinas e sess\u00f5es plen\u00e1rias, com a participa\u00e7\u00e3o de especialistas, como Pedro D. Cerrillo, diretor do Centro de Estudos de Promo\u00e7\u00e3o da Leitura e da Literatura Infantil da Universidade de Castilla-La Mancha, e Vicent Pascual, do <a href=\"http:\/\/www.iec.cat\/activitats\/entrada.asp\" target=\"_blank\">Instituto de Estudos Catal\u00e3es<\/a>.<\/p>\n<p>Para os estudantes da \u00c1rea de <a href=\"http:\/\/www.funiber.org.br\/areas-de-conhecimento\/formacao-de-professores\/mestrado-em-educacao\/\" target=\"_blank\"><strong>Forma\u00e7\u00e3o de Professores<\/strong><\/a> da <a href=\"http:\/\/www.funiber.org.br\/\" target=\"_blank\"><strong>FUNIBER<\/strong><\/a>, este Congresso \u00e9 uma oportunidade de refletir sobre a complexidade do ensino de l\u00ednguas estrangeiras em contextos pluril\u00edngues e de conhecer experi\u00eancias e recursos utilizados por outros docentes no fomento das compet\u00eancias lingu\u00edsticas dos estudantes.<\/p>\n<p>Fonte: <a href=\"http:\/\/fnbr.es\/1u9\" target=\"_blank\">http:\/\/fnbr.es\/1u9<\/a><\/p>\n<p>Foto: Todos os direitos reservados iStock<\/p>\n","protected":false},"excerpt":{"rendered":"<p>Congresso em Alicante debate o ensino de idiomas e literatura em ambientes de diversidade lingu\u00edstica.<\/p>\n","protected":false},"author":16,"featured_media":8475,"comment_status":"closed","ping_status":"closed","sticky":false,"template":"","format":"standard","meta":{"jetpack_post_was_ever_published":false,"_jetpack_newsletter_access":"","_jetpack_newsletter_tier_id":0,"footnotes":"","jetpack_publicize_message":"","jetpack_is_tweetstorm":false,"jetpack_publicize_feature_enabled":true,"jetpack_social_post_already_shared":false,"jetpack_social_options":{"image_generator_settings":{"template":"highway","enabled":false}}},"categories":[5],"tags":[251,886,285,408,686,248,885,641,255,642],"jetpack_publicize_connections":[],"yoast_head":"<!-- This site is optimized with the Yoast SEO plugin v21.7 - https:\/\/yoast.com\/wordpress\/plugins\/seo\/ -->\n<title>O ensino de l\u00ednguas em contextos pluril\u00edngues<\/title>\n<meta name=\"description\" content=\"Congresso em Alicante debate o ensino de idiomas e literatura em ambientes de contextos pluril\u00edngues\" \/>\n<meta name=\"robots\" content=\"noindex, nofollow\" \/>\n<meta property=\"og:locale\" content=\"pt_BR\" \/>\n<meta property=\"og:type\" content=\"article\" \/>\n<meta property=\"og:title\" content=\"O ensino de l\u00ednguas em contextos pluril\u00edngues\" \/>\n<meta property=\"og:description\" content=\"Congresso em Alicante debate o ensino de idiomas e literatura em ambientes de contextos pluril\u00edngues\" \/>\n<meta property=\"og:url\" content=\"https:\/\/blogs.funiber.org\/pt\/formacao-professores\/2015\/11\/19\/funiber-ensino-linguas-contextos-plurilingues\" \/>\n<meta property=\"og:site_name\" content=\"FuniBlogs - FUNIBER\" \/>\n<meta property=\"article:publisher\" content=\"https:\/\/www.facebook.com\/funiber\" \/>\n<meta property=\"article:published_time\" content=\"2015-11-19T09:43:30+00:00\" \/>\n<meta property=\"og:image\" content=\"https:\/\/blogs.funiber.org\/pt\/wp-content\/uploads\/2015\/11\/iStock_000045634464_XXX-pequena.jpg\" \/>\n\t<meta property=\"og:image:width\" content=\"640\" \/>\n\t<meta property=\"og:image:height\" content=\"427\" \/>\n\t<meta property=\"og:image:type\" content=\"image\/jpeg\" \/>\n<meta name=\"author\" content=\"Mariana Dornelles\" \/>\n<meta name=\"twitter:card\" content=\"summary_large_image\" \/>\n<meta name=\"twitter:creator\" content=\"@FUNIBER\" \/>\n<meta name=\"twitter:site\" content=\"@FUNIBER\" \/>\n<meta name=\"twitter:label1\" content=\"Escrito por\" \/>\n\t<meta name=\"twitter:data1\" content=\"Mariana Dornelles\" \/>\n\t<meta name=\"twitter:label2\" content=\"Est. tempo de leitura\" \/>\n\t<meta name=\"twitter:data2\" content=\"2 minutos\" \/>\n<script type=\"application\/ld+json\" class=\"yoast-schema-graph\">{\"@context\":\"https:\/\/schema.org\",\"@graph\":[{\"@type\":\"Article\",\"@id\":\"https:\/\/blogs.funiber.org\/pt\/formacao-professores\/2015\/11\/19\/funiber-ensino-linguas-contextos-plurilingues#article\",\"isPartOf\":{\"@id\":\"https:\/\/blogs.funiber.org\/pt\/formacao-professores\/2015\/11\/19\/funiber-ensino-linguas-contextos-plurilingues\"},\"author\":{\"name\":\"Mariana Dornelles\",\"@id\":\"https:\/\/blogs.funiber.org\/pt\/#\/schema\/person\/cebedd0aef5286687ce641276452c76d\"},\"headline\":\"O ensino de l\u00ednguas em contextos pluril\u00edngues\",\"datePublished\":\"2015-11-19T09:43:30+00:00\",\"dateModified\":\"2015-11-19T09:43:30+00:00\",\"mainEntityOfPage\":{\"@id\":\"https:\/\/blogs.funiber.org\/pt\/formacao-professores\/2015\/11\/19\/funiber-ensino-linguas-contextos-plurilingues\"},\"wordCount\":355,\"publisher\":{\"@id\":\"https:\/\/blogs.funiber.org\/pt\/#organization\"},\"keywords\":[\"Congresso\",\"Contexto pluril\u00edngue\",\"Educa\u00e7\u00e3o\",\"Educa\u00e7\u00e3o a Dist\u00e2ncia\",\"Forma\u00e7\u00e3o de Professores\",\"Funiber\",\"L\u00ednguas estrangeiras\",\"Opini\u00e3o FUNIBER\",\"Opini\u00f5es Funiber\",\"Professores\"],\"articleSection\":[\"Educa\u00e7\u00e3o,\u00a0Forma\u00e7\u00e3o Professores\"],\"inLanguage\":\"pt-BR\"},{\"@type\":\"WebPage\",\"@id\":\"https:\/\/blogs.funiber.org\/pt\/formacao-professores\/2015\/11\/19\/funiber-ensino-linguas-contextos-plurilingues\",\"url\":\"https:\/\/blogs.funiber.org\/pt\/formacao-professores\/2015\/11\/19\/funiber-ensino-linguas-contextos-plurilingues\",\"name\":\"O ensino de l\u00ednguas em contextos pluril\u00edngues\",\"isPartOf\":{\"@id\":\"https:\/\/blogs.funiber.org\/pt\/#website\"},\"datePublished\":\"2015-11-19T09:43:30+00:00\",\"dateModified\":\"2015-11-19T09:43:30+00:00\",\"description\":\"Congresso em Alicante debate o ensino de idiomas e literatura em ambientes de contextos pluril\u00edngues\",\"breadcrumb\":{\"@id\":\"https:\/\/blogs.funiber.org\/pt\/formacao-professores\/2015\/11\/19\/funiber-ensino-linguas-contextos-plurilingues#breadcrumb\"},\"inLanguage\":\"pt-BR\",\"potentialAction\":[{\"@type\":\"ReadAction\",\"target\":[\"https:\/\/blogs.funiber.org\/pt\/formacao-professores\/2015\/11\/19\/funiber-ensino-linguas-contextos-plurilingues\"]}]},{\"@type\":\"BreadcrumbList\",\"@id\":\"https:\/\/blogs.funiber.org\/pt\/formacao-professores\/2015\/11\/19\/funiber-ensino-linguas-contextos-plurilingues#breadcrumb\",\"itemListElement\":[{\"@type\":\"ListItem\",\"position\":1,\"name\":\"In\u00edcio\",\"item\":\"https:\/\/blogs.funiber.org\/pt\"},{\"@type\":\"ListItem\",\"position\":2,\"name\":\"O ensino de l\u00ednguas em contextos pluril\u00edngues\"}]},{\"@type\":\"WebSite\",\"@id\":\"https:\/\/blogs.funiber.org\/pt\/#website\",\"url\":\"https:\/\/blogs.funiber.org\/pt\/\",\"name\":\"FuniBlogs - FUNIBER\",\"description\":\"\",\"publisher\":{\"@id\":\"https:\/\/blogs.funiber.org\/pt\/#organization\"},\"potentialAction\":[{\"@type\":\"SearchAction\",\"target\":{\"@type\":\"EntryPoint\",\"urlTemplate\":\"https:\/\/blogs.funiber.org\/pt\/?s={search_term_string}\"},\"query-input\":\"required name=search_term_string\"}],\"inLanguage\":\"pt-BR\"},{\"@type\":\"Organization\",\"@id\":\"https:\/\/blogs.funiber.org\/pt\/#organization\",\"name\":\"FuniBlogs - FUNIBER\",\"url\":\"https:\/\/blogs.funiber.org\/pt\/\",\"logo\":{\"@type\":\"ImageObject\",\"inLanguage\":\"pt-BR\",\"@id\":\"https:\/\/blogs.funiber.org\/pt\/#\/schema\/logo\/image\/\",\"url\":\"https:\/\/www.funiber.blog\/pt\/wp-content\/uploads\/2022\/02\/logo-funiber-pt-br-v-dos.svg\",\"contentUrl\":\"https:\/\/www.funiber.blog\/pt\/wp-content\/uploads\/2022\/02\/logo-funiber-pt-br-v-dos.svg\",\"width\":1,\"height\":1,\"caption\":\"FuniBlogs - FUNIBER\"},\"image\":{\"@id\":\"https:\/\/blogs.funiber.org\/pt\/#\/schema\/logo\/image\/\"},\"sameAs\":[\"https:\/\/www.facebook.com\/funiber\",\"https:\/\/twitter.com\/FUNIBER\",\"https:\/\/www.instagram.com\/funiber_becas\",\"https:\/\/www.youtube.com\/user\/funiber\",\"https:\/\/www.linkedin.com\/company\/funiber\"]},{\"@type\":\"Person\",\"@id\":\"https:\/\/blogs.funiber.org\/pt\/#\/schema\/person\/cebedd0aef5286687ce641276452c76d\",\"name\":\"Mariana Dornelles\",\"image\":{\"@type\":\"ImageObject\",\"inLanguage\":\"pt-BR\",\"@id\":\"https:\/\/blogs.funiber.org\/pt\/#\/schema\/person\/image\/\",\"url\":\"https:\/\/secure.gravatar.com\/avatar\/2fbaa65ea908e82807b005c351db3c9d?s=96&d=mm&r=g\",\"contentUrl\":\"https:\/\/secure.gravatar.com\/avatar\/2fbaa65ea908e82807b005c351db3c9d?s=96&d=mm&r=g\",\"caption\":\"Mariana Dornelles\"},\"url\":\"https:\/\/www.funiber.blog\/pt\/author\/mariana-dornelles\"}]}<\/script>\n<!-- \/ Yoast SEO plugin. -->","yoast_head_json":{"title":"O ensino de l\u00ednguas em contextos pluril\u00edngues","description":"Congresso em Alicante debate o ensino de idiomas e literatura em ambientes de contextos pluril\u00edngues","robots":{"index":"noindex","follow":"nofollow"},"og_locale":"pt_BR","og_type":"article","og_title":"O ensino de l\u00ednguas em contextos pluril\u00edngues","og_description":"Congresso em Alicante debate o ensino de idiomas e literatura em ambientes de contextos pluril\u00edngues","og_url":"https:\/\/blogs.funiber.org\/pt\/formacao-professores\/2015\/11\/19\/funiber-ensino-linguas-contextos-plurilingues","og_site_name":"FuniBlogs - FUNIBER","article_publisher":"https:\/\/www.facebook.com\/funiber","article_published_time":"2015-11-19T09:43:30+00:00","og_image":[{"width":640,"height":427,"url":"https:\/\/blogs.funiber.org\/pt\/wp-content\/uploads\/2015\/11\/iStock_000045634464_XXX-pequena.jpg","type":"image\/jpeg"}],"author":"Mariana Dornelles","twitter_card":"summary_large_image","twitter_creator":"@FUNIBER","twitter_site":"@FUNIBER","twitter_misc":{"Escrito por":"Mariana Dornelles","Est. tempo de leitura":"2 minutos"},"schema":{"@context":"https:\/\/schema.org","@graph":[{"@type":"Article","@id":"https:\/\/blogs.funiber.org\/pt\/formacao-professores\/2015\/11\/19\/funiber-ensino-linguas-contextos-plurilingues#article","isPartOf":{"@id":"https:\/\/blogs.funiber.org\/pt\/formacao-professores\/2015\/11\/19\/funiber-ensino-linguas-contextos-plurilingues"},"author":{"name":"Mariana Dornelles","@id":"https:\/\/blogs.funiber.org\/pt\/#\/schema\/person\/cebedd0aef5286687ce641276452c76d"},"headline":"O ensino de l\u00ednguas em contextos pluril\u00edngues","datePublished":"2015-11-19T09:43:30+00:00","dateModified":"2015-11-19T09:43:30+00:00","mainEntityOfPage":{"@id":"https:\/\/blogs.funiber.org\/pt\/formacao-professores\/2015\/11\/19\/funiber-ensino-linguas-contextos-plurilingues"},"wordCount":355,"publisher":{"@id":"https:\/\/blogs.funiber.org\/pt\/#organization"},"keywords":["Congresso","Contexto pluril\u00edngue","Educa\u00e7\u00e3o","Educa\u00e7\u00e3o a Dist\u00e2ncia","Forma\u00e7\u00e3o de Professores","Funiber","L\u00ednguas estrangeiras","Opini\u00e3o FUNIBER","Opini\u00f5es Funiber","Professores"],"articleSection":["Educa\u00e7\u00e3o,\u00a0Forma\u00e7\u00e3o Professores"],"inLanguage":"pt-BR"},{"@type":"WebPage","@id":"https:\/\/blogs.funiber.org\/pt\/formacao-professores\/2015\/11\/19\/funiber-ensino-linguas-contextos-plurilingues","url":"https:\/\/blogs.funiber.org\/pt\/formacao-professores\/2015\/11\/19\/funiber-ensino-linguas-contextos-plurilingues","name":"O ensino de l\u00ednguas em contextos pluril\u00edngues","isPartOf":{"@id":"https:\/\/blogs.funiber.org\/pt\/#website"},"datePublished":"2015-11-19T09:43:30+00:00","dateModified":"2015-11-19T09:43:30+00:00","description":"Congresso em Alicante debate o ensino de idiomas e literatura em ambientes de contextos pluril\u00edngues","breadcrumb":{"@id":"https:\/\/blogs.funiber.org\/pt\/formacao-professores\/2015\/11\/19\/funiber-ensino-linguas-contextos-plurilingues#breadcrumb"},"inLanguage":"pt-BR","potentialAction":[{"@type":"ReadAction","target":["https:\/\/blogs.funiber.org\/pt\/formacao-professores\/2015\/11\/19\/funiber-ensino-linguas-contextos-plurilingues"]}]},{"@type":"BreadcrumbList","@id":"https:\/\/blogs.funiber.org\/pt\/formacao-professores\/2015\/11\/19\/funiber-ensino-linguas-contextos-plurilingues#breadcrumb","itemListElement":[{"@type":"ListItem","position":1,"name":"In\u00edcio","item":"https:\/\/blogs.funiber.org\/pt"},{"@type":"ListItem","position":2,"name":"O ensino de l\u00ednguas em contextos pluril\u00edngues"}]},{"@type":"WebSite","@id":"https:\/\/blogs.funiber.org\/pt\/#website","url":"https:\/\/blogs.funiber.org\/pt\/","name":"FuniBlogs - FUNIBER","description":"","publisher":{"@id":"https:\/\/blogs.funiber.org\/pt\/#organization"},"potentialAction":[{"@type":"SearchAction","target":{"@type":"EntryPoint","urlTemplate":"https:\/\/blogs.funiber.org\/pt\/?s={search_term_string}"},"query-input":"required name=search_term_string"}],"inLanguage":"pt-BR"},{"@type":"Organization","@id":"https:\/\/blogs.funiber.org\/pt\/#organization","name":"FuniBlogs - FUNIBER","url":"https:\/\/blogs.funiber.org\/pt\/","logo":{"@type":"ImageObject","inLanguage":"pt-BR","@id":"https:\/\/blogs.funiber.org\/pt\/#\/schema\/logo\/image\/","url":"https:\/\/www.funiber.blog\/pt\/wp-content\/uploads\/2022\/02\/logo-funiber-pt-br-v-dos.svg","contentUrl":"https:\/\/www.funiber.blog\/pt\/wp-content\/uploads\/2022\/02\/logo-funiber-pt-br-v-dos.svg","width":1,"height":1,"caption":"FuniBlogs - FUNIBER"},"image":{"@id":"https:\/\/blogs.funiber.org\/pt\/#\/schema\/logo\/image\/"},"sameAs":["https:\/\/www.facebook.com\/funiber","https:\/\/twitter.com\/FUNIBER","https:\/\/www.instagram.com\/funiber_becas","https:\/\/www.youtube.com\/user\/funiber","https:\/\/www.linkedin.com\/company\/funiber"]},{"@type":"Person","@id":"https:\/\/blogs.funiber.org\/pt\/#\/schema\/person\/cebedd0aef5286687ce641276452c76d","name":"Mariana Dornelles","image":{"@type":"ImageObject","inLanguage":"pt-BR","@id":"https:\/\/blogs.funiber.org\/pt\/#\/schema\/person\/image\/","url":"https:\/\/secure.gravatar.com\/avatar\/2fbaa65ea908e82807b005c351db3c9d?s=96&d=mm&r=g","contentUrl":"https:\/\/secure.gravatar.com\/avatar\/2fbaa65ea908e82807b005c351db3c9d?s=96&d=mm&r=g","caption":"Mariana Dornelles"},"url":"https:\/\/www.funiber.blog\/pt\/author\/mariana-dornelles"}]}},"jetpack_featured_media_url":"https:\/\/www.funiber.blog\/pt\/wp-content\/uploads\/2015\/11\/iStock_000045634464_XXX-pequena.jpg","jetpack_shortlink":"https:\/\/wp.me\/p7ee1t-2cF","jetpack_sharing_enabled":true,"_links":{"self":[{"href":"https:\/\/www.funiber.blog\/pt\/wp-json\/wp\/v2\/posts\/8473"}],"collection":[{"href":"https:\/\/www.funiber.blog\/pt\/wp-json\/wp\/v2\/posts"}],"about":[{"href":"https:\/\/www.funiber.blog\/pt\/wp-json\/wp\/v2\/types\/post"}],"author":[{"embeddable":true,"href":"https:\/\/www.funiber.blog\/pt\/wp-json\/wp\/v2\/users\/16"}],"replies":[{"embeddable":true,"href":"https:\/\/www.funiber.blog\/pt\/wp-json\/wp\/v2\/comments?post=8473"}],"version-history":[{"count":4,"href":"https:\/\/www.funiber.blog\/pt\/wp-json\/wp\/v2\/posts\/8473\/revisions"}],"predecessor-version":[{"id":8478,"href":"https:\/\/www.funiber.blog\/pt\/wp-json\/wp\/v2\/posts\/8473\/revisions\/8478"}],"wp:featuredmedia":[{"embeddable":true,"href":"https:\/\/www.funiber.blog\/pt\/wp-json\/wp\/v2\/media\/8475"}],"wp:attachment":[{"href":"https:\/\/www.funiber.blog\/pt\/wp-json\/wp\/v2\/media?parent=8473"}],"wp:term":[{"taxonomy":"category","embeddable":true,"href":"https:\/\/www.funiber.blog\/pt\/wp-json\/wp\/v2\/categories?post=8473"},{"taxonomy":"post_tag","embeddable":true,"href":"https:\/\/www.funiber.blog\/pt\/wp-json\/wp\/v2\/tags?post=8473"}],"curies":[{"name":"wp","href":"https:\/\/api.w.org\/{rel}","templated":true}]}}