{"id":8479,"date":"2015-11-19T11:36:21","date_gmt":"2015-11-19T11:36:21","guid":{"rendered":"http:\/\/blogs.funiber.org\/pt\/?p=8479"},"modified":"2015-11-19T11:36:21","modified_gmt":"2015-11-19T11:36:21","slug":"funiber-diretor-instituto-potsdam-publica-livro-aquecimento-global","status":"publish","type":"post","link":"https:\/\/www.funiber.blog\/pt\/meio-ambiente\/2015\/11\/19\/funiber-diretor-instituto-potsdam-publica-livro-aquecimento-global","title":{"rendered":"Diretor do Instituto Potsdam publica livro sobre o aquecimento global"},"content":{"rendered":"<h2>Pesquisador com 30 anos de experi\u00eancia em temas de mudan\u00e7as clim\u00e1ticas e aquecimento global aponta os riscos que enfrentaremos.<\/h2>\n<p><!--more--><\/p>\n<p>Hans Joachim Schellnhuber \u00e9 o fundador e diretor do <a href=\"https:\/\/www.pik-potsdam.de\/\" target=\"_blank\">Postdam Institute para a Pesquisa do Impacto do Clima<\/a>\u00a0(PIK, por suas siglas em Alem\u00e3o), ademais de assessor do Papa Francisco em temas de Meio Ambiente, recentemente publicou um livro com um t\u00edtulo pol\u00eamico: \u201cAutocombust\u00e3o\u201d, uma vis\u00e3o do caminho que seguiremos como consequ\u00eancia do aquecimento global que criamos. \u201cA humanidade est\u00e1 a caminho para uma autocombust\u00e3o n\u00e3o desejada, se n\u00e3o alterarmos imediatamente o caminho rumo a sustentabilidade\u201d, ressaltou o pesquisador.<\/p>\n<p>Para a publica\u00e7\u00e3o deste livro, o pesquisador aproveitou sua ampla experi\u00eancia, que o levou a trabalhar para o Governo Federal Alem\u00e3o e para o Banco Mundial. Schellnhuber manifesta que poderia viver tranquilo realizando estudos sobre o Meio Ambiente, mas reconhece que tem uma responsabilidade \u201cn\u00e3o apenas de compartilhar conhecimento com outros pesquisadores, mas tamb\u00e9m com toda aquela pessoa que ser\u00e1 afetada pelo impacto da mudan\u00e7a clim\u00e1tica e aqueles que t\u00eam o poder para det\u00ea-lo\u201d, destacou.<\/p>\n<p>Schellnhuber indica que se mantivermos o consumo de combust\u00edveis f\u00f3sseis e a emiss\u00e3o de gases de efeito estufa, a temperatura poderia incrementar-se em 4 graus ao final deste s\u00e9culo e posteriormente 6 a 8 graus. Como consequ\u00eancia do aquecimento do planeta enfrentaremos riscos de \u201cmagnitudes desconhecidas\u201d, desde climas extremos e aumento no n\u00edvel do mar, at\u00e9 ondas de refugiados.<\/p>\n<p>O livro chega antes da reuni\u00e3o de l\u00edderes COP21, na qual se espera obter acordos vinculativos para reduzir o impacto do desenvolvimento humano no planeta. A reuni\u00e3o de Paris congregar\u00e1 mais de 40 mil pessoas de 190 pa\u00edses.<\/p>\n<p>O livro foi publicado em alem\u00e3o e j\u00e1 est\u00e1 dispon\u00edvel na loja Kindle do Amazon.<\/p>\n<p>As pesquisas em torno do aquecimento global s\u00e3o de especial interesse para os estudantes da \u00e1rea de <strong><a href=\"http:\/\/www.funiber.org.br\/areas-de-conhecimento\/meio-ambiente-e-desenvolvimento-sustentavel\/\" target=\"_blank\">Meio Ambiente<\/a><\/strong>\u00a0da\u00a0<strong><a href=\"http:\/\/www.funiber.org.br\/\" target=\"_blank\">FUNIBER<\/a><\/strong>; compartilhar informa\u00e7\u00e3o com pesquisadores de todo o planeta permite obter conhecimentos mais precisos sobre as mudan\u00e7as que enfrentaremos como consequ\u00eancia do aquecimento global.<\/p>\n<p>Fonte e fotografia:\u00a0<a href=\"http:\/\/fnbr.es\/1uh\" target=\"_blank\">http:\/\/fnbr.es\/1uh<\/a><\/p>\n","protected":false},"excerpt":{"rendered":"<p>Pesquisador com 30 anos de experi\u00eancia em temas de mudan\u00e7as clim\u00e1ticas e aquecimento global aponta os riscos que enfrentaremos.<\/p>\n","protected":false},"author":16,"featured_media":8481,"comment_status":"closed","ping_status":"closed","sticky":false,"template":"","format":"standard","meta":{"jetpack_post_was_ever_published":false,"_jetpack_newsletter_access":"","_jetpack_newsletter_tier_id":0,"footnotes":"","jetpack_publicize_message":"","jetpack_is_tweetstorm":false,"jetpack_publicize_feature_enabled":true,"jetpack_social_post_already_shared":false,"jetpack_social_options":{"image_generator_settings":{"template":"highway","enabled":false}}},"categories":[2],"tags":[105,285,408,248,835,641,255,888,887],"jetpack_publicize_connections":[],"yoast_head":"<!-- This site is optimized with the Yoast SEO plugin v21.7 - https:\/\/yoast.com\/wordpress\/plugins\/seo\/ -->\n<title>Schellnhuber publica livro sobre o aquecimento global<\/title>\n<meta name=\"description\" content=\"Pesquisador com 30 anos de experi\u00eancia em temas de mudan\u00e7as clim\u00e1ticas e aquecimento global aponta em sue novo livro os riscos que enfrentaremos.\" \/>\n<meta name=\"robots\" content=\"noindex, nofollow\" \/>\n<meta property=\"og:locale\" content=\"pt_BR\" \/>\n<meta property=\"og:type\" content=\"article\" \/>\n<meta property=\"og:title\" content=\"Schellnhuber publica livro sobre o aquecimento global\" \/>\n<meta property=\"og:description\" content=\"Pesquisador com 30 anos de experi\u00eancia em temas de mudan\u00e7as clim\u00e1ticas e aquecimento global aponta em sue novo livro os riscos que enfrentaremos.\" \/>\n<meta property=\"og:url\" content=\"https:\/\/blogs.funiber.org\/pt\/meio-ambiente\/2015\/11\/19\/funiber-diretor-instituto-potsdam-publica-livro-aquecimento-global\" \/>\n<meta property=\"og:site_name\" content=\"FuniBlogs - FUNIBER\" \/>\n<meta property=\"article:publisher\" content=\"https:\/\/www.facebook.com\/funiber\" \/>\n<meta property=\"article:published_time\" content=\"2015-11-19T11:36:21+00:00\" \/>\n<meta property=\"og:image\" content=\"https:\/\/blogs.funiber.org\/pt\/wp-content\/uploads\/2015\/11\/funiber-pik-aquecimento-global.jpg\" \/>\n\t<meta property=\"og:image:width\" content=\"528\" \/>\n\t<meta property=\"og:image:height\" content=\"324\" \/>\n\t<meta property=\"og:image:type\" content=\"image\/jpeg\" \/>\n<meta name=\"author\" content=\"Mariana Dornelles\" \/>\n<meta name=\"twitter:card\" content=\"summary_large_image\" \/>\n<meta name=\"twitter:creator\" content=\"@FUNIBER\" \/>\n<meta name=\"twitter:site\" content=\"@FUNIBER\" \/>\n<meta name=\"twitter:label1\" content=\"Escrito por\" \/>\n\t<meta name=\"twitter:data1\" content=\"Mariana Dornelles\" \/>\n\t<meta name=\"twitter:label2\" content=\"Est. tempo de leitura\" \/>\n\t<meta name=\"twitter:data2\" content=\"2 minutos\" \/>\n<script type=\"application\/ld+json\" class=\"yoast-schema-graph\">{\"@context\":\"https:\/\/schema.org\",\"@graph\":[{\"@type\":\"Article\",\"@id\":\"https:\/\/blogs.funiber.org\/pt\/meio-ambiente\/2015\/11\/19\/funiber-diretor-instituto-potsdam-publica-livro-aquecimento-global#article\",\"isPartOf\":{\"@id\":\"https:\/\/blogs.funiber.org\/pt\/meio-ambiente\/2015\/11\/19\/funiber-diretor-instituto-potsdam-publica-livro-aquecimento-global\"},\"author\":{\"name\":\"Mariana Dornelles\",\"@id\":\"https:\/\/blogs.funiber.org\/pt\/#\/schema\/person\/cebedd0aef5286687ce641276452c76d\"},\"headline\":\"Diretor do Instituto Potsdam publica livro sobre o aquecimento global\",\"datePublished\":\"2015-11-19T11:36:21+00:00\",\"dateModified\":\"2015-11-19T11:36:21+00:00\",\"mainEntityOfPage\":{\"@id\":\"https:\/\/blogs.funiber.org\/pt\/meio-ambiente\/2015\/11\/19\/funiber-diretor-instituto-potsdam-publica-livro-aquecimento-global\"},\"wordCount\":376,\"publisher\":{\"@id\":\"https:\/\/blogs.funiber.org\/pt\/#organization\"},\"keywords\":[\"Aquecimento Global\",\"Educa\u00e7\u00e3o\",\"Educa\u00e7\u00e3o a Dist\u00e2ncia\",\"Funiber\",\"Meio Ambiente\",\"Opini\u00e3o FUNIBER\",\"Opini\u00f5es Funiber\",\"Potsdam Institute for Climate Impact Research\",\"Schellnhuber\"],\"articleSection\":[\"Meio Ambiente\"],\"inLanguage\":\"pt-BR\"},{\"@type\":\"WebPage\",\"@id\":\"https:\/\/blogs.funiber.org\/pt\/meio-ambiente\/2015\/11\/19\/funiber-diretor-instituto-potsdam-publica-livro-aquecimento-global\",\"url\":\"https:\/\/blogs.funiber.org\/pt\/meio-ambiente\/2015\/11\/19\/funiber-diretor-instituto-potsdam-publica-livro-aquecimento-global\",\"name\":\"Schellnhuber publica livro sobre o aquecimento global\",\"isPartOf\":{\"@id\":\"https:\/\/blogs.funiber.org\/pt\/#website\"},\"datePublished\":\"2015-11-19T11:36:21+00:00\",\"dateModified\":\"2015-11-19T11:36:21+00:00\",\"description\":\"Pesquisador com 30 anos de experi\u00eancia em temas de mudan\u00e7as clim\u00e1ticas e aquecimento global aponta em sue novo livro os riscos que enfrentaremos.\",\"breadcrumb\":{\"@id\":\"https:\/\/blogs.funiber.org\/pt\/meio-ambiente\/2015\/11\/19\/funiber-diretor-instituto-potsdam-publica-livro-aquecimento-global#breadcrumb\"},\"inLanguage\":\"pt-BR\",\"potentialAction\":[{\"@type\":\"ReadAction\",\"target\":[\"https:\/\/blogs.funiber.org\/pt\/meio-ambiente\/2015\/11\/19\/funiber-diretor-instituto-potsdam-publica-livro-aquecimento-global\"]}]},{\"@type\":\"BreadcrumbList\",\"@id\":\"https:\/\/blogs.funiber.org\/pt\/meio-ambiente\/2015\/11\/19\/funiber-diretor-instituto-potsdam-publica-livro-aquecimento-global#breadcrumb\",\"itemListElement\":[{\"@type\":\"ListItem\",\"position\":1,\"name\":\"In\u00edcio\",\"item\":\"https:\/\/blogs.funiber.org\/pt\"},{\"@type\":\"ListItem\",\"position\":2,\"name\":\"Diretor do Instituto Potsdam publica livro sobre o aquecimento global\"}]},{\"@type\":\"WebSite\",\"@id\":\"https:\/\/blogs.funiber.org\/pt\/#website\",\"url\":\"https:\/\/blogs.funiber.org\/pt\/\",\"name\":\"FuniBlogs - FUNIBER\",\"description\":\"\",\"publisher\":{\"@id\":\"https:\/\/blogs.funiber.org\/pt\/#organization\"},\"potentialAction\":[{\"@type\":\"SearchAction\",\"target\":{\"@type\":\"EntryPoint\",\"urlTemplate\":\"https:\/\/blogs.funiber.org\/pt\/?s={search_term_string}\"},\"query-input\":\"required name=search_term_string\"}],\"inLanguage\":\"pt-BR\"},{\"@type\":\"Organization\",\"@id\":\"https:\/\/blogs.funiber.org\/pt\/#organization\",\"name\":\"FuniBlogs - FUNIBER\",\"url\":\"https:\/\/blogs.funiber.org\/pt\/\",\"logo\":{\"@type\":\"ImageObject\",\"inLanguage\":\"pt-BR\",\"@id\":\"https:\/\/blogs.funiber.org\/pt\/#\/schema\/logo\/image\/\",\"url\":\"https:\/\/www.funiber.blog\/pt\/wp-content\/uploads\/2022\/02\/logo-funiber-pt-br-v-dos.svg\",\"contentUrl\":\"https:\/\/www.funiber.blog\/pt\/wp-content\/uploads\/2022\/02\/logo-funiber-pt-br-v-dos.svg\",\"width\":1,\"height\":1,\"caption\":\"FuniBlogs - FUNIBER\"},\"image\":{\"@id\":\"https:\/\/blogs.funiber.org\/pt\/#\/schema\/logo\/image\/\"},\"sameAs\":[\"https:\/\/www.facebook.com\/funiber\",\"https:\/\/twitter.com\/FUNIBER\",\"https:\/\/www.instagram.com\/funiber_becas\",\"https:\/\/www.youtube.com\/user\/funiber\",\"https:\/\/www.linkedin.com\/company\/funiber\"]},{\"@type\":\"Person\",\"@id\":\"https:\/\/blogs.funiber.org\/pt\/#\/schema\/person\/cebedd0aef5286687ce641276452c76d\",\"name\":\"Mariana Dornelles\",\"image\":{\"@type\":\"ImageObject\",\"inLanguage\":\"pt-BR\",\"@id\":\"https:\/\/blogs.funiber.org\/pt\/#\/schema\/person\/image\/\",\"url\":\"https:\/\/secure.gravatar.com\/avatar\/2fbaa65ea908e82807b005c351db3c9d?s=96&d=mm&r=g\",\"contentUrl\":\"https:\/\/secure.gravatar.com\/avatar\/2fbaa65ea908e82807b005c351db3c9d?s=96&d=mm&r=g\",\"caption\":\"Mariana Dornelles\"},\"url\":\"https:\/\/www.funiber.blog\/pt\/author\/mariana-dornelles\"}]}<\/script>\n<!-- \/ Yoast SEO plugin. -->","yoast_head_json":{"title":"Schellnhuber publica livro sobre o aquecimento global","description":"Pesquisador com 30 anos de experi\u00eancia em temas de mudan\u00e7as clim\u00e1ticas e aquecimento global aponta em sue novo livro os riscos que enfrentaremos.","robots":{"index":"noindex","follow":"nofollow"},"og_locale":"pt_BR","og_type":"article","og_title":"Schellnhuber publica livro sobre o aquecimento global","og_description":"Pesquisador com 30 anos de experi\u00eancia em temas de mudan\u00e7as clim\u00e1ticas e aquecimento global aponta em sue novo livro os riscos que enfrentaremos.","og_url":"https:\/\/blogs.funiber.org\/pt\/meio-ambiente\/2015\/11\/19\/funiber-diretor-instituto-potsdam-publica-livro-aquecimento-global","og_site_name":"FuniBlogs - FUNIBER","article_publisher":"https:\/\/www.facebook.com\/funiber","article_published_time":"2015-11-19T11:36:21+00:00","og_image":[{"width":528,"height":324,"url":"https:\/\/blogs.funiber.org\/pt\/wp-content\/uploads\/2015\/11\/funiber-pik-aquecimento-global.jpg","type":"image\/jpeg"}],"author":"Mariana Dornelles","twitter_card":"summary_large_image","twitter_creator":"@FUNIBER","twitter_site":"@FUNIBER","twitter_misc":{"Escrito por":"Mariana Dornelles","Est. tempo de leitura":"2 minutos"},"schema":{"@context":"https:\/\/schema.org","@graph":[{"@type":"Article","@id":"https:\/\/blogs.funiber.org\/pt\/meio-ambiente\/2015\/11\/19\/funiber-diretor-instituto-potsdam-publica-livro-aquecimento-global#article","isPartOf":{"@id":"https:\/\/blogs.funiber.org\/pt\/meio-ambiente\/2015\/11\/19\/funiber-diretor-instituto-potsdam-publica-livro-aquecimento-global"},"author":{"name":"Mariana Dornelles","@id":"https:\/\/blogs.funiber.org\/pt\/#\/schema\/person\/cebedd0aef5286687ce641276452c76d"},"headline":"Diretor do Instituto Potsdam publica livro sobre o aquecimento global","datePublished":"2015-11-19T11:36:21+00:00","dateModified":"2015-11-19T11:36:21+00:00","mainEntityOfPage":{"@id":"https:\/\/blogs.funiber.org\/pt\/meio-ambiente\/2015\/11\/19\/funiber-diretor-instituto-potsdam-publica-livro-aquecimento-global"},"wordCount":376,"publisher":{"@id":"https:\/\/blogs.funiber.org\/pt\/#organization"},"keywords":["Aquecimento Global","Educa\u00e7\u00e3o","Educa\u00e7\u00e3o a Dist\u00e2ncia","Funiber","Meio Ambiente","Opini\u00e3o FUNIBER","Opini\u00f5es Funiber","Potsdam Institute for Climate Impact Research","Schellnhuber"],"articleSection":["Meio Ambiente"],"inLanguage":"pt-BR"},{"@type":"WebPage","@id":"https:\/\/blogs.funiber.org\/pt\/meio-ambiente\/2015\/11\/19\/funiber-diretor-instituto-potsdam-publica-livro-aquecimento-global","url":"https:\/\/blogs.funiber.org\/pt\/meio-ambiente\/2015\/11\/19\/funiber-diretor-instituto-potsdam-publica-livro-aquecimento-global","name":"Schellnhuber publica livro sobre o aquecimento global","isPartOf":{"@id":"https:\/\/blogs.funiber.org\/pt\/#website"},"datePublished":"2015-11-19T11:36:21+00:00","dateModified":"2015-11-19T11:36:21+00:00","description":"Pesquisador com 30 anos de experi\u00eancia em temas de mudan\u00e7as clim\u00e1ticas e aquecimento global aponta em sue novo livro os riscos que enfrentaremos.","breadcrumb":{"@id":"https:\/\/blogs.funiber.org\/pt\/meio-ambiente\/2015\/11\/19\/funiber-diretor-instituto-potsdam-publica-livro-aquecimento-global#breadcrumb"},"inLanguage":"pt-BR","potentialAction":[{"@type":"ReadAction","target":["https:\/\/blogs.funiber.org\/pt\/meio-ambiente\/2015\/11\/19\/funiber-diretor-instituto-potsdam-publica-livro-aquecimento-global"]}]},{"@type":"BreadcrumbList","@id":"https:\/\/blogs.funiber.org\/pt\/meio-ambiente\/2015\/11\/19\/funiber-diretor-instituto-potsdam-publica-livro-aquecimento-global#breadcrumb","itemListElement":[{"@type":"ListItem","position":1,"name":"In\u00edcio","item":"https:\/\/blogs.funiber.org\/pt"},{"@type":"ListItem","position":2,"name":"Diretor do Instituto Potsdam publica livro sobre o aquecimento global"}]},{"@type":"WebSite","@id":"https:\/\/blogs.funiber.org\/pt\/#website","url":"https:\/\/blogs.funiber.org\/pt\/","name":"FuniBlogs - FUNIBER","description":"","publisher":{"@id":"https:\/\/blogs.funiber.org\/pt\/#organization"},"potentialAction":[{"@type":"SearchAction","target":{"@type":"EntryPoint","urlTemplate":"https:\/\/blogs.funiber.org\/pt\/?s={search_term_string}"},"query-input":"required name=search_term_string"}],"inLanguage":"pt-BR"},{"@type":"Organization","@id":"https:\/\/blogs.funiber.org\/pt\/#organization","name":"FuniBlogs - FUNIBER","url":"https:\/\/blogs.funiber.org\/pt\/","logo":{"@type":"ImageObject","inLanguage":"pt-BR","@id":"https:\/\/blogs.funiber.org\/pt\/#\/schema\/logo\/image\/","url":"https:\/\/www.funiber.blog\/pt\/wp-content\/uploads\/2022\/02\/logo-funiber-pt-br-v-dos.svg","contentUrl":"https:\/\/www.funiber.blog\/pt\/wp-content\/uploads\/2022\/02\/logo-funiber-pt-br-v-dos.svg","width":1,"height":1,"caption":"FuniBlogs - FUNIBER"},"image":{"@id":"https:\/\/blogs.funiber.org\/pt\/#\/schema\/logo\/image\/"},"sameAs":["https:\/\/www.facebook.com\/funiber","https:\/\/twitter.com\/FUNIBER","https:\/\/www.instagram.com\/funiber_becas","https:\/\/www.youtube.com\/user\/funiber","https:\/\/www.linkedin.com\/company\/funiber"]},{"@type":"Person","@id":"https:\/\/blogs.funiber.org\/pt\/#\/schema\/person\/cebedd0aef5286687ce641276452c76d","name":"Mariana Dornelles","image":{"@type":"ImageObject","inLanguage":"pt-BR","@id":"https:\/\/blogs.funiber.org\/pt\/#\/schema\/person\/image\/","url":"https:\/\/secure.gravatar.com\/avatar\/2fbaa65ea908e82807b005c351db3c9d?s=96&d=mm&r=g","contentUrl":"https:\/\/secure.gravatar.com\/avatar\/2fbaa65ea908e82807b005c351db3c9d?s=96&d=mm&r=g","caption":"Mariana Dornelles"},"url":"https:\/\/www.funiber.blog\/pt\/author\/mariana-dornelles"}]}},"jetpack_featured_media_url":"https:\/\/www.funiber.blog\/pt\/wp-content\/uploads\/2015\/11\/funiber-pik-aquecimento-global.jpg","jetpack_shortlink":"https:\/\/wp.me\/p7ee1t-2cL","jetpack_sharing_enabled":true,"_links":{"self":[{"href":"https:\/\/www.funiber.blog\/pt\/wp-json\/wp\/v2\/posts\/8479"}],"collection":[{"href":"https:\/\/www.funiber.blog\/pt\/wp-json\/wp\/v2\/posts"}],"about":[{"href":"https:\/\/www.funiber.blog\/pt\/wp-json\/wp\/v2\/types\/post"}],"author":[{"embeddable":true,"href":"https:\/\/www.funiber.blog\/pt\/wp-json\/wp\/v2\/users\/16"}],"replies":[{"embeddable":true,"href":"https:\/\/www.funiber.blog\/pt\/wp-json\/wp\/v2\/comments?post=8479"}],"version-history":[{"count":3,"href":"https:\/\/www.funiber.blog\/pt\/wp-json\/wp\/v2\/posts\/8479\/revisions"}],"predecessor-version":[{"id":8483,"href":"https:\/\/www.funiber.blog\/pt\/wp-json\/wp\/v2\/posts\/8479\/revisions\/8483"}],"wp:featuredmedia":[{"embeddable":true,"href":"https:\/\/www.funiber.blog\/pt\/wp-json\/wp\/v2\/media\/8481"}],"wp:attachment":[{"href":"https:\/\/www.funiber.blog\/pt\/wp-json\/wp\/v2\/media?parent=8479"}],"wp:term":[{"taxonomy":"category","embeddable":true,"href":"https:\/\/www.funiber.blog\/pt\/wp-json\/wp\/v2\/categories?post=8479"},{"taxonomy":"post_tag","embeddable":true,"href":"https:\/\/www.funiber.blog\/pt\/wp-json\/wp\/v2\/tags?post=8479"}],"curies":[{"name":"wp","href":"https:\/\/api.w.org\/{rel}","templated":true}]}}