{"id":8567,"date":"2015-12-15T08:05:42","date_gmt":"2015-12-15T08:05:42","guid":{"rendered":"https:\/\/blogs.funiber.org\/pt\/?p=8567"},"modified":"2015-12-15T08:05:42","modified_gmt":"2015-12-15T08:05:42","slug":"funiber-japao-decide-retomar-programa-caca-baleias","status":"publish","type":"post","link":"https:\/\/www.funiber.blog\/pt\/meio-ambiente\/2015\/12\/15\/funiber-japao-decide-retomar-programa-caca-baleias","title":{"rendered":"Jap\u00e3o decide retomar seu programa de ca\u00e7a \u00e0s baleias"},"content":{"rendered":"<p><strong>Autoridades indicaram que a ca\u00e7a ter\u00e1 fins cient\u00edficos<\/strong><\/p>\n<p>O Jap\u00e3o anunciou que <strong>reatar\u00e1 seu programa de ca\u00e7a de baleias com fins cient\u00edficos na Ant\u00e1rtida,<\/strong> apesar da Corte Internacional de Justi\u00e7a (CIJ) ter recomendado ao pa\u00eds cessar a ca\u00e7a de cet\u00e1ceos nesta regi\u00e3o. <!--more-->A frota baleeira do Jap\u00e3o iniciaria suas atividades em algumas semanas e informou-se que <strong>capturariam 333 baleias-minke, uma quantidade que representa um ter\u00e7o das capturas previamente programadas.<\/strong> Representantes dos governos do Reino Unido, Austr\u00e1lia e Nova Zel\u00e2ndia criticaram as a\u00e7\u00f5es japonesas.<\/p>\n<p>Indicou-se que as capturas de baleias t\u00eam como <strong>finalidade analisar o impacto destes animais sobre os recursos marinhos,<\/strong> analisando o conte\u00fado dos sistemas digestivos dos cet\u00e1ceos. Outra pesquisa, sob dire\u00e7\u00e3o de Seiji Shioda da Faculdade Farmac\u00eautica da Universidade de Hoshi, aparentemente <strong>conseguiu resultados positivos ao tratar ratos que sofriam de Alzheimer e foram alimentados com uma subst\u00e2ncia extra\u00edda da carne de baleia.<\/strong><\/p>\n<p>A CIJ considera que a atividade de captura de esp\u00e9cies desenvolvida pela frota japonesa <strong>n\u00e3o se ajusta aos crit\u00e9rios cient\u00edficos<\/strong> estabelecidos pela Comiss\u00e3o Baleeira Internacional.<\/p>\n<p>O Jap\u00e3o apresentou um <strong>novo plano de captura de cet\u00e1ceos<\/strong> no qual se projeta uma captura de <strong>4000 baleias-minke<\/strong> nos pr\u00f3ximos 12 anos, e ressaltou que restringiu a captura a 333 exemplares. Entretanto, estas medidas n\u00e3o resultaram suficientes para os opositores.<\/p>\n<p>O Ministro do Meio Ambiente da Austr\u00e1lia, Greg Hunt, apontou que seu pa\u00eds n\u00e3o aceita de nenhuma forma o conceito de \u201cpesquisa cient\u00edfica\u201d que se aplicou \u00e0 ca\u00e7a de cet\u00e1ceos. Por sua parte, o Primeiro-Ministro da Austr\u00e1lia, Malcolm Turnbull, manifestou recentemente que seu governo recomenda ao governo do Jap\u00e3o \u201ccessar suas atividades de ca\u00e7a \u00e0s baleias em qualquer momento, temporada ou ano\u201d.<\/p>\n<p>A <strong><a href=\"http:\/\/www.funiber.org.br\/\" target=\"_blank\">FUNIBER<\/a>\u00a0<\/strong>proporciona acesso \u00e0s Especializa\u00e7\u00f5es e Mestrados \u00e0 dist\u00e2ncia\u00a0que permitem aos profissionais da <strong><a href=\"http:\/\/www.funiber.org.br\/areas-de-conhecimento\/meio-ambiente-e-desenvolvimento-sustentavel\/\" target=\"_blank\">\u00e1rea de Meio Ambiente<\/a><\/strong>\u00a0atualizar seus conhecimentos para desenvolver estrat\u00e9gias que lhes permitam proteger a fauna amea\u00e7ada em suas respectivas regi\u00f5es.<\/p>\n<p>Fontes:\u00a0<a href=\"http:\/\/fnbr.es\/1wd\" target=\"_blank\">http:\/\/fnbr.es\/1wd<\/a>,\u00a0<a href=\"http:\/\/fnbr.es\/1we\" target=\"_blank\">http:\/\/fnbr.es\/1we<\/a>,\u00a0<a href=\"http:\/\/fnbr.es\/1wf\" target=\"_blank\">http:\/\/fnbr.es\/1wf<\/a><\/p>\n<p>Foto: Alguns direitos reservados por <a href=\"https:\/\/www.flickr.com\/photos\/suckamc\/826716983\/sizes\/m\/\" target=\"_blank\">Martin Cathrae<\/a><\/p>\n","protected":false},"excerpt":{"rendered":"<p>Autoridades indicaram que a ca\u00e7a ter\u00e1 fins cient\u00edficos O Jap\u00e3o anunciou que reatar\u00e1 seu programa de ca\u00e7a de baleias com fins cient\u00edficos na Ant\u00e1rtida, apesar da Corte Internacional de Justi\u00e7a (CIJ) ter recomendado ao pa\u00eds cessar a ca\u00e7a de cet\u00e1ceos nesta regi\u00e3o.<\/p>\n","protected":false},"author":16,"featured_media":8569,"comment_status":"closed","ping_status":"closed","sticky":false,"template":"","format":"standard","meta":{"jetpack_post_was_ever_published":false,"_jetpack_newsletter_access":"","_jetpack_newsletter_tier_id":0,"footnotes":"","jetpack_publicize_message":"","jetpack_is_tweetstorm":false,"jetpack_publicize_feature_enabled":true,"jetpack_social_post_already_shared":false,"jetpack_social_options":{"image_generator_settings":{"template":"highway","enabled":false}}},"categories":[2],"tags":[904,905,213,285,408,248,906,835,641,255,84],"jetpack_publicize_connections":[],"yoast_head":"<!-- This site is optimized with the Yoast SEO plugin v21.7 - https:\/\/yoast.com\/wordpress\/plugins\/seo\/ -->\n<title>Jap\u00e3o decide retomar seu programa de ca\u00e7a \u00e0s baleias<\/title>\n<meta name=\"description\" content=\"Jap\u00e3o decide retomar seu programa de ca\u00e7a \u00e0s baleias para fins cient\u00edficos.\" \/>\n<meta name=\"robots\" content=\"noindex, nofollow\" \/>\n<meta property=\"og:locale\" content=\"pt_BR\" \/>\n<meta property=\"og:type\" content=\"article\" \/>\n<meta property=\"og:title\" content=\"Jap\u00e3o decide retomar seu programa de ca\u00e7a \u00e0s baleias\" \/>\n<meta property=\"og:description\" content=\"Jap\u00e3o decide retomar seu programa de ca\u00e7a \u00e0s baleias para fins cient\u00edficos.\" \/>\n<meta property=\"og:url\" content=\"https:\/\/blogs.funiber.org\/pt\/meio-ambiente\/2015\/12\/15\/funiber-japao-decide-retomar-programa-caca-baleias\" \/>\n<meta property=\"og:site_name\" content=\"FuniBlogs - FUNIBER\" \/>\n<meta property=\"article:publisher\" content=\"https:\/\/www.facebook.com\/funiber\" \/>\n<meta property=\"article:published_time\" content=\"2015-12-15T08:05:42+00:00\" \/>\n<meta property=\"og:image\" content=\"https:\/\/blogs.funiber.org\/pt\/wp-content\/uploads\/2015\/11\/funiber-baleia.jpg\" \/>\n\t<meta property=\"og:image:width\" content=\"500\" \/>\n\t<meta property=\"og:image:height\" content=\"333\" \/>\n\t<meta property=\"og:image:type\" content=\"image\/jpeg\" \/>\n<meta name=\"author\" content=\"Mariana Dornelles\" \/>\n<meta name=\"twitter:card\" content=\"summary_large_image\" \/>\n<meta name=\"twitter:creator\" content=\"@FUNIBER\" \/>\n<meta name=\"twitter:site\" content=\"@FUNIBER\" \/>\n<meta name=\"twitter:label1\" content=\"Escrito por\" \/>\n\t<meta name=\"twitter:data1\" content=\"Mariana Dornelles\" \/>\n\t<meta name=\"twitter:label2\" content=\"Est. tempo de leitura\" \/>\n\t<meta name=\"twitter:data2\" content=\"2 minutos\" \/>\n<script type=\"application\/ld+json\" class=\"yoast-schema-graph\">{\"@context\":\"https:\/\/schema.org\",\"@graph\":[{\"@type\":\"Article\",\"@id\":\"https:\/\/blogs.funiber.org\/pt\/meio-ambiente\/2015\/12\/15\/funiber-japao-decide-retomar-programa-caca-baleias#article\",\"isPartOf\":{\"@id\":\"https:\/\/blogs.funiber.org\/pt\/meio-ambiente\/2015\/12\/15\/funiber-japao-decide-retomar-programa-caca-baleias\"},\"author\":{\"name\":\"Mariana Dornelles\",\"@id\":\"https:\/\/blogs.funiber.org\/pt\/#\/schema\/person\/cebedd0aef5286687ce641276452c76d\"},\"headline\":\"Jap\u00e3o decide retomar seu programa de ca\u00e7a \u00e0s baleias\",\"datePublished\":\"2015-12-15T08:05:42+00:00\",\"dateModified\":\"2015-12-15T08:05:42+00:00\",\"mainEntityOfPage\":{\"@id\":\"https:\/\/blogs.funiber.org\/pt\/meio-ambiente\/2015\/12\/15\/funiber-japao-decide-retomar-programa-caca-baleias\"},\"wordCount\":380,\"publisher\":{\"@id\":\"https:\/\/blogs.funiber.org\/pt\/#organization\"},\"keywords\":[\"Baleias\",\"Ca\u00e7a \u00e0s baleias\",\"Conserva\u00e7\u00e3o\",\"Educa\u00e7\u00e3o\",\"Educa\u00e7\u00e3o a Dist\u00e2ncia\",\"Funiber\",\"Jap\u00e3o\",\"Meio Ambiente\",\"Opini\u00e3o FUNIBER\",\"Opini\u00f5es Funiber\",\"Sustentabilidade\"],\"articleSection\":[\"Meio Ambiente\"],\"inLanguage\":\"pt-BR\"},{\"@type\":\"WebPage\",\"@id\":\"https:\/\/blogs.funiber.org\/pt\/meio-ambiente\/2015\/12\/15\/funiber-japao-decide-retomar-programa-caca-baleias\",\"url\":\"https:\/\/blogs.funiber.org\/pt\/meio-ambiente\/2015\/12\/15\/funiber-japao-decide-retomar-programa-caca-baleias\",\"name\":\"Jap\u00e3o decide retomar seu programa de ca\u00e7a \u00e0s baleias\",\"isPartOf\":{\"@id\":\"https:\/\/blogs.funiber.org\/pt\/#website\"},\"datePublished\":\"2015-12-15T08:05:42+00:00\",\"dateModified\":\"2015-12-15T08:05:42+00:00\",\"description\":\"Jap\u00e3o decide retomar seu programa de ca\u00e7a \u00e0s baleias para fins cient\u00edficos.\",\"breadcrumb\":{\"@id\":\"https:\/\/blogs.funiber.org\/pt\/meio-ambiente\/2015\/12\/15\/funiber-japao-decide-retomar-programa-caca-baleias#breadcrumb\"},\"inLanguage\":\"pt-BR\",\"potentialAction\":[{\"@type\":\"ReadAction\",\"target\":[\"https:\/\/blogs.funiber.org\/pt\/meio-ambiente\/2015\/12\/15\/funiber-japao-decide-retomar-programa-caca-baleias\"]}]},{\"@type\":\"BreadcrumbList\",\"@id\":\"https:\/\/blogs.funiber.org\/pt\/meio-ambiente\/2015\/12\/15\/funiber-japao-decide-retomar-programa-caca-baleias#breadcrumb\",\"itemListElement\":[{\"@type\":\"ListItem\",\"position\":1,\"name\":\"In\u00edcio\",\"item\":\"https:\/\/blogs.funiber.org\/pt\"},{\"@type\":\"ListItem\",\"position\":2,\"name\":\"Jap\u00e3o decide retomar seu programa de ca\u00e7a \u00e0s baleias\"}]},{\"@type\":\"WebSite\",\"@id\":\"https:\/\/blogs.funiber.org\/pt\/#website\",\"url\":\"https:\/\/blogs.funiber.org\/pt\/\",\"name\":\"FuniBlogs - FUNIBER\",\"description\":\"\",\"publisher\":{\"@id\":\"https:\/\/blogs.funiber.org\/pt\/#organization\"},\"potentialAction\":[{\"@type\":\"SearchAction\",\"target\":{\"@type\":\"EntryPoint\",\"urlTemplate\":\"https:\/\/blogs.funiber.org\/pt\/?s={search_term_string}\"},\"query-input\":\"required name=search_term_string\"}],\"inLanguage\":\"pt-BR\"},{\"@type\":\"Organization\",\"@id\":\"https:\/\/blogs.funiber.org\/pt\/#organization\",\"name\":\"FuniBlogs - FUNIBER\",\"url\":\"https:\/\/blogs.funiber.org\/pt\/\",\"logo\":{\"@type\":\"ImageObject\",\"inLanguage\":\"pt-BR\",\"@id\":\"https:\/\/blogs.funiber.org\/pt\/#\/schema\/logo\/image\/\",\"url\":\"https:\/\/www.funiber.blog\/pt\/wp-content\/uploads\/2022\/02\/logo-funiber-pt-br-v-dos.svg\",\"contentUrl\":\"https:\/\/www.funiber.blog\/pt\/wp-content\/uploads\/2022\/02\/logo-funiber-pt-br-v-dos.svg\",\"width\":1,\"height\":1,\"caption\":\"FuniBlogs - FUNIBER\"},\"image\":{\"@id\":\"https:\/\/blogs.funiber.org\/pt\/#\/schema\/logo\/image\/\"},\"sameAs\":[\"https:\/\/www.facebook.com\/funiber\",\"https:\/\/twitter.com\/FUNIBER\",\"https:\/\/www.instagram.com\/funiber_becas\",\"https:\/\/www.youtube.com\/user\/funiber\",\"https:\/\/www.linkedin.com\/company\/funiber\"]},{\"@type\":\"Person\",\"@id\":\"https:\/\/blogs.funiber.org\/pt\/#\/schema\/person\/cebedd0aef5286687ce641276452c76d\",\"name\":\"Mariana Dornelles\",\"image\":{\"@type\":\"ImageObject\",\"inLanguage\":\"pt-BR\",\"@id\":\"https:\/\/blogs.funiber.org\/pt\/#\/schema\/person\/image\/\",\"url\":\"https:\/\/secure.gravatar.com\/avatar\/2fbaa65ea908e82807b005c351db3c9d?s=96&d=mm&r=g\",\"contentUrl\":\"https:\/\/secure.gravatar.com\/avatar\/2fbaa65ea908e82807b005c351db3c9d?s=96&d=mm&r=g\",\"caption\":\"Mariana Dornelles\"},\"url\":\"https:\/\/www.funiber.blog\/pt\/author\/mariana-dornelles\"}]}<\/script>\n<!-- \/ Yoast SEO plugin. -->","yoast_head_json":{"title":"Jap\u00e3o decide retomar seu programa de ca\u00e7a \u00e0s baleias","description":"Jap\u00e3o decide retomar seu programa de ca\u00e7a \u00e0s baleias para fins cient\u00edficos.","robots":{"index":"noindex","follow":"nofollow"},"og_locale":"pt_BR","og_type":"article","og_title":"Jap\u00e3o decide retomar seu programa de ca\u00e7a \u00e0s baleias","og_description":"Jap\u00e3o decide retomar seu programa de ca\u00e7a \u00e0s baleias para fins cient\u00edficos.","og_url":"https:\/\/blogs.funiber.org\/pt\/meio-ambiente\/2015\/12\/15\/funiber-japao-decide-retomar-programa-caca-baleias","og_site_name":"FuniBlogs - FUNIBER","article_publisher":"https:\/\/www.facebook.com\/funiber","article_published_time":"2015-12-15T08:05:42+00:00","og_image":[{"width":500,"height":333,"url":"https:\/\/blogs.funiber.org\/pt\/wp-content\/uploads\/2015\/11\/funiber-baleia.jpg","type":"image\/jpeg"}],"author":"Mariana Dornelles","twitter_card":"summary_large_image","twitter_creator":"@FUNIBER","twitter_site":"@FUNIBER","twitter_misc":{"Escrito por":"Mariana Dornelles","Est. tempo de leitura":"2 minutos"},"schema":{"@context":"https:\/\/schema.org","@graph":[{"@type":"Article","@id":"https:\/\/blogs.funiber.org\/pt\/meio-ambiente\/2015\/12\/15\/funiber-japao-decide-retomar-programa-caca-baleias#article","isPartOf":{"@id":"https:\/\/blogs.funiber.org\/pt\/meio-ambiente\/2015\/12\/15\/funiber-japao-decide-retomar-programa-caca-baleias"},"author":{"name":"Mariana Dornelles","@id":"https:\/\/blogs.funiber.org\/pt\/#\/schema\/person\/cebedd0aef5286687ce641276452c76d"},"headline":"Jap\u00e3o decide retomar seu programa de ca\u00e7a \u00e0s baleias","datePublished":"2015-12-15T08:05:42+00:00","dateModified":"2015-12-15T08:05:42+00:00","mainEntityOfPage":{"@id":"https:\/\/blogs.funiber.org\/pt\/meio-ambiente\/2015\/12\/15\/funiber-japao-decide-retomar-programa-caca-baleias"},"wordCount":380,"publisher":{"@id":"https:\/\/blogs.funiber.org\/pt\/#organization"},"keywords":["Baleias","Ca\u00e7a \u00e0s baleias","Conserva\u00e7\u00e3o","Educa\u00e7\u00e3o","Educa\u00e7\u00e3o a Dist\u00e2ncia","Funiber","Jap\u00e3o","Meio Ambiente","Opini\u00e3o FUNIBER","Opini\u00f5es Funiber","Sustentabilidade"],"articleSection":["Meio Ambiente"],"inLanguage":"pt-BR"},{"@type":"WebPage","@id":"https:\/\/blogs.funiber.org\/pt\/meio-ambiente\/2015\/12\/15\/funiber-japao-decide-retomar-programa-caca-baleias","url":"https:\/\/blogs.funiber.org\/pt\/meio-ambiente\/2015\/12\/15\/funiber-japao-decide-retomar-programa-caca-baleias","name":"Jap\u00e3o decide retomar seu programa de ca\u00e7a \u00e0s baleias","isPartOf":{"@id":"https:\/\/blogs.funiber.org\/pt\/#website"},"datePublished":"2015-12-15T08:05:42+00:00","dateModified":"2015-12-15T08:05:42+00:00","description":"Jap\u00e3o decide retomar seu programa de ca\u00e7a \u00e0s baleias para fins cient\u00edficos.","breadcrumb":{"@id":"https:\/\/blogs.funiber.org\/pt\/meio-ambiente\/2015\/12\/15\/funiber-japao-decide-retomar-programa-caca-baleias#breadcrumb"},"inLanguage":"pt-BR","potentialAction":[{"@type":"ReadAction","target":["https:\/\/blogs.funiber.org\/pt\/meio-ambiente\/2015\/12\/15\/funiber-japao-decide-retomar-programa-caca-baleias"]}]},{"@type":"BreadcrumbList","@id":"https:\/\/blogs.funiber.org\/pt\/meio-ambiente\/2015\/12\/15\/funiber-japao-decide-retomar-programa-caca-baleias#breadcrumb","itemListElement":[{"@type":"ListItem","position":1,"name":"In\u00edcio","item":"https:\/\/blogs.funiber.org\/pt"},{"@type":"ListItem","position":2,"name":"Jap\u00e3o decide retomar seu programa de ca\u00e7a \u00e0s baleias"}]},{"@type":"WebSite","@id":"https:\/\/blogs.funiber.org\/pt\/#website","url":"https:\/\/blogs.funiber.org\/pt\/","name":"FuniBlogs - FUNIBER","description":"","publisher":{"@id":"https:\/\/blogs.funiber.org\/pt\/#organization"},"potentialAction":[{"@type":"SearchAction","target":{"@type":"EntryPoint","urlTemplate":"https:\/\/blogs.funiber.org\/pt\/?s={search_term_string}"},"query-input":"required name=search_term_string"}],"inLanguage":"pt-BR"},{"@type":"Organization","@id":"https:\/\/blogs.funiber.org\/pt\/#organization","name":"FuniBlogs - FUNIBER","url":"https:\/\/blogs.funiber.org\/pt\/","logo":{"@type":"ImageObject","inLanguage":"pt-BR","@id":"https:\/\/blogs.funiber.org\/pt\/#\/schema\/logo\/image\/","url":"https:\/\/www.funiber.blog\/pt\/wp-content\/uploads\/2022\/02\/logo-funiber-pt-br-v-dos.svg","contentUrl":"https:\/\/www.funiber.blog\/pt\/wp-content\/uploads\/2022\/02\/logo-funiber-pt-br-v-dos.svg","width":1,"height":1,"caption":"FuniBlogs - FUNIBER"},"image":{"@id":"https:\/\/blogs.funiber.org\/pt\/#\/schema\/logo\/image\/"},"sameAs":["https:\/\/www.facebook.com\/funiber","https:\/\/twitter.com\/FUNIBER","https:\/\/www.instagram.com\/funiber_becas","https:\/\/www.youtube.com\/user\/funiber","https:\/\/www.linkedin.com\/company\/funiber"]},{"@type":"Person","@id":"https:\/\/blogs.funiber.org\/pt\/#\/schema\/person\/cebedd0aef5286687ce641276452c76d","name":"Mariana Dornelles","image":{"@type":"ImageObject","inLanguage":"pt-BR","@id":"https:\/\/blogs.funiber.org\/pt\/#\/schema\/person\/image\/","url":"https:\/\/secure.gravatar.com\/avatar\/2fbaa65ea908e82807b005c351db3c9d?s=96&d=mm&r=g","contentUrl":"https:\/\/secure.gravatar.com\/avatar\/2fbaa65ea908e82807b005c351db3c9d?s=96&d=mm&r=g","caption":"Mariana Dornelles"},"url":"https:\/\/www.funiber.blog\/pt\/author\/mariana-dornelles"}]}},"jetpack_featured_media_url":"https:\/\/www.funiber.blog\/pt\/wp-content\/uploads\/2015\/11\/funiber-baleia.jpg","jetpack_shortlink":"https:\/\/wp.me\/p7ee1t-2eb","jetpack_sharing_enabled":true,"_links":{"self":[{"href":"https:\/\/www.funiber.blog\/pt\/wp-json\/wp\/v2\/posts\/8567"}],"collection":[{"href":"https:\/\/www.funiber.blog\/pt\/wp-json\/wp\/v2\/posts"}],"about":[{"href":"https:\/\/www.funiber.blog\/pt\/wp-json\/wp\/v2\/types\/post"}],"author":[{"embeddable":true,"href":"https:\/\/www.funiber.blog\/pt\/wp-json\/wp\/v2\/users\/16"}],"replies":[{"embeddable":true,"href":"https:\/\/www.funiber.blog\/pt\/wp-json\/wp\/v2\/comments?post=8567"}],"version-history":[{"count":3,"href":"https:\/\/www.funiber.blog\/pt\/wp-json\/wp\/v2\/posts\/8567\/revisions"}],"predecessor-version":[{"id":8776,"href":"https:\/\/www.funiber.blog\/pt\/wp-json\/wp\/v2\/posts\/8567\/revisions\/8776"}],"wp:featuredmedia":[{"embeddable":true,"href":"https:\/\/www.funiber.blog\/pt\/wp-json\/wp\/v2\/media\/8569"}],"wp:attachment":[{"href":"https:\/\/www.funiber.blog\/pt\/wp-json\/wp\/v2\/media?parent=8567"}],"wp:term":[{"taxonomy":"category","embeddable":true,"href":"https:\/\/www.funiber.blog\/pt\/wp-json\/wp\/v2\/categories?post=8567"},{"taxonomy":"post_tag","embeddable":true,"href":"https:\/\/www.funiber.blog\/pt\/wp-json\/wp\/v2\/tags?post=8567"}],"curies":[{"name":"wp","href":"https:\/\/api.w.org\/{rel}","templated":true}]}}