{"id":8577,"date":"2015-12-01T11:58:41","date_gmt":"2015-12-01T11:58:41","guid":{"rendered":"http:\/\/blogs.funiber.org\/pt\/?p=8577"},"modified":"2015-12-01T11:58:41","modified_gmt":"2015-12-01T11:58:41","slug":"funiber-vitimas-aquecimento-global-kivalina","status":"publish","type":"post","link":"https:\/\/www.funiber.blog\/pt\/meio-ambiente\/2015\/12\/01\/funiber-vitimas-aquecimento-global-kivalina","title":{"rendered":"V\u00edtimas do aquecimento global: Kivalina"},"content":{"rendered":"<h2>Um povoado de esquim\u00f3s no Alaska desapareceria brevemente pelo aumento do n\u00edvel do mar.<\/h2>\n<p><!--more--><\/p>\n<p>O Corpo de Engenharia da Armada dos Estados Unidos estima que o<strong> crescimento do n\u00edvel do mar destruir\u00e1 Kivalina em 10 anos<\/strong>. Este pequeno povoado localizado no Alaska conta com a supervis\u00e3o de autoridades dos Estados Unidos, e inclusive com a ajuda do governo n\u00e3o se chegou a uma solu\u00e7\u00e3o. Neste momento, <strong>os habitantes do lugar pedem ajuda para serem remanejados<\/strong>. As condi\u00e7\u00f5es de vida s\u00e3o muito duras: aglomera\u00e7\u00e3o, dificuldades para a ca\u00e7a e pobres condi\u00e7\u00f5es sanit\u00e1rias afetam os habitantes do local.<\/p>\n<p>Kivalina \u00e9 uma <strong>pequena ilha habitada por 400 esquim\u00f3s inuits,<\/strong> a vila est\u00e1 localizada em uma barreira de recifes, mas o territ\u00f3rio habit\u00e1vel reduz-se a cada tormenta. Barack Obama visitou a ilha para conhecer as condi\u00e7\u00f5es de vida no lugar e a situa\u00e7\u00e3o que encontrou \u00e9 preocupante, principalmente do ponto de vista econ\u00f4mico. O <strong>remanejamento das fam\u00edlias para outra regi\u00e3o teria custos muito elevados<\/strong>, teria que investir-se quase 225 milh\u00f5es de d\u00f3lares para remanejar o povoado inteiro.<\/p>\n<p>Os habitantes indicam que Kivalina era um acampamento de ca\u00e7a; logo, o governo construiu uma escola e obrigou os nativos da zona a viver nesta localidade. Agora, os habitantes esperam que o governo os recoloquem em uma zona pr\u00f3xima, na costa do Alaska, pois querem preservar suas tradi\u00e7\u00f5es de ca\u00e7a e pr\u00e1ticas culturais.<\/p>\n<p>Collen Swan, l\u00edder do Conselho de Kivalina, disse a BBC: \u201cO governo dos Estados Unidos nos imp\u00f4s este estilo de vida ocidental, deu-nos suas cargas e agora espera que recolhamos nossas coisas e nos mudemos.\u201d<\/p>\n<p>A costa de Kivalina era protegida por uma grossa camada de gelo, que reduzia o poder destrutivo das tormentas, mas o gelo desapareceu rapidamente por a\u00e7\u00e3o do aquecimento global. O Corpo de Engenheiros do Ex\u00e9rcito dos Estados Unidos construiu um muro defensivo ao longo da praia em 2008, mas a linha de areia reduziu-se. O processo de desaparecimento do povo \u00e9 irrevers\u00edvel e os habitantes apenas esperam o momento em que ser\u00e3o remanejados.<\/p>\n<p>As mudan\u00e7as impostas pelo aquecimento global afetam o estilo de vida em Kivalina. Herman Ahsoak diz que o gelo da regi\u00e3o costumava ter uma espessura de 3 metros no inverno, e agora tem pouco mais de um metro. Os padr\u00f5es de pesca alteraram-se e cada vez \u00e9 mais dif\u00edcil preservar as tradi\u00e7\u00f5es locais; inclusive, os jovens desejam estruturar-se em uma montanha, mas os mais velhos n\u00e3o est\u00e3o de acordo. O povo sabe que deve remanejar-se a outra regi\u00e3o, mas n\u00e3o se chega um acordo e debate-se entre a tradi\u00e7\u00e3o e um futuro incerto. Os inuits s\u00e3o os primeiros refugiados por efeitos do aquecimento global nos Estados Unidos.<\/p>\n<p>As condi\u00e7\u00f5es do clima ser\u00e3o cada vez mais duras e muitas pessoas se mobilizar\u00e3o como refugiados por efeitos do clima. Os estudantes das <strong><a href=\"http:\/\/www.funiber.org.br\/areas-de-conhecimento\/meio-ambiente-e-desenvolvimento-sustentavel\/\" target=\"_blank\">Especializa\u00e7\u00f5es e Mestrados da \u00e1rea de Meio Ambiente<\/a><\/strong>\u00a0da\u00a0<strong><a href=\"http:\/\/www.funiber.org.br\/\" target=\"_blank\">FUNIBER<\/a>\u00a0<\/strong>estudam as melhores estrat\u00e9gias para paliar os efeitos da mudan\u00e7a clim\u00e1tica.<\/p>\n<p>Fontes: \u00a0<a href=\"http:\/\/fnbr.es\/1wp\" target=\"_blank\">http:\/\/fnbr.es\/1wp<\/a>,\u00a0<a href=\"http:\/\/fnbr.es\/1wq\" target=\"_blank\">http:\/\/fnbr.es\/1wq<\/a>,\u00a0<a href=\"http:\/\/fnbr.es\/1wr\" target=\"_blank\">http:\/\/fnbr.es\/1wr<\/a><\/p>\n<p>Foto: Alguns direitos reservados por\u00a0<a href=\"https:\/\/www.flickr.com\/photos\/shorezone\/11471418433\/sizes\/m\/\" target=\"_blank\">Shorezone<\/a><\/p>\n","protected":false},"excerpt":{"rendered":"<p>Um povoado de esquim\u00f3s no Alaska desapareceria brevemente pelo aumento do n\u00edvel do mar.<\/p>\n","protected":false},"author":16,"featured_media":8579,"comment_status":"closed","ping_status":"closed","sticky":false,"template":"","format":"standard","meta":{"jetpack_post_was_ever_published":false,"_jetpack_newsletter_access":"","_jetpack_newsletter_tier_id":0,"footnotes":"","jetpack_publicize_message":"","jetpack_is_tweetstorm":false,"jetpack_publicize_feature_enabled":true,"jetpack_social_post_already_shared":false,"jetpack_social_options":{"image_generator_settings":{"template":"highway","enabled":false}}},"categories":[2],"tags":[105,285,408,248,908,835,671,641,255,84],"jetpack_publicize_connections":[],"yoast_head":"<!-- This site is optimized with the Yoast SEO plugin v21.7 - https:\/\/yoast.com\/wordpress\/plugins\/seo\/ -->\n<title>V\u00edtimas do aquecimento global: Kivalina - FuniBlogs - FUNIBER<\/title>\n<meta name=\"description\" content=\"Um povoado de esquim\u00f3s no Alaska desapareceria brevemente pelo aumento do n\u00edvel do mar provocado pelo aquecimento global.\" \/>\n<meta name=\"robots\" content=\"noindex, nofollow\" \/>\n<meta property=\"og:locale\" content=\"pt_BR\" \/>\n<meta property=\"og:type\" content=\"article\" \/>\n<meta property=\"og:title\" content=\"V\u00edtimas do aquecimento global: Kivalina - FuniBlogs - FUNIBER\" \/>\n<meta property=\"og:description\" content=\"Um povoado de esquim\u00f3s no Alaska desapareceria brevemente pelo aumento do n\u00edvel do mar provocado pelo aquecimento global.\" \/>\n<meta property=\"og:url\" content=\"https:\/\/blogs.funiber.org\/pt\/meio-ambiente\/2015\/12\/01\/funiber-vitimas-aquecimento-global-kivalina\" \/>\n<meta property=\"og:site_name\" content=\"FuniBlogs - FUNIBER\" \/>\n<meta property=\"article:publisher\" content=\"https:\/\/www.facebook.com\/funiber\" \/>\n<meta property=\"article:published_time\" content=\"2015-12-01T11:58:41+00:00\" \/>\n<meta property=\"og:image\" content=\"https:\/\/blogs.funiber.org\/pt\/wp-content\/uploads\/2015\/12\/funiber-kivalina-aquecimento-global.jpg\" \/>\n\t<meta property=\"og:image:width\" content=\"500\" \/>\n\t<meta property=\"og:image:height\" content=\"332\" \/>\n\t<meta property=\"og:image:type\" content=\"image\/jpeg\" \/>\n<meta name=\"author\" content=\"Mariana Dornelles\" \/>\n<meta name=\"twitter:card\" content=\"summary_large_image\" \/>\n<meta name=\"twitter:creator\" content=\"@FUNIBER\" \/>\n<meta name=\"twitter:site\" content=\"@FUNIBER\" \/>\n<meta name=\"twitter:label1\" content=\"Escrito por\" \/>\n\t<meta name=\"twitter:data1\" content=\"Mariana Dornelles\" \/>\n\t<meta name=\"twitter:label2\" content=\"Est. tempo de leitura\" \/>\n\t<meta name=\"twitter:data2\" content=\"3 minutos\" \/>\n<script type=\"application\/ld+json\" class=\"yoast-schema-graph\">{\"@context\":\"https:\/\/schema.org\",\"@graph\":[{\"@type\":\"Article\",\"@id\":\"https:\/\/blogs.funiber.org\/pt\/meio-ambiente\/2015\/12\/01\/funiber-vitimas-aquecimento-global-kivalina#article\",\"isPartOf\":{\"@id\":\"https:\/\/blogs.funiber.org\/pt\/meio-ambiente\/2015\/12\/01\/funiber-vitimas-aquecimento-global-kivalina\"},\"author\":{\"name\":\"Mariana Dornelles\",\"@id\":\"https:\/\/blogs.funiber.org\/pt\/#\/schema\/person\/cebedd0aef5286687ce641276452c76d\"},\"headline\":\"V\u00edtimas do aquecimento global: Kivalina\",\"datePublished\":\"2015-12-01T11:58:41+00:00\",\"dateModified\":\"2015-12-01T11:58:41+00:00\",\"mainEntityOfPage\":{\"@id\":\"https:\/\/blogs.funiber.org\/pt\/meio-ambiente\/2015\/12\/01\/funiber-vitimas-aquecimento-global-kivalina\"},\"wordCount\":552,\"publisher\":{\"@id\":\"https:\/\/blogs.funiber.org\/pt\/#organization\"},\"keywords\":[\"Aquecimento Global\",\"Educa\u00e7\u00e3o\",\"Educa\u00e7\u00e3o a Dist\u00e2ncia\",\"Funiber\",\"Kivalina\",\"Meio Ambiente\",\"mestrado\",\"Opini\u00e3o FUNIBER\",\"Opini\u00f5es Funiber\",\"Sustentabilidade\"],\"articleSection\":[\"Meio Ambiente\"],\"inLanguage\":\"pt-BR\"},{\"@type\":\"WebPage\",\"@id\":\"https:\/\/blogs.funiber.org\/pt\/meio-ambiente\/2015\/12\/01\/funiber-vitimas-aquecimento-global-kivalina\",\"url\":\"https:\/\/blogs.funiber.org\/pt\/meio-ambiente\/2015\/12\/01\/funiber-vitimas-aquecimento-global-kivalina\",\"name\":\"V\u00edtimas do aquecimento global: Kivalina - FuniBlogs - FUNIBER\",\"isPartOf\":{\"@id\":\"https:\/\/blogs.funiber.org\/pt\/#website\"},\"datePublished\":\"2015-12-01T11:58:41+00:00\",\"dateModified\":\"2015-12-01T11:58:41+00:00\",\"description\":\"Um povoado de esquim\u00f3s no Alaska desapareceria brevemente pelo aumento do n\u00edvel do mar provocado pelo aquecimento global.\",\"breadcrumb\":{\"@id\":\"https:\/\/blogs.funiber.org\/pt\/meio-ambiente\/2015\/12\/01\/funiber-vitimas-aquecimento-global-kivalina#breadcrumb\"},\"inLanguage\":\"pt-BR\",\"potentialAction\":[{\"@type\":\"ReadAction\",\"target\":[\"https:\/\/blogs.funiber.org\/pt\/meio-ambiente\/2015\/12\/01\/funiber-vitimas-aquecimento-global-kivalina\"]}]},{\"@type\":\"BreadcrumbList\",\"@id\":\"https:\/\/blogs.funiber.org\/pt\/meio-ambiente\/2015\/12\/01\/funiber-vitimas-aquecimento-global-kivalina#breadcrumb\",\"itemListElement\":[{\"@type\":\"ListItem\",\"position\":1,\"name\":\"In\u00edcio\",\"item\":\"https:\/\/blogs.funiber.org\/pt\"},{\"@type\":\"ListItem\",\"position\":2,\"name\":\"V\u00edtimas do aquecimento global: Kivalina\"}]},{\"@type\":\"WebSite\",\"@id\":\"https:\/\/blogs.funiber.org\/pt\/#website\",\"url\":\"https:\/\/blogs.funiber.org\/pt\/\",\"name\":\"FuniBlogs - FUNIBER\",\"description\":\"\",\"publisher\":{\"@id\":\"https:\/\/blogs.funiber.org\/pt\/#organization\"},\"potentialAction\":[{\"@type\":\"SearchAction\",\"target\":{\"@type\":\"EntryPoint\",\"urlTemplate\":\"https:\/\/blogs.funiber.org\/pt\/?s={search_term_string}\"},\"query-input\":\"required name=search_term_string\"}],\"inLanguage\":\"pt-BR\"},{\"@type\":\"Organization\",\"@id\":\"https:\/\/blogs.funiber.org\/pt\/#organization\",\"name\":\"FuniBlogs - FUNIBER\",\"url\":\"https:\/\/blogs.funiber.org\/pt\/\",\"logo\":{\"@type\":\"ImageObject\",\"inLanguage\":\"pt-BR\",\"@id\":\"https:\/\/blogs.funiber.org\/pt\/#\/schema\/logo\/image\/\",\"url\":\"https:\/\/www.funiber.blog\/pt\/wp-content\/uploads\/2022\/02\/logo-funiber-pt-br-v-dos.svg\",\"contentUrl\":\"https:\/\/www.funiber.blog\/pt\/wp-content\/uploads\/2022\/02\/logo-funiber-pt-br-v-dos.svg\",\"width\":1,\"height\":1,\"caption\":\"FuniBlogs - FUNIBER\"},\"image\":{\"@id\":\"https:\/\/blogs.funiber.org\/pt\/#\/schema\/logo\/image\/\"},\"sameAs\":[\"https:\/\/www.facebook.com\/funiber\",\"https:\/\/twitter.com\/FUNIBER\",\"https:\/\/www.instagram.com\/funiber_becas\",\"https:\/\/www.youtube.com\/user\/funiber\",\"https:\/\/www.linkedin.com\/company\/funiber\"]},{\"@type\":\"Person\",\"@id\":\"https:\/\/blogs.funiber.org\/pt\/#\/schema\/person\/cebedd0aef5286687ce641276452c76d\",\"name\":\"Mariana Dornelles\",\"image\":{\"@type\":\"ImageObject\",\"inLanguage\":\"pt-BR\",\"@id\":\"https:\/\/blogs.funiber.org\/pt\/#\/schema\/person\/image\/\",\"url\":\"https:\/\/secure.gravatar.com\/avatar\/2fbaa65ea908e82807b005c351db3c9d?s=96&d=mm&r=g\",\"contentUrl\":\"https:\/\/secure.gravatar.com\/avatar\/2fbaa65ea908e82807b005c351db3c9d?s=96&d=mm&r=g\",\"caption\":\"Mariana Dornelles\"},\"url\":\"https:\/\/www.funiber.blog\/pt\/author\/mariana-dornelles\"}]}<\/script>\n<!-- \/ Yoast SEO plugin. -->","yoast_head_json":{"title":"V\u00edtimas do aquecimento global: Kivalina - FuniBlogs - FUNIBER","description":"Um povoado de esquim\u00f3s no Alaska desapareceria brevemente pelo aumento do n\u00edvel do mar provocado pelo aquecimento global.","robots":{"index":"noindex","follow":"nofollow"},"og_locale":"pt_BR","og_type":"article","og_title":"V\u00edtimas do aquecimento global: Kivalina - FuniBlogs - FUNIBER","og_description":"Um povoado de esquim\u00f3s no Alaska desapareceria brevemente pelo aumento do n\u00edvel do mar provocado pelo aquecimento global.","og_url":"https:\/\/blogs.funiber.org\/pt\/meio-ambiente\/2015\/12\/01\/funiber-vitimas-aquecimento-global-kivalina","og_site_name":"FuniBlogs - FUNIBER","article_publisher":"https:\/\/www.facebook.com\/funiber","article_published_time":"2015-12-01T11:58:41+00:00","og_image":[{"width":500,"height":332,"url":"https:\/\/blogs.funiber.org\/pt\/wp-content\/uploads\/2015\/12\/funiber-kivalina-aquecimento-global.jpg","type":"image\/jpeg"}],"author":"Mariana Dornelles","twitter_card":"summary_large_image","twitter_creator":"@FUNIBER","twitter_site":"@FUNIBER","twitter_misc":{"Escrito por":"Mariana Dornelles","Est. tempo de leitura":"3 minutos"},"schema":{"@context":"https:\/\/schema.org","@graph":[{"@type":"Article","@id":"https:\/\/blogs.funiber.org\/pt\/meio-ambiente\/2015\/12\/01\/funiber-vitimas-aquecimento-global-kivalina#article","isPartOf":{"@id":"https:\/\/blogs.funiber.org\/pt\/meio-ambiente\/2015\/12\/01\/funiber-vitimas-aquecimento-global-kivalina"},"author":{"name":"Mariana Dornelles","@id":"https:\/\/blogs.funiber.org\/pt\/#\/schema\/person\/cebedd0aef5286687ce641276452c76d"},"headline":"V\u00edtimas do aquecimento global: Kivalina","datePublished":"2015-12-01T11:58:41+00:00","dateModified":"2015-12-01T11:58:41+00:00","mainEntityOfPage":{"@id":"https:\/\/blogs.funiber.org\/pt\/meio-ambiente\/2015\/12\/01\/funiber-vitimas-aquecimento-global-kivalina"},"wordCount":552,"publisher":{"@id":"https:\/\/blogs.funiber.org\/pt\/#organization"},"keywords":["Aquecimento Global","Educa\u00e7\u00e3o","Educa\u00e7\u00e3o a Dist\u00e2ncia","Funiber","Kivalina","Meio Ambiente","mestrado","Opini\u00e3o FUNIBER","Opini\u00f5es Funiber","Sustentabilidade"],"articleSection":["Meio Ambiente"],"inLanguage":"pt-BR"},{"@type":"WebPage","@id":"https:\/\/blogs.funiber.org\/pt\/meio-ambiente\/2015\/12\/01\/funiber-vitimas-aquecimento-global-kivalina","url":"https:\/\/blogs.funiber.org\/pt\/meio-ambiente\/2015\/12\/01\/funiber-vitimas-aquecimento-global-kivalina","name":"V\u00edtimas do aquecimento global: Kivalina - FuniBlogs - FUNIBER","isPartOf":{"@id":"https:\/\/blogs.funiber.org\/pt\/#website"},"datePublished":"2015-12-01T11:58:41+00:00","dateModified":"2015-12-01T11:58:41+00:00","description":"Um povoado de esquim\u00f3s no Alaska desapareceria brevemente pelo aumento do n\u00edvel do mar provocado pelo aquecimento global.","breadcrumb":{"@id":"https:\/\/blogs.funiber.org\/pt\/meio-ambiente\/2015\/12\/01\/funiber-vitimas-aquecimento-global-kivalina#breadcrumb"},"inLanguage":"pt-BR","potentialAction":[{"@type":"ReadAction","target":["https:\/\/blogs.funiber.org\/pt\/meio-ambiente\/2015\/12\/01\/funiber-vitimas-aquecimento-global-kivalina"]}]},{"@type":"BreadcrumbList","@id":"https:\/\/blogs.funiber.org\/pt\/meio-ambiente\/2015\/12\/01\/funiber-vitimas-aquecimento-global-kivalina#breadcrumb","itemListElement":[{"@type":"ListItem","position":1,"name":"In\u00edcio","item":"https:\/\/blogs.funiber.org\/pt"},{"@type":"ListItem","position":2,"name":"V\u00edtimas do aquecimento global: Kivalina"}]},{"@type":"WebSite","@id":"https:\/\/blogs.funiber.org\/pt\/#website","url":"https:\/\/blogs.funiber.org\/pt\/","name":"FuniBlogs - FUNIBER","description":"","publisher":{"@id":"https:\/\/blogs.funiber.org\/pt\/#organization"},"potentialAction":[{"@type":"SearchAction","target":{"@type":"EntryPoint","urlTemplate":"https:\/\/blogs.funiber.org\/pt\/?s={search_term_string}"},"query-input":"required name=search_term_string"}],"inLanguage":"pt-BR"},{"@type":"Organization","@id":"https:\/\/blogs.funiber.org\/pt\/#organization","name":"FuniBlogs - FUNIBER","url":"https:\/\/blogs.funiber.org\/pt\/","logo":{"@type":"ImageObject","inLanguage":"pt-BR","@id":"https:\/\/blogs.funiber.org\/pt\/#\/schema\/logo\/image\/","url":"https:\/\/www.funiber.blog\/pt\/wp-content\/uploads\/2022\/02\/logo-funiber-pt-br-v-dos.svg","contentUrl":"https:\/\/www.funiber.blog\/pt\/wp-content\/uploads\/2022\/02\/logo-funiber-pt-br-v-dos.svg","width":1,"height":1,"caption":"FuniBlogs - FUNIBER"},"image":{"@id":"https:\/\/blogs.funiber.org\/pt\/#\/schema\/logo\/image\/"},"sameAs":["https:\/\/www.facebook.com\/funiber","https:\/\/twitter.com\/FUNIBER","https:\/\/www.instagram.com\/funiber_becas","https:\/\/www.youtube.com\/user\/funiber","https:\/\/www.linkedin.com\/company\/funiber"]},{"@type":"Person","@id":"https:\/\/blogs.funiber.org\/pt\/#\/schema\/person\/cebedd0aef5286687ce641276452c76d","name":"Mariana Dornelles","image":{"@type":"ImageObject","inLanguage":"pt-BR","@id":"https:\/\/blogs.funiber.org\/pt\/#\/schema\/person\/image\/","url":"https:\/\/secure.gravatar.com\/avatar\/2fbaa65ea908e82807b005c351db3c9d?s=96&d=mm&r=g","contentUrl":"https:\/\/secure.gravatar.com\/avatar\/2fbaa65ea908e82807b005c351db3c9d?s=96&d=mm&r=g","caption":"Mariana Dornelles"},"url":"https:\/\/www.funiber.blog\/pt\/author\/mariana-dornelles"}]}},"jetpack_featured_media_url":"https:\/\/www.funiber.blog\/pt\/wp-content\/uploads\/2015\/12\/funiber-kivalina-aquecimento-global.jpg","jetpack_shortlink":"https:\/\/wp.me\/p7ee1t-2el","jetpack_sharing_enabled":true,"_links":{"self":[{"href":"https:\/\/www.funiber.blog\/pt\/wp-json\/wp\/v2\/posts\/8577"}],"collection":[{"href":"https:\/\/www.funiber.blog\/pt\/wp-json\/wp\/v2\/posts"}],"about":[{"href":"https:\/\/www.funiber.blog\/pt\/wp-json\/wp\/v2\/types\/post"}],"author":[{"embeddable":true,"href":"https:\/\/www.funiber.blog\/pt\/wp-json\/wp\/v2\/users\/16"}],"replies":[{"embeddable":true,"href":"https:\/\/www.funiber.blog\/pt\/wp-json\/wp\/v2\/comments?post=8577"}],"version-history":[{"count":3,"href":"https:\/\/www.funiber.blog\/pt\/wp-json\/wp\/v2\/posts\/8577\/revisions"}],"predecessor-version":[{"id":8581,"href":"https:\/\/www.funiber.blog\/pt\/wp-json\/wp\/v2\/posts\/8577\/revisions\/8581"}],"wp:featuredmedia":[{"embeddable":true,"href":"https:\/\/www.funiber.blog\/pt\/wp-json\/wp\/v2\/media\/8579"}],"wp:attachment":[{"href":"https:\/\/www.funiber.blog\/pt\/wp-json\/wp\/v2\/media?parent=8577"}],"wp:term":[{"taxonomy":"category","embeddable":true,"href":"https:\/\/www.funiber.blog\/pt\/wp-json\/wp\/v2\/categories?post=8577"},{"taxonomy":"post_tag","embeddable":true,"href":"https:\/\/www.funiber.blog\/pt\/wp-json\/wp\/v2\/tags?post=8577"}],"curies":[{"name":"wp","href":"https:\/\/api.w.org\/{rel}","templated":true}]}}