{"id":8597,"date":"2015-12-03T12:06:58","date_gmt":"2015-12-03T12:06:58","guid":{"rendered":"http:\/\/blogs.funiber.org\/pt\/?p=8597"},"modified":"2015-12-03T12:06:58","modified_gmt":"2015-12-03T12:06:58","slug":"funiber-eliminacao-elementos-fixacao-fisica-melhora-saude-mental-lares-geriatricos","status":"publish","type":"post","link":"https:\/\/www.funiber.blog\/pt\/gerontologia\/2015\/12\/03\/funiber-eliminacao-elementos-fixacao-fisica-melhora-saude-mental-lares-geriatricos","title":{"rendered":"Elimina\u00e7\u00e3o de elementos de fixa\u00e7\u00e3o f\u00edsica melhora a sa\u00fade mental em lares geri\u00e1tricos"},"content":{"rendered":"<h2>Estudo experimental demonstra que se obt\u00eam melhoras com a retirada de elementos de fixa\u00e7\u00e3o.<\/h2>\n<p><!--more--><\/p>\n<p>Um estudo desenvolvido em dois lares geri\u00e1tricos, entre maio de 2010 e maio de 2012, demonstrou que <strong>eliminar os elementos de fixa\u00e7\u00e3o f\u00edsica beneficia \u00e0s pessoas idosas com dem\u00eancia de forma significativa,<\/strong> ao conseguir <strong>reduzir a deteriora\u00e7\u00e3o cognitiva, as altera\u00e7\u00f5es de conduta e a prescri\u00e7\u00e3o de psicof\u00e1rmacos.<\/strong> Entretanto, n\u00e3o se registrou uma melhora significativa no n\u00famero de quedas dos idosos.<\/p>\n<p>O estudo realizou-se em dois centros simultaneamente. Na resid\u00eancia para terceira idade El Puig eliminaram-se as sujei\u00e7\u00f5es f\u00edsicas de pessoas com dem\u00eancia de forma progressiva, enquanto que no centro Conarda os idosos mantiveram os elementos. Registrou-se <strong>uma ligeira melhora na quantidade de quedas dos idosos, <\/strong>mas n\u00e3o de forma estatisticamente significativa. Analisaram-se indicadores de estado mental e funcional com provas de sa\u00fade como: Norton, NPI, Minimental, Tineti e Barthel.<\/p>\n<p>Os pesquisadores indicaram que a elimina\u00e7\u00e3o de elementos de fixa\u00e7\u00e3o em lares geri\u00e1tricos\u00a0<strong>melhora certos aspectos do bem-estar e a autonomia dos mais velhos.<\/strong> Recomendou-se, ademais, complementar o programa de sa\u00fade com a retirada de psicof\u00e1rmacos dos pacientes.<\/p>\n<p>Os estudantes da \u00e1rea de\u00a0<strong><a href=\"http:\/\/www.funiber.org.br\/areas-de-conhecimento\/saude-e-nutricao\/gerontologia\/\" target=\"_blank\">Gerontologia<\/a><\/strong>\u00a0da\u00a0<strong><a href=\"http:\/\/www.funiber.org.br\/\" target=\"_blank\">FUNIBER<\/a><\/strong>\u00a0procuram realizar pesquisas constantes em torno das melhores pr\u00e1ticas para o cuidado das pessoas da terceira idade em lares geri\u00e1tricos. A popula\u00e7\u00e3o mundial est\u00e1 envelhecendo rapidamente e \u00e9 necess\u00e1rio melhorar os servi\u00e7os para as pessoas idosas.<\/p>\n<p>Fonte:\u00a0<a href=\"http:\/\/fnbr.es\/1xj\" target=\"_blank\">http:\/\/fnbr.es\/1xj<br \/>\n<\/a><br \/>\nFoto: Alguns direitos reservados por <a href=\"https:\/\/www.flickr.com\/photos\/wards\/2080470397\/sizes\/m\/\" target=\"_blank\">Ward<\/a><\/p>\n","protected":false},"excerpt":{"rendered":"<p>Estudo experimental demonstra que se obt\u00eam melhoras com a retirada de elementos de fixa\u00e7\u00e3o.<\/p>\n","protected":false},"author":16,"featured_media":8602,"comment_status":"closed","ping_status":"closed","sticky":false,"template":"","format":"standard","meta":{"jetpack_post_was_ever_published":false,"_jetpack_newsletter_access":"","_jetpack_newsletter_tier_id":0,"footnotes":"","jetpack_publicize_message":"","jetpack_is_tweetstorm":false,"jetpack_publicize_feature_enabled":true,"jetpack_social_post_already_shared":false,"jetpack_social_options":{"image_generator_settings":{"template":"highway","enabled":false}}},"categories":[1],"tags":[228,285,408,100,248,911,267,913,641,255,431],"jetpack_publicize_connections":[],"yoast_head":"<!-- This site is optimized with the Yoast SEO plugin v21.7 - https:\/\/yoast.com\/wordpress\/plugins\/seo\/ -->\n<title>Elimina\u00e7\u00e3o de elementos de fixa\u00e7\u00e3o f\u00edsica melhora a sa\u00fade mental em lares geri\u00e1tricos<\/title>\n<meta name=\"description\" content=\"Estudo experimental demonstra que se obt\u00eam melhoras na sa\u00fade mental de idosos om a retirada de elementos de fixa\u00e7\u00e3o de lares geri\u00e1tricos.\" \/>\n<meta name=\"robots\" content=\"noindex, nofollow\" \/>\n<meta property=\"og:locale\" content=\"pt_BR\" \/>\n<meta property=\"og:type\" content=\"article\" \/>\n<meta property=\"og:title\" content=\"Elimina\u00e7\u00e3o de elementos de fixa\u00e7\u00e3o f\u00edsica melhora a sa\u00fade mental em lares geri\u00e1tricos\" \/>\n<meta property=\"og:description\" content=\"Estudo experimental demonstra que se obt\u00eam melhoras na sa\u00fade mental de idosos om a retirada de elementos de fixa\u00e7\u00e3o de lares geri\u00e1tricos.\" \/>\n<meta property=\"og:url\" content=\"https:\/\/blogs.funiber.org\/pt\/gerontologia\/2015\/12\/03\/funiber-eliminacao-elementos-fixacao-fisica-melhora-saude-mental-lares-geriatricos\" \/>\n<meta property=\"og:site_name\" content=\"FuniBlogs - FUNIBER\" \/>\n<meta property=\"article:publisher\" content=\"https:\/\/www.facebook.com\/funiber\" \/>\n<meta property=\"article:published_time\" content=\"2015-12-03T12:06:58+00:00\" \/>\n<meta property=\"og:image\" content=\"https:\/\/blogs.funiber.org\/pt\/wp-content\/uploads\/2015\/12\/iStock_000048996888_XXX-pequena.jpg\" \/>\n\t<meta property=\"og:image:width\" content=\"640\" \/>\n\t<meta property=\"og:image:height\" content=\"427\" \/>\n\t<meta property=\"og:image:type\" content=\"image\/jpeg\" \/>\n<meta name=\"author\" content=\"Mariana Dornelles\" \/>\n<meta name=\"twitter:card\" content=\"summary_large_image\" \/>\n<meta name=\"twitter:creator\" content=\"@FUNIBER\" \/>\n<meta name=\"twitter:site\" content=\"@FUNIBER\" \/>\n<meta name=\"twitter:label1\" content=\"Escrito por\" \/>\n\t<meta name=\"twitter:data1\" content=\"Mariana Dornelles\" \/>\n\t<meta name=\"twitter:label2\" content=\"Est. tempo de leitura\" \/>\n\t<meta name=\"twitter:data2\" content=\"1 minuto\" \/>\n<script type=\"application\/ld+json\" class=\"yoast-schema-graph\">{\"@context\":\"https:\/\/schema.org\",\"@graph\":[{\"@type\":\"Article\",\"@id\":\"https:\/\/blogs.funiber.org\/pt\/gerontologia\/2015\/12\/03\/funiber-eliminacao-elementos-fixacao-fisica-melhora-saude-mental-lares-geriatricos#article\",\"isPartOf\":{\"@id\":\"https:\/\/blogs.funiber.org\/pt\/gerontologia\/2015\/12\/03\/funiber-eliminacao-elementos-fixacao-fisica-melhora-saude-mental-lares-geriatricos\"},\"author\":{\"name\":\"Mariana Dornelles\",\"@id\":\"https:\/\/blogs.funiber.org\/pt\/#\/schema\/person\/cebedd0aef5286687ce641276452c76d\"},\"headline\":\"Elimina\u00e7\u00e3o de elementos de fixa\u00e7\u00e3o f\u00edsica melhora a sa\u00fade mental em lares geri\u00e1tricos\",\"datePublished\":\"2015-12-03T12:06:58+00:00\",\"dateModified\":\"2015-12-03T12:06:58+00:00\",\"mainEntityOfPage\":{\"@id\":\"https:\/\/blogs.funiber.org\/pt\/gerontologia\/2015\/12\/03\/funiber-eliminacao-elementos-fixacao-fisica-melhora-saude-mental-lares-geriatricos\"},\"wordCount\":279,\"publisher\":{\"@id\":\"https:\/\/blogs.funiber.org\/pt\/#organization\"},\"keywords\":[\"Cuidados\",\"Educa\u00e7\u00e3o\",\"Educa\u00e7\u00e3o a Dist\u00e2ncia\",\"Envelhecimento\",\"Funiber\",\"FUNIBER Opini\u00f5es\",\"Idosos\",\"Lares geri\u00e1tricos\",\"Opini\u00e3o FUNIBER\",\"Opini\u00f5es Funiber\",\"Sa\u00fade Mental\"],\"articleSection\":[\"Gerontologia\"],\"inLanguage\":\"pt-BR\"},{\"@type\":\"WebPage\",\"@id\":\"https:\/\/blogs.funiber.org\/pt\/gerontologia\/2015\/12\/03\/funiber-eliminacao-elementos-fixacao-fisica-melhora-saude-mental-lares-geriatricos\",\"url\":\"https:\/\/blogs.funiber.org\/pt\/gerontologia\/2015\/12\/03\/funiber-eliminacao-elementos-fixacao-fisica-melhora-saude-mental-lares-geriatricos\",\"name\":\"Elimina\u00e7\u00e3o de elementos de fixa\u00e7\u00e3o f\u00edsica melhora a sa\u00fade mental em lares geri\u00e1tricos\",\"isPartOf\":{\"@id\":\"https:\/\/blogs.funiber.org\/pt\/#website\"},\"datePublished\":\"2015-12-03T12:06:58+00:00\",\"dateModified\":\"2015-12-03T12:06:58+00:00\",\"description\":\"Estudo experimental demonstra que se obt\u00eam melhoras na sa\u00fade mental de idosos om a retirada de elementos de fixa\u00e7\u00e3o de lares geri\u00e1tricos.\",\"breadcrumb\":{\"@id\":\"https:\/\/blogs.funiber.org\/pt\/gerontologia\/2015\/12\/03\/funiber-eliminacao-elementos-fixacao-fisica-melhora-saude-mental-lares-geriatricos#breadcrumb\"},\"inLanguage\":\"pt-BR\",\"potentialAction\":[{\"@type\":\"ReadAction\",\"target\":[\"https:\/\/blogs.funiber.org\/pt\/gerontologia\/2015\/12\/03\/funiber-eliminacao-elementos-fixacao-fisica-melhora-saude-mental-lares-geriatricos\"]}]},{\"@type\":\"BreadcrumbList\",\"@id\":\"https:\/\/blogs.funiber.org\/pt\/gerontologia\/2015\/12\/03\/funiber-eliminacao-elementos-fixacao-fisica-melhora-saude-mental-lares-geriatricos#breadcrumb\",\"itemListElement\":[{\"@type\":\"ListItem\",\"position\":1,\"name\":\"In\u00edcio\",\"item\":\"https:\/\/blogs.funiber.org\/pt\"},{\"@type\":\"ListItem\",\"position\":2,\"name\":\"Elimina\u00e7\u00e3o de elementos de fixa\u00e7\u00e3o f\u00edsica melhora a sa\u00fade mental em lares geri\u00e1tricos\"}]},{\"@type\":\"WebSite\",\"@id\":\"https:\/\/blogs.funiber.org\/pt\/#website\",\"url\":\"https:\/\/blogs.funiber.org\/pt\/\",\"name\":\"FuniBlogs - FUNIBER\",\"description\":\"\",\"publisher\":{\"@id\":\"https:\/\/blogs.funiber.org\/pt\/#organization\"},\"potentialAction\":[{\"@type\":\"SearchAction\",\"target\":{\"@type\":\"EntryPoint\",\"urlTemplate\":\"https:\/\/blogs.funiber.org\/pt\/?s={search_term_string}\"},\"query-input\":\"required name=search_term_string\"}],\"inLanguage\":\"pt-BR\"},{\"@type\":\"Organization\",\"@id\":\"https:\/\/blogs.funiber.org\/pt\/#organization\",\"name\":\"FuniBlogs - FUNIBER\",\"url\":\"https:\/\/blogs.funiber.org\/pt\/\",\"logo\":{\"@type\":\"ImageObject\",\"inLanguage\":\"pt-BR\",\"@id\":\"https:\/\/blogs.funiber.org\/pt\/#\/schema\/logo\/image\/\",\"url\":\"https:\/\/www.funiber.blog\/pt\/wp-content\/uploads\/2022\/02\/logo-funiber-pt-br-v-dos.svg\",\"contentUrl\":\"https:\/\/www.funiber.blog\/pt\/wp-content\/uploads\/2022\/02\/logo-funiber-pt-br-v-dos.svg\",\"width\":1,\"height\":1,\"caption\":\"FuniBlogs - FUNIBER\"},\"image\":{\"@id\":\"https:\/\/blogs.funiber.org\/pt\/#\/schema\/logo\/image\/\"},\"sameAs\":[\"https:\/\/www.facebook.com\/funiber\",\"https:\/\/twitter.com\/FUNIBER\",\"https:\/\/www.instagram.com\/funiber_becas\",\"https:\/\/www.youtube.com\/user\/funiber\",\"https:\/\/www.linkedin.com\/company\/funiber\"]},{\"@type\":\"Person\",\"@id\":\"https:\/\/blogs.funiber.org\/pt\/#\/schema\/person\/cebedd0aef5286687ce641276452c76d\",\"name\":\"Mariana Dornelles\",\"image\":{\"@type\":\"ImageObject\",\"inLanguage\":\"pt-BR\",\"@id\":\"https:\/\/blogs.funiber.org\/pt\/#\/schema\/person\/image\/\",\"url\":\"https:\/\/secure.gravatar.com\/avatar\/2fbaa65ea908e82807b005c351db3c9d?s=96&d=mm&r=g\",\"contentUrl\":\"https:\/\/secure.gravatar.com\/avatar\/2fbaa65ea908e82807b005c351db3c9d?s=96&d=mm&r=g\",\"caption\":\"Mariana Dornelles\"},\"url\":\"https:\/\/www.funiber.blog\/pt\/author\/mariana-dornelles\"}]}<\/script>\n<!-- \/ Yoast SEO plugin. -->","yoast_head_json":{"title":"Elimina\u00e7\u00e3o de elementos de fixa\u00e7\u00e3o f\u00edsica melhora a sa\u00fade mental em lares geri\u00e1tricos","description":"Estudo experimental demonstra que se obt\u00eam melhoras na sa\u00fade mental de idosos om a retirada de elementos de fixa\u00e7\u00e3o de lares geri\u00e1tricos.","robots":{"index":"noindex","follow":"nofollow"},"og_locale":"pt_BR","og_type":"article","og_title":"Elimina\u00e7\u00e3o de elementos de fixa\u00e7\u00e3o f\u00edsica melhora a sa\u00fade mental em lares geri\u00e1tricos","og_description":"Estudo experimental demonstra que se obt\u00eam melhoras na sa\u00fade mental de idosos om a retirada de elementos de fixa\u00e7\u00e3o de lares geri\u00e1tricos.","og_url":"https:\/\/blogs.funiber.org\/pt\/gerontologia\/2015\/12\/03\/funiber-eliminacao-elementos-fixacao-fisica-melhora-saude-mental-lares-geriatricos","og_site_name":"FuniBlogs - FUNIBER","article_publisher":"https:\/\/www.facebook.com\/funiber","article_published_time":"2015-12-03T12:06:58+00:00","og_image":[{"width":640,"height":427,"url":"https:\/\/blogs.funiber.org\/pt\/wp-content\/uploads\/2015\/12\/iStock_000048996888_XXX-pequena.jpg","type":"image\/jpeg"}],"author":"Mariana Dornelles","twitter_card":"summary_large_image","twitter_creator":"@FUNIBER","twitter_site":"@FUNIBER","twitter_misc":{"Escrito por":"Mariana Dornelles","Est. tempo de leitura":"1 minuto"},"schema":{"@context":"https:\/\/schema.org","@graph":[{"@type":"Article","@id":"https:\/\/blogs.funiber.org\/pt\/gerontologia\/2015\/12\/03\/funiber-eliminacao-elementos-fixacao-fisica-melhora-saude-mental-lares-geriatricos#article","isPartOf":{"@id":"https:\/\/blogs.funiber.org\/pt\/gerontologia\/2015\/12\/03\/funiber-eliminacao-elementos-fixacao-fisica-melhora-saude-mental-lares-geriatricos"},"author":{"name":"Mariana Dornelles","@id":"https:\/\/blogs.funiber.org\/pt\/#\/schema\/person\/cebedd0aef5286687ce641276452c76d"},"headline":"Elimina\u00e7\u00e3o de elementos de fixa\u00e7\u00e3o f\u00edsica melhora a sa\u00fade mental em lares geri\u00e1tricos","datePublished":"2015-12-03T12:06:58+00:00","dateModified":"2015-12-03T12:06:58+00:00","mainEntityOfPage":{"@id":"https:\/\/blogs.funiber.org\/pt\/gerontologia\/2015\/12\/03\/funiber-eliminacao-elementos-fixacao-fisica-melhora-saude-mental-lares-geriatricos"},"wordCount":279,"publisher":{"@id":"https:\/\/blogs.funiber.org\/pt\/#organization"},"keywords":["Cuidados","Educa\u00e7\u00e3o","Educa\u00e7\u00e3o a Dist\u00e2ncia","Envelhecimento","Funiber","FUNIBER Opini\u00f5es","Idosos","Lares geri\u00e1tricos","Opini\u00e3o FUNIBER","Opini\u00f5es Funiber","Sa\u00fade Mental"],"articleSection":["Gerontologia"],"inLanguage":"pt-BR"},{"@type":"WebPage","@id":"https:\/\/blogs.funiber.org\/pt\/gerontologia\/2015\/12\/03\/funiber-eliminacao-elementos-fixacao-fisica-melhora-saude-mental-lares-geriatricos","url":"https:\/\/blogs.funiber.org\/pt\/gerontologia\/2015\/12\/03\/funiber-eliminacao-elementos-fixacao-fisica-melhora-saude-mental-lares-geriatricos","name":"Elimina\u00e7\u00e3o de elementos de fixa\u00e7\u00e3o f\u00edsica melhora a sa\u00fade mental em lares geri\u00e1tricos","isPartOf":{"@id":"https:\/\/blogs.funiber.org\/pt\/#website"},"datePublished":"2015-12-03T12:06:58+00:00","dateModified":"2015-12-03T12:06:58+00:00","description":"Estudo experimental demonstra que se obt\u00eam melhoras na sa\u00fade mental de idosos om a retirada de elementos de fixa\u00e7\u00e3o de lares geri\u00e1tricos.","breadcrumb":{"@id":"https:\/\/blogs.funiber.org\/pt\/gerontologia\/2015\/12\/03\/funiber-eliminacao-elementos-fixacao-fisica-melhora-saude-mental-lares-geriatricos#breadcrumb"},"inLanguage":"pt-BR","potentialAction":[{"@type":"ReadAction","target":["https:\/\/blogs.funiber.org\/pt\/gerontologia\/2015\/12\/03\/funiber-eliminacao-elementos-fixacao-fisica-melhora-saude-mental-lares-geriatricos"]}]},{"@type":"BreadcrumbList","@id":"https:\/\/blogs.funiber.org\/pt\/gerontologia\/2015\/12\/03\/funiber-eliminacao-elementos-fixacao-fisica-melhora-saude-mental-lares-geriatricos#breadcrumb","itemListElement":[{"@type":"ListItem","position":1,"name":"In\u00edcio","item":"https:\/\/blogs.funiber.org\/pt"},{"@type":"ListItem","position":2,"name":"Elimina\u00e7\u00e3o de elementos de fixa\u00e7\u00e3o f\u00edsica melhora a sa\u00fade mental em lares geri\u00e1tricos"}]},{"@type":"WebSite","@id":"https:\/\/blogs.funiber.org\/pt\/#website","url":"https:\/\/blogs.funiber.org\/pt\/","name":"FuniBlogs - FUNIBER","description":"","publisher":{"@id":"https:\/\/blogs.funiber.org\/pt\/#organization"},"potentialAction":[{"@type":"SearchAction","target":{"@type":"EntryPoint","urlTemplate":"https:\/\/blogs.funiber.org\/pt\/?s={search_term_string}"},"query-input":"required name=search_term_string"}],"inLanguage":"pt-BR"},{"@type":"Organization","@id":"https:\/\/blogs.funiber.org\/pt\/#organization","name":"FuniBlogs - FUNIBER","url":"https:\/\/blogs.funiber.org\/pt\/","logo":{"@type":"ImageObject","inLanguage":"pt-BR","@id":"https:\/\/blogs.funiber.org\/pt\/#\/schema\/logo\/image\/","url":"https:\/\/www.funiber.blog\/pt\/wp-content\/uploads\/2022\/02\/logo-funiber-pt-br-v-dos.svg","contentUrl":"https:\/\/www.funiber.blog\/pt\/wp-content\/uploads\/2022\/02\/logo-funiber-pt-br-v-dos.svg","width":1,"height":1,"caption":"FuniBlogs - FUNIBER"},"image":{"@id":"https:\/\/blogs.funiber.org\/pt\/#\/schema\/logo\/image\/"},"sameAs":["https:\/\/www.facebook.com\/funiber","https:\/\/twitter.com\/FUNIBER","https:\/\/www.instagram.com\/funiber_becas","https:\/\/www.youtube.com\/user\/funiber","https:\/\/www.linkedin.com\/company\/funiber"]},{"@type":"Person","@id":"https:\/\/blogs.funiber.org\/pt\/#\/schema\/person\/cebedd0aef5286687ce641276452c76d","name":"Mariana Dornelles","image":{"@type":"ImageObject","inLanguage":"pt-BR","@id":"https:\/\/blogs.funiber.org\/pt\/#\/schema\/person\/image\/","url":"https:\/\/secure.gravatar.com\/avatar\/2fbaa65ea908e82807b005c351db3c9d?s=96&d=mm&r=g","contentUrl":"https:\/\/secure.gravatar.com\/avatar\/2fbaa65ea908e82807b005c351db3c9d?s=96&d=mm&r=g","caption":"Mariana Dornelles"},"url":"https:\/\/www.funiber.blog\/pt\/author\/mariana-dornelles"}]}},"jetpack_featured_media_url":"https:\/\/www.funiber.blog\/pt\/wp-content\/uploads\/2015\/12\/iStock_000048996888_XXX-pequena.jpg","jetpack_shortlink":"https:\/\/wp.me\/p7ee1t-2eF","jetpack_sharing_enabled":true,"_links":{"self":[{"href":"https:\/\/www.funiber.blog\/pt\/wp-json\/wp\/v2\/posts\/8597"}],"collection":[{"href":"https:\/\/www.funiber.blog\/pt\/wp-json\/wp\/v2\/posts"}],"about":[{"href":"https:\/\/www.funiber.blog\/pt\/wp-json\/wp\/v2\/types\/post"}],"author":[{"embeddable":true,"href":"https:\/\/www.funiber.blog\/pt\/wp-json\/wp\/v2\/users\/16"}],"replies":[{"embeddable":true,"href":"https:\/\/www.funiber.blog\/pt\/wp-json\/wp\/v2\/comments?post=8597"}],"version-history":[{"count":4,"href":"https:\/\/www.funiber.blog\/pt\/wp-json\/wp\/v2\/posts\/8597\/revisions"}],"predecessor-version":[{"id":8603,"href":"https:\/\/www.funiber.blog\/pt\/wp-json\/wp\/v2\/posts\/8597\/revisions\/8603"}],"wp:featuredmedia":[{"embeddable":true,"href":"https:\/\/www.funiber.blog\/pt\/wp-json\/wp\/v2\/media\/8602"}],"wp:attachment":[{"href":"https:\/\/www.funiber.blog\/pt\/wp-json\/wp\/v2\/media?parent=8597"}],"wp:term":[{"taxonomy":"category","embeddable":true,"href":"https:\/\/www.funiber.blog\/pt\/wp-json\/wp\/v2\/categories?post=8597"},{"taxonomy":"post_tag","embeddable":true,"href":"https:\/\/www.funiber.blog\/pt\/wp-json\/wp\/v2\/tags?post=8597"}],"curies":[{"name":"wp","href":"https:\/\/api.w.org\/{rel}","templated":true}]}}