{"id":8770,"date":"2015-12-14T14:12:28","date_gmt":"2015-12-14T14:12:28","guid":{"rendered":"http:\/\/blogs.funiber.org\/pt\/?p=8770"},"modified":"2015-12-14T14:12:28","modified_gmt":"2015-12-14T14:12:28","slug":"funiber-campanha-digital-promover-cuidados-paliativos","status":"publish","type":"post","link":"https:\/\/www.funiber.blog\/pt\/gerontologia\/2015\/12\/14\/funiber-campanha-digital-promover-cuidados-paliativos","title":{"rendered":"Campanha digital para promover cuidados paliativos"},"content":{"rendered":"<h2>As redes sociais podem servir para promover servi\u00e7os requeridos pela sociedade.<\/h2>\n<p>As <strong>redes sociais podem nos ajudar a dar mais visibilidade a certos servi\u00e7os de sa\u00fade que a sociedade carece<\/strong>. Gra\u00e7as ao trabalho conjunto de profissionais, volunt\u00e1rios, pacientes e familiares, pode-se acionar uma comunidade para dar maior aten\u00e7\u00e3o a certos servi\u00e7os de sa\u00fade que s\u00e3o necess\u00e1rios.<\/p>\n<p><!--more--><\/p>\n<p>Esta estrat\u00e9gia digital foi aplicada na Espanha, no \u00faltimo dia 10 de outubro, como parte da celebra\u00e7\u00e3o do Dia Mundial dos Cuidados Paliativos, sob o lema &#8220;Vistas ocultas\/pacientes ocultos&#8221;, para difundir \u00e0 necessidade de assegurar o direito a um cuidado integral no final da vida.<\/p>\n<p>Os <strong>cuidados paliativos<\/strong> s\u00e3o medidas que se estabelecem para <strong>diminuir o sofrimento de quem se encontra no final da vida.<\/strong> As crian\u00e7as, a popula\u00e7\u00e3o rural, idosos pobres e com o v\u00edrus HIV t\u00eam muitas dificuldades para disponibilizar de cuidados paliativos quando a doen\u00e7a leva-os ao final de seus dias. Demonstrou-se que a interven\u00e7\u00e3o de equipes de cuidados paliativos \u00e9 efetiva para reduzir a dor, dispn\u00e9ia, n\u00e1useas, ansiedade, tristeza e outros sintomas relacionados a doen\u00e7as em fase avan\u00e7ada.<\/p>\n<p>Os cuidados paliativos s\u00e3o um direito que toda pessoa deveria disponibilizar, por esta raz\u00e3o membros da Sociedade Espanhola de Cuidados Paliativos (SECPAL), a Associa\u00e7\u00e3o Espanhola de Enfermaria em Cuidados Paliativos (AECPAL) e o Grupo PaliActivos2.0, integrado por profissionais da sa\u00fade com presen\u00e7a ativa na rede, trabalharam em conjunto para desenvolver uma<strong> campanha digital para promover os cuidados paliativos<\/strong>. A equipe de trabalho trabalhou para dar difus\u00e3o \u00e0 campanha #paliativosVisibles, fazendo que se somem pessoas das redes sociais \u00e0 difus\u00e3o da necessidade de garantir os cuidados paliativos para todos.<\/p>\n<p>Durante a campanha divulgou-se que <strong>apenas 20 de 234 pa\u00edses integraram no sistema de sa\u00fade os cuidados paliativos, 42% da popula\u00e7\u00e3o mundial n\u00e3o tem um sistema que lhes proporcione este servi\u00e7o; al\u00e9m disso, 80% da popula\u00e7\u00e3o mundial n\u00e3o tem acesso a medicamentos para cuidados paliativos<\/strong> e s\u00f3 7,5% da popula\u00e7\u00e3o vive em pa\u00edses considerados de n\u00edvel adequado no consumo de opioides. Durante a campanha, informou-se que 6% de todas as pessoas que precisam de cuidados paliativos no final da vida s\u00e3o crian\u00e7as.<\/p>\n<p>Os <strong>cuidados paliativos t\u00eam maior efetividade quando s\u00e3o proporcionados por uma equipe interdisciplinar<\/strong>. Usualmente, os pacientes atendidos por estas equipes recebem controle de sintomas, comunica\u00e7\u00e3o sincera e aten\u00e7\u00e3o \u00e0 fam\u00edlia, mas \u00e9 necess\u00e1rio que mais profissionais se formem para brindar estes servi\u00e7os. Apenas na <strong>Espanha existem mais de 400 equipes interdisciplinares que oferecem estes servi\u00e7os, mas s\u00e3o mais de 200 mil pessoas precisando cuidados paliativos<\/strong>; e deste grupo, aproximadamente 100 mil necessitar\u00e3o a interven\u00e7\u00e3o de equipes. Calcula-se que menos de 50% dos pacientes que requerem cuidados paliativos conseguem ser avaliados por uma equipe, e dois ter\u00e7os da popula\u00e7\u00e3o n\u00e3o sabem o que s\u00e3o os cuidados paliativos.<\/p>\n<p>Os estudantes de <strong><a href=\"http:\/\/www.funiber.org.br\/areas-de-conhecimento\/saude-e-nutricao\/gerontologia\/\" target=\"_blank\">\u00e1rea de Gerontologia<\/a><\/strong> da <a href=\"http:\/\/www.funiber.org.br\/\" target=\"_blank\"><strong>FUNIBER<\/strong> <\/a>recebem informa\u00e7\u00e3o atualizada sobre as estrat\u00e9gias de cuidados para pessoas da terceira idade, para proporcionar aos pacientes uma melhor qualidade de vida.<\/p>\n<p>Fonte: <a href=\"http:\/\/fnbr.es\/1ze\" target=\"_blank\">http:\/\/fnbr.es\/1ze<\/a><\/p>\n<p>Fotografia: Todos os direitos reservados<\/p>\n","protected":false},"excerpt":{"rendered":"<p>As redes sociais podem servir para promover servi\u00e7os requeridos pela sociedade. As redes sociais podem nos ajudar a dar mais visibilidade a certos servi\u00e7os de sa\u00fade que a sociedade carece. Gra\u00e7as ao trabalho conjunto de profissionais, volunt\u00e1rios, pacientes e familiares, pode-se acionar uma comunidade para dar maior aten\u00e7\u00e3o a certos servi\u00e7os de sa\u00fade que s\u00e3o [&hellip;]<\/p>\n","protected":false},"author":16,"featured_media":8772,"comment_status":"closed","ping_status":"closed","sticky":false,"template":"","format":"standard","meta":{"jetpack_post_was_ever_published":false,"_jetpack_newsletter_access":"","_jetpack_newsletter_tier_id":0,"footnotes":"","jetpack_publicize_message":"","jetpack_is_tweetstorm":false,"jetpack_publicize_feature_enabled":true,"jetpack_social_post_already_shared":false,"jetpack_social_options":{"image_generator_settings":{"template":"highway","enabled":false}}},"categories":[1],"tags":[228,959,285,408,248,911,739,267,255,113],"jetpack_publicize_connections":[],"yoast_head":"<!-- This site is optimized with the Yoast SEO plugin v21.7 - https:\/\/yoast.com\/wordpress\/plugins\/seo\/ -->\n<title>Campanha digital para promover cuidados paliativos<\/title>\n<meta name=\"description\" content=\"As redes sociais podem servir para promover cuidados paliativos.\" \/>\n<meta name=\"robots\" content=\"index, follow, max-snippet:-1, max-image-preview:large, max-video-preview:-1\" \/>\n<link rel=\"canonical\" href=\"https:\/\/blogs.funiber.org\/pt\/gerontologia\/2015\/12\/14\/funiber-campanha-digital-promover-cuidados-paliativos\" \/>\n<meta property=\"og:locale\" content=\"pt_BR\" \/>\n<meta property=\"og:type\" content=\"article\" \/>\n<meta property=\"og:title\" content=\"Campanha digital para promover cuidados paliativos\" \/>\n<meta property=\"og:description\" content=\"As redes sociais podem servir para promover cuidados paliativos.\" \/>\n<meta property=\"og:url\" content=\"https:\/\/blogs.funiber.org\/pt\/gerontologia\/2015\/12\/14\/funiber-campanha-digital-promover-cuidados-paliativos\" \/>\n<meta property=\"og:site_name\" content=\"FuniBlogs - FUNIBER\" \/>\n<meta property=\"article:publisher\" content=\"https:\/\/www.facebook.com\/funiber\" \/>\n<meta property=\"article:published_time\" content=\"2015-12-14T14:12:28+00:00\" \/>\n<meta property=\"og:image\" content=\"https:\/\/blogs.funiber.org\/pt\/wp-content\/uploads\/2015\/12\/funiber-cuidados-paliativos-sm.jpg\" \/>\n\t<meta property=\"og:image:width\" content=\"563\" \/>\n\t<meta property=\"og:image:height\" content=\"317\" \/>\n\t<meta property=\"og:image:type\" content=\"image\/jpeg\" \/>\n<meta name=\"author\" content=\"Mariana Dornelles\" \/>\n<meta name=\"twitter:card\" content=\"summary_large_image\" \/>\n<meta name=\"twitter:creator\" content=\"@FUNIBER\" \/>\n<meta name=\"twitter:site\" content=\"@FUNIBER\" \/>\n<meta name=\"twitter:label1\" content=\"Escrito por\" \/>\n\t<meta name=\"twitter:data1\" content=\"Mariana Dornelles\" \/>\n\t<meta name=\"twitter:label2\" content=\"Est. tempo de leitura\" \/>\n\t<meta name=\"twitter:data2\" content=\"3 minutos\" \/>\n<script type=\"application\/ld+json\" class=\"yoast-schema-graph\">{\"@context\":\"https:\/\/schema.org\",\"@graph\":[{\"@type\":\"Article\",\"@id\":\"https:\/\/blogs.funiber.org\/pt\/gerontologia\/2015\/12\/14\/funiber-campanha-digital-promover-cuidados-paliativos#article\",\"isPartOf\":{\"@id\":\"https:\/\/blogs.funiber.org\/pt\/gerontologia\/2015\/12\/14\/funiber-campanha-digital-promover-cuidados-paliativos\"},\"author\":{\"name\":\"Mariana Dornelles\",\"@id\":\"https:\/\/blogs.funiber.org\/pt\/#\/schema\/person\/cebedd0aef5286687ce641276452c76d\"},\"headline\":\"Campanha digital para promover cuidados paliativos\",\"datePublished\":\"2015-12-14T14:12:28+00:00\",\"dateModified\":\"2015-12-14T14:12:28+00:00\",\"mainEntityOfPage\":{\"@id\":\"https:\/\/blogs.funiber.org\/pt\/gerontologia\/2015\/12\/14\/funiber-campanha-digital-promover-cuidados-paliativos\"},\"wordCount\":544,\"publisher\":{\"@id\":\"https:\/\/blogs.funiber.org\/pt\/#organization\"},\"keywords\":[\"Cuidados\",\"Cuidados paleativos\",\"Educa\u00e7\u00e3o\",\"Educa\u00e7\u00e3o a Dist\u00e2ncia\",\"Funiber\",\"FUNIBER Opini\u00f5es\",\"gerontologia\",\"Idosos\",\"Opini\u00f5es Funiber\",\"Sa\u00fade\"],\"articleSection\":[\"Gerontologia\"],\"inLanguage\":\"pt-BR\"},{\"@type\":\"WebPage\",\"@id\":\"https:\/\/blogs.funiber.org\/pt\/gerontologia\/2015\/12\/14\/funiber-campanha-digital-promover-cuidados-paliativos\",\"url\":\"https:\/\/blogs.funiber.org\/pt\/gerontologia\/2015\/12\/14\/funiber-campanha-digital-promover-cuidados-paliativos\",\"name\":\"Campanha digital para promover cuidados paliativos\",\"isPartOf\":{\"@id\":\"https:\/\/blogs.funiber.org\/pt\/#website\"},\"datePublished\":\"2015-12-14T14:12:28+00:00\",\"dateModified\":\"2015-12-14T14:12:28+00:00\",\"description\":\"As redes sociais podem servir para promover cuidados paliativos.\",\"breadcrumb\":{\"@id\":\"https:\/\/blogs.funiber.org\/pt\/gerontologia\/2015\/12\/14\/funiber-campanha-digital-promover-cuidados-paliativos#breadcrumb\"},\"inLanguage\":\"pt-BR\",\"potentialAction\":[{\"@type\":\"ReadAction\",\"target\":[\"https:\/\/blogs.funiber.org\/pt\/gerontologia\/2015\/12\/14\/funiber-campanha-digital-promover-cuidados-paliativos\"]}]},{\"@type\":\"BreadcrumbList\",\"@id\":\"https:\/\/blogs.funiber.org\/pt\/gerontologia\/2015\/12\/14\/funiber-campanha-digital-promover-cuidados-paliativos#breadcrumb\",\"itemListElement\":[{\"@type\":\"ListItem\",\"position\":1,\"name\":\"In\u00edcio\",\"item\":\"https:\/\/blogs.funiber.org\/pt\"},{\"@type\":\"ListItem\",\"position\":2,\"name\":\"Campanha digital para promover cuidados paliativos\"}]},{\"@type\":\"WebSite\",\"@id\":\"https:\/\/blogs.funiber.org\/pt\/#website\",\"url\":\"https:\/\/blogs.funiber.org\/pt\/\",\"name\":\"FuniBlogs - FUNIBER\",\"description\":\"\",\"publisher\":{\"@id\":\"https:\/\/blogs.funiber.org\/pt\/#organization\"},\"potentialAction\":[{\"@type\":\"SearchAction\",\"target\":{\"@type\":\"EntryPoint\",\"urlTemplate\":\"https:\/\/blogs.funiber.org\/pt\/?s={search_term_string}\"},\"query-input\":\"required name=search_term_string\"}],\"inLanguage\":\"pt-BR\"},{\"@type\":\"Organization\",\"@id\":\"https:\/\/blogs.funiber.org\/pt\/#organization\",\"name\":\"FuniBlogs - FUNIBER\",\"url\":\"https:\/\/blogs.funiber.org\/pt\/\",\"logo\":{\"@type\":\"ImageObject\",\"inLanguage\":\"pt-BR\",\"@id\":\"https:\/\/blogs.funiber.org\/pt\/#\/schema\/logo\/image\/\",\"url\":\"https:\/\/www.funiber.blog\/pt\/wp-content\/uploads\/2022\/02\/logo-funiber-pt-br-v-dos.svg\",\"contentUrl\":\"https:\/\/www.funiber.blog\/pt\/wp-content\/uploads\/2022\/02\/logo-funiber-pt-br-v-dos.svg\",\"width\":1,\"height\":1,\"caption\":\"FuniBlogs - FUNIBER\"},\"image\":{\"@id\":\"https:\/\/blogs.funiber.org\/pt\/#\/schema\/logo\/image\/\"},\"sameAs\":[\"https:\/\/www.facebook.com\/funiber\",\"https:\/\/twitter.com\/FUNIBER\",\"https:\/\/www.instagram.com\/funiber_becas\",\"https:\/\/www.youtube.com\/user\/funiber\",\"https:\/\/www.linkedin.com\/company\/funiber\"]},{\"@type\":\"Person\",\"@id\":\"https:\/\/blogs.funiber.org\/pt\/#\/schema\/person\/cebedd0aef5286687ce641276452c76d\",\"name\":\"Mariana Dornelles\",\"image\":{\"@type\":\"ImageObject\",\"inLanguage\":\"pt-BR\",\"@id\":\"https:\/\/blogs.funiber.org\/pt\/#\/schema\/person\/image\/\",\"url\":\"https:\/\/secure.gravatar.com\/avatar\/2fbaa65ea908e82807b005c351db3c9d?s=96&d=mm&r=g\",\"contentUrl\":\"https:\/\/secure.gravatar.com\/avatar\/2fbaa65ea908e82807b005c351db3c9d?s=96&d=mm&r=g\",\"caption\":\"Mariana Dornelles\"},\"url\":\"https:\/\/www.funiber.blog\/pt\/author\/mariana-dornelles\"}]}<\/script>\n<!-- \/ Yoast SEO plugin. -->","yoast_head_json":{"title":"Campanha digital para promover cuidados paliativos","description":"As redes sociais podem servir para promover cuidados paliativos.","robots":{"index":"index","follow":"follow","max-snippet":"max-snippet:-1","max-image-preview":"max-image-preview:large","max-video-preview":"max-video-preview:-1"},"canonical":"https:\/\/blogs.funiber.org\/pt\/gerontologia\/2015\/12\/14\/funiber-campanha-digital-promover-cuidados-paliativos","og_locale":"pt_BR","og_type":"article","og_title":"Campanha digital para promover cuidados paliativos","og_description":"As redes sociais podem servir para promover cuidados paliativos.","og_url":"https:\/\/blogs.funiber.org\/pt\/gerontologia\/2015\/12\/14\/funiber-campanha-digital-promover-cuidados-paliativos","og_site_name":"FuniBlogs - FUNIBER","article_publisher":"https:\/\/www.facebook.com\/funiber","article_published_time":"2015-12-14T14:12:28+00:00","og_image":[{"width":563,"height":317,"url":"https:\/\/blogs.funiber.org\/pt\/wp-content\/uploads\/2015\/12\/funiber-cuidados-paliativos-sm.jpg","type":"image\/jpeg"}],"author":"Mariana Dornelles","twitter_card":"summary_large_image","twitter_creator":"@FUNIBER","twitter_site":"@FUNIBER","twitter_misc":{"Escrito por":"Mariana Dornelles","Est. tempo de leitura":"3 minutos"},"schema":{"@context":"https:\/\/schema.org","@graph":[{"@type":"Article","@id":"https:\/\/blogs.funiber.org\/pt\/gerontologia\/2015\/12\/14\/funiber-campanha-digital-promover-cuidados-paliativos#article","isPartOf":{"@id":"https:\/\/blogs.funiber.org\/pt\/gerontologia\/2015\/12\/14\/funiber-campanha-digital-promover-cuidados-paliativos"},"author":{"name":"Mariana Dornelles","@id":"https:\/\/blogs.funiber.org\/pt\/#\/schema\/person\/cebedd0aef5286687ce641276452c76d"},"headline":"Campanha digital para promover cuidados paliativos","datePublished":"2015-12-14T14:12:28+00:00","dateModified":"2015-12-14T14:12:28+00:00","mainEntityOfPage":{"@id":"https:\/\/blogs.funiber.org\/pt\/gerontologia\/2015\/12\/14\/funiber-campanha-digital-promover-cuidados-paliativos"},"wordCount":544,"publisher":{"@id":"https:\/\/blogs.funiber.org\/pt\/#organization"},"keywords":["Cuidados","Cuidados paleativos","Educa\u00e7\u00e3o","Educa\u00e7\u00e3o a Dist\u00e2ncia","Funiber","FUNIBER Opini\u00f5es","gerontologia","Idosos","Opini\u00f5es Funiber","Sa\u00fade"],"articleSection":["Gerontologia"],"inLanguage":"pt-BR"},{"@type":"WebPage","@id":"https:\/\/blogs.funiber.org\/pt\/gerontologia\/2015\/12\/14\/funiber-campanha-digital-promover-cuidados-paliativos","url":"https:\/\/blogs.funiber.org\/pt\/gerontologia\/2015\/12\/14\/funiber-campanha-digital-promover-cuidados-paliativos","name":"Campanha digital para promover cuidados paliativos","isPartOf":{"@id":"https:\/\/blogs.funiber.org\/pt\/#website"},"datePublished":"2015-12-14T14:12:28+00:00","dateModified":"2015-12-14T14:12:28+00:00","description":"As redes sociais podem servir para promover cuidados paliativos.","breadcrumb":{"@id":"https:\/\/blogs.funiber.org\/pt\/gerontologia\/2015\/12\/14\/funiber-campanha-digital-promover-cuidados-paliativos#breadcrumb"},"inLanguage":"pt-BR","potentialAction":[{"@type":"ReadAction","target":["https:\/\/blogs.funiber.org\/pt\/gerontologia\/2015\/12\/14\/funiber-campanha-digital-promover-cuidados-paliativos"]}]},{"@type":"BreadcrumbList","@id":"https:\/\/blogs.funiber.org\/pt\/gerontologia\/2015\/12\/14\/funiber-campanha-digital-promover-cuidados-paliativos#breadcrumb","itemListElement":[{"@type":"ListItem","position":1,"name":"In\u00edcio","item":"https:\/\/blogs.funiber.org\/pt"},{"@type":"ListItem","position":2,"name":"Campanha digital para promover cuidados paliativos"}]},{"@type":"WebSite","@id":"https:\/\/blogs.funiber.org\/pt\/#website","url":"https:\/\/blogs.funiber.org\/pt\/","name":"FuniBlogs - FUNIBER","description":"","publisher":{"@id":"https:\/\/blogs.funiber.org\/pt\/#organization"},"potentialAction":[{"@type":"SearchAction","target":{"@type":"EntryPoint","urlTemplate":"https:\/\/blogs.funiber.org\/pt\/?s={search_term_string}"},"query-input":"required name=search_term_string"}],"inLanguage":"pt-BR"},{"@type":"Organization","@id":"https:\/\/blogs.funiber.org\/pt\/#organization","name":"FuniBlogs - FUNIBER","url":"https:\/\/blogs.funiber.org\/pt\/","logo":{"@type":"ImageObject","inLanguage":"pt-BR","@id":"https:\/\/blogs.funiber.org\/pt\/#\/schema\/logo\/image\/","url":"https:\/\/www.funiber.blog\/pt\/wp-content\/uploads\/2022\/02\/logo-funiber-pt-br-v-dos.svg","contentUrl":"https:\/\/www.funiber.blog\/pt\/wp-content\/uploads\/2022\/02\/logo-funiber-pt-br-v-dos.svg","width":1,"height":1,"caption":"FuniBlogs - FUNIBER"},"image":{"@id":"https:\/\/blogs.funiber.org\/pt\/#\/schema\/logo\/image\/"},"sameAs":["https:\/\/www.facebook.com\/funiber","https:\/\/twitter.com\/FUNIBER","https:\/\/www.instagram.com\/funiber_becas","https:\/\/www.youtube.com\/user\/funiber","https:\/\/www.linkedin.com\/company\/funiber"]},{"@type":"Person","@id":"https:\/\/blogs.funiber.org\/pt\/#\/schema\/person\/cebedd0aef5286687ce641276452c76d","name":"Mariana Dornelles","image":{"@type":"ImageObject","inLanguage":"pt-BR","@id":"https:\/\/blogs.funiber.org\/pt\/#\/schema\/person\/image\/","url":"https:\/\/secure.gravatar.com\/avatar\/2fbaa65ea908e82807b005c351db3c9d?s=96&d=mm&r=g","contentUrl":"https:\/\/secure.gravatar.com\/avatar\/2fbaa65ea908e82807b005c351db3c9d?s=96&d=mm&r=g","caption":"Mariana Dornelles"},"url":"https:\/\/www.funiber.blog\/pt\/author\/mariana-dornelles"}]}},"jetpack_featured_media_url":"https:\/\/www.funiber.blog\/pt\/wp-content\/uploads\/2015\/12\/funiber-cuidados-paliativos-sm.jpg","jetpack_shortlink":"https:\/\/wp.me\/p7ee1t-2hs","jetpack_sharing_enabled":true,"_links":{"self":[{"href":"https:\/\/www.funiber.blog\/pt\/wp-json\/wp\/v2\/posts\/8770"}],"collection":[{"href":"https:\/\/www.funiber.blog\/pt\/wp-json\/wp\/v2\/posts"}],"about":[{"href":"https:\/\/www.funiber.blog\/pt\/wp-json\/wp\/v2\/types\/post"}],"author":[{"embeddable":true,"href":"https:\/\/www.funiber.blog\/pt\/wp-json\/wp\/v2\/users\/16"}],"replies":[{"embeddable":true,"href":"https:\/\/www.funiber.blog\/pt\/wp-json\/wp\/v2\/comments?post=8770"}],"version-history":[{"count":2,"href":"https:\/\/www.funiber.blog\/pt\/wp-json\/wp\/v2\/posts\/8770\/revisions"}],"predecessor-version":[{"id":8773,"href":"https:\/\/www.funiber.blog\/pt\/wp-json\/wp\/v2\/posts\/8770\/revisions\/8773"}],"wp:featuredmedia":[{"embeddable":true,"href":"https:\/\/www.funiber.blog\/pt\/wp-json\/wp\/v2\/media\/8772"}],"wp:attachment":[{"href":"https:\/\/www.funiber.blog\/pt\/wp-json\/wp\/v2\/media?parent=8770"}],"wp:term":[{"taxonomy":"category","embeddable":true,"href":"https:\/\/www.funiber.blog\/pt\/wp-json\/wp\/v2\/categories?post=8770"},{"taxonomy":"post_tag","embeddable":true,"href":"https:\/\/www.funiber.blog\/pt\/wp-json\/wp\/v2\/tags?post=8770"}],"curies":[{"name":"wp","href":"https:\/\/api.w.org\/{rel}","templated":true}]}}